{"id":83928,"date":"2022-01-26T22:21:00","date_gmt":"2022-01-26T22:21:00","guid":{"rendered":"https:\/\/clone.gimnasticdetarragona.cat\/nastic-0-3-fc-andorra-1\/"},"modified":"2022-01-26T22:21:00","modified_gmt":"2022-01-26T22:21:00","slug":"nastic-0-3-fc-andorra-1","status":"publish","type":"post","link":"https:\/\/gimnasticdetarragona.cat\/es\/nastic-0-3-fc-andorra-1\/","title":{"rendered":"N\u00e0stic 0-3 FC Andorra"},"content":{"rendered":"<p style=\"text-align: justify;\">El Nou Estadi acog&iacute;a el inicio de la segunda vuelta del campeonato en Primera RFEF Footters recibiendo la visita del 3r clasificado, el FC Andorra.<\/p>\n<p style=\"text-align: justify;\">El conjunto tricolor ha sido superior a los grana desde el inicio del partido. La posesi&oacute;n y profundidad por banda hac&iacute;an intervenir a Manu Garc&iacute;a en el minuto 2. Y en la siguiente acci&oacute;n ofensiva de los visitantes, el &aacute;rbitro ha pitado penalti en contra de los intereses tarraconenses. M. Fern&aacute;ndez ha transformado la pena m&aacute;xima para avanzar a los del Principado. El gol inicial no ha despertado a los de Agn&eacute;, que segu&iacute;an encerrados en defensa y sin detener a las internadas rivales. Manu Garc&iacute;a ha tenido que sacar dos balones m&aacute;s antes del cuarto de hora de juego. La primera aproximaci&oacute;n del N&agrave;stic ha sido en el minuto 17. Centro de Robert Sim&oacute;n desde banda derecha y Ratti se ha impuesto por alto. Antes de la media hora de juego, Joan Oriol ha buscado sorprender desde el centro del campo, encontrando la respuesta del meta visitante. Mientras que en el minuto 31, un error defensivo local fue aprovechado por Nieto para poner el 0-2. El mismo jugador tricolor, tres minutos despu&eacute;s remat&oacute; el centro en jugada de contraataque para marcar el tercero y casi sentenciar el partido. Antes del descanso, los grana pudieron recortar distancias en el marcador con un remate de Nil que toc&oacute; Pedro con la punta de la bota y acab&oacute; saliendo cuando el Nou Estadi ya cantaba el gol.<\/p>\n<p style=\"text-align: justify;\">En la reanudaci&oacute;n, las fuerzas se igualaron sobre el c&eacute;sped y el N&agrave;stic pudo hacer frente al rival. La mayor profundidad por banda ha permitido centrar desde ambos lados para intentar reducir la distancia en el resultado. En el minuto 55 y el 65, Fran Carbia ha rematado de primeras dos centros desde las respectivas bandas sin encontrar porter&iacute;a; la segunda, de tijera, se ha ido por muy poco. Los visitantes segu&iacute;an imponi&eacute;ndose en la posesi&oacute;n del esf&eacute;rico, pero sin las facilidades de la primera parte para llegar al &aacute;rea de Manu Garc&iacute;a. El meta andaluz respondi&oacute; a un disparo escorado, que desvi&oacute; tras tocar al palo y envi&oacute; a c&oacute;rner en el minuto 72. En la recta final del partido, con Pablo Fernandez como delantero referencia, el N&agrave;stic busc&oacute; poner balones al &aacute;rea desde l&iacute;nea de fondo. El delantero asturiano fue capaz de rematar dos que salieron a pocos cent&iacute;metros de la porter&iacute;a. La &uacute;ltima ocasi&oacute;n del partido fue local y vino a bal&oacute;n parado. Centro de Bonilla y remate con la cabeza de Aythami, que una vez m&aacute;s ha parado a Ratti sin complicaciones. En la conclusi&oacute;n, segunda derrota de la temporada en el Nou Estadi que deja al N&agrave;stic con 25 puntos en la clasificaci&oacute;n.<\/p>\n<p style=\"text-align: justify;\">El pr&oacute;ximo enfrentamiento del N&agrave;stic ser&aacute; este domingo, a partir de las 17 horas, ante el Betis Deportivo. El partido entre los b&eacute;ticos y los grana ser&aacute; el primer desplazamiento de la segunda vuelta de Primera RFEF Footters.<\/p>\n<p style=\"text-align: justify;\"><strong>Alineaciones<\/strong><br \/>N&agrave;stic: Manu Garc&iacute;a, Ribelles (V. Valverde, 70&rsquo;), Del Campo, Pedro (Pablo, 46&rsquo;), El&iacute;as, D. Romera (F. Carbia, 20&rsquo;), Quintanilla, Aythami CL, Nil (Bonilla, 58&rsquo;), Robert S, Joan Oriol.<\/p>\n<p style=\"text-align: justify;\">FC Andorra: Nico Ratti, Vilanova, Marc Aguado, H&eacute;ctor Hevel, Marc Fern&aacute;ndez (E. Verg&eacute;s, 62&rsquo;), Sergio Molina (Iv&aacute;n Gil, 80&rsquo;), Diego, Manu Nieto (Enri, 80&rsquo;), Mart&iacute; Vil&agrave;, Rub&eacute;n Bover (Morer, 74&rsquo;), &Aacute;lex Pastor (A. Alti, 62&rsquo;).<\/p>\n<p style=\"text-align: justify;\"><strong>Tarjetas<\/strong><br \/>Aythami (36&rsquo;) y Valverde (89&rsquo;) por parte del N&agrave;stic y Diego Gonz&aacute;lez (71&rsquo;) y Adri (84&rsquo;) por el FC Andorra.<\/p>\n<p style=\"text-align: justify;\"><strong>&Aacute;rbitro<\/strong><br \/>Iv&aacute;n Mu&ntilde;oz P&eacute;rez (Colegio valenciano).<\/p>\n<p style=\"text-align: justify;\"><strong>Observaciones<\/strong><br \/>Partido correspondiente a la jornada 20 de Primera RFEF Footters disputado en el Nou Estadi, 2195 espectadores.<\/p>\n","protected":false},"excerpt":{"rendered":"<p>La superioridad visitante del primer tiempo condena al N\u00e0stic<\/p>\n","protected":false},"author":1,"featured_media":83925,"comment_status":"open","ping_status":"open","sticky":false,"template":"","format":"standard","meta":{"_acf_changed":false,"footnotes":""},"categories":[113,121,126],"tags":[],"class_list":["post-83928","post","type-post","status-publish","format-standard","has-post-thumbnail","hentry","category-actualidad","category-home","category-primer-equipo"],"acf":[],"yoast_head":"<!-- This site is optimized with the Yoast SEO plugin v27.3 - https:\/\/yoast.com\/product\/yoast-seo-wordpress\/ -->\n<title>N\u00e0stic 0-3 FC Andorra - Gimn\u00e0stic de Tarragona SAD<\/title>\n<meta name=\"robots\" content=\"index, follow, max-snippet:-1, max-image-preview:large, max-video-preview:-1\" \/>\n<link rel=\"canonical\" href=\"https:\/\/gimnasticdetarragona.cat\/es\/nastic-0-3-fc-andorra-1\/\" \/>\n<meta property=\"og:locale\" content=\"es_ES\" \/>\n<meta property=\"og:type\" content=\"article\" \/>\n<meta property=\"og:title\" content=\"N\u00e0stic 0-3 FC Andorra - Gimn\u00e0stic de Tarragona SAD\" \/>\n<meta property=\"og:description\" content=\"La superioridad visitante del primer tiempo condena al N\u00e0stic\" \/>\n<meta property=\"og:url\" content=\"https:\/\/gimnasticdetarragona.cat\/es\/nastic-0-3-fc-andorra-1\/\" \/>\n<meta property=\"og:site_name\" content=\"Gimn\u00e0stic de Tarragona SAD\" \/>\n<meta property=\"article:published_time\" content=\"2022-01-26T22:21:00+00:00\" \/>\n<meta property=\"og:image\" content=\"https:\/\/gimnasticdetarragona.cat\/wp-content\/uploads\/2022\/06\/26223600_cbf8066-scaled.jpg\" \/>\n\t<meta property=\"og:image:width\" content=\"2560\" \/>\n\t<meta property=\"og:image:height\" content=\"1706\" \/>\n\t<meta property=\"og:image:type\" content=\"image\/jpeg\" \/>\n<meta name=\"author\" content=\"desarrollo\" \/>\n<meta name=\"twitter:card\" content=\"summary_large_image\" \/>\n<meta name=\"twitter:creator\" content=\"@NASTICTARRAGONA\" \/>\n<meta name=\"twitter:site\" content=\"@NASTICTARRAGONA\" \/>\n<meta name=\"twitter:label1\" content=\"Escrito por\" \/>\n\t<meta name=\"twitter:data1\" content=\"desarrollo\" \/>\n\t<meta name=\"twitter:label2\" content=\"Tiempo de lectura\" \/>\n\t<meta name=\"twitter:data2\" content=\"4 minutos\" \/>\n<script type=\"application\/ld+json\" class=\"yoast-schema-graph\">{\"@context\":\"https:\\\/\\\/schema.org\",\"@graph\":[{\"@type\":\"Article\",\"@id\":\"https:\\\/\\\/gimnasticdetarragona.cat\\\/es\\\/nastic-0-3-fc-andorra-1\\\/#article\",\"isPartOf\":{\"@id\":\"https:\\\/\\\/gimnasticdetarragona.cat\\\/es\\\/nastic-0-3-fc-andorra-1\\\/\"},\"author\":{\"name\":\"desarrollo\",\"@id\":\"https:\\\/\\\/gimnasticdetarragona.cat\\\/es\\\/#\\\/schema\\\/person\\\/47b6a637abf88f9bd835540f20ea069e\"},\"headline\":\"N\u00e0stic 0-3 FC Andorra\",\"datePublished\":\"2022-01-26T22:21:00+00:00\",\"mainEntityOfPage\":{\"@id\":\"https:\\\/\\\/gimnasticdetarragona.cat\\\/es\\\/nastic-0-3-fc-andorra-1\\\/\"},\"wordCount\":718,\"commentCount\":0,\"publisher\":{\"@id\":\"https:\\\/\\\/gimnasticdetarragona.cat\\\/es\\\/#organization\"},\"image\":{\"@id\":\"https:\\\/\\\/gimnasticdetarragona.cat\\\/es\\\/nastic-0-3-fc-andorra-1\\\/#primaryimage\"},\"thumbnailUrl\":\"https:\\\/\\\/gimnasticdetarragona.cat\\\/wp-content\\\/uploads\\\/2022\\\/06\\\/26223600_cbf8066-scaled.jpg\",\"articleSection\":[\"Actualidad\",\"Home\",\"Primer Equipo\"],\"inLanguage\":\"es\"},{\"@type\":\"WebPage\",\"@id\":\"https:\\\/\\\/gimnasticdetarragona.cat\\\/es\\\/nastic-0-3-fc-andorra-1\\\/\",\"url\":\"https:\\\/\\\/gimnasticdetarragona.cat\\\/es\\\/nastic-0-3-fc-andorra-1\\\/\",\"name\":\"N\u00e0stic 0-3 FC Andorra - Gimn\u00e0stic de Tarragona SAD\",\"isPartOf\":{\"@id\":\"https:\\\/\\\/gimnasticdetarragona.cat\\\/es\\\/#website\"},\"primaryImageOfPage\":{\"@id\":\"https:\\\/\\\/gimnasticdetarragona.cat\\\/es\\\/nastic-0-3-fc-andorra-1\\\/#primaryimage\"},\"image\":{\"@id\":\"https:\\\/\\\/gimnasticdetarragona.cat\\\/es\\\/nastic-0-3-fc-andorra-1\\\/#primaryimage\"},\"thumbnailUrl\":\"https:\\\/\\\/gimnasticdetarragona.cat\\\/wp-content\\\/uploads\\\/2022\\\/06\\\/26223600_cbf8066-scaled.jpg\",\"datePublished\":\"2022-01-26T22:21:00+00:00\",\"breadcrumb\":{\"@id\":\"https:\\\/\\\/gimnasticdetarragona.cat\\\/es\\\/nastic-0-3-fc-andorra-1\\\/#breadcrumb\"},\"inLanguage\":\"es\",\"potentialAction\":[{\"@type\":\"ReadAction\",\"target\":[\"https:\\\/\\\/gimnasticdetarragona.cat\\\/es\\\/nastic-0-3-fc-andorra-1\\\/\"]}]},{\"@type\":\"ImageObject\",\"inLanguage\":\"es\",\"@id\":\"https:\\\/\\\/gimnasticdetarragona.cat\\\/es\\\/nastic-0-3-fc-andorra-1\\\/#primaryimage\",\"url\":\"https:\\\/\\\/gimnasticdetarragona.cat\\\/wp-content\\\/uploads\\\/2022\\\/06\\\/26223600_cbf8066-scaled.jpg\",\"contentUrl\":\"https:\\\/\\\/gimnasticdetarragona.cat\\\/wp-content\\\/uploads\\\/2022\\\/06\\\/26223600_cbf8066-scaled.jpg\",\"width\":2560,\"height\":1706},{\"@type\":\"BreadcrumbList\",\"@id\":\"https:\\\/\\\/gimnasticdetarragona.cat\\\/es\\\/nastic-0-3-fc-andorra-1\\\/#breadcrumb\",\"itemListElement\":[{\"@type\":\"ListItem\",\"position\":1,\"name\":\"Inici\",\"item\":\"https:\\\/\\\/gimnasticdetarragona.cat\\\/es\\\/nastic\\\/\"},{\"@type\":\"ListItem\",\"position\":2,\"name\":\"N\u00e0stic 0-3 FC Andorra\"}]},{\"@type\":\"WebSite\",\"@id\":\"https:\\\/\\\/gimnasticdetarragona.cat\\\/es\\\/#website\",\"url\":\"https:\\\/\\\/gimnasticdetarragona.cat\\\/es\\\/\",\"name\":\"Gimn\u00e0stic de Tarragona SAD\",\"description\":\"Gimn\u00e0stic de Tarragona\",\"publisher\":{\"@id\":\"https:\\\/\\\/gimnasticdetarragona.cat\\\/es\\\/#organization\"},\"potentialAction\":[{\"@type\":\"SearchAction\",\"target\":{\"@type\":\"EntryPoint\",\"urlTemplate\":\"https:\\\/\\\/gimnasticdetarragona.cat\\\/es\\\/?s={search_term_string}\"},\"query-input\":{\"@type\":\"PropertyValueSpecification\",\"valueRequired\":true,\"valueName\":\"search_term_string\"}}],\"inLanguage\":\"es\"},{\"@type\":\"Organization\",\"@id\":\"https:\\\/\\\/gimnasticdetarragona.cat\\\/es\\\/#organization\",\"name\":\"GIMN\u00c0STIC DE TARRAGONA\",\"alternateName\":\"N\u00c0STIC\",\"url\":\"https:\\\/\\\/gimnasticdetarragona.cat\\\/es\\\/\",\"logo\":{\"@type\":\"ImageObject\",\"inLanguage\":\"es\",\"@id\":\"https:\\\/\\\/gimnasticdetarragona.cat\\\/es\\\/#\\\/schema\\\/logo\\\/image\\\/\",\"url\":\"https:\\\/\\\/gimnasticdetarragona.cat\\\/wp-content\\\/uploads\\\/2022\\\/06\\\/cropped-logo-gimnastic.png\",\"contentUrl\":\"https:\\\/\\\/gimnasticdetarragona.cat\\\/wp-content\\\/uploads\\\/2022\\\/06\\\/cropped-logo-gimnastic.png\",\"width\":224,\"height\":83,\"caption\":\"GIMN\u00c0STIC DE TARRAGONA\"},\"image\":{\"@id\":\"https:\\\/\\\/gimnasticdetarragona.cat\\\/es\\\/#\\\/schema\\\/logo\\\/image\\\/\"},\"sameAs\":[\"https:\\\/\\\/x.com\\\/NASTICTARRAGONA\",\"https:\\\/\\\/www.instagram.com\\\/nastictarragona\\\/\"]},{\"@type\":\"Person\",\"@id\":\"https:\\\/\\\/gimnasticdetarragona.cat\\\/es\\\/#\\\/schema\\\/person\\\/47b6a637abf88f9bd835540f20ea069e\",\"name\":\"desarrollo\",\"sameAs\":[\"https:\\\/\\\/clone.gimnasticdetarragona.cat\"]}]}<\/script>\n<!-- \/ Yoast SEO plugin. -->","yoast_head_json":{"title":"N\u00e0stic 0-3 FC Andorra - Gimn\u00e0stic de Tarragona SAD","robots":{"index":"index","follow":"follow","max-snippet":"max-snippet:-1","max-image-preview":"max-image-preview:large","max-video-preview":"max-video-preview:-1"},"canonical":"https:\/\/gimnasticdetarragona.cat\/es\/nastic-0-3-fc-andorra-1\/","og_locale":"es_ES","og_type":"article","og_title":"N\u00e0stic 0-3 FC Andorra - Gimn\u00e0stic de Tarragona SAD","og_description":"La superioridad visitante del primer tiempo condena al N\u00e0stic","og_url":"https:\/\/gimnasticdetarragona.cat\/es\/nastic-0-3-fc-andorra-1\/","og_site_name":"Gimn\u00e0stic de Tarragona SAD","article_published_time":"2022-01-26T22:21:00+00:00","og_image":[{"width":2560,"height":1706,"url":"https:\/\/gimnasticdetarragona.cat\/wp-content\/uploads\/2022\/06\/26223600_cbf8066-scaled.jpg","type":"image\/jpeg"}],"author":"desarrollo","twitter_card":"summary_large_image","twitter_creator":"@NASTICTARRAGONA","twitter_site":"@NASTICTARRAGONA","twitter_misc":{"Escrito por":"desarrollo","Tiempo de lectura":"4 minutos"},"schema":{"@context":"https:\/\/schema.org","@graph":[{"@type":"Article","@id":"https:\/\/gimnasticdetarragona.cat\/es\/nastic-0-3-fc-andorra-1\/#article","isPartOf":{"@id":"https:\/\/gimnasticdetarragona.cat\/es\/nastic-0-3-fc-andorra-1\/"},"author":{"name":"desarrollo","@id":"https:\/\/gimnasticdetarragona.cat\/es\/#\/schema\/person\/47b6a637abf88f9bd835540f20ea069e"},"headline":"N\u00e0stic 0-3 FC Andorra","datePublished":"2022-01-26T22:21:00+00:00","mainEntityOfPage":{"@id":"https:\/\/gimnasticdetarragona.cat\/es\/nastic-0-3-fc-andorra-1\/"},"wordCount":718,"commentCount":0,"publisher":{"@id":"https:\/\/gimnasticdetarragona.cat\/es\/#organization"},"image":{"@id":"https:\/\/gimnasticdetarragona.cat\/es\/nastic-0-3-fc-andorra-1\/#primaryimage"},"thumbnailUrl":"https:\/\/gimnasticdetarragona.cat\/wp-content\/uploads\/2022\/06\/26223600_cbf8066-scaled.jpg","articleSection":["Actualidad","Home","Primer Equipo"],"inLanguage":"es"},{"@type":"WebPage","@id":"https:\/\/gimnasticdetarragona.cat\/es\/nastic-0-3-fc-andorra-1\/","url":"https:\/\/gimnasticdetarragona.cat\/es\/nastic-0-3-fc-andorra-1\/","name":"N\u00e0stic 0-3 FC Andorra - Gimn\u00e0stic de Tarragona SAD","isPartOf":{"@id":"https:\/\/gimnasticdetarragona.cat\/es\/#website"},"primaryImageOfPage":{"@id":"https:\/\/gimnasticdetarragona.cat\/es\/nastic-0-3-fc-andorra-1\/#primaryimage"},"image":{"@id":"https:\/\/gimnasticdetarragona.cat\/es\/nastic-0-3-fc-andorra-1\/#primaryimage"},"thumbnailUrl":"https:\/\/gimnasticdetarragona.cat\/wp-content\/uploads\/2022\/06\/26223600_cbf8066-scaled.jpg","datePublished":"2022-01-26T22:21:00+00:00","breadcrumb":{"@id":"https:\/\/gimnasticdetarragona.cat\/es\/nastic-0-3-fc-andorra-1\/#breadcrumb"},"inLanguage":"es","potentialAction":[{"@type":"ReadAction","target":["https:\/\/gimnasticdetarragona.cat\/es\/nastic-0-3-fc-andorra-1\/"]}]},{"@type":"ImageObject","inLanguage":"es","@id":"https:\/\/gimnasticdetarragona.cat\/es\/nastic-0-3-fc-andorra-1\/#primaryimage","url":"https:\/\/gimnasticdetarragona.cat\/wp-content\/uploads\/2022\/06\/26223600_cbf8066-scaled.jpg","contentUrl":"https:\/\/gimnasticdetarragona.cat\/wp-content\/uploads\/2022\/06\/26223600_cbf8066-scaled.jpg","width":2560,"height":1706},{"@type":"BreadcrumbList","@id":"https:\/\/gimnasticdetarragona.cat\/es\/nastic-0-3-fc-andorra-1\/#breadcrumb","itemListElement":[{"@type":"ListItem","position":1,"name":"Inici","item":"https:\/\/gimnasticdetarragona.cat\/es\/nastic\/"},{"@type":"ListItem","position":2,"name":"N\u00e0stic 0-3 FC Andorra"}]},{"@type":"WebSite","@id":"https:\/\/gimnasticdetarragona.cat\/es\/#website","url":"https:\/\/gimnasticdetarragona.cat\/es\/","name":"Gimn\u00e0stic de Tarragona SAD","description":"Gimn\u00e0stic de Tarragona","publisher":{"@id":"https:\/\/gimnasticdetarragona.cat\/es\/#organization"},"potentialAction":[{"@type":"SearchAction","target":{"@type":"EntryPoint","urlTemplate":"https:\/\/gimnasticdetarragona.cat\/es\/?s={search_term_string}"},"query-input":{"@type":"PropertyValueSpecification","valueRequired":true,"valueName":"search_term_string"}}],"inLanguage":"es"},{"@type":"Organization","@id":"https:\/\/gimnasticdetarragona.cat\/es\/#organization","name":"GIMN\u00c0STIC DE TARRAGONA","alternateName":"N\u00c0STIC","url":"https:\/\/gimnasticdetarragona.cat\/es\/","logo":{"@type":"ImageObject","inLanguage":"es","@id":"https:\/\/gimnasticdetarragona.cat\/es\/#\/schema\/logo\/image\/","url":"https:\/\/gimnasticdetarragona.cat\/wp-content\/uploads\/2022\/06\/cropped-logo-gimnastic.png","contentUrl":"https:\/\/gimnasticdetarragona.cat\/wp-content\/uploads\/2022\/06\/cropped-logo-gimnastic.png","width":224,"height":83,"caption":"GIMN\u00c0STIC DE TARRAGONA"},"image":{"@id":"https:\/\/gimnasticdetarragona.cat\/es\/#\/schema\/logo\/image\/"},"sameAs":["https:\/\/x.com\/NASTICTARRAGONA","https:\/\/www.instagram.com\/nastictarragona\/"]},{"@type":"Person","@id":"https:\/\/gimnasticdetarragona.cat\/es\/#\/schema\/person\/47b6a637abf88f9bd835540f20ea069e","name":"desarrollo","sameAs":["https:\/\/clone.gimnasticdetarragona.cat"]}]}},"_links":{"self":[{"href":"https:\/\/gimnasticdetarragona.cat\/es\/wp-json\/wp\/v2\/posts\/83928","targetHints":{"allow":["GET"]}}],"collection":[{"href":"https:\/\/gimnasticdetarragona.cat\/es\/wp-json\/wp\/v2\/posts"}],"about":[{"href":"https:\/\/gimnasticdetarragona.cat\/es\/wp-json\/wp\/v2\/types\/post"}],"author":[{"embeddable":true,"href":"https:\/\/gimnasticdetarragona.cat\/es\/wp-json\/wp\/v2\/users\/1"}],"replies":[{"embeddable":true,"href":"https:\/\/gimnasticdetarragona.cat\/es\/wp-json\/wp\/v2\/comments?post=83928"}],"version-history":[{"count":0,"href":"https:\/\/gimnasticdetarragona.cat\/es\/wp-json\/wp\/v2\/posts\/83928\/revisions"}],"wp:featuredmedia":[{"embeddable":true,"href":"https:\/\/gimnasticdetarragona.cat\/es\/wp-json\/wp\/v2\/media\/83925"}],"wp:attachment":[{"href":"https:\/\/gimnasticdetarragona.cat\/es\/wp-json\/wp\/v2\/media?parent=83928"}],"wp:term":[{"taxonomy":"category","embeddable":true,"href":"https:\/\/gimnasticdetarragona.cat\/es\/wp-json\/wp\/v2\/categories?post=83928"},{"taxonomy":"post_tag","embeddable":true,"href":"https:\/\/gimnasticdetarragona.cat\/es\/wp-json\/wp\/v2\/tags?post=83928"}],"curies":[{"name":"wp","href":"https:\/\/api.w.org\/{rel}","templated":true}]}}