{"id":83990,"date":"2022-02-10T18:58:00","date_gmt":"2022-02-10T18:58:00","guid":{"rendered":"https:\/\/clone.gimnasticdetarragona.cat\/presentacion-de-las-tres-incorporaciones-del-mercado-de-fichajes\/"},"modified":"2022-02-10T18:58:00","modified_gmt":"2022-02-10T18:58:00","slug":"presentacion-de-las-tres-incorporaciones-del-mercado-de-fichajes","status":"publish","type":"post","link":"https:\/\/gimnasticdetarragona.cat\/es\/presentacion-de-las-tres-incorporaciones-del-mercado-de-fichajes\/","title":{"rendered":"Presentaci\u00f3n de las tres incorporaciones del mercado de fichajes"},"content":{"rendered":"<p style=\"text-align: justify;\">El Gimn&agrave;stic de Tarragona, SAD ha presentado oficialmente las tres llegadas del pasado mercado de fichajes. El presidente de la entidad, Josep Maria Andreu, ha sido el encargado de dar la bienvenida oficial a los futbolistas Dani Romera, El&iacute;as P&eacute;rez y Juan Camilo Becerra.<\/p>\n<p style=\"text-align: justify;\">Por su parte, Sergi Par&eacute;s, ha valorado las incorporaciones realizadas desde la de direcci&oacute;n deportiva y las caracter&iacute;sticas que aportar&aacute;n al conjunto dirigido por Ra&uuml;l Agn&eacute;.<\/p>\n<p style=\"text-align: justify;\">El primero en comparecer ha sido Dani Romera. El jugador andaluz, que ya ha debutado con la camiseta grana, ha manifestado su satisfacci&oacute;n por estar en el N&agrave;stic y en Tarragona. Declarando que \u00abestoy muy contento con el club y el recibimiento por parte de los compa&ntilde;eros\u00bb, adem&aacute;s ha hablado de la situaci&oacute;n deportiva del equipo y de la oportunidad que se presenta el domingo afirmando que \u00abtenemos que aprovechar el buen momento de juego para seguir sumando de tres en tres&rdquo;.<\/p>\n<p style=\"text-align: justify;\">Por su parte, El&iacute;as P&eacute;rez, que tambi&eacute;n sabe que representa defender el escudo del N&agrave;stic, ha destacado el alto nivel del grupo II de Primera RFEF Footters. El mediocentro, que proven&iacute;a del otro grupo, ha expresado que \u00aben este grupo hay equipos muy fuertes, pero tenemos un gran equipo para estar arriba\u00bb.<\/p>\n<p style=\"text-align: justify;\">La &uacute;ltima incorporaci&oacute;n del mercado, Juan Camilo Becerra, que llega cedido por la SD Ponferradina de LaLiga SmartBank, ha mostrado la ilusi&oacute;n de estar en el Gimn&agrave;stic de Tarragona y la motivaci&oacute;n que tiene en este segundo tramo de temporada diciendo que &ldquo;puedo aportar al colectivo muchas ganas por conseguir los objetivos m&aacute;s ambiciosos&rdquo;.<\/p>\n<p style=\"text-align: justify;\">Por &uacute;ltimo, los tres jugadores, el presidente y el director deportivo han puesto ante los medios sobre el c&eacute;sped del Nou Estadi para tomar la fotograf&iacute;a de esta presentaci&oacute;n oficial.<\/p>\n","protected":false},"excerpt":{"rendered":"<p>Dani Romera, El\u00edas y Becerra<\/p>\n","protected":false},"author":1,"featured_media":83987,"comment_status":"open","ping_status":"open","sticky":false,"template":"","format":"standard","meta":{"_acf_changed":false,"footnotes":""},"categories":[113,121,126],"tags":[],"class_list":["post-83990","post","type-post","status-publish","format-standard","has-post-thumbnail","hentry","category-actualidad","category-home","category-primer-equipo"],"acf":[],"yoast_head":"<!-- This site is optimized with the Yoast SEO plugin v27.3 - https:\/\/yoast.com\/product\/yoast-seo-wordpress\/ -->\n<title>Presentaci\u00f3n de las tres incorporaciones del mercado de fichajes - Gimn\u00e0stic de Tarragona SAD<\/title>\n<meta name=\"robots\" content=\"index, follow, max-snippet:-1, max-image-preview:large, max-video-preview:-1\" \/>\n<link rel=\"canonical\" href=\"https:\/\/gimnasticdetarragona.cat\/es\/presentacion-de-las-tres-incorporaciones-del-mercado-de-fichajes\/\" \/>\n<meta property=\"og:locale\" content=\"es_ES\" \/>\n<meta property=\"og:type\" content=\"article\" \/>\n<meta property=\"og:title\" content=\"Presentaci\u00f3n de las tres incorporaciones del mercado de fichajes - Gimn\u00e0stic de Tarragona SAD\" \/>\n<meta property=\"og:description\" content=\"Dani Romera, El\u00edas y Becerra\" \/>\n<meta property=\"og:url\" content=\"https:\/\/gimnasticdetarragona.cat\/es\/presentacion-de-las-tres-incorporaciones-del-mercado-de-fichajes\/\" \/>\n<meta property=\"og:site_name\" content=\"Gimn\u00e0stic de Tarragona SAD\" \/>\n<meta property=\"article:published_time\" content=\"2022-02-10T18:58:00+00:00\" \/>\n<meta property=\"og:image\" content=\"https:\/\/gimnasticdetarragona.cat\/wp-content\/uploads\/2022\/06\/10191216img_5458-scaled.jpg\" \/>\n\t<meta property=\"og:image:width\" content=\"2560\" \/>\n\t<meta property=\"og:image:height\" content=\"1920\" \/>\n\t<meta property=\"og:image:type\" content=\"image\/jpeg\" \/>\n<meta name=\"author\" content=\"desarrollo\" \/>\n<meta name=\"twitter:card\" content=\"summary_large_image\" \/>\n<meta name=\"twitter:creator\" content=\"@NASTICTARRAGONA\" \/>\n<meta name=\"twitter:site\" content=\"@NASTICTARRAGONA\" \/>\n<meta name=\"twitter:label1\" content=\"Escrito por\" \/>\n\t<meta name=\"twitter:data1\" content=\"desarrollo\" \/>\n\t<meta name=\"twitter:label2\" content=\"Tiempo de lectura\" \/>\n\t<meta name=\"twitter:data2\" content=\"2 minutos\" \/>\n<script type=\"application\/ld+json\" class=\"yoast-schema-graph\">{\"@context\":\"https:\\\/\\\/schema.org\",\"@graph\":[{\"@type\":\"Article\",\"@id\":\"https:\\\/\\\/gimnasticdetarragona.cat\\\/es\\\/presentacion-de-las-tres-incorporaciones-del-mercado-de-fichajes\\\/#article\",\"isPartOf\":{\"@id\":\"https:\\\/\\\/gimnasticdetarragona.cat\\\/es\\\/presentacion-de-las-tres-incorporaciones-del-mercado-de-fichajes\\\/\"},\"author\":{\"name\":\"desarrollo\",\"@id\":\"https:\\\/\\\/gimnasticdetarragona.cat\\\/es\\\/#\\\/schema\\\/person\\\/47b6a637abf88f9bd835540f20ea069e\"},\"headline\":\"Presentaci\u00f3n de las tres incorporaciones del mercado de fichajes\",\"datePublished\":\"2022-02-10T18:58:00+00:00\",\"mainEntityOfPage\":{\"@id\":\"https:\\\/\\\/gimnasticdetarragona.cat\\\/es\\\/presentacion-de-las-tres-incorporaciones-del-mercado-de-fichajes\\\/\"},\"wordCount\":356,\"commentCount\":0,\"publisher\":{\"@id\":\"https:\\\/\\\/gimnasticdetarragona.cat\\\/es\\\/#organization\"},\"image\":{\"@id\":\"https:\\\/\\\/gimnasticdetarragona.cat\\\/es\\\/presentacion-de-las-tres-incorporaciones-del-mercado-de-fichajes\\\/#primaryimage\"},\"thumbnailUrl\":\"https:\\\/\\\/gimnasticdetarragona.cat\\\/wp-content\\\/uploads\\\/2022\\\/06\\\/10191216img_5458-scaled.jpg\",\"articleSection\":[\"Actualidad\",\"Home\",\"Primer Equipo\"],\"inLanguage\":\"es\"},{\"@type\":\"WebPage\",\"@id\":\"https:\\\/\\\/gimnasticdetarragona.cat\\\/es\\\/presentacion-de-las-tres-incorporaciones-del-mercado-de-fichajes\\\/\",\"url\":\"https:\\\/\\\/gimnasticdetarragona.cat\\\/es\\\/presentacion-de-las-tres-incorporaciones-del-mercado-de-fichajes\\\/\",\"name\":\"Presentaci\u00f3n de las tres incorporaciones del mercado de fichajes - Gimn\u00e0stic de Tarragona SAD\",\"isPartOf\":{\"@id\":\"https:\\\/\\\/gimnasticdetarragona.cat\\\/es\\\/#website\"},\"primaryImageOfPage\":{\"@id\":\"https:\\\/\\\/gimnasticdetarragona.cat\\\/es\\\/presentacion-de-las-tres-incorporaciones-del-mercado-de-fichajes\\\/#primaryimage\"},\"image\":{\"@id\":\"https:\\\/\\\/gimnasticdetarragona.cat\\\/es\\\/presentacion-de-las-tres-incorporaciones-del-mercado-de-fichajes\\\/#primaryimage\"},\"thumbnailUrl\":\"https:\\\/\\\/gimnasticdetarragona.cat\\\/wp-content\\\/uploads\\\/2022\\\/06\\\/10191216img_5458-scaled.jpg\",\"datePublished\":\"2022-02-10T18:58:00+00:00\",\"breadcrumb\":{\"@id\":\"https:\\\/\\\/gimnasticdetarragona.cat\\\/es\\\/presentacion-de-las-tres-incorporaciones-del-mercado-de-fichajes\\\/#breadcrumb\"},\"inLanguage\":\"es\",\"potentialAction\":[{\"@type\":\"ReadAction\",\"target\":[\"https:\\\/\\\/gimnasticdetarragona.cat\\\/es\\\/presentacion-de-las-tres-incorporaciones-del-mercado-de-fichajes\\\/\"]}]},{\"@type\":\"ImageObject\",\"inLanguage\":\"es\",\"@id\":\"https:\\\/\\\/gimnasticdetarragona.cat\\\/es\\\/presentacion-de-las-tres-incorporaciones-del-mercado-de-fichajes\\\/#primaryimage\",\"url\":\"https:\\\/\\\/gimnasticdetarragona.cat\\\/wp-content\\\/uploads\\\/2022\\\/06\\\/10191216img_5458-scaled.jpg\",\"contentUrl\":\"https:\\\/\\\/gimnasticdetarragona.cat\\\/wp-content\\\/uploads\\\/2022\\\/06\\\/10191216img_5458-scaled.jpg\",\"width\":2560,\"height\":1920},{\"@type\":\"BreadcrumbList\",\"@id\":\"https:\\\/\\\/gimnasticdetarragona.cat\\\/es\\\/presentacion-de-las-tres-incorporaciones-del-mercado-de-fichajes\\\/#breadcrumb\",\"itemListElement\":[{\"@type\":\"ListItem\",\"position\":1,\"name\":\"Inici\",\"item\":\"https:\\\/\\\/gimnasticdetarragona.cat\\\/es\\\/nastic\\\/\"},{\"@type\":\"ListItem\",\"position\":2,\"name\":\"Presentaci\u00f3n de las tres incorporaciones del mercado de fichajes\"}]},{\"@type\":\"WebSite\",\"@id\":\"https:\\\/\\\/gimnasticdetarragona.cat\\\/es\\\/#website\",\"url\":\"https:\\\/\\\/gimnasticdetarragona.cat\\\/es\\\/\",\"name\":\"Gimn\u00e0stic de Tarragona SAD\",\"description\":\"Gimn\u00e0stic de Tarragona\",\"publisher\":{\"@id\":\"https:\\\/\\\/gimnasticdetarragona.cat\\\/es\\\/#organization\"},\"potentialAction\":[{\"@type\":\"SearchAction\",\"target\":{\"@type\":\"EntryPoint\",\"urlTemplate\":\"https:\\\/\\\/gimnasticdetarragona.cat\\\/es\\\/?s={search_term_string}\"},\"query-input\":{\"@type\":\"PropertyValueSpecification\",\"valueRequired\":true,\"valueName\":\"search_term_string\"}}],\"inLanguage\":\"es\"},{\"@type\":\"Organization\",\"@id\":\"https:\\\/\\\/gimnasticdetarragona.cat\\\/es\\\/#organization\",\"name\":\"GIMN\u00c0STIC DE TARRAGONA\",\"alternateName\":\"N\u00c0STIC\",\"url\":\"https:\\\/\\\/gimnasticdetarragona.cat\\\/es\\\/\",\"logo\":{\"@type\":\"ImageObject\",\"inLanguage\":\"es\",\"@id\":\"https:\\\/\\\/gimnasticdetarragona.cat\\\/es\\\/#\\\/schema\\\/logo\\\/image\\\/\",\"url\":\"https:\\\/\\\/gimnasticdetarragona.cat\\\/wp-content\\\/uploads\\\/2022\\\/06\\\/cropped-logo-gimnastic.png\",\"contentUrl\":\"https:\\\/\\\/gimnasticdetarragona.cat\\\/wp-content\\\/uploads\\\/2022\\\/06\\\/cropped-logo-gimnastic.png\",\"width\":224,\"height\":83,\"caption\":\"GIMN\u00c0STIC DE TARRAGONA\"},\"image\":{\"@id\":\"https:\\\/\\\/gimnasticdetarragona.cat\\\/es\\\/#\\\/schema\\\/logo\\\/image\\\/\"},\"sameAs\":[\"https:\\\/\\\/x.com\\\/NASTICTARRAGONA\",\"https:\\\/\\\/www.instagram.com\\\/nastictarragona\\\/\"]},{\"@type\":\"Person\",\"@id\":\"https:\\\/\\\/gimnasticdetarragona.cat\\\/es\\\/#\\\/schema\\\/person\\\/47b6a637abf88f9bd835540f20ea069e\",\"name\":\"desarrollo\",\"sameAs\":[\"https:\\\/\\\/clone.gimnasticdetarragona.cat\"]}]}<\/script>\n<!-- \/ Yoast SEO plugin. -->","yoast_head_json":{"title":"Presentaci\u00f3n de las tres incorporaciones del mercado de fichajes - Gimn\u00e0stic de Tarragona SAD","robots":{"index":"index","follow":"follow","max-snippet":"max-snippet:-1","max-image-preview":"max-image-preview:large","max-video-preview":"max-video-preview:-1"},"canonical":"https:\/\/gimnasticdetarragona.cat\/es\/presentacion-de-las-tres-incorporaciones-del-mercado-de-fichajes\/","og_locale":"es_ES","og_type":"article","og_title":"Presentaci\u00f3n de las tres incorporaciones del mercado de fichajes - Gimn\u00e0stic de Tarragona SAD","og_description":"Dani Romera, El\u00edas y Becerra","og_url":"https:\/\/gimnasticdetarragona.cat\/es\/presentacion-de-las-tres-incorporaciones-del-mercado-de-fichajes\/","og_site_name":"Gimn\u00e0stic de Tarragona SAD","article_published_time":"2022-02-10T18:58:00+00:00","og_image":[{"width":2560,"height":1920,"url":"https:\/\/gimnasticdetarragona.cat\/wp-content\/uploads\/2022\/06\/10191216img_5458-scaled.jpg","type":"image\/jpeg"}],"author":"desarrollo","twitter_card":"summary_large_image","twitter_creator":"@NASTICTARRAGONA","twitter_site":"@NASTICTARRAGONA","twitter_misc":{"Escrito por":"desarrollo","Tiempo de lectura":"2 minutos"},"schema":{"@context":"https:\/\/schema.org","@graph":[{"@type":"Article","@id":"https:\/\/gimnasticdetarragona.cat\/es\/presentacion-de-las-tres-incorporaciones-del-mercado-de-fichajes\/#article","isPartOf":{"@id":"https:\/\/gimnasticdetarragona.cat\/es\/presentacion-de-las-tres-incorporaciones-del-mercado-de-fichajes\/"},"author":{"name":"desarrollo","@id":"https:\/\/gimnasticdetarragona.cat\/es\/#\/schema\/person\/47b6a637abf88f9bd835540f20ea069e"},"headline":"Presentaci\u00f3n de las tres incorporaciones del mercado de fichajes","datePublished":"2022-02-10T18:58:00+00:00","mainEntityOfPage":{"@id":"https:\/\/gimnasticdetarragona.cat\/es\/presentacion-de-las-tres-incorporaciones-del-mercado-de-fichajes\/"},"wordCount":356,"commentCount":0,"publisher":{"@id":"https:\/\/gimnasticdetarragona.cat\/es\/#organization"},"image":{"@id":"https:\/\/gimnasticdetarragona.cat\/es\/presentacion-de-las-tres-incorporaciones-del-mercado-de-fichajes\/#primaryimage"},"thumbnailUrl":"https:\/\/gimnasticdetarragona.cat\/wp-content\/uploads\/2022\/06\/10191216img_5458-scaled.jpg","articleSection":["Actualidad","Home","Primer Equipo"],"inLanguage":"es"},{"@type":"WebPage","@id":"https:\/\/gimnasticdetarragona.cat\/es\/presentacion-de-las-tres-incorporaciones-del-mercado-de-fichajes\/","url":"https:\/\/gimnasticdetarragona.cat\/es\/presentacion-de-las-tres-incorporaciones-del-mercado-de-fichajes\/","name":"Presentaci\u00f3n de las tres incorporaciones del mercado de fichajes - Gimn\u00e0stic de Tarragona SAD","isPartOf":{"@id":"https:\/\/gimnasticdetarragona.cat\/es\/#website"},"primaryImageOfPage":{"@id":"https:\/\/gimnasticdetarragona.cat\/es\/presentacion-de-las-tres-incorporaciones-del-mercado-de-fichajes\/#primaryimage"},"image":{"@id":"https:\/\/gimnasticdetarragona.cat\/es\/presentacion-de-las-tres-incorporaciones-del-mercado-de-fichajes\/#primaryimage"},"thumbnailUrl":"https:\/\/gimnasticdetarragona.cat\/wp-content\/uploads\/2022\/06\/10191216img_5458-scaled.jpg","datePublished":"2022-02-10T18:58:00+00:00","breadcrumb":{"@id":"https:\/\/gimnasticdetarragona.cat\/es\/presentacion-de-las-tres-incorporaciones-del-mercado-de-fichajes\/#breadcrumb"},"inLanguage":"es","potentialAction":[{"@type":"ReadAction","target":["https:\/\/gimnasticdetarragona.cat\/es\/presentacion-de-las-tres-incorporaciones-del-mercado-de-fichajes\/"]}]},{"@type":"ImageObject","inLanguage":"es","@id":"https:\/\/gimnasticdetarragona.cat\/es\/presentacion-de-las-tres-incorporaciones-del-mercado-de-fichajes\/#primaryimage","url":"https:\/\/gimnasticdetarragona.cat\/wp-content\/uploads\/2022\/06\/10191216img_5458-scaled.jpg","contentUrl":"https:\/\/gimnasticdetarragona.cat\/wp-content\/uploads\/2022\/06\/10191216img_5458-scaled.jpg","width":2560,"height":1920},{"@type":"BreadcrumbList","@id":"https:\/\/gimnasticdetarragona.cat\/es\/presentacion-de-las-tres-incorporaciones-del-mercado-de-fichajes\/#breadcrumb","itemListElement":[{"@type":"ListItem","position":1,"name":"Inici","item":"https:\/\/gimnasticdetarragona.cat\/es\/nastic\/"},{"@type":"ListItem","position":2,"name":"Presentaci\u00f3n de las tres incorporaciones del mercado de fichajes"}]},{"@type":"WebSite","@id":"https:\/\/gimnasticdetarragona.cat\/es\/#website","url":"https:\/\/gimnasticdetarragona.cat\/es\/","name":"Gimn\u00e0stic de Tarragona SAD","description":"Gimn\u00e0stic de Tarragona","publisher":{"@id":"https:\/\/gimnasticdetarragona.cat\/es\/#organization"},"potentialAction":[{"@type":"SearchAction","target":{"@type":"EntryPoint","urlTemplate":"https:\/\/gimnasticdetarragona.cat\/es\/?s={search_term_string}"},"query-input":{"@type":"PropertyValueSpecification","valueRequired":true,"valueName":"search_term_string"}}],"inLanguage":"es"},{"@type":"Organization","@id":"https:\/\/gimnasticdetarragona.cat\/es\/#organization","name":"GIMN\u00c0STIC DE TARRAGONA","alternateName":"N\u00c0STIC","url":"https:\/\/gimnasticdetarragona.cat\/es\/","logo":{"@type":"ImageObject","inLanguage":"es","@id":"https:\/\/gimnasticdetarragona.cat\/es\/#\/schema\/logo\/image\/","url":"https:\/\/gimnasticdetarragona.cat\/wp-content\/uploads\/2022\/06\/cropped-logo-gimnastic.png","contentUrl":"https:\/\/gimnasticdetarragona.cat\/wp-content\/uploads\/2022\/06\/cropped-logo-gimnastic.png","width":224,"height":83,"caption":"GIMN\u00c0STIC DE TARRAGONA"},"image":{"@id":"https:\/\/gimnasticdetarragona.cat\/es\/#\/schema\/logo\/image\/"},"sameAs":["https:\/\/x.com\/NASTICTARRAGONA","https:\/\/www.instagram.com\/nastictarragona\/"]},{"@type":"Person","@id":"https:\/\/gimnasticdetarragona.cat\/es\/#\/schema\/person\/47b6a637abf88f9bd835540f20ea069e","name":"desarrollo","sameAs":["https:\/\/clone.gimnasticdetarragona.cat"]}]}},"_links":{"self":[{"href":"https:\/\/gimnasticdetarragona.cat\/es\/wp-json\/wp\/v2\/posts\/83990","targetHints":{"allow":["GET"]}}],"collection":[{"href":"https:\/\/gimnasticdetarragona.cat\/es\/wp-json\/wp\/v2\/posts"}],"about":[{"href":"https:\/\/gimnasticdetarragona.cat\/es\/wp-json\/wp\/v2\/types\/post"}],"author":[{"embeddable":true,"href":"https:\/\/gimnasticdetarragona.cat\/es\/wp-json\/wp\/v2\/users\/1"}],"replies":[{"embeddable":true,"href":"https:\/\/gimnasticdetarragona.cat\/es\/wp-json\/wp\/v2\/comments?post=83990"}],"version-history":[{"count":0,"href":"https:\/\/gimnasticdetarragona.cat\/es\/wp-json\/wp\/v2\/posts\/83990\/revisions"}],"wp:featuredmedia":[{"embeddable":true,"href":"https:\/\/gimnasticdetarragona.cat\/es\/wp-json\/wp\/v2\/media\/83987"}],"wp:attachment":[{"href":"https:\/\/gimnasticdetarragona.cat\/es\/wp-json\/wp\/v2\/media?parent=83990"}],"wp:term":[{"taxonomy":"category","embeddable":true,"href":"https:\/\/gimnasticdetarragona.cat\/es\/wp-json\/wp\/v2\/categories?post=83990"},{"taxonomy":"post_tag","embeddable":true,"href":"https:\/\/gimnasticdetarragona.cat\/es\/wp-json\/wp\/v2\/tags?post=83990"}],"curies":[{"name":"wp","href":"https:\/\/api.w.org\/{rel}","templated":true}]}}