{"id":84193,"date":"2022-04-04T18:17:00","date_gmt":"2022-04-04T18:17:00","guid":{"rendered":"https:\/\/clone.gimnasticdetarragona.cat\/gran-estreno-en-laliga-genuine-santander-2021-2022\/"},"modified":"2022-04-04T18:17:00","modified_gmt":"2022-04-04T18:17:00","slug":"gran-estreno-en-laliga-genuine-santander-2021-2022","status":"publish","type":"post","link":"https:\/\/gimnasticdetarragona.cat\/es\/gran-estreno-en-laliga-genuine-santander-2021-2022\/","title":{"rendered":"Gran estreno en LaLiga Genuine Santander 2021-2022"},"content":{"rendered":"<p style=\"text-align: justify;\">El Gimn&agrave;stic de Tarragona ha disputado este fin de semana la primera fase de la temporada 2021-2022. La competici&oacute;n celebrada en la Ciudad Deportiva Barranco Seco, con la UD Las Palmas como equipo anfitri&oacute;n, ha congregado a 24 de los 42 equipos participantes y una cifra superior a los 500 futbolistas.<\/p>\n<p style=\"text-align: justify;\">El N&agrave;stic ha disputado los tres partidos programados para el fin de semana con un balance de dos empates y una derrota en la vertiente deportiva. El s&aacute;bado jug&oacute; ante el Villarreal CF (1-1) y el Granada CF (0-2). Mientras que el domingo, cerr&oacute; la competici&oacute;n ante el RCD Mallorca (2-2).<\/p>\n<p style=\"text-align: justify;\">Aparte de los resultados deportivos, el equipo entrenado por Rafel Magriny&agrave; ha destacado por su <em>fair play,<\/em> situ&aacute;ndose al frente de la clasificaci&oacute;n con 89 puntos, empatado con la Fundaci&oacute;n M&aacute;laga, dentro del grupo Compa&ntilde;erismo. Esta calificaci&oacute;n se punt&uacute;a a ra&iacute;z de las acciones deportivas y los valores que reinan en todos los partidos y fases de LaLiga Genuine Santander.<\/p>\n<p style=\"text-align: justify;\">Recordamos que esta primera fase 2021-2022 tiene dos sedes: la disputada este fin de semana en las instalaciones de la UD Las Palmas; y la que disputar&aacute;n en Gij&oacute;n los 18 equipos restantes los d&iacute;as 22, 23 y 24 de abril.<\/p>\n<p style=\"text-align: justify;\">Finalmente, ayer, domingo, finalizados los 36 partidos de la primera sede, se hizo entrega de las medallas a todos los participantes. La presidenta de la Fundaci&oacute;n LaLiga, Olga de La Fuente, junto a autoridades y representantes del conjunto canario, fueron los encargados de felicitar a los m&aacute;s de 500 deportistas congregados en este estreno 2021-2022 de LaLiga Genuine Santander.<\/p>\n<p style=\"text-align: justify;\">Con el apoyo de BASF, Diputaci&oacute; de Tarragona, Fundaci&oacute; La Caixa y Port de Tarragona.<\/p>\n","protected":false},"excerpt":{"rendered":"<p>El N\u00e0stic se sit\u00faa col\u00edder de la clasificaci\u00f3n del fair play<\/p>\n","protected":false},"author":1,"featured_media":84190,"comment_status":"open","ping_status":"open","sticky":false,"template":"","format":"standard","meta":{"_acf_changed":false,"footnotes":""},"categories":[113,24,119,121],"tags":[],"class_list":["post-84193","post","type-post","status-publish","format-standard","has-post-thumbnail","hentry","category-actualidad","category-genuine","category-genuine-1","category-home"],"acf":[],"yoast_head":"<!-- This site is optimized with the Yoast SEO plugin v27.3 - https:\/\/yoast.com\/product\/yoast-seo-wordpress\/ -->\n<title>Gran estreno en LaLiga Genuine Santander 2021-2022 - Gimn\u00e0stic de Tarragona SAD<\/title>\n<meta name=\"robots\" content=\"index, follow, max-snippet:-1, max-image-preview:large, max-video-preview:-1\" \/>\n<link rel=\"canonical\" href=\"https:\/\/gimnasticdetarragona.cat\/es\/gran-estreno-en-laliga-genuine-santander-2021-2022\/\" \/>\n<meta property=\"og:locale\" content=\"es_ES\" \/>\n<meta property=\"og:type\" content=\"article\" \/>\n<meta property=\"og:title\" content=\"Gran estreno en LaLiga Genuine Santander 2021-2022 - Gimn\u00e0stic de Tarragona SAD\" \/>\n<meta property=\"og:description\" content=\"El N\u00e0stic se sit\u00faa col\u00edder de la clasificaci\u00f3n del fair play\" \/>\n<meta property=\"og:url\" content=\"https:\/\/gimnasticdetarragona.cat\/es\/gran-estreno-en-laliga-genuine-santander-2021-2022\/\" \/>\n<meta property=\"og:site_name\" content=\"Gimn\u00e0stic de Tarragona SAD\" \/>\n<meta property=\"article:published_time\" content=\"2022-04-04T18:17:00+00:00\" \/>\n<meta property=\"og:image\" content=\"https:\/\/gimnasticdetarragona.cat\/wp-content\/uploads\/2022\/06\/04203836157591b8adc481c81ab89dee1fe57dc3.jpeg\" \/>\n\t<meta property=\"og:image:width\" content=\"900\" \/>\n\t<meta property=\"og:image:height\" content=\"542\" \/>\n\t<meta property=\"og:image:type\" content=\"image\/jpeg\" \/>\n<meta name=\"author\" content=\"desarrollo\" \/>\n<meta name=\"twitter:card\" content=\"summary_large_image\" \/>\n<meta name=\"twitter:creator\" content=\"@NASTICTARRAGONA\" \/>\n<meta name=\"twitter:site\" content=\"@NASTICTARRAGONA\" \/>\n<meta name=\"twitter:label1\" content=\"Escrito por\" \/>\n\t<meta name=\"twitter:data1\" content=\"desarrollo\" \/>\n\t<meta name=\"twitter:label2\" content=\"Tiempo de lectura\" \/>\n\t<meta name=\"twitter:data2\" content=\"2 minutos\" \/>\n<script type=\"application\/ld+json\" class=\"yoast-schema-graph\">{\"@context\":\"https:\\\/\\\/schema.org\",\"@graph\":[{\"@type\":\"Article\",\"@id\":\"https:\\\/\\\/gimnasticdetarragona.cat\\\/es\\\/gran-estreno-en-laliga-genuine-santander-2021-2022\\\/#article\",\"isPartOf\":{\"@id\":\"https:\\\/\\\/gimnasticdetarragona.cat\\\/es\\\/gran-estreno-en-laliga-genuine-santander-2021-2022\\\/\"},\"author\":{\"name\":\"desarrollo\",\"@id\":\"https:\\\/\\\/gimnasticdetarragona.cat\\\/es\\\/#\\\/schema\\\/person\\\/47b6a637abf88f9bd835540f20ea069e\"},\"headline\":\"Gran estreno en LaLiga Genuine Santander 2021-2022\",\"datePublished\":\"2022-04-04T18:17:00+00:00\",\"mainEntityOfPage\":{\"@id\":\"https:\\\/\\\/gimnasticdetarragona.cat\\\/es\\\/gran-estreno-en-laliga-genuine-santander-2021-2022\\\/\"},\"wordCount\":317,\"commentCount\":0,\"publisher\":{\"@id\":\"https:\\\/\\\/gimnasticdetarragona.cat\\\/es\\\/#organization\"},\"image\":{\"@id\":\"https:\\\/\\\/gimnasticdetarragona.cat\\\/es\\\/gran-estreno-en-laliga-genuine-santander-2021-2022\\\/#primaryimage\"},\"thumbnailUrl\":\"https:\\\/\\\/gimnasticdetarragona.cat\\\/wp-content\\\/uploads\\\/2022\\\/06\\\/04203836157591b8adc481c81ab89dee1fe57dc3.jpeg\",\"articleSection\":[\"Actualidad\",\"Genuine\",\"Genuine\",\"Home\"],\"inLanguage\":\"es\"},{\"@type\":\"WebPage\",\"@id\":\"https:\\\/\\\/gimnasticdetarragona.cat\\\/es\\\/gran-estreno-en-laliga-genuine-santander-2021-2022\\\/\",\"url\":\"https:\\\/\\\/gimnasticdetarragona.cat\\\/es\\\/gran-estreno-en-laliga-genuine-santander-2021-2022\\\/\",\"name\":\"Gran estreno en LaLiga Genuine Santander 2021-2022 - Gimn\u00e0stic de Tarragona SAD\",\"isPartOf\":{\"@id\":\"https:\\\/\\\/gimnasticdetarragona.cat\\\/es\\\/#website\"},\"primaryImageOfPage\":{\"@id\":\"https:\\\/\\\/gimnasticdetarragona.cat\\\/es\\\/gran-estreno-en-laliga-genuine-santander-2021-2022\\\/#primaryimage\"},\"image\":{\"@id\":\"https:\\\/\\\/gimnasticdetarragona.cat\\\/es\\\/gran-estreno-en-laliga-genuine-santander-2021-2022\\\/#primaryimage\"},\"thumbnailUrl\":\"https:\\\/\\\/gimnasticdetarragona.cat\\\/wp-content\\\/uploads\\\/2022\\\/06\\\/04203836157591b8adc481c81ab89dee1fe57dc3.jpeg\",\"datePublished\":\"2022-04-04T18:17:00+00:00\",\"breadcrumb\":{\"@id\":\"https:\\\/\\\/gimnasticdetarragona.cat\\\/es\\\/gran-estreno-en-laliga-genuine-santander-2021-2022\\\/#breadcrumb\"},\"inLanguage\":\"es\",\"potentialAction\":[{\"@type\":\"ReadAction\",\"target\":[\"https:\\\/\\\/gimnasticdetarragona.cat\\\/es\\\/gran-estreno-en-laliga-genuine-santander-2021-2022\\\/\"]}]},{\"@type\":\"ImageObject\",\"inLanguage\":\"es\",\"@id\":\"https:\\\/\\\/gimnasticdetarragona.cat\\\/es\\\/gran-estreno-en-laliga-genuine-santander-2021-2022\\\/#primaryimage\",\"url\":\"https:\\\/\\\/gimnasticdetarragona.cat\\\/wp-content\\\/uploads\\\/2022\\\/06\\\/04203836157591b8adc481c81ab89dee1fe57dc3.jpeg\",\"contentUrl\":\"https:\\\/\\\/gimnasticdetarragona.cat\\\/wp-content\\\/uploads\\\/2022\\\/06\\\/04203836157591b8adc481c81ab89dee1fe57dc3.jpeg\",\"width\":900,\"height\":542},{\"@type\":\"BreadcrumbList\",\"@id\":\"https:\\\/\\\/gimnasticdetarragona.cat\\\/es\\\/gran-estreno-en-laliga-genuine-santander-2021-2022\\\/#breadcrumb\",\"itemListElement\":[{\"@type\":\"ListItem\",\"position\":1,\"name\":\"Inici\",\"item\":\"https:\\\/\\\/gimnasticdetarragona.cat\\\/es\\\/nastic\\\/\"},{\"@type\":\"ListItem\",\"position\":2,\"name\":\"Gran estreno en LaLiga Genuine Santander 2021-2022\"}]},{\"@type\":\"WebSite\",\"@id\":\"https:\\\/\\\/gimnasticdetarragona.cat\\\/es\\\/#website\",\"url\":\"https:\\\/\\\/gimnasticdetarragona.cat\\\/es\\\/\",\"name\":\"Gimn\u00e0stic de Tarragona SAD\",\"description\":\"Gimn\u00e0stic de Tarragona\",\"publisher\":{\"@id\":\"https:\\\/\\\/gimnasticdetarragona.cat\\\/es\\\/#organization\"},\"potentialAction\":[{\"@type\":\"SearchAction\",\"target\":{\"@type\":\"EntryPoint\",\"urlTemplate\":\"https:\\\/\\\/gimnasticdetarragona.cat\\\/es\\\/?s={search_term_string}\"},\"query-input\":{\"@type\":\"PropertyValueSpecification\",\"valueRequired\":true,\"valueName\":\"search_term_string\"}}],\"inLanguage\":\"es\"},{\"@type\":\"Organization\",\"@id\":\"https:\\\/\\\/gimnasticdetarragona.cat\\\/es\\\/#organization\",\"name\":\"GIMN\u00c0STIC DE TARRAGONA\",\"alternateName\":\"N\u00c0STIC\",\"url\":\"https:\\\/\\\/gimnasticdetarragona.cat\\\/es\\\/\",\"logo\":{\"@type\":\"ImageObject\",\"inLanguage\":\"es\",\"@id\":\"https:\\\/\\\/gimnasticdetarragona.cat\\\/es\\\/#\\\/schema\\\/logo\\\/image\\\/\",\"url\":\"https:\\\/\\\/gimnasticdetarragona.cat\\\/wp-content\\\/uploads\\\/2022\\\/06\\\/cropped-logo-gimnastic.png\",\"contentUrl\":\"https:\\\/\\\/gimnasticdetarragona.cat\\\/wp-content\\\/uploads\\\/2022\\\/06\\\/cropped-logo-gimnastic.png\",\"width\":224,\"height\":83,\"caption\":\"GIMN\u00c0STIC DE TARRAGONA\"},\"image\":{\"@id\":\"https:\\\/\\\/gimnasticdetarragona.cat\\\/es\\\/#\\\/schema\\\/logo\\\/image\\\/\"},\"sameAs\":[\"https:\\\/\\\/x.com\\\/NASTICTARRAGONA\",\"https:\\\/\\\/www.instagram.com\\\/nastictarragona\\\/\"]},{\"@type\":\"Person\",\"@id\":\"https:\\\/\\\/gimnasticdetarragona.cat\\\/es\\\/#\\\/schema\\\/person\\\/47b6a637abf88f9bd835540f20ea069e\",\"name\":\"desarrollo\",\"sameAs\":[\"https:\\\/\\\/clone.gimnasticdetarragona.cat\"]}]}<\/script>\n<!-- \/ Yoast SEO plugin. -->","yoast_head_json":{"title":"Gran estreno en LaLiga Genuine Santander 2021-2022 - Gimn\u00e0stic de Tarragona SAD","robots":{"index":"index","follow":"follow","max-snippet":"max-snippet:-1","max-image-preview":"max-image-preview:large","max-video-preview":"max-video-preview:-1"},"canonical":"https:\/\/gimnasticdetarragona.cat\/es\/gran-estreno-en-laliga-genuine-santander-2021-2022\/","og_locale":"es_ES","og_type":"article","og_title":"Gran estreno en LaLiga Genuine Santander 2021-2022 - Gimn\u00e0stic de Tarragona SAD","og_description":"El N\u00e0stic se sit\u00faa col\u00edder de la clasificaci\u00f3n del fair play","og_url":"https:\/\/gimnasticdetarragona.cat\/es\/gran-estreno-en-laliga-genuine-santander-2021-2022\/","og_site_name":"Gimn\u00e0stic de Tarragona SAD","article_published_time":"2022-04-04T18:17:00+00:00","og_image":[{"width":900,"height":542,"url":"https:\/\/gimnasticdetarragona.cat\/wp-content\/uploads\/2022\/06\/04203836157591b8adc481c81ab89dee1fe57dc3.jpeg","type":"image\/jpeg"}],"author":"desarrollo","twitter_card":"summary_large_image","twitter_creator":"@NASTICTARRAGONA","twitter_site":"@NASTICTARRAGONA","twitter_misc":{"Escrito por":"desarrollo","Tiempo de lectura":"2 minutos"},"schema":{"@context":"https:\/\/schema.org","@graph":[{"@type":"Article","@id":"https:\/\/gimnasticdetarragona.cat\/es\/gran-estreno-en-laliga-genuine-santander-2021-2022\/#article","isPartOf":{"@id":"https:\/\/gimnasticdetarragona.cat\/es\/gran-estreno-en-laliga-genuine-santander-2021-2022\/"},"author":{"name":"desarrollo","@id":"https:\/\/gimnasticdetarragona.cat\/es\/#\/schema\/person\/47b6a637abf88f9bd835540f20ea069e"},"headline":"Gran estreno en LaLiga Genuine Santander 2021-2022","datePublished":"2022-04-04T18:17:00+00:00","mainEntityOfPage":{"@id":"https:\/\/gimnasticdetarragona.cat\/es\/gran-estreno-en-laliga-genuine-santander-2021-2022\/"},"wordCount":317,"commentCount":0,"publisher":{"@id":"https:\/\/gimnasticdetarragona.cat\/es\/#organization"},"image":{"@id":"https:\/\/gimnasticdetarragona.cat\/es\/gran-estreno-en-laliga-genuine-santander-2021-2022\/#primaryimage"},"thumbnailUrl":"https:\/\/gimnasticdetarragona.cat\/wp-content\/uploads\/2022\/06\/04203836157591b8adc481c81ab89dee1fe57dc3.jpeg","articleSection":["Actualidad","Genuine","Genuine","Home"],"inLanguage":"es"},{"@type":"WebPage","@id":"https:\/\/gimnasticdetarragona.cat\/es\/gran-estreno-en-laliga-genuine-santander-2021-2022\/","url":"https:\/\/gimnasticdetarragona.cat\/es\/gran-estreno-en-laliga-genuine-santander-2021-2022\/","name":"Gran estreno en LaLiga Genuine Santander 2021-2022 - Gimn\u00e0stic de Tarragona SAD","isPartOf":{"@id":"https:\/\/gimnasticdetarragona.cat\/es\/#website"},"primaryImageOfPage":{"@id":"https:\/\/gimnasticdetarragona.cat\/es\/gran-estreno-en-laliga-genuine-santander-2021-2022\/#primaryimage"},"image":{"@id":"https:\/\/gimnasticdetarragona.cat\/es\/gran-estreno-en-laliga-genuine-santander-2021-2022\/#primaryimage"},"thumbnailUrl":"https:\/\/gimnasticdetarragona.cat\/wp-content\/uploads\/2022\/06\/04203836157591b8adc481c81ab89dee1fe57dc3.jpeg","datePublished":"2022-04-04T18:17:00+00:00","breadcrumb":{"@id":"https:\/\/gimnasticdetarragona.cat\/es\/gran-estreno-en-laliga-genuine-santander-2021-2022\/#breadcrumb"},"inLanguage":"es","potentialAction":[{"@type":"ReadAction","target":["https:\/\/gimnasticdetarragona.cat\/es\/gran-estreno-en-laliga-genuine-santander-2021-2022\/"]}]},{"@type":"ImageObject","inLanguage":"es","@id":"https:\/\/gimnasticdetarragona.cat\/es\/gran-estreno-en-laliga-genuine-santander-2021-2022\/#primaryimage","url":"https:\/\/gimnasticdetarragona.cat\/wp-content\/uploads\/2022\/06\/04203836157591b8adc481c81ab89dee1fe57dc3.jpeg","contentUrl":"https:\/\/gimnasticdetarragona.cat\/wp-content\/uploads\/2022\/06\/04203836157591b8adc481c81ab89dee1fe57dc3.jpeg","width":900,"height":542},{"@type":"BreadcrumbList","@id":"https:\/\/gimnasticdetarragona.cat\/es\/gran-estreno-en-laliga-genuine-santander-2021-2022\/#breadcrumb","itemListElement":[{"@type":"ListItem","position":1,"name":"Inici","item":"https:\/\/gimnasticdetarragona.cat\/es\/nastic\/"},{"@type":"ListItem","position":2,"name":"Gran estreno en LaLiga Genuine Santander 2021-2022"}]},{"@type":"WebSite","@id":"https:\/\/gimnasticdetarragona.cat\/es\/#website","url":"https:\/\/gimnasticdetarragona.cat\/es\/","name":"Gimn\u00e0stic de Tarragona SAD","description":"Gimn\u00e0stic de Tarragona","publisher":{"@id":"https:\/\/gimnasticdetarragona.cat\/es\/#organization"},"potentialAction":[{"@type":"SearchAction","target":{"@type":"EntryPoint","urlTemplate":"https:\/\/gimnasticdetarragona.cat\/es\/?s={search_term_string}"},"query-input":{"@type":"PropertyValueSpecification","valueRequired":true,"valueName":"search_term_string"}}],"inLanguage":"es"},{"@type":"Organization","@id":"https:\/\/gimnasticdetarragona.cat\/es\/#organization","name":"GIMN\u00c0STIC DE TARRAGONA","alternateName":"N\u00c0STIC","url":"https:\/\/gimnasticdetarragona.cat\/es\/","logo":{"@type":"ImageObject","inLanguage":"es","@id":"https:\/\/gimnasticdetarragona.cat\/es\/#\/schema\/logo\/image\/","url":"https:\/\/gimnasticdetarragona.cat\/wp-content\/uploads\/2022\/06\/cropped-logo-gimnastic.png","contentUrl":"https:\/\/gimnasticdetarragona.cat\/wp-content\/uploads\/2022\/06\/cropped-logo-gimnastic.png","width":224,"height":83,"caption":"GIMN\u00c0STIC DE TARRAGONA"},"image":{"@id":"https:\/\/gimnasticdetarragona.cat\/es\/#\/schema\/logo\/image\/"},"sameAs":["https:\/\/x.com\/NASTICTARRAGONA","https:\/\/www.instagram.com\/nastictarragona\/"]},{"@type":"Person","@id":"https:\/\/gimnasticdetarragona.cat\/es\/#\/schema\/person\/47b6a637abf88f9bd835540f20ea069e","name":"desarrollo","sameAs":["https:\/\/clone.gimnasticdetarragona.cat"]}]}},"_links":{"self":[{"href":"https:\/\/gimnasticdetarragona.cat\/es\/wp-json\/wp\/v2\/posts\/84193","targetHints":{"allow":["GET"]}}],"collection":[{"href":"https:\/\/gimnasticdetarragona.cat\/es\/wp-json\/wp\/v2\/posts"}],"about":[{"href":"https:\/\/gimnasticdetarragona.cat\/es\/wp-json\/wp\/v2\/types\/post"}],"author":[{"embeddable":true,"href":"https:\/\/gimnasticdetarragona.cat\/es\/wp-json\/wp\/v2\/users\/1"}],"replies":[{"embeddable":true,"href":"https:\/\/gimnasticdetarragona.cat\/es\/wp-json\/wp\/v2\/comments?post=84193"}],"version-history":[{"count":0,"href":"https:\/\/gimnasticdetarragona.cat\/es\/wp-json\/wp\/v2\/posts\/84193\/revisions"}],"wp:featuredmedia":[{"embeddable":true,"href":"https:\/\/gimnasticdetarragona.cat\/es\/wp-json\/wp\/v2\/media\/84190"}],"wp:attachment":[{"href":"https:\/\/gimnasticdetarragona.cat\/es\/wp-json\/wp\/v2\/media?parent=84193"}],"wp:term":[{"taxonomy":"category","embeddable":true,"href":"https:\/\/gimnasticdetarragona.cat\/es\/wp-json\/wp\/v2\/categories?post=84193"},{"taxonomy":"post_tag","embeddable":true,"href":"https:\/\/gimnasticdetarragona.cat\/es\/wp-json\/wp\/v2\/tags?post=84193"}],"curies":[{"name":"wp","href":"https:\/\/api.w.org\/{rel}","templated":true}]}}