{"id":84277,"date":"2022-04-25T17:19:00","date_gmt":"2022-04-25T17:19:00","guid":{"rendered":"https:\/\/clone.gimnasticdetarragona.cat\/marea-grana-en-la-nova-creu-alta\/"},"modified":"2022-04-25T17:19:00","modified_gmt":"2022-04-25T17:19:00","slug":"marea-grana-en-la-nova-creu-alta","status":"publish","type":"post","link":"https:\/\/gimnasticdetarragona.cat\/es\/marea-grana-en-la-nova-creu-alta\/","title":{"rendered":"Marea Grana en la Nova Creu Alta"},"content":{"rendered":"<p style=\"text-align: justify;\">La entidad organiza un nuevo desplazamiento para animar al equipo en el Estadio Nova Creu Alta de Sabadell ante el importante partido en la lucha por el play-off de ascenso. Todos los socios nastiquers que quieran formar parte de la Marea Grana podr&aacute;n hacerlo por 15 &euro;. El precio incluye la entrada y el Gimn&agrave;stic de Tarragona subvenciona el desplazamiento en autocar.<\/p>\n<p style=\"text-align: justify;\">Por otro lado, todos los socios o acompa&ntilde;antes comprendidos entre los 8 y 17 a&ntilde;os podr&aacute;n disfrutar del enfrentamiento al precio de 5&euro; la entrada y tambi&eacute;n el autocar gratuito. Los menores de 7 a&ntilde;os podr&aacute;n acceder totalmente gratis.<\/p>\n<p style=\"text-align: justify;\">Las entradas ya est&aacute;n a la venta en las oficinas del Nou Estadi y la promoci&oacute;n estar&aacute; vigente hasta el viernes a las 13.30 h o hasta agotar existencias. Adem&aacute;s, todos los que adquieran una entrada para viajar en autocar o su veh&iacute;culo propio, recibir&aacute;n gratuitamente una entrada de su localidad para el partido del domingo 8 de mayo, a las 17 h, frente a la RB Linense; pen&uacute;ltimo enfrentamiento de la temporada en el Nou Estadi Costa Daurada. Esta promoci&oacute;n est&aacute; limitada al aforo de cada zona.<\/p>\n<p style=\"text-align: justify;\">El duelo entre CE Sabadell y N&agrave;stic se disputar&aacute; este domingo 1 de mayo, a partir de las 19 horas. La salida se realizar&aacute; a las 16.15 h, desde la Imperial Tarraco; y a las 16.30 horas, desde las instalaciones del Nou Estadi. La vuelta se efectuar&aacute; una vez finalice el partido.<\/p>\n<p style=\"text-align: justify;\">Recordamos que el horario de las oficinas del Nou Estadi Costa Daurada es de lunes a viernes de 9 a 13.30 y de 16 a 19 horas. Esta promoci&oacute;n es exclusiva para los socios del N&agrave;stic 2021-2022 y est&aacute; limitada a las entradas facilitadas por la entidad arlequinada.<\/p>\n","protected":false},"excerpt":{"rendered":"<p>El N\u00e0stic subvencionar\u00e0 novament els autocars als socis<\/p>\n","protected":false},"author":1,"featured_media":84274,"comment_status":"open","ping_status":"open","sticky":false,"template":"","format":"standard","meta":{"_acf_changed":false,"footnotes":""},"categories":[113,114,121,125,126,138],"tags":[],"class_list":["post-84277","post","type-post","status-publish","format-standard","has-post-thumbnail","hentry","category-actualidad","category-aficion","category-home","category-penas","category-primer-equipo","category-socio"],"acf":[],"yoast_head":"<!-- This site is optimized with the Yoast SEO plugin v27.3 - https:\/\/yoast.com\/product\/yoast-seo-wordpress\/ -->\n<title>Marea Grana en la Nova Creu Alta - Gimn\u00e0stic de Tarragona SAD<\/title>\n<meta name=\"robots\" content=\"index, follow, max-snippet:-1, max-image-preview:large, max-video-preview:-1\" \/>\n<link rel=\"canonical\" href=\"https:\/\/gimnasticdetarragona.cat\/es\/marea-grana-en-la-nova-creu-alta\/\" \/>\n<meta property=\"og:locale\" content=\"es_ES\" \/>\n<meta property=\"og:type\" content=\"article\" \/>\n<meta property=\"og:title\" content=\"Marea Grana en la Nova Creu Alta - Gimn\u00e0stic de Tarragona SAD\" \/>\n<meta property=\"og:description\" content=\"El N\u00e0stic subvencionar\u00e0 novament els autocars als socis\" \/>\n<meta property=\"og:url\" content=\"https:\/\/gimnasticdetarragona.cat\/es\/marea-grana-en-la-nova-creu-alta\/\" \/>\n<meta property=\"og:site_name\" content=\"Gimn\u00e0stic de Tarragona SAD\" \/>\n<meta property=\"article:published_time\" content=\"2022-04-25T17:19:00+00:00\" \/>\n<meta property=\"og:image\" content=\"https:\/\/gimnasticdetarragona.cat\/wp-content\/uploads\/2022\/06\/25172438webbbar.jpg\" \/>\n\t<meta property=\"og:image:width\" content=\"2000\" \/>\n\t<meta property=\"og:image:height\" content=\"1334\" \/>\n\t<meta property=\"og:image:type\" content=\"image\/jpeg\" \/>\n<meta name=\"author\" content=\"desarrollo\" \/>\n<meta name=\"twitter:card\" content=\"summary_large_image\" \/>\n<meta name=\"twitter:creator\" content=\"@NASTICTARRAGONA\" \/>\n<meta name=\"twitter:site\" content=\"@NASTICTARRAGONA\" \/>\n<meta name=\"twitter:label1\" content=\"Escrito por\" \/>\n\t<meta name=\"twitter:data1\" content=\"desarrollo\" \/>\n\t<meta name=\"twitter:label2\" content=\"Tiempo de lectura\" \/>\n\t<meta name=\"twitter:data2\" content=\"2 minutos\" \/>\n<script type=\"application\/ld+json\" class=\"yoast-schema-graph\">{\"@context\":\"https:\\\/\\\/schema.org\",\"@graph\":[{\"@type\":\"Article\",\"@id\":\"https:\\\/\\\/gimnasticdetarragona.cat\\\/es\\\/marea-grana-en-la-nova-creu-alta\\\/#article\",\"isPartOf\":{\"@id\":\"https:\\\/\\\/gimnasticdetarragona.cat\\\/es\\\/marea-grana-en-la-nova-creu-alta\\\/\"},\"author\":{\"name\":\"desarrollo\",\"@id\":\"https:\\\/\\\/gimnasticdetarragona.cat\\\/es\\\/#\\\/schema\\\/person\\\/47b6a637abf88f9bd835540f20ea069e\"},\"headline\":\"Marea Grana en la Nova Creu Alta\",\"datePublished\":\"2022-04-25T17:19:00+00:00\",\"mainEntityOfPage\":{\"@id\":\"https:\\\/\\\/gimnasticdetarragona.cat\\\/es\\\/marea-grana-en-la-nova-creu-alta\\\/\"},\"wordCount\":323,\"commentCount\":0,\"publisher\":{\"@id\":\"https:\\\/\\\/gimnasticdetarragona.cat\\\/es\\\/#organization\"},\"image\":{\"@id\":\"https:\\\/\\\/gimnasticdetarragona.cat\\\/es\\\/marea-grana-en-la-nova-creu-alta\\\/#primaryimage\"},\"thumbnailUrl\":\"https:\\\/\\\/gimnasticdetarragona.cat\\\/wp-content\\\/uploads\\\/2022\\\/06\\\/25172438webbbar.jpg\",\"articleSection\":[\"Actualidad\",\"Afici\u00f3n\",\"Home\",\"Pe\u00f1as\",\"Primer Equipo\",\"Socio\"],\"inLanguage\":\"es\"},{\"@type\":\"WebPage\",\"@id\":\"https:\\\/\\\/gimnasticdetarragona.cat\\\/es\\\/marea-grana-en-la-nova-creu-alta\\\/\",\"url\":\"https:\\\/\\\/gimnasticdetarragona.cat\\\/es\\\/marea-grana-en-la-nova-creu-alta\\\/\",\"name\":\"Marea Grana en la Nova Creu Alta - Gimn\u00e0stic de Tarragona SAD\",\"isPartOf\":{\"@id\":\"https:\\\/\\\/gimnasticdetarragona.cat\\\/es\\\/#website\"},\"primaryImageOfPage\":{\"@id\":\"https:\\\/\\\/gimnasticdetarragona.cat\\\/es\\\/marea-grana-en-la-nova-creu-alta\\\/#primaryimage\"},\"image\":{\"@id\":\"https:\\\/\\\/gimnasticdetarragona.cat\\\/es\\\/marea-grana-en-la-nova-creu-alta\\\/#primaryimage\"},\"thumbnailUrl\":\"https:\\\/\\\/gimnasticdetarragona.cat\\\/wp-content\\\/uploads\\\/2022\\\/06\\\/25172438webbbar.jpg\",\"datePublished\":\"2022-04-25T17:19:00+00:00\",\"breadcrumb\":{\"@id\":\"https:\\\/\\\/gimnasticdetarragona.cat\\\/es\\\/marea-grana-en-la-nova-creu-alta\\\/#breadcrumb\"},\"inLanguage\":\"es\",\"potentialAction\":[{\"@type\":\"ReadAction\",\"target\":[\"https:\\\/\\\/gimnasticdetarragona.cat\\\/es\\\/marea-grana-en-la-nova-creu-alta\\\/\"]}]},{\"@type\":\"ImageObject\",\"inLanguage\":\"es\",\"@id\":\"https:\\\/\\\/gimnasticdetarragona.cat\\\/es\\\/marea-grana-en-la-nova-creu-alta\\\/#primaryimage\",\"url\":\"https:\\\/\\\/gimnasticdetarragona.cat\\\/wp-content\\\/uploads\\\/2022\\\/06\\\/25172438webbbar.jpg\",\"contentUrl\":\"https:\\\/\\\/gimnasticdetarragona.cat\\\/wp-content\\\/uploads\\\/2022\\\/06\\\/25172438webbbar.jpg\",\"width\":2000,\"height\":1334},{\"@type\":\"BreadcrumbList\",\"@id\":\"https:\\\/\\\/gimnasticdetarragona.cat\\\/es\\\/marea-grana-en-la-nova-creu-alta\\\/#breadcrumb\",\"itemListElement\":[{\"@type\":\"ListItem\",\"position\":1,\"name\":\"Inici\",\"item\":\"https:\\\/\\\/gimnasticdetarragona.cat\\\/es\\\/nastic\\\/\"},{\"@type\":\"ListItem\",\"position\":2,\"name\":\"Marea Grana en la Nova Creu Alta\"}]},{\"@type\":\"WebSite\",\"@id\":\"https:\\\/\\\/gimnasticdetarragona.cat\\\/es\\\/#website\",\"url\":\"https:\\\/\\\/gimnasticdetarragona.cat\\\/es\\\/\",\"name\":\"Gimn\u00e0stic de Tarragona SAD\",\"description\":\"Gimn\u00e0stic de Tarragona\",\"publisher\":{\"@id\":\"https:\\\/\\\/gimnasticdetarragona.cat\\\/es\\\/#organization\"},\"potentialAction\":[{\"@type\":\"SearchAction\",\"target\":{\"@type\":\"EntryPoint\",\"urlTemplate\":\"https:\\\/\\\/gimnasticdetarragona.cat\\\/es\\\/?s={search_term_string}\"},\"query-input\":{\"@type\":\"PropertyValueSpecification\",\"valueRequired\":true,\"valueName\":\"search_term_string\"}}],\"inLanguage\":\"es\"},{\"@type\":\"Organization\",\"@id\":\"https:\\\/\\\/gimnasticdetarragona.cat\\\/es\\\/#organization\",\"name\":\"GIMN\u00c0STIC DE TARRAGONA\",\"alternateName\":\"N\u00c0STIC\",\"url\":\"https:\\\/\\\/gimnasticdetarragona.cat\\\/es\\\/\",\"logo\":{\"@type\":\"ImageObject\",\"inLanguage\":\"es\",\"@id\":\"https:\\\/\\\/gimnasticdetarragona.cat\\\/es\\\/#\\\/schema\\\/logo\\\/image\\\/\",\"url\":\"https:\\\/\\\/gimnasticdetarragona.cat\\\/wp-content\\\/uploads\\\/2022\\\/06\\\/cropped-logo-gimnastic.png\",\"contentUrl\":\"https:\\\/\\\/gimnasticdetarragona.cat\\\/wp-content\\\/uploads\\\/2022\\\/06\\\/cropped-logo-gimnastic.png\",\"width\":224,\"height\":83,\"caption\":\"GIMN\u00c0STIC DE TARRAGONA\"},\"image\":{\"@id\":\"https:\\\/\\\/gimnasticdetarragona.cat\\\/es\\\/#\\\/schema\\\/logo\\\/image\\\/\"},\"sameAs\":[\"https:\\\/\\\/x.com\\\/NASTICTARRAGONA\",\"https:\\\/\\\/www.instagram.com\\\/nastictarragona\\\/\"]},{\"@type\":\"Person\",\"@id\":\"https:\\\/\\\/gimnasticdetarragona.cat\\\/es\\\/#\\\/schema\\\/person\\\/47b6a637abf88f9bd835540f20ea069e\",\"name\":\"desarrollo\",\"sameAs\":[\"https:\\\/\\\/clone.gimnasticdetarragona.cat\"]}]}<\/script>\n<!-- \/ Yoast SEO plugin. -->","yoast_head_json":{"title":"Marea Grana en la Nova Creu Alta - Gimn\u00e0stic de Tarragona SAD","robots":{"index":"index","follow":"follow","max-snippet":"max-snippet:-1","max-image-preview":"max-image-preview:large","max-video-preview":"max-video-preview:-1"},"canonical":"https:\/\/gimnasticdetarragona.cat\/es\/marea-grana-en-la-nova-creu-alta\/","og_locale":"es_ES","og_type":"article","og_title":"Marea Grana en la Nova Creu Alta - Gimn\u00e0stic de Tarragona SAD","og_description":"El N\u00e0stic subvencionar\u00e0 novament els autocars als socis","og_url":"https:\/\/gimnasticdetarragona.cat\/es\/marea-grana-en-la-nova-creu-alta\/","og_site_name":"Gimn\u00e0stic de Tarragona SAD","article_published_time":"2022-04-25T17:19:00+00:00","og_image":[{"width":2000,"height":1334,"url":"https:\/\/gimnasticdetarragona.cat\/wp-content\/uploads\/2022\/06\/25172438webbbar.jpg","type":"image\/jpeg"}],"author":"desarrollo","twitter_card":"summary_large_image","twitter_creator":"@NASTICTARRAGONA","twitter_site":"@NASTICTARRAGONA","twitter_misc":{"Escrito por":"desarrollo","Tiempo de lectura":"2 minutos"},"schema":{"@context":"https:\/\/schema.org","@graph":[{"@type":"Article","@id":"https:\/\/gimnasticdetarragona.cat\/es\/marea-grana-en-la-nova-creu-alta\/#article","isPartOf":{"@id":"https:\/\/gimnasticdetarragona.cat\/es\/marea-grana-en-la-nova-creu-alta\/"},"author":{"name":"desarrollo","@id":"https:\/\/gimnasticdetarragona.cat\/es\/#\/schema\/person\/47b6a637abf88f9bd835540f20ea069e"},"headline":"Marea Grana en la Nova Creu Alta","datePublished":"2022-04-25T17:19:00+00:00","mainEntityOfPage":{"@id":"https:\/\/gimnasticdetarragona.cat\/es\/marea-grana-en-la-nova-creu-alta\/"},"wordCount":323,"commentCount":0,"publisher":{"@id":"https:\/\/gimnasticdetarragona.cat\/es\/#organization"},"image":{"@id":"https:\/\/gimnasticdetarragona.cat\/es\/marea-grana-en-la-nova-creu-alta\/#primaryimage"},"thumbnailUrl":"https:\/\/gimnasticdetarragona.cat\/wp-content\/uploads\/2022\/06\/25172438webbbar.jpg","articleSection":["Actualidad","Afici\u00f3n","Home","Pe\u00f1as","Primer Equipo","Socio"],"inLanguage":"es"},{"@type":"WebPage","@id":"https:\/\/gimnasticdetarragona.cat\/es\/marea-grana-en-la-nova-creu-alta\/","url":"https:\/\/gimnasticdetarragona.cat\/es\/marea-grana-en-la-nova-creu-alta\/","name":"Marea Grana en la Nova Creu Alta - Gimn\u00e0stic de Tarragona SAD","isPartOf":{"@id":"https:\/\/gimnasticdetarragona.cat\/es\/#website"},"primaryImageOfPage":{"@id":"https:\/\/gimnasticdetarragona.cat\/es\/marea-grana-en-la-nova-creu-alta\/#primaryimage"},"image":{"@id":"https:\/\/gimnasticdetarragona.cat\/es\/marea-grana-en-la-nova-creu-alta\/#primaryimage"},"thumbnailUrl":"https:\/\/gimnasticdetarragona.cat\/wp-content\/uploads\/2022\/06\/25172438webbbar.jpg","datePublished":"2022-04-25T17:19:00+00:00","breadcrumb":{"@id":"https:\/\/gimnasticdetarragona.cat\/es\/marea-grana-en-la-nova-creu-alta\/#breadcrumb"},"inLanguage":"es","potentialAction":[{"@type":"ReadAction","target":["https:\/\/gimnasticdetarragona.cat\/es\/marea-grana-en-la-nova-creu-alta\/"]}]},{"@type":"ImageObject","inLanguage":"es","@id":"https:\/\/gimnasticdetarragona.cat\/es\/marea-grana-en-la-nova-creu-alta\/#primaryimage","url":"https:\/\/gimnasticdetarragona.cat\/wp-content\/uploads\/2022\/06\/25172438webbbar.jpg","contentUrl":"https:\/\/gimnasticdetarragona.cat\/wp-content\/uploads\/2022\/06\/25172438webbbar.jpg","width":2000,"height":1334},{"@type":"BreadcrumbList","@id":"https:\/\/gimnasticdetarragona.cat\/es\/marea-grana-en-la-nova-creu-alta\/#breadcrumb","itemListElement":[{"@type":"ListItem","position":1,"name":"Inici","item":"https:\/\/gimnasticdetarragona.cat\/es\/nastic\/"},{"@type":"ListItem","position":2,"name":"Marea Grana en la Nova Creu Alta"}]},{"@type":"WebSite","@id":"https:\/\/gimnasticdetarragona.cat\/es\/#website","url":"https:\/\/gimnasticdetarragona.cat\/es\/","name":"Gimn\u00e0stic de Tarragona SAD","description":"Gimn\u00e0stic de Tarragona","publisher":{"@id":"https:\/\/gimnasticdetarragona.cat\/es\/#organization"},"potentialAction":[{"@type":"SearchAction","target":{"@type":"EntryPoint","urlTemplate":"https:\/\/gimnasticdetarragona.cat\/es\/?s={search_term_string}"},"query-input":{"@type":"PropertyValueSpecification","valueRequired":true,"valueName":"search_term_string"}}],"inLanguage":"es"},{"@type":"Organization","@id":"https:\/\/gimnasticdetarragona.cat\/es\/#organization","name":"GIMN\u00c0STIC DE TARRAGONA","alternateName":"N\u00c0STIC","url":"https:\/\/gimnasticdetarragona.cat\/es\/","logo":{"@type":"ImageObject","inLanguage":"es","@id":"https:\/\/gimnasticdetarragona.cat\/es\/#\/schema\/logo\/image\/","url":"https:\/\/gimnasticdetarragona.cat\/wp-content\/uploads\/2022\/06\/cropped-logo-gimnastic.png","contentUrl":"https:\/\/gimnasticdetarragona.cat\/wp-content\/uploads\/2022\/06\/cropped-logo-gimnastic.png","width":224,"height":83,"caption":"GIMN\u00c0STIC DE TARRAGONA"},"image":{"@id":"https:\/\/gimnasticdetarragona.cat\/es\/#\/schema\/logo\/image\/"},"sameAs":["https:\/\/x.com\/NASTICTARRAGONA","https:\/\/www.instagram.com\/nastictarragona\/"]},{"@type":"Person","@id":"https:\/\/gimnasticdetarragona.cat\/es\/#\/schema\/person\/47b6a637abf88f9bd835540f20ea069e","name":"desarrollo","sameAs":["https:\/\/clone.gimnasticdetarragona.cat"]}]}},"_links":{"self":[{"href":"https:\/\/gimnasticdetarragona.cat\/es\/wp-json\/wp\/v2\/posts\/84277","targetHints":{"allow":["GET"]}}],"collection":[{"href":"https:\/\/gimnasticdetarragona.cat\/es\/wp-json\/wp\/v2\/posts"}],"about":[{"href":"https:\/\/gimnasticdetarragona.cat\/es\/wp-json\/wp\/v2\/types\/post"}],"author":[{"embeddable":true,"href":"https:\/\/gimnasticdetarragona.cat\/es\/wp-json\/wp\/v2\/users\/1"}],"replies":[{"embeddable":true,"href":"https:\/\/gimnasticdetarragona.cat\/es\/wp-json\/wp\/v2\/comments?post=84277"}],"version-history":[{"count":0,"href":"https:\/\/gimnasticdetarragona.cat\/es\/wp-json\/wp\/v2\/posts\/84277\/revisions"}],"wp:featuredmedia":[{"embeddable":true,"href":"https:\/\/gimnasticdetarragona.cat\/es\/wp-json\/wp\/v2\/media\/84274"}],"wp:attachment":[{"href":"https:\/\/gimnasticdetarragona.cat\/es\/wp-json\/wp\/v2\/media?parent=84277"}],"wp:term":[{"taxonomy":"category","embeddable":true,"href":"https:\/\/gimnasticdetarragona.cat\/es\/wp-json\/wp\/v2\/categories?post=84277"},{"taxonomy":"post_tag","embeddable":true,"href":"https:\/\/gimnasticdetarragona.cat\/es\/wp-json\/wp\/v2\/tags?post=84277"}],"curies":[{"name":"wp","href":"https:\/\/api.w.org\/{rel}","templated":true}]}}