{"id":84337,"date":"2022-05-10T13:38:00","date_gmt":"2022-05-10T13:38:00","guid":{"rendered":"https:\/\/clone.gimnasticdetarragona.cat\/el-nastic-genuine-afronta-una-nueva-fase-de-laliga-genuine-santander\/"},"modified":"2022-05-10T13:38:00","modified_gmt":"2022-05-10T13:38:00","slug":"el-nastic-genuine-afronta-una-nueva-fase-de-laliga-genuine-santander","status":"publish","type":"post","link":"https:\/\/gimnasticdetarragona.cat\/es\/el-nastic-genuine-afronta-una-nueva-fase-de-laliga-genuine-santander\/","title":{"rendered":"El N\u00e0stic Genuine afronta una nueva fase de LaLiga Genuine Santander"},"content":{"rendered":"<p style=\"text-align: justify;\">Los jugadores del N&agrave;stic Genuine ya est&aacute;n preparados para viajar a tierras andaluzas y disputar la segunda fase de LaLiga Genuine Santander 2021-2022; con sede en M&aacute;laga, este fin de semana, y en C&aacute;diz, el pr&oacute;ximo. El equipo dirigido por Rafel Magriny&agrave; realiz&oacute; la &uacute;ltima sesi&oacute;n preparatoria ayer por la tarde en las instalaciones del Nou Estadi Costa Daurada.<o:p><\/o:p><\/p>\n<p style=\"text-align: justify;\">El viernes por la ma&ntilde;ana, a las 9 h, la expedici&oacute;n grana partir&aacute; en tren hasta M&aacute;laga para vivir la ceremonia de bienvenida que se realizar&aacute;, a partir de las 20 horas, en La Rosaleda. El Fundaci&oacute;n M&aacute;laga CF ser&aacute; el equipo anfitri&oacute;n y participar&aacute;n 18 de los 42 equipos de la competici&oacute;n.<o:p><\/o:p><\/p>\n<p style=\"text-align: justify;\">Los 16 jugadores convocados por el t&eacute;cnico grana son: H&eacute;ctor Mart&iacute;nez, Cristian Sayago, Ra&uacute;l Iglesias, Kevin Guti&eacute;rrez, Cyro Almaz&aacute;n, V&iacute;ctor Gald&oacute;n, Aaron Cort&eacute;s, Aaron Oya, Ricard Dom&iacute;nguez, Joan Josep Gonzales, Bryan Mart&iacute;nez, Miguel Ruiz, Javier Jose Sarabia, Oriol Clavaguera, Jordi Rofes i Arnau Palomas. En el apartado t&eacute;cnico, Rafel Magriny&agrave; tendr&aacute; el acompa&ntilde;amiento de Maria Encarnaci&oacute;n Uget de Resayre, Gustavo Alonso y Manuel Garc&iacute;a.<\/p>\n<p style=\"text-align: justify;\">Los partidos se jugar&aacute;n el s&aacute;bado en horario de ma&ntilde;ana y tarde y el domingo por la ma&ntilde;ana. El N&agrave;stic Genuine disputar&aacute; los siguientes enfrentamientos:<\/p>\n<ul style=\"text-align: justify;\">\n<li>S&aacute;bado, 14 de mayo, a las 13 horas: Fundaci&oacute;n Club Atl&eacute;tico de Madrid &#8211; N&agrave;stic<\/li>\n<li>S&aacute;bado, 14 de mayo, a las 20 horas: N&agrave;stic &ndash; Real Sociedad Fundazioa<\/li>\n<li>Domingo, 15 de mayo, a las 10 horas: Real Betis Balompi&eacute; &#8211; N&agrave;stic<\/li>\n<\/ul>\n<p style=\"text-align: justify;\">Con el apoyo de BASF, Diputaci&oacute; de Tarragona, Fundaci&oacute;n La Caixa y Port de Tarragona.<o:p><\/o:p><\/p>\n","protected":false},"excerpt":{"rendered":"<p>Este fin de semana en M\u00e1laga<\/p>\n","protected":false},"author":1,"featured_media":84334,"comment_status":"open","ping_status":"open","sticky":false,"template":"","format":"standard","meta":{"_acf_changed":false,"footnotes":""},"categories":[113,119,24,121],"tags":[],"class_list":["post-84337","post","type-post","status-publish","format-standard","has-post-thumbnail","hentry","category-actualidad","category-genuine-1","category-genuine","category-home"],"acf":[],"yoast_head":"<!-- This site is optimized with the Yoast SEO plugin v27.3 - https:\/\/yoast.com\/product\/yoast-seo-wordpress\/ -->\n<title>El N\u00e0stic Genuine afronta una nueva fase de LaLiga Genuine Santander - Gimn\u00e0stic de Tarragona SAD<\/title>\n<meta name=\"robots\" content=\"index, follow, max-snippet:-1, max-image-preview:large, max-video-preview:-1\" \/>\n<link rel=\"canonical\" href=\"https:\/\/gimnasticdetarragona.cat\/es\/el-nastic-genuine-afronta-una-nueva-fase-de-laliga-genuine-santander\/\" \/>\n<meta property=\"og:locale\" content=\"es_ES\" \/>\n<meta property=\"og:type\" content=\"article\" \/>\n<meta property=\"og:title\" content=\"El N\u00e0stic Genuine afronta una nueva fase de LaLiga Genuine Santander - Gimn\u00e0stic de Tarragona SAD\" \/>\n<meta property=\"og:description\" content=\"Este fin de semana en M\u00e1laga\" \/>\n<meta property=\"og:url\" content=\"https:\/\/gimnasticdetarragona.cat\/es\/el-nastic-genuine-afronta-una-nueva-fase-de-laliga-genuine-santander\/\" \/>\n<meta property=\"og:site_name\" content=\"Gimn\u00e0stic de Tarragona SAD\" \/>\n<meta property=\"article:published_time\" content=\"2022-05-10T13:38:00+00:00\" \/>\n<meta property=\"og:image\" content=\"https:\/\/gimnasticdetarragona.cat\/wp-content\/uploads\/2022\/06\/10134735gen_mal-scaled.jpg\" \/>\n\t<meta property=\"og:image:width\" content=\"2560\" \/>\n\t<meta property=\"og:image:height\" content=\"1920\" \/>\n\t<meta property=\"og:image:type\" content=\"image\/jpeg\" \/>\n<meta name=\"author\" content=\"desarrollo\" \/>\n<meta name=\"twitter:card\" content=\"summary_large_image\" \/>\n<meta name=\"twitter:creator\" content=\"@NASTICTARRAGONA\" \/>\n<meta name=\"twitter:site\" content=\"@NASTICTARRAGONA\" \/>\n<meta name=\"twitter:label1\" content=\"Escrito por\" \/>\n\t<meta name=\"twitter:data1\" content=\"desarrollo\" \/>\n\t<meta name=\"twitter:label2\" content=\"Tiempo de lectura\" \/>\n\t<meta name=\"twitter:data2\" content=\"2 minutos\" \/>\n<script type=\"application\/ld+json\" class=\"yoast-schema-graph\">{\"@context\":\"https:\\\/\\\/schema.org\",\"@graph\":[{\"@type\":\"Article\",\"@id\":\"https:\\\/\\\/gimnasticdetarragona.cat\\\/es\\\/el-nastic-genuine-afronta-una-nueva-fase-de-laliga-genuine-santander\\\/#article\",\"isPartOf\":{\"@id\":\"https:\\\/\\\/gimnasticdetarragona.cat\\\/es\\\/el-nastic-genuine-afronta-una-nueva-fase-de-laliga-genuine-santander\\\/\"},\"author\":{\"name\":\"desarrollo\",\"@id\":\"https:\\\/\\\/gimnasticdetarragona.cat\\\/es\\\/#\\\/schema\\\/person\\\/47b6a637abf88f9bd835540f20ea069e\"},\"headline\":\"El N\u00e0stic Genuine afronta una nueva fase de LaLiga Genuine Santander\",\"datePublished\":\"2022-05-10T13:38:00+00:00\",\"mainEntityOfPage\":{\"@id\":\"https:\\\/\\\/gimnasticdetarragona.cat\\\/es\\\/el-nastic-genuine-afronta-una-nueva-fase-de-laliga-genuine-santander\\\/\"},\"wordCount\":353,\"commentCount\":0,\"publisher\":{\"@id\":\"https:\\\/\\\/gimnasticdetarragona.cat\\\/es\\\/#organization\"},\"image\":{\"@id\":\"https:\\\/\\\/gimnasticdetarragona.cat\\\/es\\\/el-nastic-genuine-afronta-una-nueva-fase-de-laliga-genuine-santander\\\/#primaryimage\"},\"thumbnailUrl\":\"https:\\\/\\\/gimnasticdetarragona.cat\\\/wp-content\\\/uploads\\\/2022\\\/06\\\/10134735gen_mal-scaled.jpg\",\"articleSection\":[\"Actualidad\",\"Genuine\",\"Genuine\",\"Home\"],\"inLanguage\":\"es\"},{\"@type\":\"WebPage\",\"@id\":\"https:\\\/\\\/gimnasticdetarragona.cat\\\/es\\\/el-nastic-genuine-afronta-una-nueva-fase-de-laliga-genuine-santander\\\/\",\"url\":\"https:\\\/\\\/gimnasticdetarragona.cat\\\/es\\\/el-nastic-genuine-afronta-una-nueva-fase-de-laliga-genuine-santander\\\/\",\"name\":\"El N\u00e0stic Genuine afronta una nueva fase de LaLiga Genuine Santander - Gimn\u00e0stic de Tarragona SAD\",\"isPartOf\":{\"@id\":\"https:\\\/\\\/gimnasticdetarragona.cat\\\/es\\\/#website\"},\"primaryImageOfPage\":{\"@id\":\"https:\\\/\\\/gimnasticdetarragona.cat\\\/es\\\/el-nastic-genuine-afronta-una-nueva-fase-de-laliga-genuine-santander\\\/#primaryimage\"},\"image\":{\"@id\":\"https:\\\/\\\/gimnasticdetarragona.cat\\\/es\\\/el-nastic-genuine-afronta-una-nueva-fase-de-laliga-genuine-santander\\\/#primaryimage\"},\"thumbnailUrl\":\"https:\\\/\\\/gimnasticdetarragona.cat\\\/wp-content\\\/uploads\\\/2022\\\/06\\\/10134735gen_mal-scaled.jpg\",\"datePublished\":\"2022-05-10T13:38:00+00:00\",\"breadcrumb\":{\"@id\":\"https:\\\/\\\/gimnasticdetarragona.cat\\\/es\\\/el-nastic-genuine-afronta-una-nueva-fase-de-laliga-genuine-santander\\\/#breadcrumb\"},\"inLanguage\":\"es\",\"potentialAction\":[{\"@type\":\"ReadAction\",\"target\":[\"https:\\\/\\\/gimnasticdetarragona.cat\\\/es\\\/el-nastic-genuine-afronta-una-nueva-fase-de-laliga-genuine-santander\\\/\"]}]},{\"@type\":\"ImageObject\",\"inLanguage\":\"es\",\"@id\":\"https:\\\/\\\/gimnasticdetarragona.cat\\\/es\\\/el-nastic-genuine-afronta-una-nueva-fase-de-laliga-genuine-santander\\\/#primaryimage\",\"url\":\"https:\\\/\\\/gimnasticdetarragona.cat\\\/wp-content\\\/uploads\\\/2022\\\/06\\\/10134735gen_mal-scaled.jpg\",\"contentUrl\":\"https:\\\/\\\/gimnasticdetarragona.cat\\\/wp-content\\\/uploads\\\/2022\\\/06\\\/10134735gen_mal-scaled.jpg\",\"width\":2560,\"height\":1920},{\"@type\":\"BreadcrumbList\",\"@id\":\"https:\\\/\\\/gimnasticdetarragona.cat\\\/es\\\/el-nastic-genuine-afronta-una-nueva-fase-de-laliga-genuine-santander\\\/#breadcrumb\",\"itemListElement\":[{\"@type\":\"ListItem\",\"position\":1,\"name\":\"Inici\",\"item\":\"https:\\\/\\\/gimnasticdetarragona.cat\\\/es\\\/nastic\\\/\"},{\"@type\":\"ListItem\",\"position\":2,\"name\":\"El N\u00e0stic Genuine afronta una nueva fase de LaLiga Genuine Santander\"}]},{\"@type\":\"WebSite\",\"@id\":\"https:\\\/\\\/gimnasticdetarragona.cat\\\/es\\\/#website\",\"url\":\"https:\\\/\\\/gimnasticdetarragona.cat\\\/es\\\/\",\"name\":\"Gimn\u00e0stic de Tarragona SAD\",\"description\":\"Gimn\u00e0stic de Tarragona\",\"publisher\":{\"@id\":\"https:\\\/\\\/gimnasticdetarragona.cat\\\/es\\\/#organization\"},\"potentialAction\":[{\"@type\":\"SearchAction\",\"target\":{\"@type\":\"EntryPoint\",\"urlTemplate\":\"https:\\\/\\\/gimnasticdetarragona.cat\\\/es\\\/?s={search_term_string}\"},\"query-input\":{\"@type\":\"PropertyValueSpecification\",\"valueRequired\":true,\"valueName\":\"search_term_string\"}}],\"inLanguage\":\"es\"},{\"@type\":\"Organization\",\"@id\":\"https:\\\/\\\/gimnasticdetarragona.cat\\\/es\\\/#organization\",\"name\":\"GIMN\u00c0STIC DE TARRAGONA\",\"alternateName\":\"N\u00c0STIC\",\"url\":\"https:\\\/\\\/gimnasticdetarragona.cat\\\/es\\\/\",\"logo\":{\"@type\":\"ImageObject\",\"inLanguage\":\"es\",\"@id\":\"https:\\\/\\\/gimnasticdetarragona.cat\\\/es\\\/#\\\/schema\\\/logo\\\/image\\\/\",\"url\":\"https:\\\/\\\/gimnasticdetarragona.cat\\\/wp-content\\\/uploads\\\/2022\\\/06\\\/cropped-logo-gimnastic.png\",\"contentUrl\":\"https:\\\/\\\/gimnasticdetarragona.cat\\\/wp-content\\\/uploads\\\/2022\\\/06\\\/cropped-logo-gimnastic.png\",\"width\":224,\"height\":83,\"caption\":\"GIMN\u00c0STIC DE TARRAGONA\"},\"image\":{\"@id\":\"https:\\\/\\\/gimnasticdetarragona.cat\\\/es\\\/#\\\/schema\\\/logo\\\/image\\\/\"},\"sameAs\":[\"https:\\\/\\\/x.com\\\/NASTICTARRAGONA\",\"https:\\\/\\\/www.instagram.com\\\/nastictarragona\\\/\"]},{\"@type\":\"Person\",\"@id\":\"https:\\\/\\\/gimnasticdetarragona.cat\\\/es\\\/#\\\/schema\\\/person\\\/47b6a637abf88f9bd835540f20ea069e\",\"name\":\"desarrollo\",\"sameAs\":[\"https:\\\/\\\/clone.gimnasticdetarragona.cat\"]}]}<\/script>\n<!-- \/ Yoast SEO plugin. -->","yoast_head_json":{"title":"El N\u00e0stic Genuine afronta una nueva fase de LaLiga Genuine Santander - Gimn\u00e0stic de Tarragona SAD","robots":{"index":"index","follow":"follow","max-snippet":"max-snippet:-1","max-image-preview":"max-image-preview:large","max-video-preview":"max-video-preview:-1"},"canonical":"https:\/\/gimnasticdetarragona.cat\/es\/el-nastic-genuine-afronta-una-nueva-fase-de-laliga-genuine-santander\/","og_locale":"es_ES","og_type":"article","og_title":"El N\u00e0stic Genuine afronta una nueva fase de LaLiga Genuine Santander - Gimn\u00e0stic de Tarragona SAD","og_description":"Este fin de semana en M\u00e1laga","og_url":"https:\/\/gimnasticdetarragona.cat\/es\/el-nastic-genuine-afronta-una-nueva-fase-de-laliga-genuine-santander\/","og_site_name":"Gimn\u00e0stic de Tarragona SAD","article_published_time":"2022-05-10T13:38:00+00:00","og_image":[{"width":2560,"height":1920,"url":"https:\/\/gimnasticdetarragona.cat\/wp-content\/uploads\/2022\/06\/10134735gen_mal-scaled.jpg","type":"image\/jpeg"}],"author":"desarrollo","twitter_card":"summary_large_image","twitter_creator":"@NASTICTARRAGONA","twitter_site":"@NASTICTARRAGONA","twitter_misc":{"Escrito por":"desarrollo","Tiempo de lectura":"2 minutos"},"schema":{"@context":"https:\/\/schema.org","@graph":[{"@type":"Article","@id":"https:\/\/gimnasticdetarragona.cat\/es\/el-nastic-genuine-afronta-una-nueva-fase-de-laliga-genuine-santander\/#article","isPartOf":{"@id":"https:\/\/gimnasticdetarragona.cat\/es\/el-nastic-genuine-afronta-una-nueva-fase-de-laliga-genuine-santander\/"},"author":{"name":"desarrollo","@id":"https:\/\/gimnasticdetarragona.cat\/es\/#\/schema\/person\/47b6a637abf88f9bd835540f20ea069e"},"headline":"El N\u00e0stic Genuine afronta una nueva fase de LaLiga Genuine Santander","datePublished":"2022-05-10T13:38:00+00:00","mainEntityOfPage":{"@id":"https:\/\/gimnasticdetarragona.cat\/es\/el-nastic-genuine-afronta-una-nueva-fase-de-laliga-genuine-santander\/"},"wordCount":353,"commentCount":0,"publisher":{"@id":"https:\/\/gimnasticdetarragona.cat\/es\/#organization"},"image":{"@id":"https:\/\/gimnasticdetarragona.cat\/es\/el-nastic-genuine-afronta-una-nueva-fase-de-laliga-genuine-santander\/#primaryimage"},"thumbnailUrl":"https:\/\/gimnasticdetarragona.cat\/wp-content\/uploads\/2022\/06\/10134735gen_mal-scaled.jpg","articleSection":["Actualidad","Genuine","Genuine","Home"],"inLanguage":"es"},{"@type":"WebPage","@id":"https:\/\/gimnasticdetarragona.cat\/es\/el-nastic-genuine-afronta-una-nueva-fase-de-laliga-genuine-santander\/","url":"https:\/\/gimnasticdetarragona.cat\/es\/el-nastic-genuine-afronta-una-nueva-fase-de-laliga-genuine-santander\/","name":"El N\u00e0stic Genuine afronta una nueva fase de LaLiga Genuine Santander - Gimn\u00e0stic de Tarragona SAD","isPartOf":{"@id":"https:\/\/gimnasticdetarragona.cat\/es\/#website"},"primaryImageOfPage":{"@id":"https:\/\/gimnasticdetarragona.cat\/es\/el-nastic-genuine-afronta-una-nueva-fase-de-laliga-genuine-santander\/#primaryimage"},"image":{"@id":"https:\/\/gimnasticdetarragona.cat\/es\/el-nastic-genuine-afronta-una-nueva-fase-de-laliga-genuine-santander\/#primaryimage"},"thumbnailUrl":"https:\/\/gimnasticdetarragona.cat\/wp-content\/uploads\/2022\/06\/10134735gen_mal-scaled.jpg","datePublished":"2022-05-10T13:38:00+00:00","breadcrumb":{"@id":"https:\/\/gimnasticdetarragona.cat\/es\/el-nastic-genuine-afronta-una-nueva-fase-de-laliga-genuine-santander\/#breadcrumb"},"inLanguage":"es","potentialAction":[{"@type":"ReadAction","target":["https:\/\/gimnasticdetarragona.cat\/es\/el-nastic-genuine-afronta-una-nueva-fase-de-laliga-genuine-santander\/"]}]},{"@type":"ImageObject","inLanguage":"es","@id":"https:\/\/gimnasticdetarragona.cat\/es\/el-nastic-genuine-afronta-una-nueva-fase-de-laliga-genuine-santander\/#primaryimage","url":"https:\/\/gimnasticdetarragona.cat\/wp-content\/uploads\/2022\/06\/10134735gen_mal-scaled.jpg","contentUrl":"https:\/\/gimnasticdetarragona.cat\/wp-content\/uploads\/2022\/06\/10134735gen_mal-scaled.jpg","width":2560,"height":1920},{"@type":"BreadcrumbList","@id":"https:\/\/gimnasticdetarragona.cat\/es\/el-nastic-genuine-afronta-una-nueva-fase-de-laliga-genuine-santander\/#breadcrumb","itemListElement":[{"@type":"ListItem","position":1,"name":"Inici","item":"https:\/\/gimnasticdetarragona.cat\/es\/nastic\/"},{"@type":"ListItem","position":2,"name":"El N\u00e0stic Genuine afronta una nueva fase de LaLiga Genuine Santander"}]},{"@type":"WebSite","@id":"https:\/\/gimnasticdetarragona.cat\/es\/#website","url":"https:\/\/gimnasticdetarragona.cat\/es\/","name":"Gimn\u00e0stic de Tarragona SAD","description":"Gimn\u00e0stic de Tarragona","publisher":{"@id":"https:\/\/gimnasticdetarragona.cat\/es\/#organization"},"potentialAction":[{"@type":"SearchAction","target":{"@type":"EntryPoint","urlTemplate":"https:\/\/gimnasticdetarragona.cat\/es\/?s={search_term_string}"},"query-input":{"@type":"PropertyValueSpecification","valueRequired":true,"valueName":"search_term_string"}}],"inLanguage":"es"},{"@type":"Organization","@id":"https:\/\/gimnasticdetarragona.cat\/es\/#organization","name":"GIMN\u00c0STIC DE TARRAGONA","alternateName":"N\u00c0STIC","url":"https:\/\/gimnasticdetarragona.cat\/es\/","logo":{"@type":"ImageObject","inLanguage":"es","@id":"https:\/\/gimnasticdetarragona.cat\/es\/#\/schema\/logo\/image\/","url":"https:\/\/gimnasticdetarragona.cat\/wp-content\/uploads\/2022\/06\/cropped-logo-gimnastic.png","contentUrl":"https:\/\/gimnasticdetarragona.cat\/wp-content\/uploads\/2022\/06\/cropped-logo-gimnastic.png","width":224,"height":83,"caption":"GIMN\u00c0STIC DE TARRAGONA"},"image":{"@id":"https:\/\/gimnasticdetarragona.cat\/es\/#\/schema\/logo\/image\/"},"sameAs":["https:\/\/x.com\/NASTICTARRAGONA","https:\/\/www.instagram.com\/nastictarragona\/"]},{"@type":"Person","@id":"https:\/\/gimnasticdetarragona.cat\/es\/#\/schema\/person\/47b6a637abf88f9bd835540f20ea069e","name":"desarrollo","sameAs":["https:\/\/clone.gimnasticdetarragona.cat"]}]}},"_links":{"self":[{"href":"https:\/\/gimnasticdetarragona.cat\/es\/wp-json\/wp\/v2\/posts\/84337","targetHints":{"allow":["GET"]}}],"collection":[{"href":"https:\/\/gimnasticdetarragona.cat\/es\/wp-json\/wp\/v2\/posts"}],"about":[{"href":"https:\/\/gimnasticdetarragona.cat\/es\/wp-json\/wp\/v2\/types\/post"}],"author":[{"embeddable":true,"href":"https:\/\/gimnasticdetarragona.cat\/es\/wp-json\/wp\/v2\/users\/1"}],"replies":[{"embeddable":true,"href":"https:\/\/gimnasticdetarragona.cat\/es\/wp-json\/wp\/v2\/comments?post=84337"}],"version-history":[{"count":0,"href":"https:\/\/gimnasticdetarragona.cat\/es\/wp-json\/wp\/v2\/posts\/84337\/revisions"}],"wp:featuredmedia":[{"embeddable":true,"href":"https:\/\/gimnasticdetarragona.cat\/es\/wp-json\/wp\/v2\/media\/84334"}],"wp:attachment":[{"href":"https:\/\/gimnasticdetarragona.cat\/es\/wp-json\/wp\/v2\/media?parent=84337"}],"wp:term":[{"taxonomy":"category","embeddable":true,"href":"https:\/\/gimnasticdetarragona.cat\/es\/wp-json\/wp\/v2\/categories?post=84337"},{"taxonomy":"post_tag","embeddable":true,"href":"https:\/\/gimnasticdetarragona.cat\/es\/wp-json\/wp\/v2\/tags?post=84337"}],"curies":[{"name":"wp","href":"https:\/\/api.w.org\/{rel}","templated":true}]}}