{"id":84441,"date":"2022-06-02T14:03:00","date_gmt":"2022-06-02T14:03:00","guid":{"rendered":"https:\/\/clone.gimnasticdetarragona.cat\/el-nastic-colabora-con-el-maratoniano-y-tarraconense-dani-jimenez\/"},"modified":"2022-06-02T14:03:00","modified_gmt":"2022-06-02T14:03:00","slug":"el-nastic-colabora-con-el-maratoniano-y-tarraconense-dani-jimenez","status":"publish","type":"post","link":"https:\/\/gimnasticdetarragona.cat\/es\/el-nastic-colabora-con-el-maratoniano-y-tarraconense-dani-jimenez\/","title":{"rendered":"El N\u00e0stic colabora con el maratoniano y tarraconense Dani Jim\u00e9nez"},"content":{"rendered":"<p style=\"text-align: justify;\">El nastiquer Dani Jim&eacute;nez, conocido como The Barber Run, ha iniciado hoy el reto solidario de disputar cuatro maratones en 4 d&iacute;as en la Quadrortathon de Gozzano, en el noroeste de Italia.<\/p>\n<p style=\"text-align: justify;\">La primera de las 4 pruebas arranc&oacute; esta ma&ntilde;ana a las 8 horas y &uacute;nicamente la disputan una veintena de corredores. El tarraconense recorrer&aacute; una distancia total de 168 km solidarios con el objetivo de recaudar fondos, al menos 2 &euro; por cada 1.000 metros superados, para la investigaci&oacute;n m&eacute;dica de la epilepsia mediante la Asociaci&oacute;n &#8216;Si yo puedo, t&uacute; tambi&eacute;n #Epilep (Epilepsia)&#8217;, de donde es embajador. Todo el mundo puede colaborar mediante la web <a href=\"http:\/\/www.migranodearena.org\">www.migranodearena.org<\/a>&nbsp;<\/p>\n<p style=\"text-align: justify;\">El Gimn&agrave;stic de Tarragona ha apoyado al tarraconense y socio nastiquer desde el inicio, de hecho, el propio maratoniano afrontar&aacute; una de las pruebas con la camiseta del N&agrave;stic personalizada para la ocasi&oacute;n. Dani Jim&eacute;nez recogi&oacute; la indumentaria en el Nou Estadi Costa Daurada, antes de viajar a Italia.<\/p>\n<p style=\"text-align: justify;\">\n<p style=\"text-align: justify;\"><strong>Acerca de Dani Jim&eacute;nez @thebarberrun<\/strong><\/p>\n<p style=\"text-align: justify;\">El barbero de profesi&oacute;n y corredor de 32 a&ntilde;os, nacido en Tarragona y socio del N&agrave;stic, es un ejemplo de solidaridad. Desde 2019 todas las pruebas de fondo que disputa, correspondientes a la distancia de 42.195 km, son de car&aacute;cter solidario y para favorecer a entidades y asociaciones que luchan contra el c&aacute;ncer infantil, el Alzheimer o la epilepsia, como en esta &uacute;ltima aventura.<\/p>\n<p style=\"text-align: justify;\">Este 2022 superar&aacute; su record de maratones anuales, ya que en este inicio ya ha disputado 15, sin contar las cuatro de la Quadrortathon.<\/p>\n<p style=\"text-align: justify;\">Adem&aacute;s, el pasado 24 de octubre de 2021, se consider&oacute; el maratoniano m&aacute;s joven al llegar a los 50 maratones disputadas (actualmente acumula 71).<\/p>\n<p style=\"text-align: justify;\">Desde el Gimn&agrave;stic de Tarragona le damos muchos &aacute;nimos para superar este nuevo reto, y al mismo tiempo, para conseguir la cantidad econ&oacute;mica marcada por cada uno de los kil&oacute;metros que afrontar&aacute;.<\/p>\n","protected":false},"excerpt":{"rendered":"<p>4 maratones en 4 d\u00edas por una causa solidaria<\/p>\n","protected":false},"author":1,"featured_media":84438,"comment_status":"open","ping_status":"open","sticky":false,"template":"","format":"standard","meta":{"_acf_changed":false,"footnotes":""},"categories":[113,121,139],"tags":[],"class_list":["post-84441","post","type-post","status-publish","format-standard","has-post-thumbnail","hentry","category-actualidad","category-home","category-social"],"acf":[],"yoast_head":"<!-- This site is optimized with the Yoast SEO plugin v27.3 - https:\/\/yoast.com\/product\/yoast-seo-wordpress\/ -->\n<title>El N\u00e0stic colabora con el maratoniano y tarraconense Dani Jim\u00e9nez - Gimn\u00e0stic de Tarragona SAD<\/title>\n<meta name=\"robots\" content=\"index, follow, max-snippet:-1, max-image-preview:large, max-video-preview:-1\" \/>\n<link rel=\"canonical\" href=\"https:\/\/gimnasticdetarragona.cat\/es\/el-nastic-colabora-con-el-maratoniano-y-tarraconense-dani-jimenez\/\" \/>\n<meta property=\"og:locale\" content=\"es_ES\" \/>\n<meta property=\"og:type\" content=\"article\" \/>\n<meta property=\"og:title\" content=\"El N\u00e0stic colabora con el maratoniano y tarraconense Dani Jim\u00e9nez - Gimn\u00e0stic de Tarragona SAD\" \/>\n<meta property=\"og:description\" content=\"4 maratones en 4 d\u00edas por una causa solidaria\" \/>\n<meta property=\"og:url\" content=\"https:\/\/gimnasticdetarragona.cat\/es\/el-nastic-colabora-con-el-maratoniano-y-tarraconense-dani-jimenez\/\" \/>\n<meta property=\"og:site_name\" content=\"Gimn\u00e0stic de Tarragona SAD\" \/>\n<meta property=\"article:published_time\" content=\"2022-06-02T14:03:00+00:00\" \/>\n<meta property=\"og:image\" content=\"https:\/\/gimnasticdetarragona.cat\/wp-content\/uploads\/2022\/06\/02141349img_0613-scaled.jpg\" \/>\n\t<meta property=\"og:image:width\" content=\"2560\" \/>\n\t<meta property=\"og:image:height\" content=\"1873\" \/>\n\t<meta property=\"og:image:type\" content=\"image\/jpeg\" \/>\n<meta name=\"author\" content=\"desarrollo\" \/>\n<meta name=\"twitter:card\" content=\"summary_large_image\" \/>\n<meta name=\"twitter:creator\" content=\"@NASTICTARRAGONA\" \/>\n<meta name=\"twitter:site\" content=\"@NASTICTARRAGONA\" \/>\n<meta name=\"twitter:label1\" content=\"Escrito por\" \/>\n\t<meta name=\"twitter:data1\" content=\"desarrollo\" \/>\n\t<meta name=\"twitter:label2\" content=\"Tiempo de lectura\" \/>\n\t<meta name=\"twitter:data2\" content=\"2 minutos\" \/>\n<script type=\"application\/ld+json\" class=\"yoast-schema-graph\">{\"@context\":\"https:\\\/\\\/schema.org\",\"@graph\":[{\"@type\":\"Article\",\"@id\":\"https:\\\/\\\/gimnasticdetarragona.cat\\\/es\\\/el-nastic-colabora-con-el-maratoniano-y-tarraconense-dani-jimenez\\\/#article\",\"isPartOf\":{\"@id\":\"https:\\\/\\\/gimnasticdetarragona.cat\\\/es\\\/el-nastic-colabora-con-el-maratoniano-y-tarraconense-dani-jimenez\\\/\"},\"author\":{\"name\":\"desarrollo\",\"@id\":\"https:\\\/\\\/gimnasticdetarragona.cat\\\/es\\\/#\\\/schema\\\/person\\\/47b6a637abf88f9bd835540f20ea069e\"},\"headline\":\"El N\u00e0stic colabora con el maratoniano y tarraconense Dani Jim\u00e9nez\",\"datePublished\":\"2022-06-02T14:03:00+00:00\",\"mainEntityOfPage\":{\"@id\":\"https:\\\/\\\/gimnasticdetarragona.cat\\\/es\\\/el-nastic-colabora-con-el-maratoniano-y-tarraconense-dani-jimenez\\\/\"},\"wordCount\":361,\"commentCount\":0,\"publisher\":{\"@id\":\"https:\\\/\\\/gimnasticdetarragona.cat\\\/es\\\/#organization\"},\"image\":{\"@id\":\"https:\\\/\\\/gimnasticdetarragona.cat\\\/es\\\/el-nastic-colabora-con-el-maratoniano-y-tarraconense-dani-jimenez\\\/#primaryimage\"},\"thumbnailUrl\":\"https:\\\/\\\/gimnasticdetarragona.cat\\\/wp-content\\\/uploads\\\/2022\\\/06\\\/02141349img_0613-scaled.jpg\",\"articleSection\":[\"Actualidad\",\"Home\",\"Social\"],\"inLanguage\":\"es\"},{\"@type\":\"WebPage\",\"@id\":\"https:\\\/\\\/gimnasticdetarragona.cat\\\/es\\\/el-nastic-colabora-con-el-maratoniano-y-tarraconense-dani-jimenez\\\/\",\"url\":\"https:\\\/\\\/gimnasticdetarragona.cat\\\/es\\\/el-nastic-colabora-con-el-maratoniano-y-tarraconense-dani-jimenez\\\/\",\"name\":\"El N\u00e0stic colabora con el maratoniano y tarraconense Dani Jim\u00e9nez - Gimn\u00e0stic de Tarragona SAD\",\"isPartOf\":{\"@id\":\"https:\\\/\\\/gimnasticdetarragona.cat\\\/es\\\/#website\"},\"primaryImageOfPage\":{\"@id\":\"https:\\\/\\\/gimnasticdetarragona.cat\\\/es\\\/el-nastic-colabora-con-el-maratoniano-y-tarraconense-dani-jimenez\\\/#primaryimage\"},\"image\":{\"@id\":\"https:\\\/\\\/gimnasticdetarragona.cat\\\/es\\\/el-nastic-colabora-con-el-maratoniano-y-tarraconense-dani-jimenez\\\/#primaryimage\"},\"thumbnailUrl\":\"https:\\\/\\\/gimnasticdetarragona.cat\\\/wp-content\\\/uploads\\\/2022\\\/06\\\/02141349img_0613-scaled.jpg\",\"datePublished\":\"2022-06-02T14:03:00+00:00\",\"breadcrumb\":{\"@id\":\"https:\\\/\\\/gimnasticdetarragona.cat\\\/es\\\/el-nastic-colabora-con-el-maratoniano-y-tarraconense-dani-jimenez\\\/#breadcrumb\"},\"inLanguage\":\"es\",\"potentialAction\":[{\"@type\":\"ReadAction\",\"target\":[\"https:\\\/\\\/gimnasticdetarragona.cat\\\/es\\\/el-nastic-colabora-con-el-maratoniano-y-tarraconense-dani-jimenez\\\/\"]}]},{\"@type\":\"ImageObject\",\"inLanguage\":\"es\",\"@id\":\"https:\\\/\\\/gimnasticdetarragona.cat\\\/es\\\/el-nastic-colabora-con-el-maratoniano-y-tarraconense-dani-jimenez\\\/#primaryimage\",\"url\":\"https:\\\/\\\/gimnasticdetarragona.cat\\\/wp-content\\\/uploads\\\/2022\\\/06\\\/02141349img_0613-scaled.jpg\",\"contentUrl\":\"https:\\\/\\\/gimnasticdetarragona.cat\\\/wp-content\\\/uploads\\\/2022\\\/06\\\/02141349img_0613-scaled.jpg\",\"width\":2560,\"height\":1873},{\"@type\":\"BreadcrumbList\",\"@id\":\"https:\\\/\\\/gimnasticdetarragona.cat\\\/es\\\/el-nastic-colabora-con-el-maratoniano-y-tarraconense-dani-jimenez\\\/#breadcrumb\",\"itemListElement\":[{\"@type\":\"ListItem\",\"position\":1,\"name\":\"Inici\",\"item\":\"https:\\\/\\\/gimnasticdetarragona.cat\\\/es\\\/nastic\\\/\"},{\"@type\":\"ListItem\",\"position\":2,\"name\":\"El N\u00e0stic colabora con el maratoniano y tarraconense Dani Jim\u00e9nez\"}]},{\"@type\":\"WebSite\",\"@id\":\"https:\\\/\\\/gimnasticdetarragona.cat\\\/es\\\/#website\",\"url\":\"https:\\\/\\\/gimnasticdetarragona.cat\\\/es\\\/\",\"name\":\"Gimn\u00e0stic de Tarragona SAD\",\"description\":\"Gimn\u00e0stic de Tarragona\",\"publisher\":{\"@id\":\"https:\\\/\\\/gimnasticdetarragona.cat\\\/es\\\/#organization\"},\"potentialAction\":[{\"@type\":\"SearchAction\",\"target\":{\"@type\":\"EntryPoint\",\"urlTemplate\":\"https:\\\/\\\/gimnasticdetarragona.cat\\\/es\\\/?s={search_term_string}\"},\"query-input\":{\"@type\":\"PropertyValueSpecification\",\"valueRequired\":true,\"valueName\":\"search_term_string\"}}],\"inLanguage\":\"es\"},{\"@type\":\"Organization\",\"@id\":\"https:\\\/\\\/gimnasticdetarragona.cat\\\/es\\\/#organization\",\"name\":\"GIMN\u00c0STIC DE TARRAGONA\",\"alternateName\":\"N\u00c0STIC\",\"url\":\"https:\\\/\\\/gimnasticdetarragona.cat\\\/es\\\/\",\"logo\":{\"@type\":\"ImageObject\",\"inLanguage\":\"es\",\"@id\":\"https:\\\/\\\/gimnasticdetarragona.cat\\\/es\\\/#\\\/schema\\\/logo\\\/image\\\/\",\"url\":\"https:\\\/\\\/gimnasticdetarragona.cat\\\/wp-content\\\/uploads\\\/2022\\\/06\\\/cropped-logo-gimnastic.png\",\"contentUrl\":\"https:\\\/\\\/gimnasticdetarragona.cat\\\/wp-content\\\/uploads\\\/2022\\\/06\\\/cropped-logo-gimnastic.png\",\"width\":224,\"height\":83,\"caption\":\"GIMN\u00c0STIC DE TARRAGONA\"},\"image\":{\"@id\":\"https:\\\/\\\/gimnasticdetarragona.cat\\\/es\\\/#\\\/schema\\\/logo\\\/image\\\/\"},\"sameAs\":[\"https:\\\/\\\/x.com\\\/NASTICTARRAGONA\",\"https:\\\/\\\/www.instagram.com\\\/nastictarragona\\\/\"]},{\"@type\":\"Person\",\"@id\":\"https:\\\/\\\/gimnasticdetarragona.cat\\\/es\\\/#\\\/schema\\\/person\\\/47b6a637abf88f9bd835540f20ea069e\",\"name\":\"desarrollo\",\"sameAs\":[\"https:\\\/\\\/clone.gimnasticdetarragona.cat\"]}]}<\/script>\n<!-- \/ Yoast SEO plugin. -->","yoast_head_json":{"title":"El N\u00e0stic colabora con el maratoniano y tarraconense Dani Jim\u00e9nez - Gimn\u00e0stic de Tarragona SAD","robots":{"index":"index","follow":"follow","max-snippet":"max-snippet:-1","max-image-preview":"max-image-preview:large","max-video-preview":"max-video-preview:-1"},"canonical":"https:\/\/gimnasticdetarragona.cat\/es\/el-nastic-colabora-con-el-maratoniano-y-tarraconense-dani-jimenez\/","og_locale":"es_ES","og_type":"article","og_title":"El N\u00e0stic colabora con el maratoniano y tarraconense Dani Jim\u00e9nez - Gimn\u00e0stic de Tarragona SAD","og_description":"4 maratones en 4 d\u00edas por una causa solidaria","og_url":"https:\/\/gimnasticdetarragona.cat\/es\/el-nastic-colabora-con-el-maratoniano-y-tarraconense-dani-jimenez\/","og_site_name":"Gimn\u00e0stic de Tarragona SAD","article_published_time":"2022-06-02T14:03:00+00:00","og_image":[{"width":2560,"height":1873,"url":"https:\/\/gimnasticdetarragona.cat\/wp-content\/uploads\/2022\/06\/02141349img_0613-scaled.jpg","type":"image\/jpeg"}],"author":"desarrollo","twitter_card":"summary_large_image","twitter_creator":"@NASTICTARRAGONA","twitter_site":"@NASTICTARRAGONA","twitter_misc":{"Escrito por":"desarrollo","Tiempo de lectura":"2 minutos"},"schema":{"@context":"https:\/\/schema.org","@graph":[{"@type":"Article","@id":"https:\/\/gimnasticdetarragona.cat\/es\/el-nastic-colabora-con-el-maratoniano-y-tarraconense-dani-jimenez\/#article","isPartOf":{"@id":"https:\/\/gimnasticdetarragona.cat\/es\/el-nastic-colabora-con-el-maratoniano-y-tarraconense-dani-jimenez\/"},"author":{"name":"desarrollo","@id":"https:\/\/gimnasticdetarragona.cat\/es\/#\/schema\/person\/47b6a637abf88f9bd835540f20ea069e"},"headline":"El N\u00e0stic colabora con el maratoniano y tarraconense Dani Jim\u00e9nez","datePublished":"2022-06-02T14:03:00+00:00","mainEntityOfPage":{"@id":"https:\/\/gimnasticdetarragona.cat\/es\/el-nastic-colabora-con-el-maratoniano-y-tarraconense-dani-jimenez\/"},"wordCount":361,"commentCount":0,"publisher":{"@id":"https:\/\/gimnasticdetarragona.cat\/es\/#organization"},"image":{"@id":"https:\/\/gimnasticdetarragona.cat\/es\/el-nastic-colabora-con-el-maratoniano-y-tarraconense-dani-jimenez\/#primaryimage"},"thumbnailUrl":"https:\/\/gimnasticdetarragona.cat\/wp-content\/uploads\/2022\/06\/02141349img_0613-scaled.jpg","articleSection":["Actualidad","Home","Social"],"inLanguage":"es"},{"@type":"WebPage","@id":"https:\/\/gimnasticdetarragona.cat\/es\/el-nastic-colabora-con-el-maratoniano-y-tarraconense-dani-jimenez\/","url":"https:\/\/gimnasticdetarragona.cat\/es\/el-nastic-colabora-con-el-maratoniano-y-tarraconense-dani-jimenez\/","name":"El N\u00e0stic colabora con el maratoniano y tarraconense Dani Jim\u00e9nez - Gimn\u00e0stic de Tarragona SAD","isPartOf":{"@id":"https:\/\/gimnasticdetarragona.cat\/es\/#website"},"primaryImageOfPage":{"@id":"https:\/\/gimnasticdetarragona.cat\/es\/el-nastic-colabora-con-el-maratoniano-y-tarraconense-dani-jimenez\/#primaryimage"},"image":{"@id":"https:\/\/gimnasticdetarragona.cat\/es\/el-nastic-colabora-con-el-maratoniano-y-tarraconense-dani-jimenez\/#primaryimage"},"thumbnailUrl":"https:\/\/gimnasticdetarragona.cat\/wp-content\/uploads\/2022\/06\/02141349img_0613-scaled.jpg","datePublished":"2022-06-02T14:03:00+00:00","breadcrumb":{"@id":"https:\/\/gimnasticdetarragona.cat\/es\/el-nastic-colabora-con-el-maratoniano-y-tarraconense-dani-jimenez\/#breadcrumb"},"inLanguage":"es","potentialAction":[{"@type":"ReadAction","target":["https:\/\/gimnasticdetarragona.cat\/es\/el-nastic-colabora-con-el-maratoniano-y-tarraconense-dani-jimenez\/"]}]},{"@type":"ImageObject","inLanguage":"es","@id":"https:\/\/gimnasticdetarragona.cat\/es\/el-nastic-colabora-con-el-maratoniano-y-tarraconense-dani-jimenez\/#primaryimage","url":"https:\/\/gimnasticdetarragona.cat\/wp-content\/uploads\/2022\/06\/02141349img_0613-scaled.jpg","contentUrl":"https:\/\/gimnasticdetarragona.cat\/wp-content\/uploads\/2022\/06\/02141349img_0613-scaled.jpg","width":2560,"height":1873},{"@type":"BreadcrumbList","@id":"https:\/\/gimnasticdetarragona.cat\/es\/el-nastic-colabora-con-el-maratoniano-y-tarraconense-dani-jimenez\/#breadcrumb","itemListElement":[{"@type":"ListItem","position":1,"name":"Inici","item":"https:\/\/gimnasticdetarragona.cat\/es\/nastic\/"},{"@type":"ListItem","position":2,"name":"El N\u00e0stic colabora con el maratoniano y tarraconense Dani Jim\u00e9nez"}]},{"@type":"WebSite","@id":"https:\/\/gimnasticdetarragona.cat\/es\/#website","url":"https:\/\/gimnasticdetarragona.cat\/es\/","name":"Gimn\u00e0stic de Tarragona SAD","description":"Gimn\u00e0stic de Tarragona","publisher":{"@id":"https:\/\/gimnasticdetarragona.cat\/es\/#organization"},"potentialAction":[{"@type":"SearchAction","target":{"@type":"EntryPoint","urlTemplate":"https:\/\/gimnasticdetarragona.cat\/es\/?s={search_term_string}"},"query-input":{"@type":"PropertyValueSpecification","valueRequired":true,"valueName":"search_term_string"}}],"inLanguage":"es"},{"@type":"Organization","@id":"https:\/\/gimnasticdetarragona.cat\/es\/#organization","name":"GIMN\u00c0STIC DE TARRAGONA","alternateName":"N\u00c0STIC","url":"https:\/\/gimnasticdetarragona.cat\/es\/","logo":{"@type":"ImageObject","inLanguage":"es","@id":"https:\/\/gimnasticdetarragona.cat\/es\/#\/schema\/logo\/image\/","url":"https:\/\/gimnasticdetarragona.cat\/wp-content\/uploads\/2022\/06\/cropped-logo-gimnastic.png","contentUrl":"https:\/\/gimnasticdetarragona.cat\/wp-content\/uploads\/2022\/06\/cropped-logo-gimnastic.png","width":224,"height":83,"caption":"GIMN\u00c0STIC DE TARRAGONA"},"image":{"@id":"https:\/\/gimnasticdetarragona.cat\/es\/#\/schema\/logo\/image\/"},"sameAs":["https:\/\/x.com\/NASTICTARRAGONA","https:\/\/www.instagram.com\/nastictarragona\/"]},{"@type":"Person","@id":"https:\/\/gimnasticdetarragona.cat\/es\/#\/schema\/person\/47b6a637abf88f9bd835540f20ea069e","name":"desarrollo","sameAs":["https:\/\/clone.gimnasticdetarragona.cat"]}]}},"_links":{"self":[{"href":"https:\/\/gimnasticdetarragona.cat\/es\/wp-json\/wp\/v2\/posts\/84441","targetHints":{"allow":["GET"]}}],"collection":[{"href":"https:\/\/gimnasticdetarragona.cat\/es\/wp-json\/wp\/v2\/posts"}],"about":[{"href":"https:\/\/gimnasticdetarragona.cat\/es\/wp-json\/wp\/v2\/types\/post"}],"author":[{"embeddable":true,"href":"https:\/\/gimnasticdetarragona.cat\/es\/wp-json\/wp\/v2\/users\/1"}],"replies":[{"embeddable":true,"href":"https:\/\/gimnasticdetarragona.cat\/es\/wp-json\/wp\/v2\/comments?post=84441"}],"version-history":[{"count":0,"href":"https:\/\/gimnasticdetarragona.cat\/es\/wp-json\/wp\/v2\/posts\/84441\/revisions"}],"wp:featuredmedia":[{"embeddable":true,"href":"https:\/\/gimnasticdetarragona.cat\/es\/wp-json\/wp\/v2\/media\/84438"}],"wp:attachment":[{"href":"https:\/\/gimnasticdetarragona.cat\/es\/wp-json\/wp\/v2\/media?parent=84441"}],"wp:term":[{"taxonomy":"category","embeddable":true,"href":"https:\/\/gimnasticdetarragona.cat\/es\/wp-json\/wp\/v2\/categories?post=84441"},{"taxonomy":"post_tag","embeddable":true,"href":"https:\/\/gimnasticdetarragona.cat\/es\/wp-json\/wp\/v2\/tags?post=84441"}],"curies":[{"name":"wp","href":"https:\/\/api.w.org\/{rel}","templated":true}]}}