{"id":87532,"date":"2022-07-30T00:16:46","date_gmt":"2022-07-29T22:16:46","guid":{"rendered":"https:\/\/web.gimnasticdetarragona.cat\/?p=87532"},"modified":"2022-08-01T13:08:06","modified_gmt":"2022-08-01T11:08:06","slug":"el-xiii-trofeu-ciutat-de-tarragona-se-queda-en-casa","status":"publish","type":"post","link":"https:\/\/gimnasticdetarragona.cat\/es\/el-xiii-trofeu-ciutat-de-tarragona-se-queda-en-casa\/","title":{"rendered":"El XIII Trofeu Ciutat de Tarragona se queda en casa"},"content":{"rendered":"\n<p>El conjunto entrenado por Ra\u00fcl Agn\u00e9 ha arrancado el curso 2022-2023 ante los nastiqueros presentes en el Nou Estadi Costa Daurada. Despu\u00e9s de 10 sesiones de trabajo en este inicio de pretemporada, el Real Zaragoza ha sido el primer rival en per\u00edodo preparaci\u00f3n.<\/p>\n\n<p>El choque ha arrancado con una alegr\u00eda para los aficionados. En el minuto 3, jugada personal del canterano Marc \u00c1lvarez, que ha asistido para \u00c0lex L\u00f3pez, que a\u00f1os despu\u00e9s ha vuelto a marcar con la camiseta grana. El N\u00e0stic ha sido ordenado en defensa y no permit\u00eda que los visitantes llegaran al \u00e1rea. El primer disparo de los aragoneses lleg\u00f3 pasado el cuarto de hora de juego mediante Nieto, encontrando la respuesta de Manu Garc\u00eda. Hasta pasada la media hora de juego, los visitantes no volvieron a intentarlo. Ha estado en un doble remate que ha encontrado la respuesta de Manu Garc\u00eda y Trilles, despu\u00e9s, en la acci\u00f3n continuada. El peligro continu\u00f3 y los de Zaragoza enviaron el bal\u00f3n a la madera en el minuto 37. Y en la recta final del primer tiempo, eficacia grana en el \u00e1rea rival. Lupu ha conectado el buen centro de Albarr\u00e1n en el minuto 40 y justo antes del descanso, gran gol de Marc \u00c1lvarez por la escuadra para situar el 3-0 en el marcador y llegar al tiempo de descanso.<\/p>\n\n<p>En la reanudaci\u00f3n, hasta ocho cambios en el 11 del N\u00e0stic para dar rotaci\u00f3n a casi todos los jugadores del inicio. El Real Zaragoza ha salido m\u00e1s enchufado y r\u00e1pidamente ha recortado distancias en el marcador mediante Iv\u00e1n. El resultado adverso ha continuado disminuyendo con el gol de Vada desde el punto de penalti. Mientras que Puche, en el minuto 63, ha puesto la igualada. Cinco minutos despu\u00e9s, V\u00edctor Valverde, en jugada personal, pudo romper las tablas pero su remate se march\u00f3 desviado. La recta final ha sido de dominio visitante, pero Dani Parra ha realizado hasta tres grandes paradas para llegar a los penaltis, despu\u00e9s del 3-3, y decidir el XIII Trofeo Ciutat de Tarragona desde los 11 metros.<\/p>\n\n<p>El propio Dani Parra ha detenido dos penas m\u00e1ximas, mientras que Bonilla, Pochettino, Aar\u00f3n Rey y Robledo han transformado sus lanzamientos dejando el marcador en 5-4. Joan Oriol ha recibido el Trofeo de manos de Jordi Fortuny, consejero y alcalde en funciones del Ayuntamiento de Tarragona, junto al presidente Josep Maria Andreu.<\/p>\n\n<p>El pr\u00f3ximo enfrentamiento grana ser\u00e1 nuevamente en el Nou Estadi Costa Daurada. El duelo se disputar\u00e1 este pr\u00f3ximo mi\u00e9rcoles 3 de agosto, a partir de las 20 horas, frente a la SD Huesca, equipo de LaLiga SmartBank.<\/p>\n\n<p><strong>Alineaciones<\/strong><strong><br\/><\/strong>N\u00e0stic: Manu Garc\u00eda, Albarr\u00e1n, Trilles, Lupu, El\u00edas, Andy, Josema, Nil, \u00c0lex L\u00f3pez, Montalvo y M. \u00c1lvarez. Tambi\u00e9n han jugado: D. Parra, Bonilla, Quintanilla, Pochettino, Pablo Fdez, Tirlea, Joan Oriol, Aar\u00f3n Rey, V. Valverde, Vega, De la Pe\u00f1a y R. Robledo.<\/p>\n\n<p>Real Zaragoza: Rat\u00f3n, Petrovic, A. Franc\u00e9s, Iv\u00e1n, Larra, Francho, Dani Lasure, Nieto, Fran G\u00e1mez, Manu N. Molina y Mollejo. Tambi\u00e9n han jugado: D. Rebollo, Jair Jr, Jaume, Narvaez, Eugeni, Bermejo, Vada, Chavarr\u00eda, Giuliano, Llu\u00eds L\u00f3pez, Luna y Puche.<\/p>\n\n<p><strong>Goles<\/strong><br\/>1-0, \u00c0lex L\u00f3pez (3\u2032); 2-0, Lupu (40\u2032); 3-0, M. \u00c1lvarez (44\u2019); 3-1, Iv\u00e1n (49\u2019); 3-2, Vada (61\u2019); 3-3, Puche (63\u2018).<\/p>\n\n<p><strong>\u00c1rbitro<\/strong><br\/>Rub\u00e9n \u00c1valos Barrera (Colegio catal\u00e1n)<\/p>\n\n<p><strong>Observaciones<\/strong><br\/>XIII Trofeu Ciutat de Tarragona disputado en el Nou Estadi Costa Daurada<\/p>\n","protected":false},"excerpt":{"rendered":"<p>3-3 al tiempo reglamentario y victoria en la tanda de penaltis<\/p>\n","protected":false},"author":6,"featured_media":87537,"comment_status":"open","ping_status":"open","sticky":false,"template":"","format":"standard","meta":{"_acf_changed":false,"footnotes":""},"categories":[113,126],"tags":[],"class_list":["post-87532","post","type-post","status-publish","format-standard","has-post-thumbnail","hentry","category-actualidad","category-primer-equipo"],"acf":[],"yoast_head":"<!-- This site is optimized with the Yoast SEO plugin v27.3 - https:\/\/yoast.com\/product\/yoast-seo-wordpress\/ -->\n<title>El XIII Trofeu Ciutat de Tarragona se queda en casa - Gimn\u00e0stic de Tarragona SAD<\/title>\n<meta name=\"robots\" content=\"index, follow, max-snippet:-1, max-image-preview:large, max-video-preview:-1\" \/>\n<link rel=\"canonical\" href=\"https:\/\/gimnasticdetarragona.cat\/es\/el-xiii-trofeu-ciutat-de-tarragona-se-queda-en-casa\/\" \/>\n<meta property=\"og:locale\" content=\"es_ES\" \/>\n<meta property=\"og:type\" content=\"article\" \/>\n<meta property=\"og:title\" content=\"El XIII Trofeu Ciutat de Tarragona se queda en casa - Gimn\u00e0stic de Tarragona SAD\" \/>\n<meta property=\"og:description\" content=\"3-3 al tiempo reglamentario y victoria en la tanda de penaltis\" \/>\n<meta property=\"og:url\" content=\"https:\/\/gimnasticdetarragona.cat\/es\/el-xiii-trofeu-ciutat-de-tarragona-se-queda-en-casa\/\" \/>\n<meta property=\"og:site_name\" content=\"Gimn\u00e0stic de Tarragona SAD\" \/>\n<meta property=\"article:published_time\" content=\"2022-07-29T22:16:46+00:00\" \/>\n<meta property=\"article:modified_time\" content=\"2022-08-01T11:08:06+00:00\" \/>\n<meta property=\"og:image\" content=\"https:\/\/gimnasticdetarragona.cat\/wp-content\/uploads\/2022\/07\/DSC_2550-1-scaled.jpg\" \/>\n\t<meta property=\"og:image:width\" content=\"2560\" \/>\n\t<meta property=\"og:image:height\" content=\"1557\" \/>\n\t<meta property=\"og:image:type\" content=\"image\/jpeg\" \/>\n<meta name=\"author\" content=\"Adrian\" \/>\n<meta name=\"twitter:card\" content=\"summary_large_image\" \/>\n<meta name=\"twitter:creator\" content=\"@NASTICTARRAGONA\" \/>\n<meta name=\"twitter:site\" content=\"@NASTICTARRAGONA\" \/>\n<meta name=\"twitter:label1\" content=\"Escrito por\" \/>\n\t<meta name=\"twitter:data1\" content=\"Adrian\" \/>\n\t<meta name=\"twitter:label2\" content=\"Tiempo de lectura\" \/>\n\t<meta name=\"twitter:data2\" content=\"3 minutos\" \/>\n<script type=\"application\/ld+json\" class=\"yoast-schema-graph\">{\"@context\":\"https:\\\/\\\/schema.org\",\"@graph\":[{\"@type\":\"Article\",\"@id\":\"https:\\\/\\\/gimnasticdetarragona.cat\\\/es\\\/el-xiii-trofeu-ciutat-de-tarragona-se-queda-en-casa\\\/#article\",\"isPartOf\":{\"@id\":\"https:\\\/\\\/gimnasticdetarragona.cat\\\/es\\\/el-xiii-trofeu-ciutat-de-tarragona-se-queda-en-casa\\\/\"},\"author\":{\"name\":\"Adrian\",\"@id\":\"https:\\\/\\\/gimnasticdetarragona.cat\\\/es\\\/#\\\/schema\\\/person\\\/dcfbe6a395728996c090aba1d1aa7ee9\"},\"headline\":\"El XIII Trofeu Ciutat de Tarragona se queda en casa\",\"datePublished\":\"2022-07-29T22:16:46+00:00\",\"dateModified\":\"2022-08-01T11:08:06+00:00\",\"mainEntityOfPage\":{\"@id\":\"https:\\\/\\\/gimnasticdetarragona.cat\\\/es\\\/el-xiii-trofeu-ciutat-de-tarragona-se-queda-en-casa\\\/\"},\"wordCount\":594,\"commentCount\":0,\"publisher\":{\"@id\":\"https:\\\/\\\/gimnasticdetarragona.cat\\\/es\\\/#organization\"},\"image\":{\"@id\":\"https:\\\/\\\/gimnasticdetarragona.cat\\\/es\\\/el-xiii-trofeu-ciutat-de-tarragona-se-queda-en-casa\\\/#primaryimage\"},\"thumbnailUrl\":\"https:\\\/\\\/gimnasticdetarragona.cat\\\/wp-content\\\/uploads\\\/2022\\\/07\\\/DSC_2550-1-scaled.jpg\",\"articleSection\":[\"Actualidad\",\"Primer Equipo\"],\"inLanguage\":\"es\"},{\"@type\":\"WebPage\",\"@id\":\"https:\\\/\\\/gimnasticdetarragona.cat\\\/es\\\/el-xiii-trofeu-ciutat-de-tarragona-se-queda-en-casa\\\/\",\"url\":\"https:\\\/\\\/gimnasticdetarragona.cat\\\/es\\\/el-xiii-trofeu-ciutat-de-tarragona-se-queda-en-casa\\\/\",\"name\":\"El XIII Trofeu Ciutat de Tarragona se queda en casa - Gimn\u00e0stic de Tarragona SAD\",\"isPartOf\":{\"@id\":\"https:\\\/\\\/gimnasticdetarragona.cat\\\/es\\\/#website\"},\"primaryImageOfPage\":{\"@id\":\"https:\\\/\\\/gimnasticdetarragona.cat\\\/es\\\/el-xiii-trofeu-ciutat-de-tarragona-se-queda-en-casa\\\/#primaryimage\"},\"image\":{\"@id\":\"https:\\\/\\\/gimnasticdetarragona.cat\\\/es\\\/el-xiii-trofeu-ciutat-de-tarragona-se-queda-en-casa\\\/#primaryimage\"},\"thumbnailUrl\":\"https:\\\/\\\/gimnasticdetarragona.cat\\\/wp-content\\\/uploads\\\/2022\\\/07\\\/DSC_2550-1-scaled.jpg\",\"datePublished\":\"2022-07-29T22:16:46+00:00\",\"dateModified\":\"2022-08-01T11:08:06+00:00\",\"breadcrumb\":{\"@id\":\"https:\\\/\\\/gimnasticdetarragona.cat\\\/es\\\/el-xiii-trofeu-ciutat-de-tarragona-se-queda-en-casa\\\/#breadcrumb\"},\"inLanguage\":\"es\",\"potentialAction\":[{\"@type\":\"ReadAction\",\"target\":[\"https:\\\/\\\/gimnasticdetarragona.cat\\\/es\\\/el-xiii-trofeu-ciutat-de-tarragona-se-queda-en-casa\\\/\"]}]},{\"@type\":\"ImageObject\",\"inLanguage\":\"es\",\"@id\":\"https:\\\/\\\/gimnasticdetarragona.cat\\\/es\\\/el-xiii-trofeu-ciutat-de-tarragona-se-queda-en-casa\\\/#primaryimage\",\"url\":\"https:\\\/\\\/gimnasticdetarragona.cat\\\/wp-content\\\/uploads\\\/2022\\\/07\\\/DSC_2550-1-scaled.jpg\",\"contentUrl\":\"https:\\\/\\\/gimnasticdetarragona.cat\\\/wp-content\\\/uploads\\\/2022\\\/07\\\/DSC_2550-1-scaled.jpg\",\"width\":2560,\"height\":1557},{\"@type\":\"BreadcrumbList\",\"@id\":\"https:\\\/\\\/gimnasticdetarragona.cat\\\/es\\\/el-xiii-trofeu-ciutat-de-tarragona-se-queda-en-casa\\\/#breadcrumb\",\"itemListElement\":[{\"@type\":\"ListItem\",\"position\":1,\"name\":\"Inici\",\"item\":\"https:\\\/\\\/gimnasticdetarragona.cat\\\/es\\\/nastic\\\/\"},{\"@type\":\"ListItem\",\"position\":2,\"name\":\"El XIII Trofeu Ciutat de Tarragona se queda en casa\"}]},{\"@type\":\"WebSite\",\"@id\":\"https:\\\/\\\/gimnasticdetarragona.cat\\\/es\\\/#website\",\"url\":\"https:\\\/\\\/gimnasticdetarragona.cat\\\/es\\\/\",\"name\":\"Gimn\u00e0stic de Tarragona SAD\",\"description\":\"Gimn\u00e0stic de Tarragona\",\"publisher\":{\"@id\":\"https:\\\/\\\/gimnasticdetarragona.cat\\\/es\\\/#organization\"},\"potentialAction\":[{\"@type\":\"SearchAction\",\"target\":{\"@type\":\"EntryPoint\",\"urlTemplate\":\"https:\\\/\\\/gimnasticdetarragona.cat\\\/es\\\/?s={search_term_string}\"},\"query-input\":{\"@type\":\"PropertyValueSpecification\",\"valueRequired\":true,\"valueName\":\"search_term_string\"}}],\"inLanguage\":\"es\"},{\"@type\":\"Organization\",\"@id\":\"https:\\\/\\\/gimnasticdetarragona.cat\\\/es\\\/#organization\",\"name\":\"GIMN\u00c0STIC DE TARRAGONA\",\"alternateName\":\"N\u00c0STIC\",\"url\":\"https:\\\/\\\/gimnasticdetarragona.cat\\\/es\\\/\",\"logo\":{\"@type\":\"ImageObject\",\"inLanguage\":\"es\",\"@id\":\"https:\\\/\\\/gimnasticdetarragona.cat\\\/es\\\/#\\\/schema\\\/logo\\\/image\\\/\",\"url\":\"https:\\\/\\\/gimnasticdetarragona.cat\\\/wp-content\\\/uploads\\\/2022\\\/06\\\/cropped-logo-gimnastic.png\",\"contentUrl\":\"https:\\\/\\\/gimnasticdetarragona.cat\\\/wp-content\\\/uploads\\\/2022\\\/06\\\/cropped-logo-gimnastic.png\",\"width\":224,\"height\":83,\"caption\":\"GIMN\u00c0STIC DE TARRAGONA\"},\"image\":{\"@id\":\"https:\\\/\\\/gimnasticdetarragona.cat\\\/es\\\/#\\\/schema\\\/logo\\\/image\\\/\"},\"sameAs\":[\"https:\\\/\\\/x.com\\\/NASTICTARRAGONA\",\"https:\\\/\\\/www.instagram.com\\\/nastictarragona\\\/\"]},{\"@type\":\"Person\",\"@id\":\"https:\\\/\\\/gimnasticdetarragona.cat\\\/es\\\/#\\\/schema\\\/person\\\/dcfbe6a395728996c090aba1d1aa7ee9\",\"name\":\"Adrian\"}]}<\/script>\n<!-- \/ Yoast SEO plugin. -->","yoast_head_json":{"title":"El XIII Trofeu Ciutat de Tarragona se queda en casa - Gimn\u00e0stic de Tarragona SAD","robots":{"index":"index","follow":"follow","max-snippet":"max-snippet:-1","max-image-preview":"max-image-preview:large","max-video-preview":"max-video-preview:-1"},"canonical":"https:\/\/gimnasticdetarragona.cat\/es\/el-xiii-trofeu-ciutat-de-tarragona-se-queda-en-casa\/","og_locale":"es_ES","og_type":"article","og_title":"El XIII Trofeu Ciutat de Tarragona se queda en casa - Gimn\u00e0stic de Tarragona SAD","og_description":"3-3 al tiempo reglamentario y victoria en la tanda de penaltis","og_url":"https:\/\/gimnasticdetarragona.cat\/es\/el-xiii-trofeu-ciutat-de-tarragona-se-queda-en-casa\/","og_site_name":"Gimn\u00e0stic de Tarragona SAD","article_published_time":"2022-07-29T22:16:46+00:00","article_modified_time":"2022-08-01T11:08:06+00:00","og_image":[{"width":2560,"height":1557,"url":"https:\/\/gimnasticdetarragona.cat\/wp-content\/uploads\/2022\/07\/DSC_2550-1-scaled.jpg","type":"image\/jpeg"}],"author":"Adrian","twitter_card":"summary_large_image","twitter_creator":"@NASTICTARRAGONA","twitter_site":"@NASTICTARRAGONA","twitter_misc":{"Escrito por":"Adrian","Tiempo de lectura":"3 minutos"},"schema":{"@context":"https:\/\/schema.org","@graph":[{"@type":"Article","@id":"https:\/\/gimnasticdetarragona.cat\/es\/el-xiii-trofeu-ciutat-de-tarragona-se-queda-en-casa\/#article","isPartOf":{"@id":"https:\/\/gimnasticdetarragona.cat\/es\/el-xiii-trofeu-ciutat-de-tarragona-se-queda-en-casa\/"},"author":{"name":"Adrian","@id":"https:\/\/gimnasticdetarragona.cat\/es\/#\/schema\/person\/dcfbe6a395728996c090aba1d1aa7ee9"},"headline":"El XIII Trofeu Ciutat de Tarragona se queda en casa","datePublished":"2022-07-29T22:16:46+00:00","dateModified":"2022-08-01T11:08:06+00:00","mainEntityOfPage":{"@id":"https:\/\/gimnasticdetarragona.cat\/es\/el-xiii-trofeu-ciutat-de-tarragona-se-queda-en-casa\/"},"wordCount":594,"commentCount":0,"publisher":{"@id":"https:\/\/gimnasticdetarragona.cat\/es\/#organization"},"image":{"@id":"https:\/\/gimnasticdetarragona.cat\/es\/el-xiii-trofeu-ciutat-de-tarragona-se-queda-en-casa\/#primaryimage"},"thumbnailUrl":"https:\/\/gimnasticdetarragona.cat\/wp-content\/uploads\/2022\/07\/DSC_2550-1-scaled.jpg","articleSection":["Actualidad","Primer Equipo"],"inLanguage":"es"},{"@type":"WebPage","@id":"https:\/\/gimnasticdetarragona.cat\/es\/el-xiii-trofeu-ciutat-de-tarragona-se-queda-en-casa\/","url":"https:\/\/gimnasticdetarragona.cat\/es\/el-xiii-trofeu-ciutat-de-tarragona-se-queda-en-casa\/","name":"El XIII Trofeu Ciutat de Tarragona se queda en casa - Gimn\u00e0stic de Tarragona SAD","isPartOf":{"@id":"https:\/\/gimnasticdetarragona.cat\/es\/#website"},"primaryImageOfPage":{"@id":"https:\/\/gimnasticdetarragona.cat\/es\/el-xiii-trofeu-ciutat-de-tarragona-se-queda-en-casa\/#primaryimage"},"image":{"@id":"https:\/\/gimnasticdetarragona.cat\/es\/el-xiii-trofeu-ciutat-de-tarragona-se-queda-en-casa\/#primaryimage"},"thumbnailUrl":"https:\/\/gimnasticdetarragona.cat\/wp-content\/uploads\/2022\/07\/DSC_2550-1-scaled.jpg","datePublished":"2022-07-29T22:16:46+00:00","dateModified":"2022-08-01T11:08:06+00:00","breadcrumb":{"@id":"https:\/\/gimnasticdetarragona.cat\/es\/el-xiii-trofeu-ciutat-de-tarragona-se-queda-en-casa\/#breadcrumb"},"inLanguage":"es","potentialAction":[{"@type":"ReadAction","target":["https:\/\/gimnasticdetarragona.cat\/es\/el-xiii-trofeu-ciutat-de-tarragona-se-queda-en-casa\/"]}]},{"@type":"ImageObject","inLanguage":"es","@id":"https:\/\/gimnasticdetarragona.cat\/es\/el-xiii-trofeu-ciutat-de-tarragona-se-queda-en-casa\/#primaryimage","url":"https:\/\/gimnasticdetarragona.cat\/wp-content\/uploads\/2022\/07\/DSC_2550-1-scaled.jpg","contentUrl":"https:\/\/gimnasticdetarragona.cat\/wp-content\/uploads\/2022\/07\/DSC_2550-1-scaled.jpg","width":2560,"height":1557},{"@type":"BreadcrumbList","@id":"https:\/\/gimnasticdetarragona.cat\/es\/el-xiii-trofeu-ciutat-de-tarragona-se-queda-en-casa\/#breadcrumb","itemListElement":[{"@type":"ListItem","position":1,"name":"Inici","item":"https:\/\/gimnasticdetarragona.cat\/es\/nastic\/"},{"@type":"ListItem","position":2,"name":"El XIII Trofeu Ciutat de Tarragona se queda en casa"}]},{"@type":"WebSite","@id":"https:\/\/gimnasticdetarragona.cat\/es\/#website","url":"https:\/\/gimnasticdetarragona.cat\/es\/","name":"Gimn\u00e0stic de Tarragona SAD","description":"Gimn\u00e0stic de Tarragona","publisher":{"@id":"https:\/\/gimnasticdetarragona.cat\/es\/#organization"},"potentialAction":[{"@type":"SearchAction","target":{"@type":"EntryPoint","urlTemplate":"https:\/\/gimnasticdetarragona.cat\/es\/?s={search_term_string}"},"query-input":{"@type":"PropertyValueSpecification","valueRequired":true,"valueName":"search_term_string"}}],"inLanguage":"es"},{"@type":"Organization","@id":"https:\/\/gimnasticdetarragona.cat\/es\/#organization","name":"GIMN\u00c0STIC DE TARRAGONA","alternateName":"N\u00c0STIC","url":"https:\/\/gimnasticdetarragona.cat\/es\/","logo":{"@type":"ImageObject","inLanguage":"es","@id":"https:\/\/gimnasticdetarragona.cat\/es\/#\/schema\/logo\/image\/","url":"https:\/\/gimnasticdetarragona.cat\/wp-content\/uploads\/2022\/06\/cropped-logo-gimnastic.png","contentUrl":"https:\/\/gimnasticdetarragona.cat\/wp-content\/uploads\/2022\/06\/cropped-logo-gimnastic.png","width":224,"height":83,"caption":"GIMN\u00c0STIC DE TARRAGONA"},"image":{"@id":"https:\/\/gimnasticdetarragona.cat\/es\/#\/schema\/logo\/image\/"},"sameAs":["https:\/\/x.com\/NASTICTARRAGONA","https:\/\/www.instagram.com\/nastictarragona\/"]},{"@type":"Person","@id":"https:\/\/gimnasticdetarragona.cat\/es\/#\/schema\/person\/dcfbe6a395728996c090aba1d1aa7ee9","name":"Adrian"}]}},"_links":{"self":[{"href":"https:\/\/gimnasticdetarragona.cat\/es\/wp-json\/wp\/v2\/posts\/87532","targetHints":{"allow":["GET"]}}],"collection":[{"href":"https:\/\/gimnasticdetarragona.cat\/es\/wp-json\/wp\/v2\/posts"}],"about":[{"href":"https:\/\/gimnasticdetarragona.cat\/es\/wp-json\/wp\/v2\/types\/post"}],"author":[{"embeddable":true,"href":"https:\/\/gimnasticdetarragona.cat\/es\/wp-json\/wp\/v2\/users\/6"}],"replies":[{"embeddable":true,"href":"https:\/\/gimnasticdetarragona.cat\/es\/wp-json\/wp\/v2\/comments?post=87532"}],"version-history":[{"count":0,"href":"https:\/\/gimnasticdetarragona.cat\/es\/wp-json\/wp\/v2\/posts\/87532\/revisions"}],"wp:featuredmedia":[{"embeddable":true,"href":"https:\/\/gimnasticdetarragona.cat\/es\/wp-json\/wp\/v2\/media\/87537"}],"wp:attachment":[{"href":"https:\/\/gimnasticdetarragona.cat\/es\/wp-json\/wp\/v2\/media?parent=87532"}],"wp:term":[{"taxonomy":"category","embeddable":true,"href":"https:\/\/gimnasticdetarragona.cat\/es\/wp-json\/wp\/v2\/categories?post=87532"},{"taxonomy":"post_tag","embeddable":true,"href":"https:\/\/gimnasticdetarragona.cat\/es\/wp-json\/wp\/v2\/tags?post=87532"}],"curies":[{"name":"wp","href":"https:\/\/api.w.org\/{rel}","templated":true}]}}