{"id":89095,"date":"2022-09-23T19:22:26","date_gmt":"2022-09-23T17:22:26","guid":{"rendered":"https:\/\/web.gimnasticdetarragona.cat\/amistos-entre-nastic-genuine-i-fundacio-barca-genuine-per-celebrar-la-setmana-europea-de-lesport\/"},"modified":"2022-09-23T19:30:51","modified_gmt":"2022-09-23T17:30:51","slug":"amistos-entre-nastic-genuine-i-fundacio-barca-genuine-per-celebrar-la-setmana-europea-de-lesport","status":"publish","type":"post","link":"https:\/\/gimnasticdetarragona.cat\/es\/amistos-entre-nastic-genuine-i-fundacio-barca-genuine-per-celebrar-la-setmana-europea-de-lesport\/","title":{"rendered":"Amistoso entre N\u00e0stic Genuine y Fundaci\u00f3n Bar\u00e7a Genuine para celebrar la Semana Europea del Deporte"},"content":{"rendered":"\n<p>El N\u00e0stic Genuine est\u00e1 inmerso en la preparaci\u00f3n de la nueva temporada en LaLiga Genuine Santander. Despu\u00e9s de tres semanas de entrenamiento, el equipo disputar\u00e1 el primer amistoso de la pretemporada este domingo ante el Fundaci\u00f3 Bar\u00e7a Genuine. Un a\u00f1o despu\u00e9s, los de Rafael Magriny\u00e0 repetir\u00e1n el enfrentamiento en la Ciudad Deportiva Joan Gamper que supuso el estreno del equipo azulgrana del Fundaci\u00f3n Bar\u00e7a.<\/p>\n\n\n\n<p>El amistoso est\u00e1 enmarcado dentro de la Semana Europea del Deporte, que se celebra entre el 23 y el 30 de septiembre, y en Catalu\u00f1a, a trav\u00e9s de la Secretar\u00eda General del Deporte y de la Actividad F\u00edsica, se promueve con el lema #BeActive.<\/p>\n\n\n\n<p>El encuentro entre los equipos tendr\u00e1 lugar en el campo n\u00famero 5 de la Ciudad Deportiva Joan Gamper y est\u00e1n programados dos enfrentamientos entre los integrantes de ambos conjuntos catalanes.<\/p>\n\n\n\n<p>Los jugadores del Genuine grana, Cristian Sayago y Cyro Almaz\u00e1n, han sido los encargados de promocionar el derbi del domingo.<\/p>\n","protected":false},"excerpt":{"rendered":"<p>El domingo, a partir de las 12 h, en la Ciudad Deportiva Joan Gamper<\/p>\n","protected":false},"author":6,"featured_media":89093,"comment_status":"open","ping_status":"open","sticky":false,"template":"","format":"standard","meta":{"_acf_changed":false,"footnotes":""},"categories":[113,119],"tags":[],"class_list":["post-89095","post","type-post","status-publish","format-standard","has-post-thumbnail","hentry","category-actualidad","category-genuine-1"],"acf":[],"yoast_head":"<!-- This site is optimized with the Yoast SEO plugin v27.3 - https:\/\/yoast.com\/product\/yoast-seo-wordpress\/ -->\n<title>Amistoso entre N\u00e0stic Genuine y Fundaci\u00f3n Bar\u00e7a Genuine para celebrar la Semana Europea del Deporte - Gimn\u00e0stic de Tarragona SAD<\/title>\n<meta name=\"robots\" content=\"index, follow, max-snippet:-1, max-image-preview:large, max-video-preview:-1\" \/>\n<link rel=\"canonical\" href=\"https:\/\/gimnasticdetarragona.cat\/es\/amistos-entre-nastic-genuine-i-fundacio-barca-genuine-per-celebrar-la-setmana-europea-de-lesport\/\" \/>\n<meta property=\"og:locale\" content=\"es_ES\" \/>\n<meta property=\"og:type\" content=\"article\" \/>\n<meta property=\"og:title\" content=\"Amistoso entre N\u00e0stic Genuine y Fundaci\u00f3n Bar\u00e7a Genuine para celebrar la Semana Europea del Deporte - Gimn\u00e0stic de Tarragona SAD\" \/>\n<meta property=\"og:description\" content=\"El domingo, a partir de las 12 h, en la Ciudad Deportiva Joan Gamper\" \/>\n<meta property=\"og:url\" content=\"https:\/\/gimnasticdetarragona.cat\/es\/amistos-entre-nastic-genuine-i-fundacio-barca-genuine-per-celebrar-la-setmana-europea-de-lesport\/\" \/>\n<meta property=\"og:site_name\" content=\"Gimn\u00e0stic de Tarragona SAD\" \/>\n<meta property=\"article:published_time\" content=\"2022-09-23T17:22:26+00:00\" \/>\n<meta property=\"article:modified_time\" content=\"2022-09-23T17:30:51+00:00\" \/>\n<meta property=\"og:image\" content=\"https:\/\/gimnasticdetarragona.cat\/wp-content\/uploads\/2022\/09\/IMG_5570-min-scaled.jpg\" \/>\n\t<meta property=\"og:image:width\" content=\"2560\" \/>\n\t<meta property=\"og:image:height\" content=\"1920\" \/>\n\t<meta property=\"og:image:type\" content=\"image\/jpeg\" \/>\n<meta name=\"author\" content=\"Adrian\" \/>\n<meta name=\"twitter:card\" content=\"summary_large_image\" \/>\n<meta name=\"twitter:creator\" content=\"@NASTICTARRAGONA\" \/>\n<meta name=\"twitter:site\" content=\"@NASTICTARRAGONA\" \/>\n<meta name=\"twitter:label1\" content=\"Escrito por\" \/>\n\t<meta name=\"twitter:data1\" content=\"Adrian\" \/>\n\t<meta name=\"twitter:label2\" content=\"Tiempo de lectura\" \/>\n\t<meta name=\"twitter:data2\" content=\"1 minuto\" \/>\n<script type=\"application\/ld+json\" class=\"yoast-schema-graph\">{\"@context\":\"https:\\\/\\\/schema.org\",\"@graph\":[{\"@type\":\"Article\",\"@id\":\"https:\\\/\\\/gimnasticdetarragona.cat\\\/es\\\/amistos-entre-nastic-genuine-i-fundacio-barca-genuine-per-celebrar-la-setmana-europea-de-lesport\\\/#article\",\"isPartOf\":{\"@id\":\"https:\\\/\\\/gimnasticdetarragona.cat\\\/es\\\/amistos-entre-nastic-genuine-i-fundacio-barca-genuine-per-celebrar-la-setmana-europea-de-lesport\\\/\"},\"author\":{\"name\":\"Adrian\",\"@id\":\"https:\\\/\\\/gimnasticdetarragona.cat\\\/es\\\/#\\\/schema\\\/person\\\/dcfbe6a395728996c090aba1d1aa7ee9\"},\"headline\":\"Amistoso entre N\u00e0stic Genuine y Fundaci\u00f3n Bar\u00e7a Genuine para celebrar la Semana Europea del Deporte\",\"datePublished\":\"2022-09-23T17:22:26+00:00\",\"dateModified\":\"2022-09-23T17:30:51+00:00\",\"mainEntityOfPage\":{\"@id\":\"https:\\\/\\\/gimnasticdetarragona.cat\\\/es\\\/amistos-entre-nastic-genuine-i-fundacio-barca-genuine-per-celebrar-la-setmana-europea-de-lesport\\\/\"},\"wordCount\":189,\"commentCount\":0,\"publisher\":{\"@id\":\"https:\\\/\\\/gimnasticdetarragona.cat\\\/es\\\/#organization\"},\"image\":{\"@id\":\"https:\\\/\\\/gimnasticdetarragona.cat\\\/es\\\/amistos-entre-nastic-genuine-i-fundacio-barca-genuine-per-celebrar-la-setmana-europea-de-lesport\\\/#primaryimage\"},\"thumbnailUrl\":\"https:\\\/\\\/gimnasticdetarragona.cat\\\/wp-content\\\/uploads\\\/2022\\\/09\\\/IMG_5570-min-scaled.jpg\",\"articleSection\":[\"Actualidad\",\"Genuine\"],\"inLanguage\":\"es\"},{\"@type\":\"WebPage\",\"@id\":\"https:\\\/\\\/gimnasticdetarragona.cat\\\/es\\\/amistos-entre-nastic-genuine-i-fundacio-barca-genuine-per-celebrar-la-setmana-europea-de-lesport\\\/\",\"url\":\"https:\\\/\\\/gimnasticdetarragona.cat\\\/es\\\/amistos-entre-nastic-genuine-i-fundacio-barca-genuine-per-celebrar-la-setmana-europea-de-lesport\\\/\",\"name\":\"Amistoso entre N\u00e0stic Genuine y Fundaci\u00f3n Bar\u00e7a Genuine para celebrar la Semana Europea del Deporte - Gimn\u00e0stic de Tarragona SAD\",\"isPartOf\":{\"@id\":\"https:\\\/\\\/gimnasticdetarragona.cat\\\/es\\\/#website\"},\"primaryImageOfPage\":{\"@id\":\"https:\\\/\\\/gimnasticdetarragona.cat\\\/es\\\/amistos-entre-nastic-genuine-i-fundacio-barca-genuine-per-celebrar-la-setmana-europea-de-lesport\\\/#primaryimage\"},\"image\":{\"@id\":\"https:\\\/\\\/gimnasticdetarragona.cat\\\/es\\\/amistos-entre-nastic-genuine-i-fundacio-barca-genuine-per-celebrar-la-setmana-europea-de-lesport\\\/#primaryimage\"},\"thumbnailUrl\":\"https:\\\/\\\/gimnasticdetarragona.cat\\\/wp-content\\\/uploads\\\/2022\\\/09\\\/IMG_5570-min-scaled.jpg\",\"datePublished\":\"2022-09-23T17:22:26+00:00\",\"dateModified\":\"2022-09-23T17:30:51+00:00\",\"breadcrumb\":{\"@id\":\"https:\\\/\\\/gimnasticdetarragona.cat\\\/es\\\/amistos-entre-nastic-genuine-i-fundacio-barca-genuine-per-celebrar-la-setmana-europea-de-lesport\\\/#breadcrumb\"},\"inLanguage\":\"es\",\"potentialAction\":[{\"@type\":\"ReadAction\",\"target\":[\"https:\\\/\\\/gimnasticdetarragona.cat\\\/es\\\/amistos-entre-nastic-genuine-i-fundacio-barca-genuine-per-celebrar-la-setmana-europea-de-lesport\\\/\"]}]},{\"@type\":\"ImageObject\",\"inLanguage\":\"es\",\"@id\":\"https:\\\/\\\/gimnasticdetarragona.cat\\\/es\\\/amistos-entre-nastic-genuine-i-fundacio-barca-genuine-per-celebrar-la-setmana-europea-de-lesport\\\/#primaryimage\",\"url\":\"https:\\\/\\\/gimnasticdetarragona.cat\\\/wp-content\\\/uploads\\\/2022\\\/09\\\/IMG_5570-min-scaled.jpg\",\"contentUrl\":\"https:\\\/\\\/gimnasticdetarragona.cat\\\/wp-content\\\/uploads\\\/2022\\\/09\\\/IMG_5570-min-scaled.jpg\",\"width\":2560,\"height\":1920},{\"@type\":\"BreadcrumbList\",\"@id\":\"https:\\\/\\\/gimnasticdetarragona.cat\\\/es\\\/amistos-entre-nastic-genuine-i-fundacio-barca-genuine-per-celebrar-la-setmana-europea-de-lesport\\\/#breadcrumb\",\"itemListElement\":[{\"@type\":\"ListItem\",\"position\":1,\"name\":\"Inici\",\"item\":\"https:\\\/\\\/gimnasticdetarragona.cat\\\/es\\\/nastic\\\/\"},{\"@type\":\"ListItem\",\"position\":2,\"name\":\"Amistoso entre N\u00e0stic Genuine y Fundaci\u00f3n Bar\u00e7a Genuine para celebrar la Semana Europea del Deporte\"}]},{\"@type\":\"WebSite\",\"@id\":\"https:\\\/\\\/gimnasticdetarragona.cat\\\/es\\\/#website\",\"url\":\"https:\\\/\\\/gimnasticdetarragona.cat\\\/es\\\/\",\"name\":\"Gimn\u00e0stic de Tarragona SAD\",\"description\":\"Gimn\u00e0stic de Tarragona\",\"publisher\":{\"@id\":\"https:\\\/\\\/gimnasticdetarragona.cat\\\/es\\\/#organization\"},\"potentialAction\":[{\"@type\":\"SearchAction\",\"target\":{\"@type\":\"EntryPoint\",\"urlTemplate\":\"https:\\\/\\\/gimnasticdetarragona.cat\\\/es\\\/?s={search_term_string}\"},\"query-input\":{\"@type\":\"PropertyValueSpecification\",\"valueRequired\":true,\"valueName\":\"search_term_string\"}}],\"inLanguage\":\"es\"},{\"@type\":\"Organization\",\"@id\":\"https:\\\/\\\/gimnasticdetarragona.cat\\\/es\\\/#organization\",\"name\":\"GIMN\u00c0STIC DE TARRAGONA\",\"alternateName\":\"N\u00c0STIC\",\"url\":\"https:\\\/\\\/gimnasticdetarragona.cat\\\/es\\\/\",\"logo\":{\"@type\":\"ImageObject\",\"inLanguage\":\"es\",\"@id\":\"https:\\\/\\\/gimnasticdetarragona.cat\\\/es\\\/#\\\/schema\\\/logo\\\/image\\\/\",\"url\":\"https:\\\/\\\/gimnasticdetarragona.cat\\\/wp-content\\\/uploads\\\/2022\\\/06\\\/cropped-logo-gimnastic.png\",\"contentUrl\":\"https:\\\/\\\/gimnasticdetarragona.cat\\\/wp-content\\\/uploads\\\/2022\\\/06\\\/cropped-logo-gimnastic.png\",\"width\":224,\"height\":83,\"caption\":\"GIMN\u00c0STIC DE TARRAGONA\"},\"image\":{\"@id\":\"https:\\\/\\\/gimnasticdetarragona.cat\\\/es\\\/#\\\/schema\\\/logo\\\/image\\\/\"},\"sameAs\":[\"https:\\\/\\\/x.com\\\/NASTICTARRAGONA\",\"https:\\\/\\\/www.instagram.com\\\/nastictarragona\\\/\"]},{\"@type\":\"Person\",\"@id\":\"https:\\\/\\\/gimnasticdetarragona.cat\\\/es\\\/#\\\/schema\\\/person\\\/dcfbe6a395728996c090aba1d1aa7ee9\",\"name\":\"Adrian\"}]}<\/script>\n<!-- \/ Yoast SEO plugin. -->","yoast_head_json":{"title":"Amistoso entre N\u00e0stic Genuine y Fundaci\u00f3n Bar\u00e7a Genuine para celebrar la Semana Europea del Deporte - Gimn\u00e0stic de Tarragona SAD","robots":{"index":"index","follow":"follow","max-snippet":"max-snippet:-1","max-image-preview":"max-image-preview:large","max-video-preview":"max-video-preview:-1"},"canonical":"https:\/\/gimnasticdetarragona.cat\/es\/amistos-entre-nastic-genuine-i-fundacio-barca-genuine-per-celebrar-la-setmana-europea-de-lesport\/","og_locale":"es_ES","og_type":"article","og_title":"Amistoso entre N\u00e0stic Genuine y Fundaci\u00f3n Bar\u00e7a Genuine para celebrar la Semana Europea del Deporte - Gimn\u00e0stic de Tarragona SAD","og_description":"El domingo, a partir de las 12 h, en la Ciudad Deportiva Joan Gamper","og_url":"https:\/\/gimnasticdetarragona.cat\/es\/amistos-entre-nastic-genuine-i-fundacio-barca-genuine-per-celebrar-la-setmana-europea-de-lesport\/","og_site_name":"Gimn\u00e0stic de Tarragona SAD","article_published_time":"2022-09-23T17:22:26+00:00","article_modified_time":"2022-09-23T17:30:51+00:00","og_image":[{"width":2560,"height":1920,"url":"https:\/\/gimnasticdetarragona.cat\/wp-content\/uploads\/2022\/09\/IMG_5570-min-scaled.jpg","type":"image\/jpeg"}],"author":"Adrian","twitter_card":"summary_large_image","twitter_creator":"@NASTICTARRAGONA","twitter_site":"@NASTICTARRAGONA","twitter_misc":{"Escrito por":"Adrian","Tiempo de lectura":"1 minuto"},"schema":{"@context":"https:\/\/schema.org","@graph":[{"@type":"Article","@id":"https:\/\/gimnasticdetarragona.cat\/es\/amistos-entre-nastic-genuine-i-fundacio-barca-genuine-per-celebrar-la-setmana-europea-de-lesport\/#article","isPartOf":{"@id":"https:\/\/gimnasticdetarragona.cat\/es\/amistos-entre-nastic-genuine-i-fundacio-barca-genuine-per-celebrar-la-setmana-europea-de-lesport\/"},"author":{"name":"Adrian","@id":"https:\/\/gimnasticdetarragona.cat\/es\/#\/schema\/person\/dcfbe6a395728996c090aba1d1aa7ee9"},"headline":"Amistoso entre N\u00e0stic Genuine y Fundaci\u00f3n Bar\u00e7a Genuine para celebrar la Semana Europea del Deporte","datePublished":"2022-09-23T17:22:26+00:00","dateModified":"2022-09-23T17:30:51+00:00","mainEntityOfPage":{"@id":"https:\/\/gimnasticdetarragona.cat\/es\/amistos-entre-nastic-genuine-i-fundacio-barca-genuine-per-celebrar-la-setmana-europea-de-lesport\/"},"wordCount":189,"commentCount":0,"publisher":{"@id":"https:\/\/gimnasticdetarragona.cat\/es\/#organization"},"image":{"@id":"https:\/\/gimnasticdetarragona.cat\/es\/amistos-entre-nastic-genuine-i-fundacio-barca-genuine-per-celebrar-la-setmana-europea-de-lesport\/#primaryimage"},"thumbnailUrl":"https:\/\/gimnasticdetarragona.cat\/wp-content\/uploads\/2022\/09\/IMG_5570-min-scaled.jpg","articleSection":["Actualidad","Genuine"],"inLanguage":"es"},{"@type":"WebPage","@id":"https:\/\/gimnasticdetarragona.cat\/es\/amistos-entre-nastic-genuine-i-fundacio-barca-genuine-per-celebrar-la-setmana-europea-de-lesport\/","url":"https:\/\/gimnasticdetarragona.cat\/es\/amistos-entre-nastic-genuine-i-fundacio-barca-genuine-per-celebrar-la-setmana-europea-de-lesport\/","name":"Amistoso entre N\u00e0stic Genuine y Fundaci\u00f3n Bar\u00e7a Genuine para celebrar la Semana Europea del Deporte - Gimn\u00e0stic de Tarragona SAD","isPartOf":{"@id":"https:\/\/gimnasticdetarragona.cat\/es\/#website"},"primaryImageOfPage":{"@id":"https:\/\/gimnasticdetarragona.cat\/es\/amistos-entre-nastic-genuine-i-fundacio-barca-genuine-per-celebrar-la-setmana-europea-de-lesport\/#primaryimage"},"image":{"@id":"https:\/\/gimnasticdetarragona.cat\/es\/amistos-entre-nastic-genuine-i-fundacio-barca-genuine-per-celebrar-la-setmana-europea-de-lesport\/#primaryimage"},"thumbnailUrl":"https:\/\/gimnasticdetarragona.cat\/wp-content\/uploads\/2022\/09\/IMG_5570-min-scaled.jpg","datePublished":"2022-09-23T17:22:26+00:00","dateModified":"2022-09-23T17:30:51+00:00","breadcrumb":{"@id":"https:\/\/gimnasticdetarragona.cat\/es\/amistos-entre-nastic-genuine-i-fundacio-barca-genuine-per-celebrar-la-setmana-europea-de-lesport\/#breadcrumb"},"inLanguage":"es","potentialAction":[{"@type":"ReadAction","target":["https:\/\/gimnasticdetarragona.cat\/es\/amistos-entre-nastic-genuine-i-fundacio-barca-genuine-per-celebrar-la-setmana-europea-de-lesport\/"]}]},{"@type":"ImageObject","inLanguage":"es","@id":"https:\/\/gimnasticdetarragona.cat\/es\/amistos-entre-nastic-genuine-i-fundacio-barca-genuine-per-celebrar-la-setmana-europea-de-lesport\/#primaryimage","url":"https:\/\/gimnasticdetarragona.cat\/wp-content\/uploads\/2022\/09\/IMG_5570-min-scaled.jpg","contentUrl":"https:\/\/gimnasticdetarragona.cat\/wp-content\/uploads\/2022\/09\/IMG_5570-min-scaled.jpg","width":2560,"height":1920},{"@type":"BreadcrumbList","@id":"https:\/\/gimnasticdetarragona.cat\/es\/amistos-entre-nastic-genuine-i-fundacio-barca-genuine-per-celebrar-la-setmana-europea-de-lesport\/#breadcrumb","itemListElement":[{"@type":"ListItem","position":1,"name":"Inici","item":"https:\/\/gimnasticdetarragona.cat\/es\/nastic\/"},{"@type":"ListItem","position":2,"name":"Amistoso entre N\u00e0stic Genuine y Fundaci\u00f3n Bar\u00e7a Genuine para celebrar la Semana Europea del Deporte"}]},{"@type":"WebSite","@id":"https:\/\/gimnasticdetarragona.cat\/es\/#website","url":"https:\/\/gimnasticdetarragona.cat\/es\/","name":"Gimn\u00e0stic de Tarragona SAD","description":"Gimn\u00e0stic de Tarragona","publisher":{"@id":"https:\/\/gimnasticdetarragona.cat\/es\/#organization"},"potentialAction":[{"@type":"SearchAction","target":{"@type":"EntryPoint","urlTemplate":"https:\/\/gimnasticdetarragona.cat\/es\/?s={search_term_string}"},"query-input":{"@type":"PropertyValueSpecification","valueRequired":true,"valueName":"search_term_string"}}],"inLanguage":"es"},{"@type":"Organization","@id":"https:\/\/gimnasticdetarragona.cat\/es\/#organization","name":"GIMN\u00c0STIC DE TARRAGONA","alternateName":"N\u00c0STIC","url":"https:\/\/gimnasticdetarragona.cat\/es\/","logo":{"@type":"ImageObject","inLanguage":"es","@id":"https:\/\/gimnasticdetarragona.cat\/es\/#\/schema\/logo\/image\/","url":"https:\/\/gimnasticdetarragona.cat\/wp-content\/uploads\/2022\/06\/cropped-logo-gimnastic.png","contentUrl":"https:\/\/gimnasticdetarragona.cat\/wp-content\/uploads\/2022\/06\/cropped-logo-gimnastic.png","width":224,"height":83,"caption":"GIMN\u00c0STIC DE TARRAGONA"},"image":{"@id":"https:\/\/gimnasticdetarragona.cat\/es\/#\/schema\/logo\/image\/"},"sameAs":["https:\/\/x.com\/NASTICTARRAGONA","https:\/\/www.instagram.com\/nastictarragona\/"]},{"@type":"Person","@id":"https:\/\/gimnasticdetarragona.cat\/es\/#\/schema\/person\/dcfbe6a395728996c090aba1d1aa7ee9","name":"Adrian"}]}},"_links":{"self":[{"href":"https:\/\/gimnasticdetarragona.cat\/es\/wp-json\/wp\/v2\/posts\/89095","targetHints":{"allow":["GET"]}}],"collection":[{"href":"https:\/\/gimnasticdetarragona.cat\/es\/wp-json\/wp\/v2\/posts"}],"about":[{"href":"https:\/\/gimnasticdetarragona.cat\/es\/wp-json\/wp\/v2\/types\/post"}],"author":[{"embeddable":true,"href":"https:\/\/gimnasticdetarragona.cat\/es\/wp-json\/wp\/v2\/users\/6"}],"replies":[{"embeddable":true,"href":"https:\/\/gimnasticdetarragona.cat\/es\/wp-json\/wp\/v2\/comments?post=89095"}],"version-history":[{"count":0,"href":"https:\/\/gimnasticdetarragona.cat\/es\/wp-json\/wp\/v2\/posts\/89095\/revisions"}],"wp:featuredmedia":[{"embeddable":true,"href":"https:\/\/gimnasticdetarragona.cat\/es\/wp-json\/wp\/v2\/media\/89093"}],"wp:attachment":[{"href":"https:\/\/gimnasticdetarragona.cat\/es\/wp-json\/wp\/v2\/media?parent=89095"}],"wp:term":[{"taxonomy":"category","embeddable":true,"href":"https:\/\/gimnasticdetarragona.cat\/es\/wp-json\/wp\/v2\/categories?post=89095"},{"taxonomy":"post_tag","embeddable":true,"href":"https:\/\/gimnasticdetarragona.cat\/es\/wp-json\/wp\/v2\/tags?post=89095"}],"curies":[{"name":"wp","href":"https:\/\/api.w.org\/{rel}","templated":true}]}}