{"id":89457,"date":"2022-10-15T21:12:00","date_gmt":"2022-10-15T19:12:00","guid":{"rendered":"https:\/\/web.gimnasticdetarragona.cat\/real-sociedad-b-2-0-nastic\/"},"modified":"2022-10-17T19:23:00","modified_gmt":"2022-10-17T17:23:00","slug":"real-sociedad-b-2-0-nastic","status":"publish","type":"post","link":"https:\/\/gimnasticdetarragona.cat\/es\/real-sociedad-b-2-0-nastic\/","title":{"rendered":"Real Sociedad \u2018B\u2019 2 \u2013 0 N\u00e0stic"},"content":{"rendered":"\n<p>Tras el buen juego y remontada incluida para sumar los tres puntos ante el Real Murcia, los grana viajaban hasta el pa\u00eds vasco para enfrentarse al primer filial de la temporada. La Real Sociedad &#8216;B&#8217;, equipo que el pasado curso jugaba en la categor\u00eda de plata, planteaba un encuentro para impedir la segunda victoria del N\u00e0stic.<\/p>\n\n\n\n<p>El plan inicial de los de Agn\u00e9 se ha visto truncado nada m\u00e1s iniciar el partido. En el minuto 3, recuperaci\u00f3n local en zona ofensiva y, tras la parada de Manu Garc\u00eda y posterior remate al larguero, el tercer intento ha terminado en el fondo de la red. El N\u00e0stic no ha deca\u00eddo y r\u00e1pidamente ha ido a por el empate mediante la posesi\u00f3n del esf\u00e9rico y las proyecciones ofensivas por banda. El meta local ha detenido f\u00e1cil el remate de Pablo Fdez. en el minuto 6 y, dos minutos despu\u00e9s, tambi\u00e9n respondi\u00f3 al centro-chut de Marc \u00c1lvarez. El otro Marc, Montalvo, tambi\u00e9n lo ha intentado desde fuera del \u00e1rea con un potente remate que ha salido alto en el minuto 21. Los locales buscavan el segundo en transiciones r\u00e1pidas y pelotas al espacio. Manu Garc\u00eda ha vuelto a responder antes de la media hora de juego, enviando a c\u00f3rner el intento de Pablo Mar\u00edn. Los grana tambi\u00e9n han tenido sus opciones a bal\u00f3n parado. Josema rematando desde el c\u00f3rner ve\u00eda c\u00f3mo el esf\u00e9rico se ha escapado por poco en el minuto 31. Y en el ataque posterior, falta peligrosa en la frontal del \u00e1rea que Guillermo ha enviado por encima del larguero. Antes del descanso, nueva ocasi\u00f3n y la m\u00e1s clara para el N\u00e0stic. Asistencia al espacio de Aar\u00f3n Rey y Guillermo, en posici\u00f3n escorada, se ha encontrado con una buena mano del meta Marrero que imped\u00eda que el marcador cambiara el 1-0 desfavorable a los tarraconenses.<\/p>\n\n\n\n<p>En la reanudaci\u00f3n, nada m\u00e1s empezar, Manu Garc\u00eda rechazaba con el pie el intento vasco. Y poco despu\u00e9s, bien situado, ha interceptado el remate con la cabeza de Agirre. En el segundo tiempo, el N\u00e0stic segu\u00eda teniendo la posesi\u00f3n pero sin inquietar al meta local. Las llegadas al \u00e1rea rival no comportaban peligro y el filial &#8216;txuri-urdin&#8217; ha podido marcar el segundo con un gran gol de Gabilondo, sorprendiendo a jugadores y aficionados. En los \u00faltimos minutos, ya a la desesperada, sin acierto, Guillermo ha intentado recortar distancias con la cabeza y Josema, en un saque de esquina, ha estrellado el bal\u00f3n en el larguero y la defensa local ha alejado el peligro. Manu Garc\u00eda, en tiempo a\u00f1adido, ha podido salvar un nuevo gol local al imponerse a Jon en el mano a mano y dejar el marcador final con el 2-0 y el N\u00e0stic con 9 puntos en la clasificaci\u00f3n.<\/p>\n\n\n\n<p>Con el apoyo de los nastiquers, el equipo buscar\u00e1 reencontrarse con la victoria el pr\u00f3ximo s\u00e1bado ante el CD Numancia. El duelo de la jornada 9 se disputar\u00e1 a partir de las 17 h en el Nou Estadi Costa Daurada.<\/p>\n\n\n\n<p><strong>Alineaciones<\/strong><\/p>\n\n\n\n<p>Real Sociedad \u2018B\u2019: Marrero, Gabilondo, Jonathan, Arambarri, Magunazelaia, Mart\u00f3n (Arzak, 81\u2019), Cantero, Gorrotxategi (Ezkurdia, 67\u2019), Agirre, Teijeira (Kortajarena, 58\u2019), Mar\u00edn (Azkune, 81\u2019).<\/p>\n\n\n\n<p>N\u00e0stic: Manu Garc\u00eda, Trilles (Robert S, 61), Pedro, Aar\u00f3n Rey (Bonilla, 69\u2019), Montalvo, Josema, Pablo Fdez (Lupu, 69\u2019), Guillermo, Tirlea (Pol D, 46\u2019), Joan Oriol, M. \u00c1lvarez (Andy, 72\u2019).<\/p>\n\n\n\n<p><strong>Goles<\/strong><\/p>\n\n\n\n<p>1-0, Magunazelaia (3\u2019); 2-0, Gabilondo (76\u2019).<\/p>\n\n\n\n<p><strong>Tarjetas<\/strong><\/p>\n\n\n\n<p>Mart\u00f3n (47\u2019) por parte de la Real Sociedad \u2018B\u2019; Tirlea (29\u2019) y Pol D. (74\u2019), por parte del N\u00e0stic.<\/p>\n\n\n\n<p><strong>\u00c1rbitro<\/strong><\/p>\n\n\n\n<p>Imanol Irurtzun Artola (Colegio navarro)<\/p>\n\n\n\n<p><strong>Observaciones<\/strong><\/p>\n\n\n\n<p>Partit correspondiente a la Jornada 8 del Grup II de Primera Federaci\u00f3n disputado en les instalaciones de Zubieta<\/p>\n","protected":false},"excerpt":{"rendered":"<p>El gol inicial rompe los planes<\/p>\n","protected":false},"author":6,"featured_media":89455,"comment_status":"open","ping_status":"open","sticky":false,"template":"","format":"standard","meta":{"_acf_changed":false,"footnotes":""},"categories":[113,126],"tags":[],"class_list":["post-89457","post","type-post","status-publish","format-standard","has-post-thumbnail","hentry","category-actualidad","category-primer-equipo"],"acf":[],"yoast_head":"<!-- This site is optimized with the Yoast SEO plugin v27.3 - https:\/\/yoast.com\/product\/yoast-seo-wordpress\/ -->\n<title>Real Sociedad \u2018B\u2019 2 \u2013 0 N\u00e0stic - Gimn\u00e0stic de Tarragona SAD<\/title>\n<meta name=\"robots\" content=\"index, follow, max-snippet:-1, max-image-preview:large, max-video-preview:-1\" \/>\n<link rel=\"canonical\" href=\"https:\/\/gimnasticdetarragona.cat\/es\/real-sociedad-b-2-0-nastic\/\" \/>\n<meta property=\"og:locale\" content=\"es_ES\" \/>\n<meta property=\"og:type\" content=\"article\" \/>\n<meta property=\"og:title\" content=\"Real Sociedad \u2018B\u2019 2 \u2013 0 N\u00e0stic - Gimn\u00e0stic de Tarragona SAD\" \/>\n<meta property=\"og:description\" content=\"El gol inicial rompe los planes\" \/>\n<meta property=\"og:url\" content=\"https:\/\/gimnasticdetarragona.cat\/es\/real-sociedad-b-2-0-nastic\/\" \/>\n<meta property=\"og:site_name\" content=\"Gimn\u00e0stic de Tarragona SAD\" \/>\n<meta property=\"article:published_time\" content=\"2022-10-15T19:12:00+00:00\" \/>\n<meta property=\"article:modified_time\" content=\"2022-10-17T17:23:00+00:00\" \/>\n<meta property=\"og:image\" content=\"https:\/\/gimnasticdetarragona.cat\/wp-content\/uploads\/2022\/10\/20221015-SANSE-NASTIC-124-min-scaled.jpg\" \/>\n\t<meta property=\"og:image:width\" content=\"2560\" \/>\n\t<meta property=\"og:image:height\" content=\"1440\" \/>\n\t<meta property=\"og:image:type\" content=\"image\/jpeg\" \/>\n<meta name=\"author\" content=\"Adrian\" \/>\n<meta name=\"twitter:card\" content=\"summary_large_image\" \/>\n<meta name=\"twitter:creator\" content=\"@NASTICTARRAGONA\" \/>\n<meta name=\"twitter:site\" content=\"@NASTICTARRAGONA\" \/>\n<meta name=\"twitter:label1\" content=\"Escrito por\" \/>\n\t<meta name=\"twitter:data1\" content=\"Adrian\" \/>\n\t<meta name=\"twitter:label2\" content=\"Tiempo de lectura\" \/>\n\t<meta name=\"twitter:data2\" content=\"3 minutos\" \/>\n<script type=\"application\/ld+json\" class=\"yoast-schema-graph\">{\"@context\":\"https:\\\/\\\/schema.org\",\"@graph\":[{\"@type\":\"Article\",\"@id\":\"https:\\\/\\\/gimnasticdetarragona.cat\\\/es\\\/real-sociedad-b-2-0-nastic\\\/#article\",\"isPartOf\":{\"@id\":\"https:\\\/\\\/gimnasticdetarragona.cat\\\/es\\\/real-sociedad-b-2-0-nastic\\\/\"},\"author\":{\"name\":\"Adrian\",\"@id\":\"https:\\\/\\\/gimnasticdetarragona.cat\\\/es\\\/#\\\/schema\\\/person\\\/dcfbe6a395728996c090aba1d1aa7ee9\"},\"headline\":\"Real Sociedad \u2018B\u2019 2 \u2013 0 N\u00e0stic\",\"datePublished\":\"2022-10-15T19:12:00+00:00\",\"dateModified\":\"2022-10-17T17:23:00+00:00\",\"mainEntityOfPage\":{\"@id\":\"https:\\\/\\\/gimnasticdetarragona.cat\\\/es\\\/real-sociedad-b-2-0-nastic\\\/\"},\"wordCount\":635,\"commentCount\":0,\"publisher\":{\"@id\":\"https:\\\/\\\/gimnasticdetarragona.cat\\\/es\\\/#organization\"},\"image\":{\"@id\":\"https:\\\/\\\/gimnasticdetarragona.cat\\\/es\\\/real-sociedad-b-2-0-nastic\\\/#primaryimage\"},\"thumbnailUrl\":\"https:\\\/\\\/gimnasticdetarragona.cat\\\/wp-content\\\/uploads\\\/2022\\\/10\\\/20221015-SANSE-NASTIC-124-min-scaled.jpg\",\"articleSection\":[\"Actualidad\",\"Primer Equipo\"],\"inLanguage\":\"es\"},{\"@type\":\"WebPage\",\"@id\":\"https:\\\/\\\/gimnasticdetarragona.cat\\\/es\\\/real-sociedad-b-2-0-nastic\\\/\",\"url\":\"https:\\\/\\\/gimnasticdetarragona.cat\\\/es\\\/real-sociedad-b-2-0-nastic\\\/\",\"name\":\"Real Sociedad \u2018B\u2019 2 \u2013 0 N\u00e0stic - Gimn\u00e0stic de Tarragona SAD\",\"isPartOf\":{\"@id\":\"https:\\\/\\\/gimnasticdetarragona.cat\\\/es\\\/#website\"},\"primaryImageOfPage\":{\"@id\":\"https:\\\/\\\/gimnasticdetarragona.cat\\\/es\\\/real-sociedad-b-2-0-nastic\\\/#primaryimage\"},\"image\":{\"@id\":\"https:\\\/\\\/gimnasticdetarragona.cat\\\/es\\\/real-sociedad-b-2-0-nastic\\\/#primaryimage\"},\"thumbnailUrl\":\"https:\\\/\\\/gimnasticdetarragona.cat\\\/wp-content\\\/uploads\\\/2022\\\/10\\\/20221015-SANSE-NASTIC-124-min-scaled.jpg\",\"datePublished\":\"2022-10-15T19:12:00+00:00\",\"dateModified\":\"2022-10-17T17:23:00+00:00\",\"breadcrumb\":{\"@id\":\"https:\\\/\\\/gimnasticdetarragona.cat\\\/es\\\/real-sociedad-b-2-0-nastic\\\/#breadcrumb\"},\"inLanguage\":\"es\",\"potentialAction\":[{\"@type\":\"ReadAction\",\"target\":[\"https:\\\/\\\/gimnasticdetarragona.cat\\\/es\\\/real-sociedad-b-2-0-nastic\\\/\"]}]},{\"@type\":\"ImageObject\",\"inLanguage\":\"es\",\"@id\":\"https:\\\/\\\/gimnasticdetarragona.cat\\\/es\\\/real-sociedad-b-2-0-nastic\\\/#primaryimage\",\"url\":\"https:\\\/\\\/gimnasticdetarragona.cat\\\/wp-content\\\/uploads\\\/2022\\\/10\\\/20221015-SANSE-NASTIC-124-min-scaled.jpg\",\"contentUrl\":\"https:\\\/\\\/gimnasticdetarragona.cat\\\/wp-content\\\/uploads\\\/2022\\\/10\\\/20221015-SANSE-NASTIC-124-min-scaled.jpg\",\"width\":2560,\"height\":1440},{\"@type\":\"BreadcrumbList\",\"@id\":\"https:\\\/\\\/gimnasticdetarragona.cat\\\/es\\\/real-sociedad-b-2-0-nastic\\\/#breadcrumb\",\"itemListElement\":[{\"@type\":\"ListItem\",\"position\":1,\"name\":\"Inici\",\"item\":\"https:\\\/\\\/gimnasticdetarragona.cat\\\/es\\\/nastic\\\/\"},{\"@type\":\"ListItem\",\"position\":2,\"name\":\"Real Sociedad \u2018B\u2019 2 \u2013 0 N\u00e0stic\"}]},{\"@type\":\"WebSite\",\"@id\":\"https:\\\/\\\/gimnasticdetarragona.cat\\\/es\\\/#website\",\"url\":\"https:\\\/\\\/gimnasticdetarragona.cat\\\/es\\\/\",\"name\":\"Gimn\u00e0stic de Tarragona SAD\",\"description\":\"Gimn\u00e0stic de Tarragona\",\"publisher\":{\"@id\":\"https:\\\/\\\/gimnasticdetarragona.cat\\\/es\\\/#organization\"},\"potentialAction\":[{\"@type\":\"SearchAction\",\"target\":{\"@type\":\"EntryPoint\",\"urlTemplate\":\"https:\\\/\\\/gimnasticdetarragona.cat\\\/es\\\/?s={search_term_string}\"},\"query-input\":{\"@type\":\"PropertyValueSpecification\",\"valueRequired\":true,\"valueName\":\"search_term_string\"}}],\"inLanguage\":\"es\"},{\"@type\":\"Organization\",\"@id\":\"https:\\\/\\\/gimnasticdetarragona.cat\\\/es\\\/#organization\",\"name\":\"GIMN\u00c0STIC DE TARRAGONA\",\"alternateName\":\"N\u00c0STIC\",\"url\":\"https:\\\/\\\/gimnasticdetarragona.cat\\\/es\\\/\",\"logo\":{\"@type\":\"ImageObject\",\"inLanguage\":\"es\",\"@id\":\"https:\\\/\\\/gimnasticdetarragona.cat\\\/es\\\/#\\\/schema\\\/logo\\\/image\\\/\",\"url\":\"https:\\\/\\\/gimnasticdetarragona.cat\\\/wp-content\\\/uploads\\\/2022\\\/06\\\/cropped-logo-gimnastic.png\",\"contentUrl\":\"https:\\\/\\\/gimnasticdetarragona.cat\\\/wp-content\\\/uploads\\\/2022\\\/06\\\/cropped-logo-gimnastic.png\",\"width\":224,\"height\":83,\"caption\":\"GIMN\u00c0STIC DE TARRAGONA\"},\"image\":{\"@id\":\"https:\\\/\\\/gimnasticdetarragona.cat\\\/es\\\/#\\\/schema\\\/logo\\\/image\\\/\"},\"sameAs\":[\"https:\\\/\\\/x.com\\\/NASTICTARRAGONA\",\"https:\\\/\\\/www.instagram.com\\\/nastictarragona\\\/\"]},{\"@type\":\"Person\",\"@id\":\"https:\\\/\\\/gimnasticdetarragona.cat\\\/es\\\/#\\\/schema\\\/person\\\/dcfbe6a395728996c090aba1d1aa7ee9\",\"name\":\"Adrian\"}]}<\/script>\n<!-- \/ Yoast SEO plugin. -->","yoast_head_json":{"title":"Real Sociedad \u2018B\u2019 2 \u2013 0 N\u00e0stic - Gimn\u00e0stic de Tarragona SAD","robots":{"index":"index","follow":"follow","max-snippet":"max-snippet:-1","max-image-preview":"max-image-preview:large","max-video-preview":"max-video-preview:-1"},"canonical":"https:\/\/gimnasticdetarragona.cat\/es\/real-sociedad-b-2-0-nastic\/","og_locale":"es_ES","og_type":"article","og_title":"Real Sociedad \u2018B\u2019 2 \u2013 0 N\u00e0stic - Gimn\u00e0stic de Tarragona SAD","og_description":"El gol inicial rompe los planes","og_url":"https:\/\/gimnasticdetarragona.cat\/es\/real-sociedad-b-2-0-nastic\/","og_site_name":"Gimn\u00e0stic de Tarragona SAD","article_published_time":"2022-10-15T19:12:00+00:00","article_modified_time":"2022-10-17T17:23:00+00:00","og_image":[{"width":2560,"height":1440,"url":"https:\/\/gimnasticdetarragona.cat\/wp-content\/uploads\/2022\/10\/20221015-SANSE-NASTIC-124-min-scaled.jpg","type":"image\/jpeg"}],"author":"Adrian","twitter_card":"summary_large_image","twitter_creator":"@NASTICTARRAGONA","twitter_site":"@NASTICTARRAGONA","twitter_misc":{"Escrito por":"Adrian","Tiempo de lectura":"3 minutos"},"schema":{"@context":"https:\/\/schema.org","@graph":[{"@type":"Article","@id":"https:\/\/gimnasticdetarragona.cat\/es\/real-sociedad-b-2-0-nastic\/#article","isPartOf":{"@id":"https:\/\/gimnasticdetarragona.cat\/es\/real-sociedad-b-2-0-nastic\/"},"author":{"name":"Adrian","@id":"https:\/\/gimnasticdetarragona.cat\/es\/#\/schema\/person\/dcfbe6a395728996c090aba1d1aa7ee9"},"headline":"Real Sociedad \u2018B\u2019 2 \u2013 0 N\u00e0stic","datePublished":"2022-10-15T19:12:00+00:00","dateModified":"2022-10-17T17:23:00+00:00","mainEntityOfPage":{"@id":"https:\/\/gimnasticdetarragona.cat\/es\/real-sociedad-b-2-0-nastic\/"},"wordCount":635,"commentCount":0,"publisher":{"@id":"https:\/\/gimnasticdetarragona.cat\/es\/#organization"},"image":{"@id":"https:\/\/gimnasticdetarragona.cat\/es\/real-sociedad-b-2-0-nastic\/#primaryimage"},"thumbnailUrl":"https:\/\/gimnasticdetarragona.cat\/wp-content\/uploads\/2022\/10\/20221015-SANSE-NASTIC-124-min-scaled.jpg","articleSection":["Actualidad","Primer Equipo"],"inLanguage":"es"},{"@type":"WebPage","@id":"https:\/\/gimnasticdetarragona.cat\/es\/real-sociedad-b-2-0-nastic\/","url":"https:\/\/gimnasticdetarragona.cat\/es\/real-sociedad-b-2-0-nastic\/","name":"Real Sociedad \u2018B\u2019 2 \u2013 0 N\u00e0stic - Gimn\u00e0stic de Tarragona SAD","isPartOf":{"@id":"https:\/\/gimnasticdetarragona.cat\/es\/#website"},"primaryImageOfPage":{"@id":"https:\/\/gimnasticdetarragona.cat\/es\/real-sociedad-b-2-0-nastic\/#primaryimage"},"image":{"@id":"https:\/\/gimnasticdetarragona.cat\/es\/real-sociedad-b-2-0-nastic\/#primaryimage"},"thumbnailUrl":"https:\/\/gimnasticdetarragona.cat\/wp-content\/uploads\/2022\/10\/20221015-SANSE-NASTIC-124-min-scaled.jpg","datePublished":"2022-10-15T19:12:00+00:00","dateModified":"2022-10-17T17:23:00+00:00","breadcrumb":{"@id":"https:\/\/gimnasticdetarragona.cat\/es\/real-sociedad-b-2-0-nastic\/#breadcrumb"},"inLanguage":"es","potentialAction":[{"@type":"ReadAction","target":["https:\/\/gimnasticdetarragona.cat\/es\/real-sociedad-b-2-0-nastic\/"]}]},{"@type":"ImageObject","inLanguage":"es","@id":"https:\/\/gimnasticdetarragona.cat\/es\/real-sociedad-b-2-0-nastic\/#primaryimage","url":"https:\/\/gimnasticdetarragona.cat\/wp-content\/uploads\/2022\/10\/20221015-SANSE-NASTIC-124-min-scaled.jpg","contentUrl":"https:\/\/gimnasticdetarragona.cat\/wp-content\/uploads\/2022\/10\/20221015-SANSE-NASTIC-124-min-scaled.jpg","width":2560,"height":1440},{"@type":"BreadcrumbList","@id":"https:\/\/gimnasticdetarragona.cat\/es\/real-sociedad-b-2-0-nastic\/#breadcrumb","itemListElement":[{"@type":"ListItem","position":1,"name":"Inici","item":"https:\/\/gimnasticdetarragona.cat\/es\/nastic\/"},{"@type":"ListItem","position":2,"name":"Real Sociedad \u2018B\u2019 2 \u2013 0 N\u00e0stic"}]},{"@type":"WebSite","@id":"https:\/\/gimnasticdetarragona.cat\/es\/#website","url":"https:\/\/gimnasticdetarragona.cat\/es\/","name":"Gimn\u00e0stic de Tarragona SAD","description":"Gimn\u00e0stic de Tarragona","publisher":{"@id":"https:\/\/gimnasticdetarragona.cat\/es\/#organization"},"potentialAction":[{"@type":"SearchAction","target":{"@type":"EntryPoint","urlTemplate":"https:\/\/gimnasticdetarragona.cat\/es\/?s={search_term_string}"},"query-input":{"@type":"PropertyValueSpecification","valueRequired":true,"valueName":"search_term_string"}}],"inLanguage":"es"},{"@type":"Organization","@id":"https:\/\/gimnasticdetarragona.cat\/es\/#organization","name":"GIMN\u00c0STIC DE TARRAGONA","alternateName":"N\u00c0STIC","url":"https:\/\/gimnasticdetarragona.cat\/es\/","logo":{"@type":"ImageObject","inLanguage":"es","@id":"https:\/\/gimnasticdetarragona.cat\/es\/#\/schema\/logo\/image\/","url":"https:\/\/gimnasticdetarragona.cat\/wp-content\/uploads\/2022\/06\/cropped-logo-gimnastic.png","contentUrl":"https:\/\/gimnasticdetarragona.cat\/wp-content\/uploads\/2022\/06\/cropped-logo-gimnastic.png","width":224,"height":83,"caption":"GIMN\u00c0STIC DE TARRAGONA"},"image":{"@id":"https:\/\/gimnasticdetarragona.cat\/es\/#\/schema\/logo\/image\/"},"sameAs":["https:\/\/x.com\/NASTICTARRAGONA","https:\/\/www.instagram.com\/nastictarragona\/"]},{"@type":"Person","@id":"https:\/\/gimnasticdetarragona.cat\/es\/#\/schema\/person\/dcfbe6a395728996c090aba1d1aa7ee9","name":"Adrian"}]}},"_links":{"self":[{"href":"https:\/\/gimnasticdetarragona.cat\/es\/wp-json\/wp\/v2\/posts\/89457","targetHints":{"allow":["GET"]}}],"collection":[{"href":"https:\/\/gimnasticdetarragona.cat\/es\/wp-json\/wp\/v2\/posts"}],"about":[{"href":"https:\/\/gimnasticdetarragona.cat\/es\/wp-json\/wp\/v2\/types\/post"}],"author":[{"embeddable":true,"href":"https:\/\/gimnasticdetarragona.cat\/es\/wp-json\/wp\/v2\/users\/6"}],"replies":[{"embeddable":true,"href":"https:\/\/gimnasticdetarragona.cat\/es\/wp-json\/wp\/v2\/comments?post=89457"}],"version-history":[{"count":0,"href":"https:\/\/gimnasticdetarragona.cat\/es\/wp-json\/wp\/v2\/posts\/89457\/revisions"}],"wp:featuredmedia":[{"embeddable":true,"href":"https:\/\/gimnasticdetarragona.cat\/es\/wp-json\/wp\/v2\/media\/89455"}],"wp:attachment":[{"href":"https:\/\/gimnasticdetarragona.cat\/es\/wp-json\/wp\/v2\/media?parent=89457"}],"wp:term":[{"taxonomy":"category","embeddable":true,"href":"https:\/\/gimnasticdetarragona.cat\/es\/wp-json\/wp\/v2\/categories?post=89457"},{"taxonomy":"post_tag","embeddable":true,"href":"https:\/\/gimnasticdetarragona.cat\/es\/wp-json\/wp\/v2\/tags?post=89457"}],"curies":[{"name":"wp","href":"https:\/\/api.w.org\/{rel}","templated":true}]}}