{"id":89951,"date":"2022-12-05T19:17:16","date_gmt":"2022-12-05T18:17:16","guid":{"rendered":"https:\/\/web.gimnasticdetarragona.cat\/?p=89951"},"modified":"2022-12-09T20:08:38","modified_gmt":"2022-12-09T19:08:38","slug":"vino-1886-nastic-padro-i-familia","status":"publish","type":"post","link":"https:\/\/gimnasticdetarragona.cat\/es\/vino-1886-nastic-padro-i-familia\/","title":{"rendered":"Vino 1886, N\u00e0stic \u2013 Padr\u00f3 i Fam\u00edlia"},"content":{"rendered":"\n<p>El Gimn\u00e0stic de Tarragona, SAD y Padr\u00f3 i Fam\u00edlia, bodega referente del territorio y con experiencia en el sector del vino desde 1886, presentan conjuntamente el Vino 1886.<\/p>\n\n\n\n<p>La empresa de Br\u00e0fim, como miembro Club Empresa del Gimn\u00e0stic de Tarragona, ha creado el nuevo vino grana de la Denominaci\u00f3n de Origen Tarragona. Se trata de dos clases de vino: el tinto de la clase Tempranillo y Merlot; y del blanco, concretamente el Macabeo, Xarel\u00b7lo y Muscat de grano peque\u00f1o.<\/p>\n\n\n\n<p>Ambas botellas se presentan con un <em>packaging<\/em> de madera grana, de edici\u00f3n limitada, con motivos del N\u00e0stic y Padr\u00f3 i Fam\u00edlia, que lo hacen un gran regalo para estas fiestas navide\u00f1as.<\/p>\n\n\n\n<p>1886&nbsp;es un a\u00f1o que enlaza la fundaci\u00f3n del Gimn\u00e0stic de Tarragona y el de la bodega de Padr\u00f3 i Fam\u00edlia. Una uni\u00f3n arraigada al territorio y con una tradici\u00f3n centenaria.<\/p>\n\n\n\n<p>En la sala presidencial del Nou Estadi Costa Daurada, el presidente del Gimn\u00e0stic de Tarragona, Josep Maria Andreu; y el gerente de Padr\u00f3 i Fam\u00edlia, Ernest Padr\u00f3, han sido los encargados de dar a conocer la nueva bebida gastron\u00f3mica del N\u00e0stic.<\/p>\n\n\n\n<p>Las botellas ya se pueden adquirir en la <a href=\"https:\/\/vermouthpadro.com\/es\/categoria-producto\/vinos\/\" data-type=\"URL\" data-id=\"https:\/\/vermouthpadro.com\/es\/categoria-producto\/vinos\/\">tienda online de Padr\u00f3 i Fam\u00edlia<\/a>, en la Tienda del N\u00e0stic y en la tienda de Padr\u00f3 i Fam\u00edlia, situada en la Calle de Avall n\u00fam. 15 de Br\u00e0fim. Los productos se pueden comprar por separado o con el lote personalizado; el precio es de 5.65\u20ac el blanco, 5.80\u20ac el negro y 21.45\u20ac el lote completo de las dos botellas con la caja de edici\u00f3n limitada.<\/p>\n\n\n\n<p>Padr\u00f3 i Fam\u00edlia&nbsp;pertenece a la Denominaci\u00f3n de Origen Tarragona, la m\u00e1s antigua de Catalu\u00f1a, \u00e1rea geogr\u00e1fica donde se encuentran sus vi\u00f1edos y la bodega. Ya en la \u00e9poca romana eran apreciados sus vinos que se exportaban a Roma.<\/p>\n\n\n\n<p>La historia de Padr\u00f3 i Fam\u00edlia se escribe a lo largo de cinco generaciones, en las que el trabajo y la dedicaci\u00f3n de los antepasados perdura hasta el d\u00eda de hoy. Ahora, es la nueva generaci\u00f3n quien a\u00f1ade los nuevos conocimientos y los aplica en la elaboraci\u00f3n del vino y el cuidado del vi\u00f1edo. Adem\u00e1s de las numerosas e importantes variedades de vino, en los \u00faltimos a\u00f1os, Padr\u00f3 i Fam\u00edlia tambi\u00e9n ha creado su propio vermut.<\/p>\n","protected":false},"excerpt":{"rendered":"<p>Esta Navidad regala N\u00e0stic<\/p>\n","protected":false},"author":6,"featured_media":89948,"comment_status":"open","ping_status":"open","sticky":false,"template":"","format":"standard","meta":{"_acf_changed":false,"footnotes":""},"categories":[113,114,115,139,144],"tags":[],"class_list":["post-89951","post","type-post","status-publish","format-standard","has-post-thumbnail","hentry","category-actualidad","category-aficion","category-agenda-social","category-social","category-tienda"],"acf":[],"yoast_head":"<!-- This site is optimized with the Yoast SEO plugin v27.3 - https:\/\/yoast.com\/product\/yoast-seo-wordpress\/ -->\n<title>Vino 1886, N\u00e0stic \u2013 Padr\u00f3 i Fam\u00edlia - Gimn\u00e0stic de Tarragona SAD<\/title>\n<meta name=\"robots\" content=\"index, follow, max-snippet:-1, max-image-preview:large, max-video-preview:-1\" \/>\n<link rel=\"canonical\" href=\"https:\/\/gimnasticdetarragona.cat\/es\/vino-1886-nastic-padro-i-familia\/\" \/>\n<meta property=\"og:locale\" content=\"es_ES\" \/>\n<meta property=\"og:type\" content=\"article\" \/>\n<meta property=\"og:title\" content=\"Vino 1886, N\u00e0stic \u2013 Padr\u00f3 i Fam\u00edlia - Gimn\u00e0stic de Tarragona SAD\" \/>\n<meta property=\"og:description\" content=\"Esta Navidad regala N\u00e0stic\" \/>\n<meta property=\"og:url\" content=\"https:\/\/gimnasticdetarragona.cat\/es\/vino-1886-nastic-padro-i-familia\/\" \/>\n<meta property=\"og:site_name\" content=\"Gimn\u00e0stic de Tarragona SAD\" \/>\n<meta property=\"article:published_time\" content=\"2022-12-05T18:17:16+00:00\" \/>\n<meta property=\"article:modified_time\" content=\"2022-12-09T19:08:38+00:00\" \/>\n<meta property=\"og:image\" content=\"https:\/\/gimnasticdetarragona.cat\/wp-content\/uploads\/2022\/12\/IMG_5707-scaled.jpg\" \/>\n\t<meta property=\"og:image:width\" content=\"2560\" \/>\n\t<meta property=\"og:image:height\" content=\"1990\" \/>\n\t<meta property=\"og:image:type\" content=\"image\/jpeg\" \/>\n<meta name=\"author\" content=\"Adrian\" \/>\n<meta name=\"twitter:card\" content=\"summary_large_image\" \/>\n<meta name=\"twitter:creator\" content=\"@NASTICTARRAGONA\" \/>\n<meta name=\"twitter:site\" content=\"@NASTICTARRAGONA\" \/>\n<meta name=\"twitter:label1\" content=\"Escrito por\" \/>\n\t<meta name=\"twitter:data1\" content=\"Adrian\" \/>\n\t<meta name=\"twitter:label2\" content=\"Tiempo de lectura\" \/>\n\t<meta name=\"twitter:data2\" content=\"2 minutos\" \/>\n<script type=\"application\/ld+json\" class=\"yoast-schema-graph\">{\"@context\":\"https:\\\/\\\/schema.org\",\"@graph\":[{\"@type\":\"Article\",\"@id\":\"https:\\\/\\\/gimnasticdetarragona.cat\\\/es\\\/vino-1886-nastic-padro-i-familia\\\/#article\",\"isPartOf\":{\"@id\":\"https:\\\/\\\/gimnasticdetarragona.cat\\\/es\\\/vino-1886-nastic-padro-i-familia\\\/\"},\"author\":{\"name\":\"Adrian\",\"@id\":\"https:\\\/\\\/gimnasticdetarragona.cat\\\/es\\\/#\\\/schema\\\/person\\\/dcfbe6a395728996c090aba1d1aa7ee9\"},\"headline\":\"Vino 1886, N\u00e0stic \u2013 Padr\u00f3 i Fam\u00edlia\",\"datePublished\":\"2022-12-05T18:17:16+00:00\",\"dateModified\":\"2022-12-09T19:08:38+00:00\",\"mainEntityOfPage\":{\"@id\":\"https:\\\/\\\/gimnasticdetarragona.cat\\\/es\\\/vino-1886-nastic-padro-i-familia\\\/\"},\"wordCount\":417,\"commentCount\":0,\"publisher\":{\"@id\":\"https:\\\/\\\/gimnasticdetarragona.cat\\\/es\\\/#organization\"},\"image\":{\"@id\":\"https:\\\/\\\/gimnasticdetarragona.cat\\\/es\\\/vino-1886-nastic-padro-i-familia\\\/#primaryimage\"},\"thumbnailUrl\":\"https:\\\/\\\/gimnasticdetarragona.cat\\\/wp-content\\\/uploads\\\/2022\\\/12\\\/IMG_5707-scaled.jpg\",\"articleSection\":[\"Actualidad\",\"Afici\u00f3n\",\"Agenda Social\",\"Social\",\"Tienda\"],\"inLanguage\":\"es\"},{\"@type\":\"WebPage\",\"@id\":\"https:\\\/\\\/gimnasticdetarragona.cat\\\/es\\\/vino-1886-nastic-padro-i-familia\\\/\",\"url\":\"https:\\\/\\\/gimnasticdetarragona.cat\\\/es\\\/vino-1886-nastic-padro-i-familia\\\/\",\"name\":\"Vino 1886, N\u00e0stic \u2013 Padr\u00f3 i Fam\u00edlia - Gimn\u00e0stic de Tarragona SAD\",\"isPartOf\":{\"@id\":\"https:\\\/\\\/gimnasticdetarragona.cat\\\/es\\\/#website\"},\"primaryImageOfPage\":{\"@id\":\"https:\\\/\\\/gimnasticdetarragona.cat\\\/es\\\/vino-1886-nastic-padro-i-familia\\\/#primaryimage\"},\"image\":{\"@id\":\"https:\\\/\\\/gimnasticdetarragona.cat\\\/es\\\/vino-1886-nastic-padro-i-familia\\\/#primaryimage\"},\"thumbnailUrl\":\"https:\\\/\\\/gimnasticdetarragona.cat\\\/wp-content\\\/uploads\\\/2022\\\/12\\\/IMG_5707-scaled.jpg\",\"datePublished\":\"2022-12-05T18:17:16+00:00\",\"dateModified\":\"2022-12-09T19:08:38+00:00\",\"breadcrumb\":{\"@id\":\"https:\\\/\\\/gimnasticdetarragona.cat\\\/es\\\/vino-1886-nastic-padro-i-familia\\\/#breadcrumb\"},\"inLanguage\":\"es\",\"potentialAction\":[{\"@type\":\"ReadAction\",\"target\":[\"https:\\\/\\\/gimnasticdetarragona.cat\\\/es\\\/vino-1886-nastic-padro-i-familia\\\/\"]}]},{\"@type\":\"ImageObject\",\"inLanguage\":\"es\",\"@id\":\"https:\\\/\\\/gimnasticdetarragona.cat\\\/es\\\/vino-1886-nastic-padro-i-familia\\\/#primaryimage\",\"url\":\"https:\\\/\\\/gimnasticdetarragona.cat\\\/wp-content\\\/uploads\\\/2022\\\/12\\\/IMG_5707-scaled.jpg\",\"contentUrl\":\"https:\\\/\\\/gimnasticdetarragona.cat\\\/wp-content\\\/uploads\\\/2022\\\/12\\\/IMG_5707-scaled.jpg\",\"width\":2560,\"height\":1990},{\"@type\":\"BreadcrumbList\",\"@id\":\"https:\\\/\\\/gimnasticdetarragona.cat\\\/es\\\/vino-1886-nastic-padro-i-familia\\\/#breadcrumb\",\"itemListElement\":[{\"@type\":\"ListItem\",\"position\":1,\"name\":\"Inici\",\"item\":\"https:\\\/\\\/gimnasticdetarragona.cat\\\/es\\\/nastic\\\/\"},{\"@type\":\"ListItem\",\"position\":2,\"name\":\"Vino 1886, N\u00e0stic \u2013 Padr\u00f3 i Fam\u00edlia\"}]},{\"@type\":\"WebSite\",\"@id\":\"https:\\\/\\\/gimnasticdetarragona.cat\\\/es\\\/#website\",\"url\":\"https:\\\/\\\/gimnasticdetarragona.cat\\\/es\\\/\",\"name\":\"Gimn\u00e0stic de Tarragona SAD\",\"description\":\"Gimn\u00e0stic de Tarragona\",\"publisher\":{\"@id\":\"https:\\\/\\\/gimnasticdetarragona.cat\\\/es\\\/#organization\"},\"potentialAction\":[{\"@type\":\"SearchAction\",\"target\":{\"@type\":\"EntryPoint\",\"urlTemplate\":\"https:\\\/\\\/gimnasticdetarragona.cat\\\/es\\\/?s={search_term_string}\"},\"query-input\":{\"@type\":\"PropertyValueSpecification\",\"valueRequired\":true,\"valueName\":\"search_term_string\"}}],\"inLanguage\":\"es\"},{\"@type\":\"Organization\",\"@id\":\"https:\\\/\\\/gimnasticdetarragona.cat\\\/es\\\/#organization\",\"name\":\"GIMN\u00c0STIC DE TARRAGONA\",\"alternateName\":\"N\u00c0STIC\",\"url\":\"https:\\\/\\\/gimnasticdetarragona.cat\\\/es\\\/\",\"logo\":{\"@type\":\"ImageObject\",\"inLanguage\":\"es\",\"@id\":\"https:\\\/\\\/gimnasticdetarragona.cat\\\/es\\\/#\\\/schema\\\/logo\\\/image\\\/\",\"url\":\"https:\\\/\\\/gimnasticdetarragona.cat\\\/wp-content\\\/uploads\\\/2022\\\/06\\\/cropped-logo-gimnastic.png\",\"contentUrl\":\"https:\\\/\\\/gimnasticdetarragona.cat\\\/wp-content\\\/uploads\\\/2022\\\/06\\\/cropped-logo-gimnastic.png\",\"width\":224,\"height\":83,\"caption\":\"GIMN\u00c0STIC DE TARRAGONA\"},\"image\":{\"@id\":\"https:\\\/\\\/gimnasticdetarragona.cat\\\/es\\\/#\\\/schema\\\/logo\\\/image\\\/\"},\"sameAs\":[\"https:\\\/\\\/x.com\\\/NASTICTARRAGONA\",\"https:\\\/\\\/www.instagram.com\\\/nastictarragona\\\/\"]},{\"@type\":\"Person\",\"@id\":\"https:\\\/\\\/gimnasticdetarragona.cat\\\/es\\\/#\\\/schema\\\/person\\\/dcfbe6a395728996c090aba1d1aa7ee9\",\"name\":\"Adrian\"}]}<\/script>\n<!-- \/ Yoast SEO plugin. -->","yoast_head_json":{"title":"Vino 1886, N\u00e0stic \u2013 Padr\u00f3 i Fam\u00edlia - Gimn\u00e0stic de Tarragona SAD","robots":{"index":"index","follow":"follow","max-snippet":"max-snippet:-1","max-image-preview":"max-image-preview:large","max-video-preview":"max-video-preview:-1"},"canonical":"https:\/\/gimnasticdetarragona.cat\/es\/vino-1886-nastic-padro-i-familia\/","og_locale":"es_ES","og_type":"article","og_title":"Vino 1886, N\u00e0stic \u2013 Padr\u00f3 i Fam\u00edlia - Gimn\u00e0stic de Tarragona SAD","og_description":"Esta Navidad regala N\u00e0stic","og_url":"https:\/\/gimnasticdetarragona.cat\/es\/vino-1886-nastic-padro-i-familia\/","og_site_name":"Gimn\u00e0stic de Tarragona SAD","article_published_time":"2022-12-05T18:17:16+00:00","article_modified_time":"2022-12-09T19:08:38+00:00","og_image":[{"width":2560,"height":1990,"url":"https:\/\/gimnasticdetarragona.cat\/wp-content\/uploads\/2022\/12\/IMG_5707-scaled.jpg","type":"image\/jpeg"}],"author":"Adrian","twitter_card":"summary_large_image","twitter_creator":"@NASTICTARRAGONA","twitter_site":"@NASTICTARRAGONA","twitter_misc":{"Escrito por":"Adrian","Tiempo de lectura":"2 minutos"},"schema":{"@context":"https:\/\/schema.org","@graph":[{"@type":"Article","@id":"https:\/\/gimnasticdetarragona.cat\/es\/vino-1886-nastic-padro-i-familia\/#article","isPartOf":{"@id":"https:\/\/gimnasticdetarragona.cat\/es\/vino-1886-nastic-padro-i-familia\/"},"author":{"name":"Adrian","@id":"https:\/\/gimnasticdetarragona.cat\/es\/#\/schema\/person\/dcfbe6a395728996c090aba1d1aa7ee9"},"headline":"Vino 1886, N\u00e0stic \u2013 Padr\u00f3 i Fam\u00edlia","datePublished":"2022-12-05T18:17:16+00:00","dateModified":"2022-12-09T19:08:38+00:00","mainEntityOfPage":{"@id":"https:\/\/gimnasticdetarragona.cat\/es\/vino-1886-nastic-padro-i-familia\/"},"wordCount":417,"commentCount":0,"publisher":{"@id":"https:\/\/gimnasticdetarragona.cat\/es\/#organization"},"image":{"@id":"https:\/\/gimnasticdetarragona.cat\/es\/vino-1886-nastic-padro-i-familia\/#primaryimage"},"thumbnailUrl":"https:\/\/gimnasticdetarragona.cat\/wp-content\/uploads\/2022\/12\/IMG_5707-scaled.jpg","articleSection":["Actualidad","Afici\u00f3n","Agenda Social","Social","Tienda"],"inLanguage":"es"},{"@type":"WebPage","@id":"https:\/\/gimnasticdetarragona.cat\/es\/vino-1886-nastic-padro-i-familia\/","url":"https:\/\/gimnasticdetarragona.cat\/es\/vino-1886-nastic-padro-i-familia\/","name":"Vino 1886, N\u00e0stic \u2013 Padr\u00f3 i Fam\u00edlia - Gimn\u00e0stic de Tarragona SAD","isPartOf":{"@id":"https:\/\/gimnasticdetarragona.cat\/es\/#website"},"primaryImageOfPage":{"@id":"https:\/\/gimnasticdetarragona.cat\/es\/vino-1886-nastic-padro-i-familia\/#primaryimage"},"image":{"@id":"https:\/\/gimnasticdetarragona.cat\/es\/vino-1886-nastic-padro-i-familia\/#primaryimage"},"thumbnailUrl":"https:\/\/gimnasticdetarragona.cat\/wp-content\/uploads\/2022\/12\/IMG_5707-scaled.jpg","datePublished":"2022-12-05T18:17:16+00:00","dateModified":"2022-12-09T19:08:38+00:00","breadcrumb":{"@id":"https:\/\/gimnasticdetarragona.cat\/es\/vino-1886-nastic-padro-i-familia\/#breadcrumb"},"inLanguage":"es","potentialAction":[{"@type":"ReadAction","target":["https:\/\/gimnasticdetarragona.cat\/es\/vino-1886-nastic-padro-i-familia\/"]}]},{"@type":"ImageObject","inLanguage":"es","@id":"https:\/\/gimnasticdetarragona.cat\/es\/vino-1886-nastic-padro-i-familia\/#primaryimage","url":"https:\/\/gimnasticdetarragona.cat\/wp-content\/uploads\/2022\/12\/IMG_5707-scaled.jpg","contentUrl":"https:\/\/gimnasticdetarragona.cat\/wp-content\/uploads\/2022\/12\/IMG_5707-scaled.jpg","width":2560,"height":1990},{"@type":"BreadcrumbList","@id":"https:\/\/gimnasticdetarragona.cat\/es\/vino-1886-nastic-padro-i-familia\/#breadcrumb","itemListElement":[{"@type":"ListItem","position":1,"name":"Inici","item":"https:\/\/gimnasticdetarragona.cat\/es\/nastic\/"},{"@type":"ListItem","position":2,"name":"Vino 1886, N\u00e0stic \u2013 Padr\u00f3 i Fam\u00edlia"}]},{"@type":"WebSite","@id":"https:\/\/gimnasticdetarragona.cat\/es\/#website","url":"https:\/\/gimnasticdetarragona.cat\/es\/","name":"Gimn\u00e0stic de Tarragona SAD","description":"Gimn\u00e0stic de Tarragona","publisher":{"@id":"https:\/\/gimnasticdetarragona.cat\/es\/#organization"},"potentialAction":[{"@type":"SearchAction","target":{"@type":"EntryPoint","urlTemplate":"https:\/\/gimnasticdetarragona.cat\/es\/?s={search_term_string}"},"query-input":{"@type":"PropertyValueSpecification","valueRequired":true,"valueName":"search_term_string"}}],"inLanguage":"es"},{"@type":"Organization","@id":"https:\/\/gimnasticdetarragona.cat\/es\/#organization","name":"GIMN\u00c0STIC DE TARRAGONA","alternateName":"N\u00c0STIC","url":"https:\/\/gimnasticdetarragona.cat\/es\/","logo":{"@type":"ImageObject","inLanguage":"es","@id":"https:\/\/gimnasticdetarragona.cat\/es\/#\/schema\/logo\/image\/","url":"https:\/\/gimnasticdetarragona.cat\/wp-content\/uploads\/2022\/06\/cropped-logo-gimnastic.png","contentUrl":"https:\/\/gimnasticdetarragona.cat\/wp-content\/uploads\/2022\/06\/cropped-logo-gimnastic.png","width":224,"height":83,"caption":"GIMN\u00c0STIC DE TARRAGONA"},"image":{"@id":"https:\/\/gimnasticdetarragona.cat\/es\/#\/schema\/logo\/image\/"},"sameAs":["https:\/\/x.com\/NASTICTARRAGONA","https:\/\/www.instagram.com\/nastictarragona\/"]},{"@type":"Person","@id":"https:\/\/gimnasticdetarragona.cat\/es\/#\/schema\/person\/dcfbe6a395728996c090aba1d1aa7ee9","name":"Adrian"}]}},"_links":{"self":[{"href":"https:\/\/gimnasticdetarragona.cat\/es\/wp-json\/wp\/v2\/posts\/89951","targetHints":{"allow":["GET"]}}],"collection":[{"href":"https:\/\/gimnasticdetarragona.cat\/es\/wp-json\/wp\/v2\/posts"}],"about":[{"href":"https:\/\/gimnasticdetarragona.cat\/es\/wp-json\/wp\/v2\/types\/post"}],"author":[{"embeddable":true,"href":"https:\/\/gimnasticdetarragona.cat\/es\/wp-json\/wp\/v2\/users\/6"}],"replies":[{"embeddable":true,"href":"https:\/\/gimnasticdetarragona.cat\/es\/wp-json\/wp\/v2\/comments?post=89951"}],"version-history":[{"count":0,"href":"https:\/\/gimnasticdetarragona.cat\/es\/wp-json\/wp\/v2\/posts\/89951\/revisions"}],"wp:featuredmedia":[{"embeddable":true,"href":"https:\/\/gimnasticdetarragona.cat\/es\/wp-json\/wp\/v2\/media\/89948"}],"wp:attachment":[{"href":"https:\/\/gimnasticdetarragona.cat\/es\/wp-json\/wp\/v2\/media?parent=89951"}],"wp:term":[{"taxonomy":"category","embeddable":true,"href":"https:\/\/gimnasticdetarragona.cat\/es\/wp-json\/wp\/v2\/categories?post=89951"},{"taxonomy":"post_tag","embeddable":true,"href":"https:\/\/gimnasticdetarragona.cat\/es\/wp-json\/wp\/v2\/tags?post=89951"}],"curies":[{"name":"wp","href":"https:\/\/api.w.org\/{rel}","templated":true}]}}