{"id":90856,"date":"2023-01-25T18:17:03","date_gmt":"2023-01-25T17:17:03","guid":{"rendered":"https:\/\/web.gimnasticdetarragona.cat\/tot-a-punt-pel-xxxix-cros-nastic-ciutat-de-tarragona\/"},"modified":"2023-01-25T18:21:20","modified_gmt":"2023-01-25T17:21:20","slug":"tot-a-punt-pel-xxxix-cros-nastic-ciutat-de-tarragona","status":"publish","type":"post","link":"https:\/\/gimnasticdetarragona.cat\/es\/tot-a-punt-pel-xxxix-cros-nastic-ciutat-de-tarragona\/","title":{"rendered":"Todo listo para el XXXIX Cros N\u00e0stic Ciutat de Tarragona"},"content":{"rendered":"\n<p>El Gimn\u00e0stic de Tarragona ha presentado este mediod\u00eda el XXXIX Cros N\u00e0stic Ciutat de Tarragona, carrera que se disputar\u00e1 este pr\u00f3ximo domingo d\u00eda 29 de enero, a partir de las 9.45 h, en la Anella Mediterr\u00e0nia de Camp Clar.<\/p>\n\n\n\n<p>Esta nueva edici\u00f3n del Cros volver\u00e1 a ser un gran evento deportivo y social que se desarrollar\u00e1 el domingo a partir de las 9.45 horas y hasta las 13 h, cuando tendr\u00e1n lugar las salidas en categor\u00eda mini con recorridos de 200 metros. Todos los corredores recibir\u00e1n un gymsac con productos de patrocinadores. Adem\u00e1s, hay m\u00e1s de 60 premios por los respectivos ganadores y todos los escolares que competir\u00e1n en categor\u00eda mini recibir\u00e1n medalla.<\/p>\n\n\n\n<p>En esta 39 edici\u00f3n, los m\u00e1s de 500 inscritos lo har\u00e1n totalmente gratis y competir\u00e1n con amigos y\/o familiares para disfrutar del deporte conjuntamente.<\/p>\n\n\n\n<p>Los encargados de presentar la carrera han sido (foto, de izquierda a derecha): el responsable de RSC del Gimn\u00e0stic de Tarragona, Sr. Jose Maria Andreu Sol\u00e9; la vicepresidenta Institucional del Consell Esportiu del Tarragon\u00e8s, D\u00aa. Rosa S\u00e1nchez; la consejera de Deportes del Ajuntament de Tarragona, D\u00aa. Mary L\u00f3pez; el director del Cros grana, Sr. Sebasti\u00e1n Giralt; la presidenta del Consell Esportiu del Tarragon\u00e8s, D\u00aa. Estefan\u00eda Serrano; y responsable de la organizaci\u00f3n de la carrera, Sr. Jordi Ruiz.<\/p>\n\n\n\n<p>La presente edici\u00f3n de la carrera est\u00e1 organizada por el Gimn\u00e0stic de Tarragona y cuenta con la colaboraci\u00f3n del Consell Esportiu del Tarragon\u00e8s, la Generalitat de Catalu\u00f1a, la Diputaci\u00f3n de Tarragona, el Patronat Municipal de Deportes de Tarragona y el Ajuntament de Tarragona. Los patrocinadores oficiales son Port de Tarragona y Salting Tarraco.<\/p>\n","protected":false},"excerpt":{"rendered":"<p>M\u00e1s de 500 inscritos en la carrera del domingo en la Anella Mediterr\u00e0nia<\/p>\n","protected":false},"author":6,"featured_media":90854,"comment_status":"open","ping_status":"open","sticky":false,"template":"","format":"standard","meta":{"_acf_changed":false,"footnotes":""},"categories":[113],"tags":[],"class_list":["post-90856","post","type-post","status-publish","format-standard","has-post-thumbnail","hentry","category-actualidad"],"acf":[],"yoast_head":"<!-- This site is optimized with the Yoast SEO plugin v27.3 - https:\/\/yoast.com\/product\/yoast-seo-wordpress\/ -->\n<title>Todo listo para el XXXIX Cros N\u00e0stic Ciutat de Tarragona - Gimn\u00e0stic de Tarragona SAD<\/title>\n<meta name=\"robots\" content=\"index, follow, max-snippet:-1, max-image-preview:large, max-video-preview:-1\" \/>\n<link rel=\"canonical\" href=\"https:\/\/gimnasticdetarragona.cat\/es\/tot-a-punt-pel-xxxix-cros-nastic-ciutat-de-tarragona\/\" \/>\n<meta property=\"og:locale\" content=\"es_ES\" \/>\n<meta property=\"og:type\" content=\"article\" \/>\n<meta property=\"og:title\" content=\"Todo listo para el XXXIX Cros N\u00e0stic Ciutat de Tarragona - Gimn\u00e0stic de Tarragona SAD\" \/>\n<meta property=\"og:description\" content=\"M\u00e1s de 500 inscritos en la carrera del domingo en la Anella Mediterr\u00e0nia\" \/>\n<meta property=\"og:url\" content=\"https:\/\/gimnasticdetarragona.cat\/es\/tot-a-punt-pel-xxxix-cros-nastic-ciutat-de-tarragona\/\" \/>\n<meta property=\"og:site_name\" content=\"Gimn\u00e0stic de Tarragona SAD\" \/>\n<meta property=\"article:published_time\" content=\"2023-01-25T17:17:03+00:00\" \/>\n<meta property=\"article:modified_time\" content=\"2023-01-25T17:21:20+00:00\" \/>\n<meta property=\"og:image\" content=\"https:\/\/gimnasticdetarragona.cat\/wp-content\/uploads\/2023\/01\/web-cursa-scaled.jpg\" \/>\n\t<meta property=\"og:image:width\" content=\"2560\" \/>\n\t<meta property=\"og:image:height\" content=\"1593\" \/>\n\t<meta property=\"og:image:type\" content=\"image\/jpeg\" \/>\n<meta name=\"author\" content=\"Adrian\" \/>\n<meta name=\"twitter:card\" content=\"summary_large_image\" \/>\n<meta name=\"twitter:creator\" content=\"@NASTICTARRAGONA\" \/>\n<meta name=\"twitter:site\" content=\"@NASTICTARRAGONA\" \/>\n<meta name=\"twitter:label1\" content=\"Escrito por\" \/>\n\t<meta name=\"twitter:data1\" content=\"Adrian\" \/>\n\t<meta name=\"twitter:label2\" content=\"Tiempo de lectura\" \/>\n\t<meta name=\"twitter:data2\" content=\"1 minuto\" \/>\n<script type=\"application\/ld+json\" class=\"yoast-schema-graph\">{\"@context\":\"https:\\\/\\\/schema.org\",\"@graph\":[{\"@type\":\"Article\",\"@id\":\"https:\\\/\\\/gimnasticdetarragona.cat\\\/es\\\/tot-a-punt-pel-xxxix-cros-nastic-ciutat-de-tarragona\\\/#article\",\"isPartOf\":{\"@id\":\"https:\\\/\\\/gimnasticdetarragona.cat\\\/es\\\/tot-a-punt-pel-xxxix-cros-nastic-ciutat-de-tarragona\\\/\"},\"author\":{\"name\":\"Adrian\",\"@id\":\"https:\\\/\\\/gimnasticdetarragona.cat\\\/es\\\/#\\\/schema\\\/person\\\/dcfbe6a395728996c090aba1d1aa7ee9\"},\"headline\":\"Todo listo para el XXXIX Cros N\u00e0stic Ciutat de Tarragona\",\"datePublished\":\"2023-01-25T17:17:03+00:00\",\"dateModified\":\"2023-01-25T17:21:20+00:00\",\"mainEntityOfPage\":{\"@id\":\"https:\\\/\\\/gimnasticdetarragona.cat\\\/es\\\/tot-a-punt-pel-xxxix-cros-nastic-ciutat-de-tarragona\\\/\"},\"wordCount\":304,\"commentCount\":0,\"publisher\":{\"@id\":\"https:\\\/\\\/gimnasticdetarragona.cat\\\/es\\\/#organization\"},\"image\":{\"@id\":\"https:\\\/\\\/gimnasticdetarragona.cat\\\/es\\\/tot-a-punt-pel-xxxix-cros-nastic-ciutat-de-tarragona\\\/#primaryimage\"},\"thumbnailUrl\":\"https:\\\/\\\/gimnasticdetarragona.cat\\\/wp-content\\\/uploads\\\/2023\\\/01\\\/web-cursa-scaled.jpg\",\"articleSection\":[\"Actualidad\"],\"inLanguage\":\"es\"},{\"@type\":\"WebPage\",\"@id\":\"https:\\\/\\\/gimnasticdetarragona.cat\\\/es\\\/tot-a-punt-pel-xxxix-cros-nastic-ciutat-de-tarragona\\\/\",\"url\":\"https:\\\/\\\/gimnasticdetarragona.cat\\\/es\\\/tot-a-punt-pel-xxxix-cros-nastic-ciutat-de-tarragona\\\/\",\"name\":\"Todo listo para el XXXIX Cros N\u00e0stic Ciutat de Tarragona - Gimn\u00e0stic de Tarragona SAD\",\"isPartOf\":{\"@id\":\"https:\\\/\\\/gimnasticdetarragona.cat\\\/es\\\/#website\"},\"primaryImageOfPage\":{\"@id\":\"https:\\\/\\\/gimnasticdetarragona.cat\\\/es\\\/tot-a-punt-pel-xxxix-cros-nastic-ciutat-de-tarragona\\\/#primaryimage\"},\"image\":{\"@id\":\"https:\\\/\\\/gimnasticdetarragona.cat\\\/es\\\/tot-a-punt-pel-xxxix-cros-nastic-ciutat-de-tarragona\\\/#primaryimage\"},\"thumbnailUrl\":\"https:\\\/\\\/gimnasticdetarragona.cat\\\/wp-content\\\/uploads\\\/2023\\\/01\\\/web-cursa-scaled.jpg\",\"datePublished\":\"2023-01-25T17:17:03+00:00\",\"dateModified\":\"2023-01-25T17:21:20+00:00\",\"breadcrumb\":{\"@id\":\"https:\\\/\\\/gimnasticdetarragona.cat\\\/es\\\/tot-a-punt-pel-xxxix-cros-nastic-ciutat-de-tarragona\\\/#breadcrumb\"},\"inLanguage\":\"es\",\"potentialAction\":[{\"@type\":\"ReadAction\",\"target\":[\"https:\\\/\\\/gimnasticdetarragona.cat\\\/es\\\/tot-a-punt-pel-xxxix-cros-nastic-ciutat-de-tarragona\\\/\"]}]},{\"@type\":\"ImageObject\",\"inLanguage\":\"es\",\"@id\":\"https:\\\/\\\/gimnasticdetarragona.cat\\\/es\\\/tot-a-punt-pel-xxxix-cros-nastic-ciutat-de-tarragona\\\/#primaryimage\",\"url\":\"https:\\\/\\\/gimnasticdetarragona.cat\\\/wp-content\\\/uploads\\\/2023\\\/01\\\/web-cursa-scaled.jpg\",\"contentUrl\":\"https:\\\/\\\/gimnasticdetarragona.cat\\\/wp-content\\\/uploads\\\/2023\\\/01\\\/web-cursa-scaled.jpg\",\"width\":2560,\"height\":1593},{\"@type\":\"BreadcrumbList\",\"@id\":\"https:\\\/\\\/gimnasticdetarragona.cat\\\/es\\\/tot-a-punt-pel-xxxix-cros-nastic-ciutat-de-tarragona\\\/#breadcrumb\",\"itemListElement\":[{\"@type\":\"ListItem\",\"position\":1,\"name\":\"Inici\",\"item\":\"https:\\\/\\\/gimnasticdetarragona.cat\\\/es\\\/nastic\\\/\"},{\"@type\":\"ListItem\",\"position\":2,\"name\":\"Todo listo para el XXXIX Cros N\u00e0stic Ciutat de Tarragona\"}]},{\"@type\":\"WebSite\",\"@id\":\"https:\\\/\\\/gimnasticdetarragona.cat\\\/es\\\/#website\",\"url\":\"https:\\\/\\\/gimnasticdetarragona.cat\\\/es\\\/\",\"name\":\"Gimn\u00e0stic de Tarragona SAD\",\"description\":\"Gimn\u00e0stic de Tarragona\",\"publisher\":{\"@id\":\"https:\\\/\\\/gimnasticdetarragona.cat\\\/es\\\/#organization\"},\"potentialAction\":[{\"@type\":\"SearchAction\",\"target\":{\"@type\":\"EntryPoint\",\"urlTemplate\":\"https:\\\/\\\/gimnasticdetarragona.cat\\\/es\\\/?s={search_term_string}\"},\"query-input\":{\"@type\":\"PropertyValueSpecification\",\"valueRequired\":true,\"valueName\":\"search_term_string\"}}],\"inLanguage\":\"es\"},{\"@type\":\"Organization\",\"@id\":\"https:\\\/\\\/gimnasticdetarragona.cat\\\/es\\\/#organization\",\"name\":\"GIMN\u00c0STIC DE TARRAGONA\",\"alternateName\":\"N\u00c0STIC\",\"url\":\"https:\\\/\\\/gimnasticdetarragona.cat\\\/es\\\/\",\"logo\":{\"@type\":\"ImageObject\",\"inLanguage\":\"es\",\"@id\":\"https:\\\/\\\/gimnasticdetarragona.cat\\\/es\\\/#\\\/schema\\\/logo\\\/image\\\/\",\"url\":\"https:\\\/\\\/gimnasticdetarragona.cat\\\/wp-content\\\/uploads\\\/2022\\\/06\\\/cropped-logo-gimnastic.png\",\"contentUrl\":\"https:\\\/\\\/gimnasticdetarragona.cat\\\/wp-content\\\/uploads\\\/2022\\\/06\\\/cropped-logo-gimnastic.png\",\"width\":224,\"height\":83,\"caption\":\"GIMN\u00c0STIC DE TARRAGONA\"},\"image\":{\"@id\":\"https:\\\/\\\/gimnasticdetarragona.cat\\\/es\\\/#\\\/schema\\\/logo\\\/image\\\/\"},\"sameAs\":[\"https:\\\/\\\/x.com\\\/NASTICTARRAGONA\",\"https:\\\/\\\/www.instagram.com\\\/nastictarragona\\\/\"]},{\"@type\":\"Person\",\"@id\":\"https:\\\/\\\/gimnasticdetarragona.cat\\\/es\\\/#\\\/schema\\\/person\\\/dcfbe6a395728996c090aba1d1aa7ee9\",\"name\":\"Adrian\"}]}<\/script>\n<!-- \/ Yoast SEO plugin. -->","yoast_head_json":{"title":"Todo listo para el XXXIX Cros N\u00e0stic Ciutat de Tarragona - Gimn\u00e0stic de Tarragona SAD","robots":{"index":"index","follow":"follow","max-snippet":"max-snippet:-1","max-image-preview":"max-image-preview:large","max-video-preview":"max-video-preview:-1"},"canonical":"https:\/\/gimnasticdetarragona.cat\/es\/tot-a-punt-pel-xxxix-cros-nastic-ciutat-de-tarragona\/","og_locale":"es_ES","og_type":"article","og_title":"Todo listo para el XXXIX Cros N\u00e0stic Ciutat de Tarragona - Gimn\u00e0stic de Tarragona SAD","og_description":"M\u00e1s de 500 inscritos en la carrera del domingo en la Anella Mediterr\u00e0nia","og_url":"https:\/\/gimnasticdetarragona.cat\/es\/tot-a-punt-pel-xxxix-cros-nastic-ciutat-de-tarragona\/","og_site_name":"Gimn\u00e0stic de Tarragona SAD","article_published_time":"2023-01-25T17:17:03+00:00","article_modified_time":"2023-01-25T17:21:20+00:00","og_image":[{"width":2560,"height":1593,"url":"https:\/\/gimnasticdetarragona.cat\/wp-content\/uploads\/2023\/01\/web-cursa-scaled.jpg","type":"image\/jpeg"}],"author":"Adrian","twitter_card":"summary_large_image","twitter_creator":"@NASTICTARRAGONA","twitter_site":"@NASTICTARRAGONA","twitter_misc":{"Escrito por":"Adrian","Tiempo de lectura":"1 minuto"},"schema":{"@context":"https:\/\/schema.org","@graph":[{"@type":"Article","@id":"https:\/\/gimnasticdetarragona.cat\/es\/tot-a-punt-pel-xxxix-cros-nastic-ciutat-de-tarragona\/#article","isPartOf":{"@id":"https:\/\/gimnasticdetarragona.cat\/es\/tot-a-punt-pel-xxxix-cros-nastic-ciutat-de-tarragona\/"},"author":{"name":"Adrian","@id":"https:\/\/gimnasticdetarragona.cat\/es\/#\/schema\/person\/dcfbe6a395728996c090aba1d1aa7ee9"},"headline":"Todo listo para el XXXIX Cros N\u00e0stic Ciutat de Tarragona","datePublished":"2023-01-25T17:17:03+00:00","dateModified":"2023-01-25T17:21:20+00:00","mainEntityOfPage":{"@id":"https:\/\/gimnasticdetarragona.cat\/es\/tot-a-punt-pel-xxxix-cros-nastic-ciutat-de-tarragona\/"},"wordCount":304,"commentCount":0,"publisher":{"@id":"https:\/\/gimnasticdetarragona.cat\/es\/#organization"},"image":{"@id":"https:\/\/gimnasticdetarragona.cat\/es\/tot-a-punt-pel-xxxix-cros-nastic-ciutat-de-tarragona\/#primaryimage"},"thumbnailUrl":"https:\/\/gimnasticdetarragona.cat\/wp-content\/uploads\/2023\/01\/web-cursa-scaled.jpg","articleSection":["Actualidad"],"inLanguage":"es"},{"@type":"WebPage","@id":"https:\/\/gimnasticdetarragona.cat\/es\/tot-a-punt-pel-xxxix-cros-nastic-ciutat-de-tarragona\/","url":"https:\/\/gimnasticdetarragona.cat\/es\/tot-a-punt-pel-xxxix-cros-nastic-ciutat-de-tarragona\/","name":"Todo listo para el XXXIX Cros N\u00e0stic Ciutat de Tarragona - Gimn\u00e0stic de Tarragona SAD","isPartOf":{"@id":"https:\/\/gimnasticdetarragona.cat\/es\/#website"},"primaryImageOfPage":{"@id":"https:\/\/gimnasticdetarragona.cat\/es\/tot-a-punt-pel-xxxix-cros-nastic-ciutat-de-tarragona\/#primaryimage"},"image":{"@id":"https:\/\/gimnasticdetarragona.cat\/es\/tot-a-punt-pel-xxxix-cros-nastic-ciutat-de-tarragona\/#primaryimage"},"thumbnailUrl":"https:\/\/gimnasticdetarragona.cat\/wp-content\/uploads\/2023\/01\/web-cursa-scaled.jpg","datePublished":"2023-01-25T17:17:03+00:00","dateModified":"2023-01-25T17:21:20+00:00","breadcrumb":{"@id":"https:\/\/gimnasticdetarragona.cat\/es\/tot-a-punt-pel-xxxix-cros-nastic-ciutat-de-tarragona\/#breadcrumb"},"inLanguage":"es","potentialAction":[{"@type":"ReadAction","target":["https:\/\/gimnasticdetarragona.cat\/es\/tot-a-punt-pel-xxxix-cros-nastic-ciutat-de-tarragona\/"]}]},{"@type":"ImageObject","inLanguage":"es","@id":"https:\/\/gimnasticdetarragona.cat\/es\/tot-a-punt-pel-xxxix-cros-nastic-ciutat-de-tarragona\/#primaryimage","url":"https:\/\/gimnasticdetarragona.cat\/wp-content\/uploads\/2023\/01\/web-cursa-scaled.jpg","contentUrl":"https:\/\/gimnasticdetarragona.cat\/wp-content\/uploads\/2023\/01\/web-cursa-scaled.jpg","width":2560,"height":1593},{"@type":"BreadcrumbList","@id":"https:\/\/gimnasticdetarragona.cat\/es\/tot-a-punt-pel-xxxix-cros-nastic-ciutat-de-tarragona\/#breadcrumb","itemListElement":[{"@type":"ListItem","position":1,"name":"Inici","item":"https:\/\/gimnasticdetarragona.cat\/es\/nastic\/"},{"@type":"ListItem","position":2,"name":"Todo listo para el XXXIX Cros N\u00e0stic Ciutat de Tarragona"}]},{"@type":"WebSite","@id":"https:\/\/gimnasticdetarragona.cat\/es\/#website","url":"https:\/\/gimnasticdetarragona.cat\/es\/","name":"Gimn\u00e0stic de Tarragona SAD","description":"Gimn\u00e0stic de Tarragona","publisher":{"@id":"https:\/\/gimnasticdetarragona.cat\/es\/#organization"},"potentialAction":[{"@type":"SearchAction","target":{"@type":"EntryPoint","urlTemplate":"https:\/\/gimnasticdetarragona.cat\/es\/?s={search_term_string}"},"query-input":{"@type":"PropertyValueSpecification","valueRequired":true,"valueName":"search_term_string"}}],"inLanguage":"es"},{"@type":"Organization","@id":"https:\/\/gimnasticdetarragona.cat\/es\/#organization","name":"GIMN\u00c0STIC DE TARRAGONA","alternateName":"N\u00c0STIC","url":"https:\/\/gimnasticdetarragona.cat\/es\/","logo":{"@type":"ImageObject","inLanguage":"es","@id":"https:\/\/gimnasticdetarragona.cat\/es\/#\/schema\/logo\/image\/","url":"https:\/\/gimnasticdetarragona.cat\/wp-content\/uploads\/2022\/06\/cropped-logo-gimnastic.png","contentUrl":"https:\/\/gimnasticdetarragona.cat\/wp-content\/uploads\/2022\/06\/cropped-logo-gimnastic.png","width":224,"height":83,"caption":"GIMN\u00c0STIC DE TARRAGONA"},"image":{"@id":"https:\/\/gimnasticdetarragona.cat\/es\/#\/schema\/logo\/image\/"},"sameAs":["https:\/\/x.com\/NASTICTARRAGONA","https:\/\/www.instagram.com\/nastictarragona\/"]},{"@type":"Person","@id":"https:\/\/gimnasticdetarragona.cat\/es\/#\/schema\/person\/dcfbe6a395728996c090aba1d1aa7ee9","name":"Adrian"}]}},"_links":{"self":[{"href":"https:\/\/gimnasticdetarragona.cat\/es\/wp-json\/wp\/v2\/posts\/90856","targetHints":{"allow":["GET"]}}],"collection":[{"href":"https:\/\/gimnasticdetarragona.cat\/es\/wp-json\/wp\/v2\/posts"}],"about":[{"href":"https:\/\/gimnasticdetarragona.cat\/es\/wp-json\/wp\/v2\/types\/post"}],"author":[{"embeddable":true,"href":"https:\/\/gimnasticdetarragona.cat\/es\/wp-json\/wp\/v2\/users\/6"}],"replies":[{"embeddable":true,"href":"https:\/\/gimnasticdetarragona.cat\/es\/wp-json\/wp\/v2\/comments?post=90856"}],"version-history":[{"count":0,"href":"https:\/\/gimnasticdetarragona.cat\/es\/wp-json\/wp\/v2\/posts\/90856\/revisions"}],"wp:featuredmedia":[{"embeddable":true,"href":"https:\/\/gimnasticdetarragona.cat\/es\/wp-json\/wp\/v2\/media\/90854"}],"wp:attachment":[{"href":"https:\/\/gimnasticdetarragona.cat\/es\/wp-json\/wp\/v2\/media?parent=90856"}],"wp:term":[{"taxonomy":"category","embeddable":true,"href":"https:\/\/gimnasticdetarragona.cat\/es\/wp-json\/wp\/v2\/categories?post=90856"},{"taxonomy":"post_tag","embeddable":true,"href":"https:\/\/gimnasticdetarragona.cat\/es\/wp-json\/wp\/v2\/tags?post=90856"}],"curies":[{"name":"wp","href":"https:\/\/api.w.org\/{rel}","templated":true}]}}