{"id":92099,"date":"2023-07-05T13:32:52","date_gmt":"2023-07-05T11:32:52","guid":{"rendered":"https:\/\/web.gimnasticdetarragona.cat\/nastic-i-grup-ag-planning-renoven-la-confianca\/"},"modified":"2023-07-06T14:32:35","modified_gmt":"2023-07-06T12:32:35","slug":"nastic-i-grup-ag-planning-renoven-la-confianca","status":"publish","type":"post","link":"https:\/\/gimnasticdetarragona.cat\/es\/nastic-i-grup-ag-planning-renoven-la-confianca\/","title":{"rendered":"N\u00e0stic i Grup AG Planning renuevan la confianza"},"content":{"rendered":"\n<p>El Gimn\u00e0stic de Tarragona y el Grup AG Planning, empresa l\u00edder en la organizaci\u00f3n de cualquier tipo de evento y gesti\u00f3n de espacios singulares del territorio, continuar\u00e1n colaborando, como m\u00ednimo, dos campa\u00f1as deportivas m\u00e1s.<\/p>\n\n\n\n<p>Este v\u00ednculo, iniciado en 2017, continuar\u00e1 enlazando a dos entidades referentes en el territorio; en este caso, con el grupo l\u00edder en el sector servicios y la restauraci\u00f3n que pone en valor los espacios m\u00e1s emblem\u00e1ticos y singulares de Tarragona.<\/p>\n\n\n\n<p>El presidente de la entidad grana, Josep Maria Andreu; la directora general del Grupo AG Planning, Ana Ibars; y el director financiero, Juan Manuel Gonz\u00e1lez, han sido los encargados de sellar el nuevo convenio en el Nou Estadi Costa Daurada, uno de los espacios con presencia fija de la empresa tarraconense.<\/p>\n\n\n\n<p>El&nbsp;Grupo AG Planning&nbsp;es miembro del Club Empresa desde 2017 y se trata de uno de los partners m\u00e1s especiales ya que sus oficinas est\u00e1n situadas en la Casa Joan Miret de la Rambla Nova de Tarragona, antiguas oficinas del Club Gimn\u00e0stic durante muchos a\u00f1os, y que siempre es especial realizar cualquier tipo de encuentro y evento, as\u00ed como en cualquier otro de los espacios singulares que el Grupo AG Planning gestiona en el territorio.<\/p>\n","protected":false},"excerpt":{"rendered":"<p>Nuevo acuerdo por dos temporadas m\u00e1s<\/p>\n","protected":false},"author":7,"featured_media":92098,"comment_status":"open","ping_status":"open","sticky":false,"template":"","format":"standard","meta":{"_acf_changed":false,"footnotes":""},"categories":[113],"tags":[],"class_list":["post-92099","post","type-post","status-publish","format-standard","has-post-thumbnail","hentry","category-actualidad"],"acf":[],"yoast_head":"<!-- This site is optimized with the Yoast SEO plugin v27.3 - https:\/\/yoast.com\/product\/yoast-seo-wordpress\/ -->\n<title>N\u00e0stic i Grup AG Planning renuevan la confianza - Gimn\u00e0stic de Tarragona SAD<\/title>\n<meta name=\"robots\" content=\"index, follow, max-snippet:-1, max-image-preview:large, max-video-preview:-1\" \/>\n<link rel=\"canonical\" href=\"https:\/\/gimnasticdetarragona.cat\/es\/nastic-i-grup-ag-planning-renoven-la-confianca\/\" \/>\n<meta property=\"og:locale\" content=\"es_ES\" \/>\n<meta property=\"og:type\" content=\"article\" \/>\n<meta property=\"og:title\" content=\"N\u00e0stic i Grup AG Planning renuevan la confianza - Gimn\u00e0stic de Tarragona SAD\" \/>\n<meta property=\"og:description\" content=\"Nuevo acuerdo por dos temporadas m\u00e1s\" \/>\n<meta property=\"og:url\" content=\"https:\/\/gimnasticdetarragona.cat\/es\/nastic-i-grup-ag-planning-renoven-la-confianca\/\" \/>\n<meta property=\"og:site_name\" content=\"Gimn\u00e0stic de Tarragona SAD\" \/>\n<meta property=\"article:published_time\" content=\"2023-07-05T11:32:52+00:00\" \/>\n<meta property=\"article:modified_time\" content=\"2023-07-06T12:32:35+00:00\" \/>\n<meta property=\"og:image\" content=\"https:\/\/gimnasticdetarragona.cat\/wp-content\/uploads\/2023\/07\/IMG_3616-1024x683-1.jpg\" \/>\n\t<meta property=\"og:image:width\" content=\"1024\" \/>\n\t<meta property=\"og:image:height\" content=\"683\" \/>\n\t<meta property=\"og:image:type\" content=\"image\/jpeg\" \/>\n<meta name=\"author\" content=\"Comunicacion\" \/>\n<meta name=\"twitter:card\" content=\"summary_large_image\" \/>\n<meta name=\"twitter:creator\" content=\"@NASTICTARRAGONA\" \/>\n<meta name=\"twitter:site\" content=\"@NASTICTARRAGONA\" \/>\n<meta name=\"twitter:label1\" content=\"Escrito por\" \/>\n\t<meta name=\"twitter:data1\" content=\"Comunicacion\" \/>\n\t<meta name=\"twitter:label2\" content=\"Tiempo de lectura\" \/>\n\t<meta name=\"twitter:data2\" content=\"1 minuto\" \/>\n<script type=\"application\/ld+json\" class=\"yoast-schema-graph\">{\"@context\":\"https:\\\/\\\/schema.org\",\"@graph\":[{\"@type\":\"Article\",\"@id\":\"https:\\\/\\\/gimnasticdetarragona.cat\\\/es\\\/nastic-i-grup-ag-planning-renoven-la-confianca\\\/#article\",\"isPartOf\":{\"@id\":\"https:\\\/\\\/gimnasticdetarragona.cat\\\/es\\\/nastic-i-grup-ag-planning-renoven-la-confianca\\\/\"},\"author\":{\"name\":\"Comunicacion\",\"@id\":\"https:\\\/\\\/gimnasticdetarragona.cat\\\/es\\\/#\\\/schema\\\/person\\\/0a9b7103e7dd73640eb245c4aa4afb8d\"},\"headline\":\"N\u00e0stic i Grup AG Planning renuevan la confianza\",\"datePublished\":\"2023-07-05T11:32:52+00:00\",\"dateModified\":\"2023-07-06T12:32:35+00:00\",\"mainEntityOfPage\":{\"@id\":\"https:\\\/\\\/gimnasticdetarragona.cat\\\/es\\\/nastic-i-grup-ag-planning-renoven-la-confianca\\\/\"},\"wordCount\":228,\"commentCount\":0,\"publisher\":{\"@id\":\"https:\\\/\\\/gimnasticdetarragona.cat\\\/es\\\/#organization\"},\"image\":{\"@id\":\"https:\\\/\\\/gimnasticdetarragona.cat\\\/es\\\/nastic-i-grup-ag-planning-renoven-la-confianca\\\/#primaryimage\"},\"thumbnailUrl\":\"https:\\\/\\\/gimnasticdetarragona.cat\\\/wp-content\\\/uploads\\\/2023\\\/07\\\/IMG_3616-1024x683-1.jpg\",\"articleSection\":[\"Actualidad\"],\"inLanguage\":\"es\"},{\"@type\":\"WebPage\",\"@id\":\"https:\\\/\\\/gimnasticdetarragona.cat\\\/es\\\/nastic-i-grup-ag-planning-renoven-la-confianca\\\/\",\"url\":\"https:\\\/\\\/gimnasticdetarragona.cat\\\/es\\\/nastic-i-grup-ag-planning-renoven-la-confianca\\\/\",\"name\":\"N\u00e0stic i Grup AG Planning renuevan la confianza - Gimn\u00e0stic de Tarragona SAD\",\"isPartOf\":{\"@id\":\"https:\\\/\\\/gimnasticdetarragona.cat\\\/es\\\/#website\"},\"primaryImageOfPage\":{\"@id\":\"https:\\\/\\\/gimnasticdetarragona.cat\\\/es\\\/nastic-i-grup-ag-planning-renoven-la-confianca\\\/#primaryimage\"},\"image\":{\"@id\":\"https:\\\/\\\/gimnasticdetarragona.cat\\\/es\\\/nastic-i-grup-ag-planning-renoven-la-confianca\\\/#primaryimage\"},\"thumbnailUrl\":\"https:\\\/\\\/gimnasticdetarragona.cat\\\/wp-content\\\/uploads\\\/2023\\\/07\\\/IMG_3616-1024x683-1.jpg\",\"datePublished\":\"2023-07-05T11:32:52+00:00\",\"dateModified\":\"2023-07-06T12:32:35+00:00\",\"breadcrumb\":{\"@id\":\"https:\\\/\\\/gimnasticdetarragona.cat\\\/es\\\/nastic-i-grup-ag-planning-renoven-la-confianca\\\/#breadcrumb\"},\"inLanguage\":\"es\",\"potentialAction\":[{\"@type\":\"ReadAction\",\"target\":[\"https:\\\/\\\/gimnasticdetarragona.cat\\\/es\\\/nastic-i-grup-ag-planning-renoven-la-confianca\\\/\"]}]},{\"@type\":\"ImageObject\",\"inLanguage\":\"es\",\"@id\":\"https:\\\/\\\/gimnasticdetarragona.cat\\\/es\\\/nastic-i-grup-ag-planning-renoven-la-confianca\\\/#primaryimage\",\"url\":\"https:\\\/\\\/gimnasticdetarragona.cat\\\/wp-content\\\/uploads\\\/2023\\\/07\\\/IMG_3616-1024x683-1.jpg\",\"contentUrl\":\"https:\\\/\\\/gimnasticdetarragona.cat\\\/wp-content\\\/uploads\\\/2023\\\/07\\\/IMG_3616-1024x683-1.jpg\",\"width\":1024,\"height\":683},{\"@type\":\"BreadcrumbList\",\"@id\":\"https:\\\/\\\/gimnasticdetarragona.cat\\\/es\\\/nastic-i-grup-ag-planning-renoven-la-confianca\\\/#breadcrumb\",\"itemListElement\":[{\"@type\":\"ListItem\",\"position\":1,\"name\":\"Inici\",\"item\":\"https:\\\/\\\/gimnasticdetarragona.cat\\\/es\\\/nastic\\\/\"},{\"@type\":\"ListItem\",\"position\":2,\"name\":\"N\u00e0stic i Grup AG Planning renuevan la confianza\"}]},{\"@type\":\"WebSite\",\"@id\":\"https:\\\/\\\/gimnasticdetarragona.cat\\\/es\\\/#website\",\"url\":\"https:\\\/\\\/gimnasticdetarragona.cat\\\/es\\\/\",\"name\":\"Gimn\u00e0stic de Tarragona SAD\",\"description\":\"Gimn\u00e0stic de Tarragona\",\"publisher\":{\"@id\":\"https:\\\/\\\/gimnasticdetarragona.cat\\\/es\\\/#organization\"},\"potentialAction\":[{\"@type\":\"SearchAction\",\"target\":{\"@type\":\"EntryPoint\",\"urlTemplate\":\"https:\\\/\\\/gimnasticdetarragona.cat\\\/es\\\/?s={search_term_string}\"},\"query-input\":{\"@type\":\"PropertyValueSpecification\",\"valueRequired\":true,\"valueName\":\"search_term_string\"}}],\"inLanguage\":\"es\"},{\"@type\":\"Organization\",\"@id\":\"https:\\\/\\\/gimnasticdetarragona.cat\\\/es\\\/#organization\",\"name\":\"GIMN\u00c0STIC DE TARRAGONA\",\"alternateName\":\"N\u00c0STIC\",\"url\":\"https:\\\/\\\/gimnasticdetarragona.cat\\\/es\\\/\",\"logo\":{\"@type\":\"ImageObject\",\"inLanguage\":\"es\",\"@id\":\"https:\\\/\\\/gimnasticdetarragona.cat\\\/es\\\/#\\\/schema\\\/logo\\\/image\\\/\",\"url\":\"https:\\\/\\\/gimnasticdetarragona.cat\\\/wp-content\\\/uploads\\\/2022\\\/06\\\/cropped-logo-gimnastic.png\",\"contentUrl\":\"https:\\\/\\\/gimnasticdetarragona.cat\\\/wp-content\\\/uploads\\\/2022\\\/06\\\/cropped-logo-gimnastic.png\",\"width\":224,\"height\":83,\"caption\":\"GIMN\u00c0STIC DE TARRAGONA\"},\"image\":{\"@id\":\"https:\\\/\\\/gimnasticdetarragona.cat\\\/es\\\/#\\\/schema\\\/logo\\\/image\\\/\"},\"sameAs\":[\"https:\\\/\\\/x.com\\\/NASTICTARRAGONA\",\"https:\\\/\\\/www.instagram.com\\\/nastictarragona\\\/\"]},{\"@type\":\"Person\",\"@id\":\"https:\\\/\\\/gimnasticdetarragona.cat\\\/es\\\/#\\\/schema\\\/person\\\/0a9b7103e7dd73640eb245c4aa4afb8d\",\"name\":\"Comunicacion\"}]}<\/script>\n<!-- \/ Yoast SEO plugin. -->","yoast_head_json":{"title":"N\u00e0stic i Grup AG Planning renuevan la confianza - Gimn\u00e0stic de Tarragona SAD","robots":{"index":"index","follow":"follow","max-snippet":"max-snippet:-1","max-image-preview":"max-image-preview:large","max-video-preview":"max-video-preview:-1"},"canonical":"https:\/\/gimnasticdetarragona.cat\/es\/nastic-i-grup-ag-planning-renoven-la-confianca\/","og_locale":"es_ES","og_type":"article","og_title":"N\u00e0stic i Grup AG Planning renuevan la confianza - Gimn\u00e0stic de Tarragona SAD","og_description":"Nuevo acuerdo por dos temporadas m\u00e1s","og_url":"https:\/\/gimnasticdetarragona.cat\/es\/nastic-i-grup-ag-planning-renoven-la-confianca\/","og_site_name":"Gimn\u00e0stic de Tarragona SAD","article_published_time":"2023-07-05T11:32:52+00:00","article_modified_time":"2023-07-06T12:32:35+00:00","og_image":[{"width":1024,"height":683,"url":"https:\/\/gimnasticdetarragona.cat\/wp-content\/uploads\/2023\/07\/IMG_3616-1024x683-1.jpg","type":"image\/jpeg"}],"author":"Comunicacion","twitter_card":"summary_large_image","twitter_creator":"@NASTICTARRAGONA","twitter_site":"@NASTICTARRAGONA","twitter_misc":{"Escrito por":"Comunicacion","Tiempo de lectura":"1 minuto"},"schema":{"@context":"https:\/\/schema.org","@graph":[{"@type":"Article","@id":"https:\/\/gimnasticdetarragona.cat\/es\/nastic-i-grup-ag-planning-renoven-la-confianca\/#article","isPartOf":{"@id":"https:\/\/gimnasticdetarragona.cat\/es\/nastic-i-grup-ag-planning-renoven-la-confianca\/"},"author":{"name":"Comunicacion","@id":"https:\/\/gimnasticdetarragona.cat\/es\/#\/schema\/person\/0a9b7103e7dd73640eb245c4aa4afb8d"},"headline":"N\u00e0stic i Grup AG Planning renuevan la confianza","datePublished":"2023-07-05T11:32:52+00:00","dateModified":"2023-07-06T12:32:35+00:00","mainEntityOfPage":{"@id":"https:\/\/gimnasticdetarragona.cat\/es\/nastic-i-grup-ag-planning-renoven-la-confianca\/"},"wordCount":228,"commentCount":0,"publisher":{"@id":"https:\/\/gimnasticdetarragona.cat\/es\/#organization"},"image":{"@id":"https:\/\/gimnasticdetarragona.cat\/es\/nastic-i-grup-ag-planning-renoven-la-confianca\/#primaryimage"},"thumbnailUrl":"https:\/\/gimnasticdetarragona.cat\/wp-content\/uploads\/2023\/07\/IMG_3616-1024x683-1.jpg","articleSection":["Actualidad"],"inLanguage":"es"},{"@type":"WebPage","@id":"https:\/\/gimnasticdetarragona.cat\/es\/nastic-i-grup-ag-planning-renoven-la-confianca\/","url":"https:\/\/gimnasticdetarragona.cat\/es\/nastic-i-grup-ag-planning-renoven-la-confianca\/","name":"N\u00e0stic i Grup AG Planning renuevan la confianza - Gimn\u00e0stic de Tarragona SAD","isPartOf":{"@id":"https:\/\/gimnasticdetarragona.cat\/es\/#website"},"primaryImageOfPage":{"@id":"https:\/\/gimnasticdetarragona.cat\/es\/nastic-i-grup-ag-planning-renoven-la-confianca\/#primaryimage"},"image":{"@id":"https:\/\/gimnasticdetarragona.cat\/es\/nastic-i-grup-ag-planning-renoven-la-confianca\/#primaryimage"},"thumbnailUrl":"https:\/\/gimnasticdetarragona.cat\/wp-content\/uploads\/2023\/07\/IMG_3616-1024x683-1.jpg","datePublished":"2023-07-05T11:32:52+00:00","dateModified":"2023-07-06T12:32:35+00:00","breadcrumb":{"@id":"https:\/\/gimnasticdetarragona.cat\/es\/nastic-i-grup-ag-planning-renoven-la-confianca\/#breadcrumb"},"inLanguage":"es","potentialAction":[{"@type":"ReadAction","target":["https:\/\/gimnasticdetarragona.cat\/es\/nastic-i-grup-ag-planning-renoven-la-confianca\/"]}]},{"@type":"ImageObject","inLanguage":"es","@id":"https:\/\/gimnasticdetarragona.cat\/es\/nastic-i-grup-ag-planning-renoven-la-confianca\/#primaryimage","url":"https:\/\/gimnasticdetarragona.cat\/wp-content\/uploads\/2023\/07\/IMG_3616-1024x683-1.jpg","contentUrl":"https:\/\/gimnasticdetarragona.cat\/wp-content\/uploads\/2023\/07\/IMG_3616-1024x683-1.jpg","width":1024,"height":683},{"@type":"BreadcrumbList","@id":"https:\/\/gimnasticdetarragona.cat\/es\/nastic-i-grup-ag-planning-renoven-la-confianca\/#breadcrumb","itemListElement":[{"@type":"ListItem","position":1,"name":"Inici","item":"https:\/\/gimnasticdetarragona.cat\/es\/nastic\/"},{"@type":"ListItem","position":2,"name":"N\u00e0stic i Grup AG Planning renuevan la confianza"}]},{"@type":"WebSite","@id":"https:\/\/gimnasticdetarragona.cat\/es\/#website","url":"https:\/\/gimnasticdetarragona.cat\/es\/","name":"Gimn\u00e0stic de Tarragona SAD","description":"Gimn\u00e0stic de Tarragona","publisher":{"@id":"https:\/\/gimnasticdetarragona.cat\/es\/#organization"},"potentialAction":[{"@type":"SearchAction","target":{"@type":"EntryPoint","urlTemplate":"https:\/\/gimnasticdetarragona.cat\/es\/?s={search_term_string}"},"query-input":{"@type":"PropertyValueSpecification","valueRequired":true,"valueName":"search_term_string"}}],"inLanguage":"es"},{"@type":"Organization","@id":"https:\/\/gimnasticdetarragona.cat\/es\/#organization","name":"GIMN\u00c0STIC DE TARRAGONA","alternateName":"N\u00c0STIC","url":"https:\/\/gimnasticdetarragona.cat\/es\/","logo":{"@type":"ImageObject","inLanguage":"es","@id":"https:\/\/gimnasticdetarragona.cat\/es\/#\/schema\/logo\/image\/","url":"https:\/\/gimnasticdetarragona.cat\/wp-content\/uploads\/2022\/06\/cropped-logo-gimnastic.png","contentUrl":"https:\/\/gimnasticdetarragona.cat\/wp-content\/uploads\/2022\/06\/cropped-logo-gimnastic.png","width":224,"height":83,"caption":"GIMN\u00c0STIC DE TARRAGONA"},"image":{"@id":"https:\/\/gimnasticdetarragona.cat\/es\/#\/schema\/logo\/image\/"},"sameAs":["https:\/\/x.com\/NASTICTARRAGONA","https:\/\/www.instagram.com\/nastictarragona\/"]},{"@type":"Person","@id":"https:\/\/gimnasticdetarragona.cat\/es\/#\/schema\/person\/0a9b7103e7dd73640eb245c4aa4afb8d","name":"Comunicacion"}]}},"_links":{"self":[{"href":"https:\/\/gimnasticdetarragona.cat\/es\/wp-json\/wp\/v2\/posts\/92099","targetHints":{"allow":["GET"]}}],"collection":[{"href":"https:\/\/gimnasticdetarragona.cat\/es\/wp-json\/wp\/v2\/posts"}],"about":[{"href":"https:\/\/gimnasticdetarragona.cat\/es\/wp-json\/wp\/v2\/types\/post"}],"author":[{"embeddable":true,"href":"https:\/\/gimnasticdetarragona.cat\/es\/wp-json\/wp\/v2\/users\/7"}],"replies":[{"embeddable":true,"href":"https:\/\/gimnasticdetarragona.cat\/es\/wp-json\/wp\/v2\/comments?post=92099"}],"version-history":[{"count":0,"href":"https:\/\/gimnasticdetarragona.cat\/es\/wp-json\/wp\/v2\/posts\/92099\/revisions"}],"wp:featuredmedia":[{"embeddable":true,"href":"https:\/\/gimnasticdetarragona.cat\/es\/wp-json\/wp\/v2\/media\/92098"}],"wp:attachment":[{"href":"https:\/\/gimnasticdetarragona.cat\/es\/wp-json\/wp\/v2\/media?parent=92099"}],"wp:term":[{"taxonomy":"category","embeddable":true,"href":"https:\/\/gimnasticdetarragona.cat\/es\/wp-json\/wp\/v2\/categories?post=92099"},{"taxonomy":"post_tag","embeddable":true,"href":"https:\/\/gimnasticdetarragona.cat\/es\/wp-json\/wp\/v2\/tags?post=92099"}],"curies":[{"name":"wp","href":"https:\/\/api.w.org\/{rel}","templated":true}]}}