{"id":92173,"date":"2023-07-07T18:42:50","date_gmt":"2023-07-07T16:42:50","guid":{"rendered":"https:\/\/gimnasticdetarragona.cat\/?p=92173"},"modified":"2023-07-07T18:42:28","modified_gmt":"2023-07-07T16:42:28","slug":"el-nastic-summer-camp-en-formato-multideportes-tambien-en-agosto","status":"publish","type":"post","link":"https:\/\/gimnasticdetarragona.cat\/es\/el-nastic-summer-camp-en-formato-multideportes-tambien-en-agosto\/","title":{"rendered":"\u00a1El N\u00e0stic Summer Camp, en formato multideportes, tambi\u00e9n en agosto!"},"content":{"rendered":"\n<p>Este verano el Gimn\u00e0stic de Tarragona ofrece de nuevo la posibilidad de continuar disfrutando del deporte durante el mes de agosto. En este caso, practicando numerosas disciplinas deportivas en las instalaciones grana.<\/p>\n\n\n\n<p>Todos los participantes podr\u00e1n disfrutar del p\u00e1del, f\u00fatbol sala, gimnasia r\u00edtmica, tenis, entre otros deportes de las secciones; as\u00ed como tambi\u00e9n talleres, gincanas, juegos de agua\u2026<\/p>\n\n\n\n<p>Las diferentes pistas y el pabell\u00f3n de las instalaciones de la Budallera congregar\u00e1n a decenas de j\u00f3venes deportistas durante las dos semanas programadas por las estancias multideportivas del N\u00e0stic Summer Camp.<\/p>\n\n\n\n<p>El precio de 90\u20ac es semanal, con 10\u20ac descuento para socios (80\u20ac), y opci\u00f3n de acogida a partir de las 8h y recogida hasta las 15h. Las inscripciones son limitadas y el Club se reserva el derecho de revisar que la cuota seleccionada en la inscripci\u00f3n es la correspondiente.<\/p>\n\n\n\n<p>Las inscripciones se realizan \u00fanicamente online a trav\u00e9s de la plataforma <a href=\"https:\/\/app.cluber.es\/clubes\/639744dbef197932778165\/pagos\/648ca5ea6f641288518260\" data-type=\"URL\" data-id=\"https:\/\/app.cluber.es\/clubes\/639744dbef197932778165\/pagos\/648ca5ea6f641288518260\">Cluber<\/a>. Para m\u00e1s informaci\u00f3n puede dirigirse al correo\u00a0<a href=\"mailto:club@gimnasticdetarragona.cat\">club@gimnasticdetarragona.cat<\/a>.<\/p>\n\n\n\n<p><a href=\"https:\/\/app.cluber.es\/clubes\/639744dbef197932778165\/pagos\/648ca5ea6f641288518260\" data-type=\"URL\" data-id=\"https:\/\/app.cluber.es\/clubes\/639744dbef197932778165\/pagos\/648ca5ea6f641288518260\">\u00a1Inscr\u00edbete ya!<\/a><\/p>\n","protected":false},"excerpt":{"rendered":"<p>Del 31 de julio al 11 de agosto de 9 a 14 h, desde 80\u20ac<\/p>\n","protected":false},"author":7,"featured_media":95604,"comment_status":"open","ping_status":"open","sticky":false,"template":"","format":"standard","meta":{"_acf_changed":false,"footnotes":""},"categories":[113],"tags":[],"class_list":["post-92173","post","type-post","status-publish","format-standard","has-post-thumbnail","hentry","category-actualidad"],"acf":[],"yoast_head":"<!-- This site is optimized with the Yoast SEO plugin v27.3 - https:\/\/yoast.com\/product\/yoast-seo-wordpress\/ -->\n<title>\u00a1El N\u00e0stic Summer Camp, en formato multideportes, tambi\u00e9n en agosto! - Gimn\u00e0stic de Tarragona SAD<\/title>\n<meta name=\"robots\" content=\"index, follow, max-snippet:-1, max-image-preview:large, max-video-preview:-1\" \/>\n<link rel=\"canonical\" href=\"https:\/\/gimnasticdetarragona.cat\/es\/el-nastic-summer-camp-en-formato-multideportes-tambien-en-agosto\/\" \/>\n<meta property=\"og:locale\" content=\"es_ES\" \/>\n<meta property=\"og:type\" content=\"article\" \/>\n<meta property=\"og:title\" content=\"\u00a1El N\u00e0stic Summer Camp, en formato multideportes, tambi\u00e9n en agosto! - Gimn\u00e0stic de Tarragona SAD\" \/>\n<meta property=\"og:description\" content=\"Del 31 de julio al 11 de agosto de 9 a 14 h, desde 80\u20ac\" \/>\n<meta property=\"og:url\" content=\"https:\/\/gimnasticdetarragona.cat\/es\/el-nastic-summer-camp-en-formato-multideportes-tambien-en-agosto\/\" \/>\n<meta property=\"og:site_name\" content=\"Gimn\u00e0stic de Tarragona SAD\" \/>\n<meta property=\"article:published_time\" content=\"2023-07-07T16:42:50+00:00\" \/>\n<meta property=\"og:image\" content=\"https:\/\/gimnasticdetarragona.cat\/wp-content\/uploads\/2023\/07\/WhatsApp-Image-2023-07-07-at-18.39.17.jpeg\" \/>\n\t<meta property=\"og:image:width\" content=\"1139\" \/>\n\t<meta property=\"og:image:height\" content=\"1600\" \/>\n\t<meta property=\"og:image:type\" content=\"image\/jpeg\" \/>\n<meta name=\"author\" content=\"Comunicacion\" \/>\n<meta name=\"twitter:card\" content=\"summary_large_image\" \/>\n<meta name=\"twitter:creator\" content=\"@NASTICTARRAGONA\" \/>\n<meta name=\"twitter:site\" content=\"@NASTICTARRAGONA\" \/>\n<meta name=\"twitter:label1\" content=\"Escrito por\" \/>\n\t<meta name=\"twitter:data1\" content=\"Comunicacion\" \/>\n\t<meta name=\"twitter:label2\" content=\"Tiempo de lectura\" \/>\n\t<meta name=\"twitter:data2\" content=\"1 minuto\" \/>\n<script type=\"application\/ld+json\" class=\"yoast-schema-graph\">{\"@context\":\"https:\\\/\\\/schema.org\",\"@graph\":[{\"@type\":\"Article\",\"@id\":\"https:\\\/\\\/gimnasticdetarragona.cat\\\/es\\\/el-nastic-summer-camp-en-formato-multideportes-tambien-en-agosto\\\/#article\",\"isPartOf\":{\"@id\":\"https:\\\/\\\/gimnasticdetarragona.cat\\\/es\\\/el-nastic-summer-camp-en-formato-multideportes-tambien-en-agosto\\\/\"},\"author\":{\"name\":\"Comunicacion\",\"@id\":\"https:\\\/\\\/gimnasticdetarragona.cat\\\/es\\\/#\\\/schema\\\/person\\\/0a9b7103e7dd73640eb245c4aa4afb8d\"},\"headline\":\"\u00a1El N\u00e0stic Summer Camp, en formato multideportes, tambi\u00e9n en agosto!\",\"datePublished\":\"2023-07-07T16:42:50+00:00\",\"mainEntityOfPage\":{\"@id\":\"https:\\\/\\\/gimnasticdetarragona.cat\\\/es\\\/el-nastic-summer-camp-en-formato-multideportes-tambien-en-agosto\\\/\"},\"wordCount\":187,\"commentCount\":0,\"publisher\":{\"@id\":\"https:\\\/\\\/gimnasticdetarragona.cat\\\/es\\\/#organization\"},\"image\":{\"@id\":\"https:\\\/\\\/gimnasticdetarragona.cat\\\/es\\\/el-nastic-summer-camp-en-formato-multideportes-tambien-en-agosto\\\/#primaryimage\"},\"thumbnailUrl\":\"https:\\\/\\\/gimnasticdetarragona.cat\\\/wp-content\\\/uploads\\\/2023\\\/07\\\/SUMMERCAMP23-AGOST.png\",\"articleSection\":[\"Actualidad\"],\"inLanguage\":\"es\"},{\"@type\":\"WebPage\",\"@id\":\"https:\\\/\\\/gimnasticdetarragona.cat\\\/es\\\/el-nastic-summer-camp-en-formato-multideportes-tambien-en-agosto\\\/\",\"url\":\"https:\\\/\\\/gimnasticdetarragona.cat\\\/es\\\/el-nastic-summer-camp-en-formato-multideportes-tambien-en-agosto\\\/\",\"name\":\"\u00a1El N\u00e0stic Summer Camp, en formato multideportes, tambi\u00e9n en agosto! - Gimn\u00e0stic de Tarragona SAD\",\"isPartOf\":{\"@id\":\"https:\\\/\\\/gimnasticdetarragona.cat\\\/es\\\/#website\"},\"primaryImageOfPage\":{\"@id\":\"https:\\\/\\\/gimnasticdetarragona.cat\\\/es\\\/el-nastic-summer-camp-en-formato-multideportes-tambien-en-agosto\\\/#primaryimage\"},\"image\":{\"@id\":\"https:\\\/\\\/gimnasticdetarragona.cat\\\/es\\\/el-nastic-summer-camp-en-formato-multideportes-tambien-en-agosto\\\/#primaryimage\"},\"thumbnailUrl\":\"https:\\\/\\\/gimnasticdetarragona.cat\\\/wp-content\\\/uploads\\\/2023\\\/07\\\/SUMMERCAMP23-AGOST.png\",\"datePublished\":\"2023-07-07T16:42:50+00:00\",\"breadcrumb\":{\"@id\":\"https:\\\/\\\/gimnasticdetarragona.cat\\\/es\\\/el-nastic-summer-camp-en-formato-multideportes-tambien-en-agosto\\\/#breadcrumb\"},\"inLanguage\":\"es\",\"potentialAction\":[{\"@type\":\"ReadAction\",\"target\":[\"https:\\\/\\\/gimnasticdetarragona.cat\\\/es\\\/el-nastic-summer-camp-en-formato-multideportes-tambien-en-agosto\\\/\"]}]},{\"@type\":\"ImageObject\",\"inLanguage\":\"es\",\"@id\":\"https:\\\/\\\/gimnasticdetarragona.cat\\\/es\\\/el-nastic-summer-camp-en-formato-multideportes-tambien-en-agosto\\\/#primaryimage\",\"url\":\"https:\\\/\\\/gimnasticdetarragona.cat\\\/wp-content\\\/uploads\\\/2023\\\/07\\\/SUMMERCAMP23-AGOST.png\",\"contentUrl\":\"https:\\\/\\\/gimnasticdetarragona.cat\\\/wp-content\\\/uploads\\\/2023\\\/07\\\/SUMMERCAMP23-AGOST.png\",\"width\":1206,\"height\":1700},{\"@type\":\"BreadcrumbList\",\"@id\":\"https:\\\/\\\/gimnasticdetarragona.cat\\\/es\\\/el-nastic-summer-camp-en-formato-multideportes-tambien-en-agosto\\\/#breadcrumb\",\"itemListElement\":[{\"@type\":\"ListItem\",\"position\":1,\"name\":\"Inici\",\"item\":\"https:\\\/\\\/gimnasticdetarragona.cat\\\/es\\\/nastic\\\/\"},{\"@type\":\"ListItem\",\"position\":2,\"name\":\"\u00a1El N\u00e0stic Summer Camp, en formato multideportes, tambi\u00e9n en agosto!\"}]},{\"@type\":\"WebSite\",\"@id\":\"https:\\\/\\\/gimnasticdetarragona.cat\\\/es\\\/#website\",\"url\":\"https:\\\/\\\/gimnasticdetarragona.cat\\\/es\\\/\",\"name\":\"Gimn\u00e0stic de Tarragona SAD\",\"description\":\"Gimn\u00e0stic de Tarragona\",\"publisher\":{\"@id\":\"https:\\\/\\\/gimnasticdetarragona.cat\\\/es\\\/#organization\"},\"potentialAction\":[{\"@type\":\"SearchAction\",\"target\":{\"@type\":\"EntryPoint\",\"urlTemplate\":\"https:\\\/\\\/gimnasticdetarragona.cat\\\/es\\\/?s={search_term_string}\"},\"query-input\":{\"@type\":\"PropertyValueSpecification\",\"valueRequired\":true,\"valueName\":\"search_term_string\"}}],\"inLanguage\":\"es\"},{\"@type\":\"Organization\",\"@id\":\"https:\\\/\\\/gimnasticdetarragona.cat\\\/es\\\/#organization\",\"name\":\"GIMN\u00c0STIC DE TARRAGONA\",\"alternateName\":\"N\u00c0STIC\",\"url\":\"https:\\\/\\\/gimnasticdetarragona.cat\\\/es\\\/\",\"logo\":{\"@type\":\"ImageObject\",\"inLanguage\":\"es\",\"@id\":\"https:\\\/\\\/gimnasticdetarragona.cat\\\/es\\\/#\\\/schema\\\/logo\\\/image\\\/\",\"url\":\"https:\\\/\\\/gimnasticdetarragona.cat\\\/wp-content\\\/uploads\\\/2022\\\/06\\\/cropped-logo-gimnastic.png\",\"contentUrl\":\"https:\\\/\\\/gimnasticdetarragona.cat\\\/wp-content\\\/uploads\\\/2022\\\/06\\\/cropped-logo-gimnastic.png\",\"width\":224,\"height\":83,\"caption\":\"GIMN\u00c0STIC DE TARRAGONA\"},\"image\":{\"@id\":\"https:\\\/\\\/gimnasticdetarragona.cat\\\/es\\\/#\\\/schema\\\/logo\\\/image\\\/\"},\"sameAs\":[\"https:\\\/\\\/x.com\\\/NASTICTARRAGONA\",\"https:\\\/\\\/www.instagram.com\\\/nastictarragona\\\/\"]},{\"@type\":\"Person\",\"@id\":\"https:\\\/\\\/gimnasticdetarragona.cat\\\/es\\\/#\\\/schema\\\/person\\\/0a9b7103e7dd73640eb245c4aa4afb8d\",\"name\":\"Comunicacion\"}]}<\/script>\n<!-- \/ Yoast SEO plugin. -->","yoast_head_json":{"title":"\u00a1El N\u00e0stic Summer Camp, en formato multideportes, tambi\u00e9n en agosto! - Gimn\u00e0stic de Tarragona SAD","robots":{"index":"index","follow":"follow","max-snippet":"max-snippet:-1","max-image-preview":"max-image-preview:large","max-video-preview":"max-video-preview:-1"},"canonical":"https:\/\/gimnasticdetarragona.cat\/es\/el-nastic-summer-camp-en-formato-multideportes-tambien-en-agosto\/","og_locale":"es_ES","og_type":"article","og_title":"\u00a1El N\u00e0stic Summer Camp, en formato multideportes, tambi\u00e9n en agosto! - Gimn\u00e0stic de Tarragona SAD","og_description":"Del 31 de julio al 11 de agosto de 9 a 14 h, desde 80\u20ac","og_url":"https:\/\/gimnasticdetarragona.cat\/es\/el-nastic-summer-camp-en-formato-multideportes-tambien-en-agosto\/","og_site_name":"Gimn\u00e0stic de Tarragona SAD","article_published_time":"2023-07-07T16:42:50+00:00","og_image":[{"width":1139,"height":1600,"url":"https:\/\/gimnasticdetarragona.cat\/wp-content\/uploads\/2023\/07\/WhatsApp-Image-2023-07-07-at-18.39.17.jpeg","type":"image\/jpeg"}],"author":"Comunicacion","twitter_card":"summary_large_image","twitter_creator":"@NASTICTARRAGONA","twitter_site":"@NASTICTARRAGONA","twitter_misc":{"Escrito por":"Comunicacion","Tiempo de lectura":"1 minuto"},"schema":{"@context":"https:\/\/schema.org","@graph":[{"@type":"Article","@id":"https:\/\/gimnasticdetarragona.cat\/es\/el-nastic-summer-camp-en-formato-multideportes-tambien-en-agosto\/#article","isPartOf":{"@id":"https:\/\/gimnasticdetarragona.cat\/es\/el-nastic-summer-camp-en-formato-multideportes-tambien-en-agosto\/"},"author":{"name":"Comunicacion","@id":"https:\/\/gimnasticdetarragona.cat\/es\/#\/schema\/person\/0a9b7103e7dd73640eb245c4aa4afb8d"},"headline":"\u00a1El N\u00e0stic Summer Camp, en formato multideportes, tambi\u00e9n en agosto!","datePublished":"2023-07-07T16:42:50+00:00","mainEntityOfPage":{"@id":"https:\/\/gimnasticdetarragona.cat\/es\/el-nastic-summer-camp-en-formato-multideportes-tambien-en-agosto\/"},"wordCount":187,"commentCount":0,"publisher":{"@id":"https:\/\/gimnasticdetarragona.cat\/es\/#organization"},"image":{"@id":"https:\/\/gimnasticdetarragona.cat\/es\/el-nastic-summer-camp-en-formato-multideportes-tambien-en-agosto\/#primaryimage"},"thumbnailUrl":"https:\/\/gimnasticdetarragona.cat\/wp-content\/uploads\/2023\/07\/SUMMERCAMP23-AGOST.png","articleSection":["Actualidad"],"inLanguage":"es"},{"@type":"WebPage","@id":"https:\/\/gimnasticdetarragona.cat\/es\/el-nastic-summer-camp-en-formato-multideportes-tambien-en-agosto\/","url":"https:\/\/gimnasticdetarragona.cat\/es\/el-nastic-summer-camp-en-formato-multideportes-tambien-en-agosto\/","name":"\u00a1El N\u00e0stic Summer Camp, en formato multideportes, tambi\u00e9n en agosto! - Gimn\u00e0stic de Tarragona SAD","isPartOf":{"@id":"https:\/\/gimnasticdetarragona.cat\/es\/#website"},"primaryImageOfPage":{"@id":"https:\/\/gimnasticdetarragona.cat\/es\/el-nastic-summer-camp-en-formato-multideportes-tambien-en-agosto\/#primaryimage"},"image":{"@id":"https:\/\/gimnasticdetarragona.cat\/es\/el-nastic-summer-camp-en-formato-multideportes-tambien-en-agosto\/#primaryimage"},"thumbnailUrl":"https:\/\/gimnasticdetarragona.cat\/wp-content\/uploads\/2023\/07\/SUMMERCAMP23-AGOST.png","datePublished":"2023-07-07T16:42:50+00:00","breadcrumb":{"@id":"https:\/\/gimnasticdetarragona.cat\/es\/el-nastic-summer-camp-en-formato-multideportes-tambien-en-agosto\/#breadcrumb"},"inLanguage":"es","potentialAction":[{"@type":"ReadAction","target":["https:\/\/gimnasticdetarragona.cat\/es\/el-nastic-summer-camp-en-formato-multideportes-tambien-en-agosto\/"]}]},{"@type":"ImageObject","inLanguage":"es","@id":"https:\/\/gimnasticdetarragona.cat\/es\/el-nastic-summer-camp-en-formato-multideportes-tambien-en-agosto\/#primaryimage","url":"https:\/\/gimnasticdetarragona.cat\/wp-content\/uploads\/2023\/07\/SUMMERCAMP23-AGOST.png","contentUrl":"https:\/\/gimnasticdetarragona.cat\/wp-content\/uploads\/2023\/07\/SUMMERCAMP23-AGOST.png","width":1206,"height":1700},{"@type":"BreadcrumbList","@id":"https:\/\/gimnasticdetarragona.cat\/es\/el-nastic-summer-camp-en-formato-multideportes-tambien-en-agosto\/#breadcrumb","itemListElement":[{"@type":"ListItem","position":1,"name":"Inici","item":"https:\/\/gimnasticdetarragona.cat\/es\/nastic\/"},{"@type":"ListItem","position":2,"name":"\u00a1El N\u00e0stic Summer Camp, en formato multideportes, tambi\u00e9n en agosto!"}]},{"@type":"WebSite","@id":"https:\/\/gimnasticdetarragona.cat\/es\/#website","url":"https:\/\/gimnasticdetarragona.cat\/es\/","name":"Gimn\u00e0stic de Tarragona SAD","description":"Gimn\u00e0stic de Tarragona","publisher":{"@id":"https:\/\/gimnasticdetarragona.cat\/es\/#organization"},"potentialAction":[{"@type":"SearchAction","target":{"@type":"EntryPoint","urlTemplate":"https:\/\/gimnasticdetarragona.cat\/es\/?s={search_term_string}"},"query-input":{"@type":"PropertyValueSpecification","valueRequired":true,"valueName":"search_term_string"}}],"inLanguage":"es"},{"@type":"Organization","@id":"https:\/\/gimnasticdetarragona.cat\/es\/#organization","name":"GIMN\u00c0STIC DE TARRAGONA","alternateName":"N\u00c0STIC","url":"https:\/\/gimnasticdetarragona.cat\/es\/","logo":{"@type":"ImageObject","inLanguage":"es","@id":"https:\/\/gimnasticdetarragona.cat\/es\/#\/schema\/logo\/image\/","url":"https:\/\/gimnasticdetarragona.cat\/wp-content\/uploads\/2022\/06\/cropped-logo-gimnastic.png","contentUrl":"https:\/\/gimnasticdetarragona.cat\/wp-content\/uploads\/2022\/06\/cropped-logo-gimnastic.png","width":224,"height":83,"caption":"GIMN\u00c0STIC DE TARRAGONA"},"image":{"@id":"https:\/\/gimnasticdetarragona.cat\/es\/#\/schema\/logo\/image\/"},"sameAs":["https:\/\/x.com\/NASTICTARRAGONA","https:\/\/www.instagram.com\/nastictarragona\/"]},{"@type":"Person","@id":"https:\/\/gimnasticdetarragona.cat\/es\/#\/schema\/person\/0a9b7103e7dd73640eb245c4aa4afb8d","name":"Comunicacion"}]}},"_links":{"self":[{"href":"https:\/\/gimnasticdetarragona.cat\/es\/wp-json\/wp\/v2\/posts\/92173","targetHints":{"allow":["GET"]}}],"collection":[{"href":"https:\/\/gimnasticdetarragona.cat\/es\/wp-json\/wp\/v2\/posts"}],"about":[{"href":"https:\/\/gimnasticdetarragona.cat\/es\/wp-json\/wp\/v2\/types\/post"}],"author":[{"embeddable":true,"href":"https:\/\/gimnasticdetarragona.cat\/es\/wp-json\/wp\/v2\/users\/7"}],"replies":[{"embeddable":true,"href":"https:\/\/gimnasticdetarragona.cat\/es\/wp-json\/wp\/v2\/comments?post=92173"}],"version-history":[{"count":0,"href":"https:\/\/gimnasticdetarragona.cat\/es\/wp-json\/wp\/v2\/posts\/92173\/revisions"}],"wp:featuredmedia":[{"embeddable":true,"href":"https:\/\/gimnasticdetarragona.cat\/es\/wp-json\/wp\/v2\/media\/95604"}],"wp:attachment":[{"href":"https:\/\/gimnasticdetarragona.cat\/es\/wp-json\/wp\/v2\/media?parent=92173"}],"wp:term":[{"taxonomy":"category","embeddable":true,"href":"https:\/\/gimnasticdetarragona.cat\/es\/wp-json\/wp\/v2\/categories?post=92173"},{"taxonomy":"post_tag","embeddable":true,"href":"https:\/\/gimnasticdetarragona.cat\/es\/wp-json\/wp\/v2\/tags?post=92173"}],"curies":[{"name":"wp","href":"https:\/\/api.w.org\/{rel}","templated":true}]}}