{"id":93161,"date":"2023-10-05T17:43:41","date_gmt":"2023-10-05T15:43:41","guid":{"rendered":"https:\/\/gimnasticdetarragona.cat\/?p=93161"},"modified":"2023-10-05T17:45:25","modified_gmt":"2023-10-05T15:45:25","slug":"5-meses-de-imbatibilidad-grana","status":"publish","type":"post","link":"https:\/\/gimnasticdetarragona.cat\/es\/5-meses-de-imbatibilidad-grana\/","title":{"rendered":"5 meses de imbatibilidad grana"},"content":{"rendered":"\n<p>El buen inicio liguero del primer equipo del N\u00e0stic 2023-2024, sumado al \u00faltimo tramo del curso pasado, permite que el equipo dirigido por Dani Vidal encadene cinco meses consecutivos sin conocer la derrota.<\/p>\n\n\n\n<p>En estos cinco meses, contabilizando el per\u00edodo estival, se han disputado 10 partidos oficiales de Primera Federaci\u00f3n con unos grandes registros, ya que se han sumado 26 puntos de 30 posibles. Para encontrar el \u00faltimo encuentro donde el equipo no sum\u00f3 debemos remontarnos al 30 de abril ante el Real Uni\u00f3n.<\/p>\n\n\n\n<p>Un total de 8 victorias y 2 empates con un balance de 13 goles a favor y s\u00f3lo 2 en contra en la franja de diez partidos; de \u00e9stos, 5 victorias y 1 empate son los resultados contabilizados en la nueva temporada y que sit\u00faan al Gimn\u00e0stic de Tarragona como l\u00edder en solitario del grupo I de Primera Federaci\u00f3n.<\/p>\n\n\n\n<p>Este s\u00e1bado, con la visita del 2\u00ba clasificado, el SD Ponferradina, el equipo tarraconense buscar\u00e1 mejorar estos buen registros para seguir comandando la tabla clasificatoria, como m\u00ednimo, una jornada m\u00e1s.<\/p>\n\n\n\n<p>Recordamos que el enfrentamiento de la jornada 7 ante el conjunto de Ponferrada, que el a\u00f1o pasado jugaba en la categor\u00eda de plata, se disputar\u00e1 este s\u00e1bado a las 16 h en el Nou Estadi Costa Daurada.<\/p>\n","protected":false},"excerpt":{"rendered":"<p>8 victorias y 2 empates en los \u00faltimos 10 partidos de liga<\/p>\n","protected":false},"author":7,"featured_media":93159,"comment_status":"open","ping_status":"open","sticky":false,"template":"","format":"standard","meta":{"_acf_changed":false,"footnotes":""},"categories":[113],"tags":[],"class_list":["post-93161","post","type-post","status-publish","format-standard","has-post-thumbnail","hentry","category-actualidad"],"acf":[],"yoast_head":"<!-- This site is optimized with the Yoast SEO plugin v27.3 - https:\/\/yoast.com\/product\/yoast-seo-wordpress\/ -->\n<title>5 meses de imbatibilidad grana - Gimn\u00e0stic de Tarragona SAD<\/title>\n<meta name=\"robots\" content=\"index, follow, max-snippet:-1, max-image-preview:large, max-video-preview:-1\" \/>\n<link rel=\"canonical\" href=\"https:\/\/gimnasticdetarragona.cat\/es\/5-meses-de-imbatibilidad-grana\/\" \/>\n<meta property=\"og:locale\" content=\"es_ES\" \/>\n<meta property=\"og:type\" content=\"article\" \/>\n<meta property=\"og:title\" content=\"5 meses de imbatibilidad grana - Gimn\u00e0stic de Tarragona SAD\" \/>\n<meta property=\"og:description\" content=\"8 victorias y 2 empates en los \u00faltimos 10 partidos de liga\" \/>\n<meta property=\"og:url\" content=\"https:\/\/gimnasticdetarragona.cat\/es\/5-meses-de-imbatibilidad-grana\/\" \/>\n<meta property=\"og:site_name\" content=\"Gimn\u00e0stic de Tarragona SAD\" \/>\n<meta property=\"article:published_time\" content=\"2023-10-05T15:43:41+00:00\" \/>\n<meta property=\"article:modified_time\" content=\"2023-10-05T15:45:25+00:00\" \/>\n<meta property=\"og:image\" content=\"https:\/\/gimnasticdetarragona.cat\/wp-content\/uploads\/2023\/10\/DSC_0447.jpg\" \/>\n\t<meta property=\"og:image:width\" content=\"1412\" \/>\n\t<meta property=\"og:image:height\" content=\"942\" \/>\n\t<meta property=\"og:image:type\" content=\"image\/jpeg\" \/>\n<meta name=\"author\" content=\"Comunicacion\" \/>\n<meta name=\"twitter:card\" content=\"summary_large_image\" \/>\n<meta name=\"twitter:creator\" content=\"@NASTICTARRAGONA\" \/>\n<meta name=\"twitter:site\" content=\"@NASTICTARRAGONA\" \/>\n<meta name=\"twitter:label1\" content=\"Escrito por\" \/>\n\t<meta name=\"twitter:data1\" content=\"Comunicacion\" \/>\n\t<meta name=\"twitter:label2\" content=\"Tiempo de lectura\" \/>\n\t<meta name=\"twitter:data2\" content=\"1 minuto\" \/>\n<script type=\"application\/ld+json\" class=\"yoast-schema-graph\">{\"@context\":\"https:\\\/\\\/schema.org\",\"@graph\":[{\"@type\":\"Article\",\"@id\":\"https:\\\/\\\/gimnasticdetarragona.cat\\\/es\\\/5-meses-de-imbatibilidad-grana\\\/#article\",\"isPartOf\":{\"@id\":\"https:\\\/\\\/gimnasticdetarragona.cat\\\/es\\\/5-meses-de-imbatibilidad-grana\\\/\"},\"author\":{\"name\":\"Comunicacion\",\"@id\":\"https:\\\/\\\/gimnasticdetarragona.cat\\\/es\\\/#\\\/schema\\\/person\\\/0a9b7103e7dd73640eb245c4aa4afb8d\"},\"headline\":\"5 meses de imbatibilidad grana\",\"datePublished\":\"2023-10-05T15:43:41+00:00\",\"dateModified\":\"2023-10-05T15:45:25+00:00\",\"mainEntityOfPage\":{\"@id\":\"https:\\\/\\\/gimnasticdetarragona.cat\\\/es\\\/5-meses-de-imbatibilidad-grana\\\/\"},\"wordCount\":216,\"commentCount\":0,\"publisher\":{\"@id\":\"https:\\\/\\\/gimnasticdetarragona.cat\\\/es\\\/#organization\"},\"image\":{\"@id\":\"https:\\\/\\\/gimnasticdetarragona.cat\\\/es\\\/5-meses-de-imbatibilidad-grana\\\/#primaryimage\"},\"thumbnailUrl\":\"https:\\\/\\\/gimnasticdetarragona.cat\\\/wp-content\\\/uploads\\\/2023\\\/10\\\/DSC_0447.jpg\",\"articleSection\":[\"Actualidad\"],\"inLanguage\":\"es\"},{\"@type\":\"WebPage\",\"@id\":\"https:\\\/\\\/gimnasticdetarragona.cat\\\/es\\\/5-meses-de-imbatibilidad-grana\\\/\",\"url\":\"https:\\\/\\\/gimnasticdetarragona.cat\\\/es\\\/5-meses-de-imbatibilidad-grana\\\/\",\"name\":\"5 meses de imbatibilidad grana - Gimn\u00e0stic de Tarragona SAD\",\"isPartOf\":{\"@id\":\"https:\\\/\\\/gimnasticdetarragona.cat\\\/es\\\/#website\"},\"primaryImageOfPage\":{\"@id\":\"https:\\\/\\\/gimnasticdetarragona.cat\\\/es\\\/5-meses-de-imbatibilidad-grana\\\/#primaryimage\"},\"image\":{\"@id\":\"https:\\\/\\\/gimnasticdetarragona.cat\\\/es\\\/5-meses-de-imbatibilidad-grana\\\/#primaryimage\"},\"thumbnailUrl\":\"https:\\\/\\\/gimnasticdetarragona.cat\\\/wp-content\\\/uploads\\\/2023\\\/10\\\/DSC_0447.jpg\",\"datePublished\":\"2023-10-05T15:43:41+00:00\",\"dateModified\":\"2023-10-05T15:45:25+00:00\",\"breadcrumb\":{\"@id\":\"https:\\\/\\\/gimnasticdetarragona.cat\\\/es\\\/5-meses-de-imbatibilidad-grana\\\/#breadcrumb\"},\"inLanguage\":\"es\",\"potentialAction\":[{\"@type\":\"ReadAction\",\"target\":[\"https:\\\/\\\/gimnasticdetarragona.cat\\\/es\\\/5-meses-de-imbatibilidad-grana\\\/\"]}]},{\"@type\":\"ImageObject\",\"inLanguage\":\"es\",\"@id\":\"https:\\\/\\\/gimnasticdetarragona.cat\\\/es\\\/5-meses-de-imbatibilidad-grana\\\/#primaryimage\",\"url\":\"https:\\\/\\\/gimnasticdetarragona.cat\\\/wp-content\\\/uploads\\\/2023\\\/10\\\/DSC_0447.jpg\",\"contentUrl\":\"https:\\\/\\\/gimnasticdetarragona.cat\\\/wp-content\\\/uploads\\\/2023\\\/10\\\/DSC_0447.jpg\",\"width\":1412,\"height\":942},{\"@type\":\"BreadcrumbList\",\"@id\":\"https:\\\/\\\/gimnasticdetarragona.cat\\\/es\\\/5-meses-de-imbatibilidad-grana\\\/#breadcrumb\",\"itemListElement\":[{\"@type\":\"ListItem\",\"position\":1,\"name\":\"Inici\",\"item\":\"https:\\\/\\\/gimnasticdetarragona.cat\\\/es\\\/nastic\\\/\"},{\"@type\":\"ListItem\",\"position\":2,\"name\":\"5 meses de imbatibilidad grana\"}]},{\"@type\":\"WebSite\",\"@id\":\"https:\\\/\\\/gimnasticdetarragona.cat\\\/es\\\/#website\",\"url\":\"https:\\\/\\\/gimnasticdetarragona.cat\\\/es\\\/\",\"name\":\"Gimn\u00e0stic de Tarragona SAD\",\"description\":\"Gimn\u00e0stic de Tarragona\",\"publisher\":{\"@id\":\"https:\\\/\\\/gimnasticdetarragona.cat\\\/es\\\/#organization\"},\"potentialAction\":[{\"@type\":\"SearchAction\",\"target\":{\"@type\":\"EntryPoint\",\"urlTemplate\":\"https:\\\/\\\/gimnasticdetarragona.cat\\\/es\\\/?s={search_term_string}\"},\"query-input\":{\"@type\":\"PropertyValueSpecification\",\"valueRequired\":true,\"valueName\":\"search_term_string\"}}],\"inLanguage\":\"es\"},{\"@type\":\"Organization\",\"@id\":\"https:\\\/\\\/gimnasticdetarragona.cat\\\/es\\\/#organization\",\"name\":\"GIMN\u00c0STIC DE TARRAGONA\",\"alternateName\":\"N\u00c0STIC\",\"url\":\"https:\\\/\\\/gimnasticdetarragona.cat\\\/es\\\/\",\"logo\":{\"@type\":\"ImageObject\",\"inLanguage\":\"es\",\"@id\":\"https:\\\/\\\/gimnasticdetarragona.cat\\\/es\\\/#\\\/schema\\\/logo\\\/image\\\/\",\"url\":\"https:\\\/\\\/gimnasticdetarragona.cat\\\/wp-content\\\/uploads\\\/2022\\\/06\\\/cropped-logo-gimnastic.png\",\"contentUrl\":\"https:\\\/\\\/gimnasticdetarragona.cat\\\/wp-content\\\/uploads\\\/2022\\\/06\\\/cropped-logo-gimnastic.png\",\"width\":224,\"height\":83,\"caption\":\"GIMN\u00c0STIC DE TARRAGONA\"},\"image\":{\"@id\":\"https:\\\/\\\/gimnasticdetarragona.cat\\\/es\\\/#\\\/schema\\\/logo\\\/image\\\/\"},\"sameAs\":[\"https:\\\/\\\/x.com\\\/NASTICTARRAGONA\",\"https:\\\/\\\/www.instagram.com\\\/nastictarragona\\\/\"]},{\"@type\":\"Person\",\"@id\":\"https:\\\/\\\/gimnasticdetarragona.cat\\\/es\\\/#\\\/schema\\\/person\\\/0a9b7103e7dd73640eb245c4aa4afb8d\",\"name\":\"Comunicacion\"}]}<\/script>\n<!-- \/ Yoast SEO plugin. -->","yoast_head_json":{"title":"5 meses de imbatibilidad grana - Gimn\u00e0stic de Tarragona SAD","robots":{"index":"index","follow":"follow","max-snippet":"max-snippet:-1","max-image-preview":"max-image-preview:large","max-video-preview":"max-video-preview:-1"},"canonical":"https:\/\/gimnasticdetarragona.cat\/es\/5-meses-de-imbatibilidad-grana\/","og_locale":"es_ES","og_type":"article","og_title":"5 meses de imbatibilidad grana - Gimn\u00e0stic de Tarragona SAD","og_description":"8 victorias y 2 empates en los \u00faltimos 10 partidos de liga","og_url":"https:\/\/gimnasticdetarragona.cat\/es\/5-meses-de-imbatibilidad-grana\/","og_site_name":"Gimn\u00e0stic de Tarragona SAD","article_published_time":"2023-10-05T15:43:41+00:00","article_modified_time":"2023-10-05T15:45:25+00:00","og_image":[{"width":1412,"height":942,"url":"https:\/\/gimnasticdetarragona.cat\/wp-content\/uploads\/2023\/10\/DSC_0447.jpg","type":"image\/jpeg"}],"author":"Comunicacion","twitter_card":"summary_large_image","twitter_creator":"@NASTICTARRAGONA","twitter_site":"@NASTICTARRAGONA","twitter_misc":{"Escrito por":"Comunicacion","Tiempo de lectura":"1 minuto"},"schema":{"@context":"https:\/\/schema.org","@graph":[{"@type":"Article","@id":"https:\/\/gimnasticdetarragona.cat\/es\/5-meses-de-imbatibilidad-grana\/#article","isPartOf":{"@id":"https:\/\/gimnasticdetarragona.cat\/es\/5-meses-de-imbatibilidad-grana\/"},"author":{"name":"Comunicacion","@id":"https:\/\/gimnasticdetarragona.cat\/es\/#\/schema\/person\/0a9b7103e7dd73640eb245c4aa4afb8d"},"headline":"5 meses de imbatibilidad grana","datePublished":"2023-10-05T15:43:41+00:00","dateModified":"2023-10-05T15:45:25+00:00","mainEntityOfPage":{"@id":"https:\/\/gimnasticdetarragona.cat\/es\/5-meses-de-imbatibilidad-grana\/"},"wordCount":216,"commentCount":0,"publisher":{"@id":"https:\/\/gimnasticdetarragona.cat\/es\/#organization"},"image":{"@id":"https:\/\/gimnasticdetarragona.cat\/es\/5-meses-de-imbatibilidad-grana\/#primaryimage"},"thumbnailUrl":"https:\/\/gimnasticdetarragona.cat\/wp-content\/uploads\/2023\/10\/DSC_0447.jpg","articleSection":["Actualidad"],"inLanguage":"es"},{"@type":"WebPage","@id":"https:\/\/gimnasticdetarragona.cat\/es\/5-meses-de-imbatibilidad-grana\/","url":"https:\/\/gimnasticdetarragona.cat\/es\/5-meses-de-imbatibilidad-grana\/","name":"5 meses de imbatibilidad grana - Gimn\u00e0stic de Tarragona SAD","isPartOf":{"@id":"https:\/\/gimnasticdetarragona.cat\/es\/#website"},"primaryImageOfPage":{"@id":"https:\/\/gimnasticdetarragona.cat\/es\/5-meses-de-imbatibilidad-grana\/#primaryimage"},"image":{"@id":"https:\/\/gimnasticdetarragona.cat\/es\/5-meses-de-imbatibilidad-grana\/#primaryimage"},"thumbnailUrl":"https:\/\/gimnasticdetarragona.cat\/wp-content\/uploads\/2023\/10\/DSC_0447.jpg","datePublished":"2023-10-05T15:43:41+00:00","dateModified":"2023-10-05T15:45:25+00:00","breadcrumb":{"@id":"https:\/\/gimnasticdetarragona.cat\/es\/5-meses-de-imbatibilidad-grana\/#breadcrumb"},"inLanguage":"es","potentialAction":[{"@type":"ReadAction","target":["https:\/\/gimnasticdetarragona.cat\/es\/5-meses-de-imbatibilidad-grana\/"]}]},{"@type":"ImageObject","inLanguage":"es","@id":"https:\/\/gimnasticdetarragona.cat\/es\/5-meses-de-imbatibilidad-grana\/#primaryimage","url":"https:\/\/gimnasticdetarragona.cat\/wp-content\/uploads\/2023\/10\/DSC_0447.jpg","contentUrl":"https:\/\/gimnasticdetarragona.cat\/wp-content\/uploads\/2023\/10\/DSC_0447.jpg","width":1412,"height":942},{"@type":"BreadcrumbList","@id":"https:\/\/gimnasticdetarragona.cat\/es\/5-meses-de-imbatibilidad-grana\/#breadcrumb","itemListElement":[{"@type":"ListItem","position":1,"name":"Inici","item":"https:\/\/gimnasticdetarragona.cat\/es\/nastic\/"},{"@type":"ListItem","position":2,"name":"5 meses de imbatibilidad grana"}]},{"@type":"WebSite","@id":"https:\/\/gimnasticdetarragona.cat\/es\/#website","url":"https:\/\/gimnasticdetarragona.cat\/es\/","name":"Gimn\u00e0stic de Tarragona SAD","description":"Gimn\u00e0stic de Tarragona","publisher":{"@id":"https:\/\/gimnasticdetarragona.cat\/es\/#organization"},"potentialAction":[{"@type":"SearchAction","target":{"@type":"EntryPoint","urlTemplate":"https:\/\/gimnasticdetarragona.cat\/es\/?s={search_term_string}"},"query-input":{"@type":"PropertyValueSpecification","valueRequired":true,"valueName":"search_term_string"}}],"inLanguage":"es"},{"@type":"Organization","@id":"https:\/\/gimnasticdetarragona.cat\/es\/#organization","name":"GIMN\u00c0STIC DE TARRAGONA","alternateName":"N\u00c0STIC","url":"https:\/\/gimnasticdetarragona.cat\/es\/","logo":{"@type":"ImageObject","inLanguage":"es","@id":"https:\/\/gimnasticdetarragona.cat\/es\/#\/schema\/logo\/image\/","url":"https:\/\/gimnasticdetarragona.cat\/wp-content\/uploads\/2022\/06\/cropped-logo-gimnastic.png","contentUrl":"https:\/\/gimnasticdetarragona.cat\/wp-content\/uploads\/2022\/06\/cropped-logo-gimnastic.png","width":224,"height":83,"caption":"GIMN\u00c0STIC DE TARRAGONA"},"image":{"@id":"https:\/\/gimnasticdetarragona.cat\/es\/#\/schema\/logo\/image\/"},"sameAs":["https:\/\/x.com\/NASTICTARRAGONA","https:\/\/www.instagram.com\/nastictarragona\/"]},{"@type":"Person","@id":"https:\/\/gimnasticdetarragona.cat\/es\/#\/schema\/person\/0a9b7103e7dd73640eb245c4aa4afb8d","name":"Comunicacion"}]}},"_links":{"self":[{"href":"https:\/\/gimnasticdetarragona.cat\/es\/wp-json\/wp\/v2\/posts\/93161","targetHints":{"allow":["GET"]}}],"collection":[{"href":"https:\/\/gimnasticdetarragona.cat\/es\/wp-json\/wp\/v2\/posts"}],"about":[{"href":"https:\/\/gimnasticdetarragona.cat\/es\/wp-json\/wp\/v2\/types\/post"}],"author":[{"embeddable":true,"href":"https:\/\/gimnasticdetarragona.cat\/es\/wp-json\/wp\/v2\/users\/7"}],"replies":[{"embeddable":true,"href":"https:\/\/gimnasticdetarragona.cat\/es\/wp-json\/wp\/v2\/comments?post=93161"}],"version-history":[{"count":0,"href":"https:\/\/gimnasticdetarragona.cat\/es\/wp-json\/wp\/v2\/posts\/93161\/revisions"}],"wp:featuredmedia":[{"embeddable":true,"href":"https:\/\/gimnasticdetarragona.cat\/es\/wp-json\/wp\/v2\/media\/93159"}],"wp:attachment":[{"href":"https:\/\/gimnasticdetarragona.cat\/es\/wp-json\/wp\/v2\/media?parent=93161"}],"wp:term":[{"taxonomy":"category","embeddable":true,"href":"https:\/\/gimnasticdetarragona.cat\/es\/wp-json\/wp\/v2\/categories?post=93161"},{"taxonomy":"post_tag","embeddable":true,"href":"https:\/\/gimnasticdetarragona.cat\/es\/wp-json\/wp\/v2\/tags?post=93161"}],"curies":[{"name":"wp","href":"https:\/\/api.w.org\/{rel}","templated":true}]}}