{"id":93292,"date":"2023-10-25T12:00:12","date_gmt":"2023-10-25T10:00:12","guid":{"rendered":"https:\/\/gimnasticdetarragona.cat\/covestro-i-el-nastic-de-tarragona-renoven-el-patrocini-per-fomentar-els-valors-de-lesport-en-equip\/"},"modified":"2023-10-25T12:02:13","modified_gmt":"2023-10-25T10:02:13","slug":"covestro-i-el-nastic-de-tarragona-renoven-el-patrocini-per-fomentar-els-valors-de-lesport-en-equip","status":"publish","type":"post","link":"https:\/\/gimnasticdetarragona.cat\/es\/covestro-i-el-nastic-de-tarragona-renoven-el-patrocini-per-fomentar-els-valors-de-lesport-en-equip\/","title":{"rendered":"Covestro y el N\u00e0stic de Tarragona renuevan su patrocinio para fomentar los valores del deporte en equipo"},"content":{"rendered":"\n<p>La compa\u00f1\u00eda qu\u00edmica apuesta de nuevo por patrocinar al club y continuar\u00e1, adem\u00e1s, siendo su socio empresarial oficial.<\/p>\n\n\n\n<p>Covestro ha extendido su compromiso con el Gimn\u00e0stic de Tarragona, prolongando su colaboraci\u00f3n con el club para esta temporada 2023-2024. De nuevo, la compa\u00f1\u00eda qu\u00edmica sigue apostando por el territorio y el deporte, consolid\u00e1ndose como socia empresarial oficial del club y afianzando una alianza que se remonta al a\u00f1o 1986.<\/p>\n\n\n\n<p>El patrocinio, que tiene por objetivo apoyar al equipo y fomentar el deporte en equipo, contempla la presencia de Covestro en diversas \u00e1reas del Nou Estadi Costa Daurada. La formalizaci\u00f3n de la renovaci\u00f3n mediante la firma del nuevo convenio se ha llevado a cabo en el propio estadio del club por representantes de ambas organizaciones: el presidente del N\u00e0stic, Josep Maria Andreu, y el director general de Covestro Espa\u00f1a, Andrea Firenze.<\/p>\n\n\n\n<p>Josep Maria Andreu ha apuntado que \u00abel apoyo de Covestro es fundamental para nosotros. El v\u00ednculo entre ambas entidades nos permite seguir creciendo social y deportivamente, generando nuevas acciones y desarrollando proyectos que contribuyen en todo el territorio\u00bb.<\/p>\n\n\n\n<p>Por su parte, Andrea Firenze ha explicado que \u00abtrabajamos para aportar nuestro grano de arena al territorio, no solo a nivel econ\u00f3mico, sino tambi\u00e9n en \u00e1mbitos sociales, culturales y deportivos. En este sentido, el deporte es una herramienta clave que no solo garantiza una mejor salud, sino que tambi\u00e9n promociona valores de compa\u00f1erismo y superaci\u00f3n. Un a\u00f1o m\u00e1s, nos sentimos extremadamente felices de poder continuar colaborando con uno de nuestros clubs de referencia, el Gimn\u00e0stic, para seguir fomentando la cultura deportiva\u201d.<\/p>\n\n\n\n<p><strong>Acerca de Covestro:<\/strong><\/p>\n\n\n\n<p>Covestro es uno de los principales fabricantes mundiales de materiales polim\u00e9ricos de alta calidad y sus componentes. Con sus productos, procesos y m\u00e9todos innovadores, la empresa contribuye a mejorar la sostenibilidad y la calidad de vida en muchos \u00e1mbitos. Covestro suministra a clientes de todo el mundo en sectores clave como la movilidad, construcci\u00f3n y vivienda, as\u00ed como en el ramo de la electricidad y la electr\u00f3nica. Adem\u00e1s, los pol\u00edmeros de Covestro tambi\u00e9n se utilizan en sectores como el deporte y el ocio, la cosm\u00e9tica y la salud, as\u00ed como en la propia industria qu\u00edmica.<\/p>\n\n\n\n<p>La empresa ha hecho suyo el compromiso de ser totalmente circular y se esfuerza por conseguir la neutralidad clim\u00e1tica para 2035 (alcance 1 y 2). Covestro gener\u00f3 unas ventas de 18.000 millones de euros en el ejercicio 2022. A finales de 2022, la empresa ten\u00eda 50&nbsp;centros de producci\u00f3n repartidos por todo el mundo y empleaba a unas 18.000 personas (c\u00e1lculo hecho en funci\u00f3n de puestos de trabajo a tiempo completo).<\/p>\n\n\n\n<p><strong>Covestro en Espa\u00f1a:<\/strong><\/p>\n\n\n\n<p>En Espa\u00f1a, Covestro dispone de cuatro centros de producci\u00f3n que actualmente emplean a m\u00e1s de 500 personas. En Tarragona cuenta con un centro de producci\u00f3n de MDI, precursor necesario para producir espumas de poliuretano; una planta de producci\u00f3n de cloro y sosa c\u00e1ustica; un centro log\u00edstico de distribuci\u00f3n de \u00e1cido clorh\u00eddrico y sosa caustica, un hub ferroviario propio; e infraestructuras disponibles para otras empresas del Parque Qu\u00edmico.<\/p>\n\n\n\n<p>Por su parte, el centro de Barcelona (Zona Franca) se dedica a la fabricaci\u00f3n de resinas para recubrimientos y adhesivos, cuyos sectores finales de aplicaci\u00f3n son la industria de la automoci\u00f3n, textil, madera y construcci\u00f3n, entre otros. En Barcelona, Covestro tambi\u00e9n alberga un centro de desarrollo de productos destinados a recubrimientos de madera y las unidades de comercializaci\u00f3n de las divisiones de Coatings &amp; Adhesives y Engineering Plastics. En Parets del Vall\u00e8s (Barcelona) cuenta con un centro de producci\u00f3n, de aplicaci\u00f3n y de investigaci\u00f3n y desarrollo de resinas acr\u00edlicas y poliuretanos para su uso en recubrimientos, adhesivos y otras especialidades. En Santa Margarida i Els Monjos (Barcelona) produce y comercializa resinas poli\u00e9ster (en escamas) para su uso en recubrimientos. Los tres centros de la divisi\u00f3n de recubrimientos y adhesivos de Espa\u00f1a operan ya con electricidad de origen renovable en su totalidad.<\/p>\n","protected":false},"excerpt":{"rendered":"<p>La alianza de ambas organizaciones cuenta con una historia que se remonta al a\u00f1o 1986<\/p>\n","protected":false},"author":7,"featured_media":93290,"comment_status":"open","ping_status":"open","sticky":false,"template":"","format":"standard","meta":{"_acf_changed":false,"footnotes":""},"categories":[113],"tags":[],"class_list":["post-93292","post","type-post","status-publish","format-standard","has-post-thumbnail","hentry","category-actualidad"],"acf":[],"yoast_head":"<!-- This site is optimized with the Yoast SEO plugin v27.3 - https:\/\/yoast.com\/product\/yoast-seo-wordpress\/ -->\n<title>Covestro y el N\u00e0stic de Tarragona renuevan su patrocinio para fomentar los valores del deporte en equipo - Gimn\u00e0stic de Tarragona SAD<\/title>\n<meta name=\"robots\" content=\"index, follow, max-snippet:-1, max-image-preview:large, max-video-preview:-1\" \/>\n<link rel=\"canonical\" href=\"https:\/\/gimnasticdetarragona.cat\/es\/covestro-i-el-nastic-de-tarragona-renoven-el-patrocini-per-fomentar-els-valors-de-lesport-en-equip\/\" \/>\n<meta property=\"og:locale\" content=\"es_ES\" \/>\n<meta property=\"og:type\" content=\"article\" \/>\n<meta property=\"og:title\" content=\"Covestro y el N\u00e0stic de Tarragona renuevan su patrocinio para fomentar los valores del deporte en equipo - Gimn\u00e0stic de Tarragona SAD\" \/>\n<meta property=\"og:description\" content=\"La alianza de ambas organizaciones cuenta con una historia que se remonta al a\u00f1o 1986\" \/>\n<meta property=\"og:url\" content=\"https:\/\/gimnasticdetarragona.cat\/es\/covestro-i-el-nastic-de-tarragona-renoven-el-patrocini-per-fomentar-els-valors-de-lesport-en-equip\/\" \/>\n<meta property=\"og:site_name\" content=\"Gimn\u00e0stic de Tarragona SAD\" \/>\n<meta property=\"article:published_time\" content=\"2023-10-25T10:00:12+00:00\" \/>\n<meta property=\"article:modified_time\" content=\"2023-10-25T10:02:13+00:00\" \/>\n<meta property=\"og:image\" content=\"https:\/\/gimnasticdetarragona.cat\/wp-content\/uploads\/2023\/10\/IMG_3586-scaled.jpg\" \/>\n\t<meta property=\"og:image:width\" content=\"2560\" \/>\n\t<meta property=\"og:image:height\" content=\"1620\" \/>\n\t<meta property=\"og:image:type\" content=\"image\/jpeg\" \/>\n<meta name=\"author\" content=\"Comunicacion\" \/>\n<meta name=\"twitter:card\" content=\"summary_large_image\" \/>\n<meta name=\"twitter:creator\" content=\"@NASTICTARRAGONA\" \/>\n<meta name=\"twitter:site\" content=\"@NASTICTARRAGONA\" \/>\n<meta name=\"twitter:label1\" content=\"Escrito por\" \/>\n\t<meta name=\"twitter:data1\" content=\"Comunicacion\" \/>\n\t<meta name=\"twitter:label2\" content=\"Tiempo de lectura\" \/>\n\t<meta name=\"twitter:data2\" content=\"3 minutos\" \/>\n<script type=\"application\/ld+json\" class=\"yoast-schema-graph\">{\"@context\":\"https:\\\/\\\/schema.org\",\"@graph\":[{\"@type\":\"Article\",\"@id\":\"https:\\\/\\\/gimnasticdetarragona.cat\\\/es\\\/covestro-i-el-nastic-de-tarragona-renoven-el-patrocini-per-fomentar-els-valors-de-lesport-en-equip\\\/#article\",\"isPartOf\":{\"@id\":\"https:\\\/\\\/gimnasticdetarragona.cat\\\/es\\\/covestro-i-el-nastic-de-tarragona-renoven-el-patrocini-per-fomentar-els-valors-de-lesport-en-equip\\\/\"},\"author\":{\"name\":\"Comunicacion\",\"@id\":\"https:\\\/\\\/gimnasticdetarragona.cat\\\/es\\\/#\\\/schema\\\/person\\\/0a9b7103e7dd73640eb245c4aa4afb8d\"},\"headline\":\"Covestro y el N\u00e0stic de Tarragona renuevan su patrocinio para fomentar los valores del deporte en equipo\",\"datePublished\":\"2023-10-25T10:00:12+00:00\",\"dateModified\":\"2023-10-25T10:02:13+00:00\",\"mainEntityOfPage\":{\"@id\":\"https:\\\/\\\/gimnasticdetarragona.cat\\\/es\\\/covestro-i-el-nastic-de-tarragona-renoven-el-patrocini-per-fomentar-els-valors-de-lesport-en-equip\\\/\"},\"wordCount\":708,\"commentCount\":0,\"publisher\":{\"@id\":\"https:\\\/\\\/gimnasticdetarragona.cat\\\/es\\\/#organization\"},\"image\":{\"@id\":\"https:\\\/\\\/gimnasticdetarragona.cat\\\/es\\\/covestro-i-el-nastic-de-tarragona-renoven-el-patrocini-per-fomentar-els-valors-de-lesport-en-equip\\\/#primaryimage\"},\"thumbnailUrl\":\"https:\\\/\\\/gimnasticdetarragona.cat\\\/wp-content\\\/uploads\\\/2023\\\/10\\\/IMG_3586-scaled.jpg\",\"articleSection\":[\"Actualidad\"],\"inLanguage\":\"es\"},{\"@type\":\"WebPage\",\"@id\":\"https:\\\/\\\/gimnasticdetarragona.cat\\\/es\\\/covestro-i-el-nastic-de-tarragona-renoven-el-patrocini-per-fomentar-els-valors-de-lesport-en-equip\\\/\",\"url\":\"https:\\\/\\\/gimnasticdetarragona.cat\\\/es\\\/covestro-i-el-nastic-de-tarragona-renoven-el-patrocini-per-fomentar-els-valors-de-lesport-en-equip\\\/\",\"name\":\"Covestro y el N\u00e0stic de Tarragona renuevan su patrocinio para fomentar los valores del deporte en equipo - Gimn\u00e0stic de Tarragona SAD\",\"isPartOf\":{\"@id\":\"https:\\\/\\\/gimnasticdetarragona.cat\\\/es\\\/#website\"},\"primaryImageOfPage\":{\"@id\":\"https:\\\/\\\/gimnasticdetarragona.cat\\\/es\\\/covestro-i-el-nastic-de-tarragona-renoven-el-patrocini-per-fomentar-els-valors-de-lesport-en-equip\\\/#primaryimage\"},\"image\":{\"@id\":\"https:\\\/\\\/gimnasticdetarragona.cat\\\/es\\\/covestro-i-el-nastic-de-tarragona-renoven-el-patrocini-per-fomentar-els-valors-de-lesport-en-equip\\\/#primaryimage\"},\"thumbnailUrl\":\"https:\\\/\\\/gimnasticdetarragona.cat\\\/wp-content\\\/uploads\\\/2023\\\/10\\\/IMG_3586-scaled.jpg\",\"datePublished\":\"2023-10-25T10:00:12+00:00\",\"dateModified\":\"2023-10-25T10:02:13+00:00\",\"breadcrumb\":{\"@id\":\"https:\\\/\\\/gimnasticdetarragona.cat\\\/es\\\/covestro-i-el-nastic-de-tarragona-renoven-el-patrocini-per-fomentar-els-valors-de-lesport-en-equip\\\/#breadcrumb\"},\"inLanguage\":\"es\",\"potentialAction\":[{\"@type\":\"ReadAction\",\"target\":[\"https:\\\/\\\/gimnasticdetarragona.cat\\\/es\\\/covestro-i-el-nastic-de-tarragona-renoven-el-patrocini-per-fomentar-els-valors-de-lesport-en-equip\\\/\"]}]},{\"@type\":\"ImageObject\",\"inLanguage\":\"es\",\"@id\":\"https:\\\/\\\/gimnasticdetarragona.cat\\\/es\\\/covestro-i-el-nastic-de-tarragona-renoven-el-patrocini-per-fomentar-els-valors-de-lesport-en-equip\\\/#primaryimage\",\"url\":\"https:\\\/\\\/gimnasticdetarragona.cat\\\/wp-content\\\/uploads\\\/2023\\\/10\\\/IMG_3586-scaled.jpg\",\"contentUrl\":\"https:\\\/\\\/gimnasticdetarragona.cat\\\/wp-content\\\/uploads\\\/2023\\\/10\\\/IMG_3586-scaled.jpg\",\"width\":2560,\"height\":1620},{\"@type\":\"BreadcrumbList\",\"@id\":\"https:\\\/\\\/gimnasticdetarragona.cat\\\/es\\\/covestro-i-el-nastic-de-tarragona-renoven-el-patrocini-per-fomentar-els-valors-de-lesport-en-equip\\\/#breadcrumb\",\"itemListElement\":[{\"@type\":\"ListItem\",\"position\":1,\"name\":\"Inici\",\"item\":\"https:\\\/\\\/gimnasticdetarragona.cat\\\/es\\\/nastic\\\/\"},{\"@type\":\"ListItem\",\"position\":2,\"name\":\"Covestro y el N\u00e0stic de Tarragona renuevan su patrocinio para fomentar los valores del deporte en equipo\"}]},{\"@type\":\"WebSite\",\"@id\":\"https:\\\/\\\/gimnasticdetarragona.cat\\\/es\\\/#website\",\"url\":\"https:\\\/\\\/gimnasticdetarragona.cat\\\/es\\\/\",\"name\":\"Gimn\u00e0stic de Tarragona SAD\",\"description\":\"Gimn\u00e0stic de Tarragona\",\"publisher\":{\"@id\":\"https:\\\/\\\/gimnasticdetarragona.cat\\\/es\\\/#organization\"},\"potentialAction\":[{\"@type\":\"SearchAction\",\"target\":{\"@type\":\"EntryPoint\",\"urlTemplate\":\"https:\\\/\\\/gimnasticdetarragona.cat\\\/es\\\/?s={search_term_string}\"},\"query-input\":{\"@type\":\"PropertyValueSpecification\",\"valueRequired\":true,\"valueName\":\"search_term_string\"}}],\"inLanguage\":\"es\"},{\"@type\":\"Organization\",\"@id\":\"https:\\\/\\\/gimnasticdetarragona.cat\\\/es\\\/#organization\",\"name\":\"GIMN\u00c0STIC DE TARRAGONA\",\"alternateName\":\"N\u00c0STIC\",\"url\":\"https:\\\/\\\/gimnasticdetarragona.cat\\\/es\\\/\",\"logo\":{\"@type\":\"ImageObject\",\"inLanguage\":\"es\",\"@id\":\"https:\\\/\\\/gimnasticdetarragona.cat\\\/es\\\/#\\\/schema\\\/logo\\\/image\\\/\",\"url\":\"https:\\\/\\\/gimnasticdetarragona.cat\\\/wp-content\\\/uploads\\\/2022\\\/06\\\/cropped-logo-gimnastic.png\",\"contentUrl\":\"https:\\\/\\\/gimnasticdetarragona.cat\\\/wp-content\\\/uploads\\\/2022\\\/06\\\/cropped-logo-gimnastic.png\",\"width\":224,\"height\":83,\"caption\":\"GIMN\u00c0STIC DE TARRAGONA\"},\"image\":{\"@id\":\"https:\\\/\\\/gimnasticdetarragona.cat\\\/es\\\/#\\\/schema\\\/logo\\\/image\\\/\"},\"sameAs\":[\"https:\\\/\\\/x.com\\\/NASTICTARRAGONA\",\"https:\\\/\\\/www.instagram.com\\\/nastictarragona\\\/\"]},{\"@type\":\"Person\",\"@id\":\"https:\\\/\\\/gimnasticdetarragona.cat\\\/es\\\/#\\\/schema\\\/person\\\/0a9b7103e7dd73640eb245c4aa4afb8d\",\"name\":\"Comunicacion\"}]}<\/script>\n<!-- \/ Yoast SEO plugin. -->","yoast_head_json":{"title":"Covestro y el N\u00e0stic de Tarragona renuevan su patrocinio para fomentar los valores del deporte en equipo - Gimn\u00e0stic de Tarragona SAD","robots":{"index":"index","follow":"follow","max-snippet":"max-snippet:-1","max-image-preview":"max-image-preview:large","max-video-preview":"max-video-preview:-1"},"canonical":"https:\/\/gimnasticdetarragona.cat\/es\/covestro-i-el-nastic-de-tarragona-renoven-el-patrocini-per-fomentar-els-valors-de-lesport-en-equip\/","og_locale":"es_ES","og_type":"article","og_title":"Covestro y el N\u00e0stic de Tarragona renuevan su patrocinio para fomentar los valores del deporte en equipo - Gimn\u00e0stic de Tarragona SAD","og_description":"La alianza de ambas organizaciones cuenta con una historia que se remonta al a\u00f1o 1986","og_url":"https:\/\/gimnasticdetarragona.cat\/es\/covestro-i-el-nastic-de-tarragona-renoven-el-patrocini-per-fomentar-els-valors-de-lesport-en-equip\/","og_site_name":"Gimn\u00e0stic de Tarragona SAD","article_published_time":"2023-10-25T10:00:12+00:00","article_modified_time":"2023-10-25T10:02:13+00:00","og_image":[{"width":2560,"height":1620,"url":"https:\/\/gimnasticdetarragona.cat\/wp-content\/uploads\/2023\/10\/IMG_3586-scaled.jpg","type":"image\/jpeg"}],"author":"Comunicacion","twitter_card":"summary_large_image","twitter_creator":"@NASTICTARRAGONA","twitter_site":"@NASTICTARRAGONA","twitter_misc":{"Escrito por":"Comunicacion","Tiempo de lectura":"3 minutos"},"schema":{"@context":"https:\/\/schema.org","@graph":[{"@type":"Article","@id":"https:\/\/gimnasticdetarragona.cat\/es\/covestro-i-el-nastic-de-tarragona-renoven-el-patrocini-per-fomentar-els-valors-de-lesport-en-equip\/#article","isPartOf":{"@id":"https:\/\/gimnasticdetarragona.cat\/es\/covestro-i-el-nastic-de-tarragona-renoven-el-patrocini-per-fomentar-els-valors-de-lesport-en-equip\/"},"author":{"name":"Comunicacion","@id":"https:\/\/gimnasticdetarragona.cat\/es\/#\/schema\/person\/0a9b7103e7dd73640eb245c4aa4afb8d"},"headline":"Covestro y el N\u00e0stic de Tarragona renuevan su patrocinio para fomentar los valores del deporte en equipo","datePublished":"2023-10-25T10:00:12+00:00","dateModified":"2023-10-25T10:02:13+00:00","mainEntityOfPage":{"@id":"https:\/\/gimnasticdetarragona.cat\/es\/covestro-i-el-nastic-de-tarragona-renoven-el-patrocini-per-fomentar-els-valors-de-lesport-en-equip\/"},"wordCount":708,"commentCount":0,"publisher":{"@id":"https:\/\/gimnasticdetarragona.cat\/es\/#organization"},"image":{"@id":"https:\/\/gimnasticdetarragona.cat\/es\/covestro-i-el-nastic-de-tarragona-renoven-el-patrocini-per-fomentar-els-valors-de-lesport-en-equip\/#primaryimage"},"thumbnailUrl":"https:\/\/gimnasticdetarragona.cat\/wp-content\/uploads\/2023\/10\/IMG_3586-scaled.jpg","articleSection":["Actualidad"],"inLanguage":"es"},{"@type":"WebPage","@id":"https:\/\/gimnasticdetarragona.cat\/es\/covestro-i-el-nastic-de-tarragona-renoven-el-patrocini-per-fomentar-els-valors-de-lesport-en-equip\/","url":"https:\/\/gimnasticdetarragona.cat\/es\/covestro-i-el-nastic-de-tarragona-renoven-el-patrocini-per-fomentar-els-valors-de-lesport-en-equip\/","name":"Covestro y el N\u00e0stic de Tarragona renuevan su patrocinio para fomentar los valores del deporte en equipo - Gimn\u00e0stic de Tarragona SAD","isPartOf":{"@id":"https:\/\/gimnasticdetarragona.cat\/es\/#website"},"primaryImageOfPage":{"@id":"https:\/\/gimnasticdetarragona.cat\/es\/covestro-i-el-nastic-de-tarragona-renoven-el-patrocini-per-fomentar-els-valors-de-lesport-en-equip\/#primaryimage"},"image":{"@id":"https:\/\/gimnasticdetarragona.cat\/es\/covestro-i-el-nastic-de-tarragona-renoven-el-patrocini-per-fomentar-els-valors-de-lesport-en-equip\/#primaryimage"},"thumbnailUrl":"https:\/\/gimnasticdetarragona.cat\/wp-content\/uploads\/2023\/10\/IMG_3586-scaled.jpg","datePublished":"2023-10-25T10:00:12+00:00","dateModified":"2023-10-25T10:02:13+00:00","breadcrumb":{"@id":"https:\/\/gimnasticdetarragona.cat\/es\/covestro-i-el-nastic-de-tarragona-renoven-el-patrocini-per-fomentar-els-valors-de-lesport-en-equip\/#breadcrumb"},"inLanguage":"es","potentialAction":[{"@type":"ReadAction","target":["https:\/\/gimnasticdetarragona.cat\/es\/covestro-i-el-nastic-de-tarragona-renoven-el-patrocini-per-fomentar-els-valors-de-lesport-en-equip\/"]}]},{"@type":"ImageObject","inLanguage":"es","@id":"https:\/\/gimnasticdetarragona.cat\/es\/covestro-i-el-nastic-de-tarragona-renoven-el-patrocini-per-fomentar-els-valors-de-lesport-en-equip\/#primaryimage","url":"https:\/\/gimnasticdetarragona.cat\/wp-content\/uploads\/2023\/10\/IMG_3586-scaled.jpg","contentUrl":"https:\/\/gimnasticdetarragona.cat\/wp-content\/uploads\/2023\/10\/IMG_3586-scaled.jpg","width":2560,"height":1620},{"@type":"BreadcrumbList","@id":"https:\/\/gimnasticdetarragona.cat\/es\/covestro-i-el-nastic-de-tarragona-renoven-el-patrocini-per-fomentar-els-valors-de-lesport-en-equip\/#breadcrumb","itemListElement":[{"@type":"ListItem","position":1,"name":"Inici","item":"https:\/\/gimnasticdetarragona.cat\/es\/nastic\/"},{"@type":"ListItem","position":2,"name":"Covestro y el N\u00e0stic de Tarragona renuevan su patrocinio para fomentar los valores del deporte en equipo"}]},{"@type":"WebSite","@id":"https:\/\/gimnasticdetarragona.cat\/es\/#website","url":"https:\/\/gimnasticdetarragona.cat\/es\/","name":"Gimn\u00e0stic de Tarragona SAD","description":"Gimn\u00e0stic de Tarragona","publisher":{"@id":"https:\/\/gimnasticdetarragona.cat\/es\/#organization"},"potentialAction":[{"@type":"SearchAction","target":{"@type":"EntryPoint","urlTemplate":"https:\/\/gimnasticdetarragona.cat\/es\/?s={search_term_string}"},"query-input":{"@type":"PropertyValueSpecification","valueRequired":true,"valueName":"search_term_string"}}],"inLanguage":"es"},{"@type":"Organization","@id":"https:\/\/gimnasticdetarragona.cat\/es\/#organization","name":"GIMN\u00c0STIC DE TARRAGONA","alternateName":"N\u00c0STIC","url":"https:\/\/gimnasticdetarragona.cat\/es\/","logo":{"@type":"ImageObject","inLanguage":"es","@id":"https:\/\/gimnasticdetarragona.cat\/es\/#\/schema\/logo\/image\/","url":"https:\/\/gimnasticdetarragona.cat\/wp-content\/uploads\/2022\/06\/cropped-logo-gimnastic.png","contentUrl":"https:\/\/gimnasticdetarragona.cat\/wp-content\/uploads\/2022\/06\/cropped-logo-gimnastic.png","width":224,"height":83,"caption":"GIMN\u00c0STIC DE TARRAGONA"},"image":{"@id":"https:\/\/gimnasticdetarragona.cat\/es\/#\/schema\/logo\/image\/"},"sameAs":["https:\/\/x.com\/NASTICTARRAGONA","https:\/\/www.instagram.com\/nastictarragona\/"]},{"@type":"Person","@id":"https:\/\/gimnasticdetarragona.cat\/es\/#\/schema\/person\/0a9b7103e7dd73640eb245c4aa4afb8d","name":"Comunicacion"}]}},"_links":{"self":[{"href":"https:\/\/gimnasticdetarragona.cat\/es\/wp-json\/wp\/v2\/posts\/93292","targetHints":{"allow":["GET"]}}],"collection":[{"href":"https:\/\/gimnasticdetarragona.cat\/es\/wp-json\/wp\/v2\/posts"}],"about":[{"href":"https:\/\/gimnasticdetarragona.cat\/es\/wp-json\/wp\/v2\/types\/post"}],"author":[{"embeddable":true,"href":"https:\/\/gimnasticdetarragona.cat\/es\/wp-json\/wp\/v2\/users\/7"}],"replies":[{"embeddable":true,"href":"https:\/\/gimnasticdetarragona.cat\/es\/wp-json\/wp\/v2\/comments?post=93292"}],"version-history":[{"count":0,"href":"https:\/\/gimnasticdetarragona.cat\/es\/wp-json\/wp\/v2\/posts\/93292\/revisions"}],"wp:featuredmedia":[{"embeddable":true,"href":"https:\/\/gimnasticdetarragona.cat\/es\/wp-json\/wp\/v2\/media\/93290"}],"wp:attachment":[{"href":"https:\/\/gimnasticdetarragona.cat\/es\/wp-json\/wp\/v2\/media?parent=93292"}],"wp:term":[{"taxonomy":"category","embeddable":true,"href":"https:\/\/gimnasticdetarragona.cat\/es\/wp-json\/wp\/v2\/categories?post=93292"},{"taxonomy":"post_tag","embeddable":true,"href":"https:\/\/gimnasticdetarragona.cat\/es\/wp-json\/wp\/v2\/tags?post=93292"}],"curies":[{"name":"wp","href":"https:\/\/api.w.org\/{rel}","templated":true}]}}