{"id":93605,"date":"2023-11-20T19:44:46","date_gmt":"2023-11-20T18:44:46","guid":{"rendered":"https:\/\/gimnasticdetarragona.cat\/gran-estrena-de-laliga-genuine-23-24-a-tarragona\/"},"modified":"2023-11-20T19:54:53","modified_gmt":"2023-11-20T18:54:53","slug":"gran-estrena-de-laliga-genuine-23-24-a-tarragona","status":"publish","type":"post","link":"https:\/\/gimnasticdetarragona.cat\/es\/gran-estrena-de-laliga-genuine-23-24-a-tarragona\/","title":{"rendered":"Gran estreno de LaLiga Genuine 23-24 en Tarragona"},"content":{"rendered":"\n<p>La fase tarraconense de la 6\u00aa edici\u00f3n de LaLiga Genuine ha sido un gran \u00e9xito para los 1.000 participantes de esta edici\u00f3n, representando a 46 equipos. Adem\u00e1s hay que a\u00f1adir a los m\u00e1s de 350 miembros del Voluntariat Grana, la organizaci\u00f3n, los escenarios escogidos, las familias, los cientos de aficionados\u2026 Todos ellos han disfrutado y han compartido los valores de esta competici\u00f3n \u00fanica y brillante que cada curso se estrena en nuestro territorio.<\/p>\n\n\n\n<p>El viernes se hac\u00eda la inauguraci\u00f3n en el Nou Estadi Costa Daurada con el desfile de los 46 equipos participantes y los parlamentos del presidente de la Fundaci\u00f3n LaLiga, Clemente Villaverde, y el presidente del Gimn\u00e0stic de Tarragona, Josep Maria Andreu. En Tarragona arrancaba un fin de semana de f\u00fatbol y hermanamiento entre los protagonistas; para continuar el deporte en el F\u00fatbol Salou Sports Center con un total de 69 partidos disputados entre los m\u00e1s de 730 jugadores, con el apoyo de los m\u00e1s de 350 voluntarios locales, que han participado activamente en este inicio de temporada 2023-2024.<\/p>\n\n\n\n<p>El N\u00e0stic Genuine, dirigido por Rafel Magriny\u00e0, vio c\u00f3mo el Fundaci\u00f3n Celta Integra (0-3) y el UD Las Palmas (0-2) le superaban; mientras que en el partido del s\u00e1bado por la tarde, el N\u00e0stic se impon\u00eda por 2-0 a la UD Ibiza. Aparte de los resultados deportivos, el equipo ha conseguido los 120 puntos en juego del fair play, con el objetivo de repetir el t\u00edtulo conseguido el curso pasado.<\/p>\n\n\n\n<p>Cabe destacar tambi\u00e9n el excelente trabajo de los voluntarios proveniente de los diferentes colectivos: Colaboradores de BASF, Voluntariat Grana BASF, Col\u00b7legi Sant Pau Ap\u00f2stol, Institut Antoni Mart\u00ed Franqu\u00e8s, Col\u00b7legi Dominiques Tarragona, Col\u00b7legi Mare Nostrum, La Salle Tarragona, Institut Tarragona y Camp Joliu. Todos ellos han formado parte del Voluntariat Grana, que impulsa el club y BASF, encarg\u00e1ndose del apoyo a las 46 expediciones que se han reunido en el torneo.<\/p>\n\n\n\n<p>Una vez disputada esta primera fase, la siguiente se dividir\u00e1 entre C\u00e1diz y A Coru\u00f1a, con el C\u00e1diz CF y el RC Deportivo como equipos anfitriones en los meses de febrero y marzo.<\/p>\n","protected":false},"excerpt":{"rendered":"<p>El N\u00e0stic, vigente campe\u00f3n del Fair Play, debuta con lleno de puntos en la clasificaci\u00f3n de la deportividad<\/p>\n","protected":false},"author":7,"featured_media":93603,"comment_status":"open","ping_status":"open","sticky":false,"template":"","format":"standard","meta":{"_acf_changed":false,"footnotes":""},"categories":[113],"tags":[],"class_list":["post-93605","post","type-post","status-publish","format-standard","has-post-thumbnail","hentry","category-actualidad"],"acf":[],"yoast_head":"<!-- This site is optimized with the Yoast SEO plugin v27.3 - https:\/\/yoast.com\/product\/yoast-seo-wordpress\/ -->\n<title>Gran estreno de LaLiga Genuine 23-24 en Tarragona - Gimn\u00e0stic de Tarragona SAD<\/title>\n<meta name=\"robots\" content=\"index, follow, max-snippet:-1, max-image-preview:large, max-video-preview:-1\" \/>\n<link rel=\"canonical\" href=\"https:\/\/gimnasticdetarragona.cat\/es\/gran-estrena-de-laliga-genuine-23-24-a-tarragona\/\" \/>\n<meta property=\"og:locale\" content=\"es_ES\" \/>\n<meta property=\"og:type\" content=\"article\" \/>\n<meta property=\"og:title\" content=\"Gran estreno de LaLiga Genuine 23-24 en Tarragona - Gimn\u00e0stic de Tarragona SAD\" \/>\n<meta property=\"og:description\" content=\"El N\u00e0stic, vigente campe\u00f3n del Fair Play, debuta con lleno de puntos en la clasificaci\u00f3n de la deportividad\" \/>\n<meta property=\"og:url\" content=\"https:\/\/gimnasticdetarragona.cat\/es\/gran-estrena-de-laliga-genuine-23-24-a-tarragona\/\" \/>\n<meta property=\"og:site_name\" content=\"Gimn\u00e0stic de Tarragona SAD\" \/>\n<meta property=\"article:published_time\" content=\"2023-11-20T18:44:46+00:00\" \/>\n<meta property=\"article:modified_time\" content=\"2023-11-20T18:54:53+00:00\" \/>\n<meta property=\"og:image\" content=\"https:\/\/gimnasticdetarragona.cat\/wp-content\/uploads\/2023\/11\/083008c473c368ed28f45d7a7d2e4d01.jpeg\" \/>\n\t<meta property=\"og:image:width\" content=\"900\" \/>\n\t<meta property=\"og:image:height\" content=\"600\" \/>\n\t<meta property=\"og:image:type\" content=\"image\/jpeg\" \/>\n<meta name=\"author\" content=\"Comunicacion\" \/>\n<meta name=\"twitter:card\" content=\"summary_large_image\" \/>\n<meta name=\"twitter:creator\" content=\"@NASTICTARRAGONA\" \/>\n<meta name=\"twitter:site\" content=\"@NASTICTARRAGONA\" \/>\n<meta name=\"twitter:label1\" content=\"Escrito por\" \/>\n\t<meta name=\"twitter:data1\" content=\"Comunicacion\" \/>\n\t<meta name=\"twitter:label2\" content=\"Tiempo de lectura\" \/>\n\t<meta name=\"twitter:data2\" content=\"2 minutos\" \/>\n<script type=\"application\/ld+json\" class=\"yoast-schema-graph\">{\"@context\":\"https:\\\/\\\/schema.org\",\"@graph\":[{\"@type\":\"Article\",\"@id\":\"https:\\\/\\\/gimnasticdetarragona.cat\\\/es\\\/gran-estrena-de-laliga-genuine-23-24-a-tarragona\\\/#article\",\"isPartOf\":{\"@id\":\"https:\\\/\\\/gimnasticdetarragona.cat\\\/es\\\/gran-estrena-de-laliga-genuine-23-24-a-tarragona\\\/\"},\"author\":{\"name\":\"Comunicacion\",\"@id\":\"https:\\\/\\\/gimnasticdetarragona.cat\\\/es\\\/#\\\/schema\\\/person\\\/0a9b7103e7dd73640eb245c4aa4afb8d\"},\"headline\":\"Gran estreno de LaLiga Genuine 23-24 en Tarragona\",\"datePublished\":\"2023-11-20T18:44:46+00:00\",\"dateModified\":\"2023-11-20T18:54:53+00:00\",\"mainEntityOfPage\":{\"@id\":\"https:\\\/\\\/gimnasticdetarragona.cat\\\/es\\\/gran-estrena-de-laliga-genuine-23-24-a-tarragona\\\/\"},\"wordCount\":374,\"commentCount\":0,\"publisher\":{\"@id\":\"https:\\\/\\\/gimnasticdetarragona.cat\\\/es\\\/#organization\"},\"image\":{\"@id\":\"https:\\\/\\\/gimnasticdetarragona.cat\\\/es\\\/gran-estrena-de-laliga-genuine-23-24-a-tarragona\\\/#primaryimage\"},\"thumbnailUrl\":\"https:\\\/\\\/gimnasticdetarragona.cat\\\/wp-content\\\/uploads\\\/2023\\\/11\\\/083008c473c368ed28f45d7a7d2e4d01.jpeg\",\"articleSection\":[\"Actualidad\"],\"inLanguage\":\"es\"},{\"@type\":\"WebPage\",\"@id\":\"https:\\\/\\\/gimnasticdetarragona.cat\\\/es\\\/gran-estrena-de-laliga-genuine-23-24-a-tarragona\\\/\",\"url\":\"https:\\\/\\\/gimnasticdetarragona.cat\\\/es\\\/gran-estrena-de-laliga-genuine-23-24-a-tarragona\\\/\",\"name\":\"Gran estreno de LaLiga Genuine 23-24 en Tarragona - Gimn\u00e0stic de Tarragona SAD\",\"isPartOf\":{\"@id\":\"https:\\\/\\\/gimnasticdetarragona.cat\\\/es\\\/#website\"},\"primaryImageOfPage\":{\"@id\":\"https:\\\/\\\/gimnasticdetarragona.cat\\\/es\\\/gran-estrena-de-laliga-genuine-23-24-a-tarragona\\\/#primaryimage\"},\"image\":{\"@id\":\"https:\\\/\\\/gimnasticdetarragona.cat\\\/es\\\/gran-estrena-de-laliga-genuine-23-24-a-tarragona\\\/#primaryimage\"},\"thumbnailUrl\":\"https:\\\/\\\/gimnasticdetarragona.cat\\\/wp-content\\\/uploads\\\/2023\\\/11\\\/083008c473c368ed28f45d7a7d2e4d01.jpeg\",\"datePublished\":\"2023-11-20T18:44:46+00:00\",\"dateModified\":\"2023-11-20T18:54:53+00:00\",\"breadcrumb\":{\"@id\":\"https:\\\/\\\/gimnasticdetarragona.cat\\\/es\\\/gran-estrena-de-laliga-genuine-23-24-a-tarragona\\\/#breadcrumb\"},\"inLanguage\":\"es\",\"potentialAction\":[{\"@type\":\"ReadAction\",\"target\":[\"https:\\\/\\\/gimnasticdetarragona.cat\\\/es\\\/gran-estrena-de-laliga-genuine-23-24-a-tarragona\\\/\"]}]},{\"@type\":\"ImageObject\",\"inLanguage\":\"es\",\"@id\":\"https:\\\/\\\/gimnasticdetarragona.cat\\\/es\\\/gran-estrena-de-laliga-genuine-23-24-a-tarragona\\\/#primaryimage\",\"url\":\"https:\\\/\\\/gimnasticdetarragona.cat\\\/wp-content\\\/uploads\\\/2023\\\/11\\\/083008c473c368ed28f45d7a7d2e4d01.jpeg\",\"contentUrl\":\"https:\\\/\\\/gimnasticdetarragona.cat\\\/wp-content\\\/uploads\\\/2023\\\/11\\\/083008c473c368ed28f45d7a7d2e4d01.jpeg\",\"width\":900,\"height\":600},{\"@type\":\"BreadcrumbList\",\"@id\":\"https:\\\/\\\/gimnasticdetarragona.cat\\\/es\\\/gran-estrena-de-laliga-genuine-23-24-a-tarragona\\\/#breadcrumb\",\"itemListElement\":[{\"@type\":\"ListItem\",\"position\":1,\"name\":\"Inici\",\"item\":\"https:\\\/\\\/gimnasticdetarragona.cat\\\/es\\\/nastic\\\/\"},{\"@type\":\"ListItem\",\"position\":2,\"name\":\"Gran estreno de LaLiga Genuine 23-24 en Tarragona\"}]},{\"@type\":\"WebSite\",\"@id\":\"https:\\\/\\\/gimnasticdetarragona.cat\\\/es\\\/#website\",\"url\":\"https:\\\/\\\/gimnasticdetarragona.cat\\\/es\\\/\",\"name\":\"Gimn\u00e0stic de Tarragona SAD\",\"description\":\"Gimn\u00e0stic de Tarragona\",\"publisher\":{\"@id\":\"https:\\\/\\\/gimnasticdetarragona.cat\\\/es\\\/#organization\"},\"potentialAction\":[{\"@type\":\"SearchAction\",\"target\":{\"@type\":\"EntryPoint\",\"urlTemplate\":\"https:\\\/\\\/gimnasticdetarragona.cat\\\/es\\\/?s={search_term_string}\"},\"query-input\":{\"@type\":\"PropertyValueSpecification\",\"valueRequired\":true,\"valueName\":\"search_term_string\"}}],\"inLanguage\":\"es\"},{\"@type\":\"Organization\",\"@id\":\"https:\\\/\\\/gimnasticdetarragona.cat\\\/es\\\/#organization\",\"name\":\"GIMN\u00c0STIC DE TARRAGONA\",\"alternateName\":\"N\u00c0STIC\",\"url\":\"https:\\\/\\\/gimnasticdetarragona.cat\\\/es\\\/\",\"logo\":{\"@type\":\"ImageObject\",\"inLanguage\":\"es\",\"@id\":\"https:\\\/\\\/gimnasticdetarragona.cat\\\/es\\\/#\\\/schema\\\/logo\\\/image\\\/\",\"url\":\"https:\\\/\\\/gimnasticdetarragona.cat\\\/wp-content\\\/uploads\\\/2022\\\/06\\\/cropped-logo-gimnastic.png\",\"contentUrl\":\"https:\\\/\\\/gimnasticdetarragona.cat\\\/wp-content\\\/uploads\\\/2022\\\/06\\\/cropped-logo-gimnastic.png\",\"width\":224,\"height\":83,\"caption\":\"GIMN\u00c0STIC DE TARRAGONA\"},\"image\":{\"@id\":\"https:\\\/\\\/gimnasticdetarragona.cat\\\/es\\\/#\\\/schema\\\/logo\\\/image\\\/\"},\"sameAs\":[\"https:\\\/\\\/x.com\\\/NASTICTARRAGONA\",\"https:\\\/\\\/www.instagram.com\\\/nastictarragona\\\/\"]},{\"@type\":\"Person\",\"@id\":\"https:\\\/\\\/gimnasticdetarragona.cat\\\/es\\\/#\\\/schema\\\/person\\\/0a9b7103e7dd73640eb245c4aa4afb8d\",\"name\":\"Comunicacion\"}]}<\/script>\n<!-- \/ Yoast SEO plugin. -->","yoast_head_json":{"title":"Gran estreno de LaLiga Genuine 23-24 en Tarragona - Gimn\u00e0stic de Tarragona SAD","robots":{"index":"index","follow":"follow","max-snippet":"max-snippet:-1","max-image-preview":"max-image-preview:large","max-video-preview":"max-video-preview:-1"},"canonical":"https:\/\/gimnasticdetarragona.cat\/es\/gran-estrena-de-laliga-genuine-23-24-a-tarragona\/","og_locale":"es_ES","og_type":"article","og_title":"Gran estreno de LaLiga Genuine 23-24 en Tarragona - Gimn\u00e0stic de Tarragona SAD","og_description":"El N\u00e0stic, vigente campe\u00f3n del Fair Play, debuta con lleno de puntos en la clasificaci\u00f3n de la deportividad","og_url":"https:\/\/gimnasticdetarragona.cat\/es\/gran-estrena-de-laliga-genuine-23-24-a-tarragona\/","og_site_name":"Gimn\u00e0stic de Tarragona SAD","article_published_time":"2023-11-20T18:44:46+00:00","article_modified_time":"2023-11-20T18:54:53+00:00","og_image":[{"width":900,"height":600,"url":"https:\/\/gimnasticdetarragona.cat\/wp-content\/uploads\/2023\/11\/083008c473c368ed28f45d7a7d2e4d01.jpeg","type":"image\/jpeg"}],"author":"Comunicacion","twitter_card":"summary_large_image","twitter_creator":"@NASTICTARRAGONA","twitter_site":"@NASTICTARRAGONA","twitter_misc":{"Escrito por":"Comunicacion","Tiempo de lectura":"2 minutos"},"schema":{"@context":"https:\/\/schema.org","@graph":[{"@type":"Article","@id":"https:\/\/gimnasticdetarragona.cat\/es\/gran-estrena-de-laliga-genuine-23-24-a-tarragona\/#article","isPartOf":{"@id":"https:\/\/gimnasticdetarragona.cat\/es\/gran-estrena-de-laliga-genuine-23-24-a-tarragona\/"},"author":{"name":"Comunicacion","@id":"https:\/\/gimnasticdetarragona.cat\/es\/#\/schema\/person\/0a9b7103e7dd73640eb245c4aa4afb8d"},"headline":"Gran estreno de LaLiga Genuine 23-24 en Tarragona","datePublished":"2023-11-20T18:44:46+00:00","dateModified":"2023-11-20T18:54:53+00:00","mainEntityOfPage":{"@id":"https:\/\/gimnasticdetarragona.cat\/es\/gran-estrena-de-laliga-genuine-23-24-a-tarragona\/"},"wordCount":374,"commentCount":0,"publisher":{"@id":"https:\/\/gimnasticdetarragona.cat\/es\/#organization"},"image":{"@id":"https:\/\/gimnasticdetarragona.cat\/es\/gran-estrena-de-laliga-genuine-23-24-a-tarragona\/#primaryimage"},"thumbnailUrl":"https:\/\/gimnasticdetarragona.cat\/wp-content\/uploads\/2023\/11\/083008c473c368ed28f45d7a7d2e4d01.jpeg","articleSection":["Actualidad"],"inLanguage":"es"},{"@type":"WebPage","@id":"https:\/\/gimnasticdetarragona.cat\/es\/gran-estrena-de-laliga-genuine-23-24-a-tarragona\/","url":"https:\/\/gimnasticdetarragona.cat\/es\/gran-estrena-de-laliga-genuine-23-24-a-tarragona\/","name":"Gran estreno de LaLiga Genuine 23-24 en Tarragona - Gimn\u00e0stic de Tarragona SAD","isPartOf":{"@id":"https:\/\/gimnasticdetarragona.cat\/es\/#website"},"primaryImageOfPage":{"@id":"https:\/\/gimnasticdetarragona.cat\/es\/gran-estrena-de-laliga-genuine-23-24-a-tarragona\/#primaryimage"},"image":{"@id":"https:\/\/gimnasticdetarragona.cat\/es\/gran-estrena-de-laliga-genuine-23-24-a-tarragona\/#primaryimage"},"thumbnailUrl":"https:\/\/gimnasticdetarragona.cat\/wp-content\/uploads\/2023\/11\/083008c473c368ed28f45d7a7d2e4d01.jpeg","datePublished":"2023-11-20T18:44:46+00:00","dateModified":"2023-11-20T18:54:53+00:00","breadcrumb":{"@id":"https:\/\/gimnasticdetarragona.cat\/es\/gran-estrena-de-laliga-genuine-23-24-a-tarragona\/#breadcrumb"},"inLanguage":"es","potentialAction":[{"@type":"ReadAction","target":["https:\/\/gimnasticdetarragona.cat\/es\/gran-estrena-de-laliga-genuine-23-24-a-tarragona\/"]}]},{"@type":"ImageObject","inLanguage":"es","@id":"https:\/\/gimnasticdetarragona.cat\/es\/gran-estrena-de-laliga-genuine-23-24-a-tarragona\/#primaryimage","url":"https:\/\/gimnasticdetarragona.cat\/wp-content\/uploads\/2023\/11\/083008c473c368ed28f45d7a7d2e4d01.jpeg","contentUrl":"https:\/\/gimnasticdetarragona.cat\/wp-content\/uploads\/2023\/11\/083008c473c368ed28f45d7a7d2e4d01.jpeg","width":900,"height":600},{"@type":"BreadcrumbList","@id":"https:\/\/gimnasticdetarragona.cat\/es\/gran-estrena-de-laliga-genuine-23-24-a-tarragona\/#breadcrumb","itemListElement":[{"@type":"ListItem","position":1,"name":"Inici","item":"https:\/\/gimnasticdetarragona.cat\/es\/nastic\/"},{"@type":"ListItem","position":2,"name":"Gran estreno de LaLiga Genuine 23-24 en Tarragona"}]},{"@type":"WebSite","@id":"https:\/\/gimnasticdetarragona.cat\/es\/#website","url":"https:\/\/gimnasticdetarragona.cat\/es\/","name":"Gimn\u00e0stic de Tarragona SAD","description":"Gimn\u00e0stic de Tarragona","publisher":{"@id":"https:\/\/gimnasticdetarragona.cat\/es\/#organization"},"potentialAction":[{"@type":"SearchAction","target":{"@type":"EntryPoint","urlTemplate":"https:\/\/gimnasticdetarragona.cat\/es\/?s={search_term_string}"},"query-input":{"@type":"PropertyValueSpecification","valueRequired":true,"valueName":"search_term_string"}}],"inLanguage":"es"},{"@type":"Organization","@id":"https:\/\/gimnasticdetarragona.cat\/es\/#organization","name":"GIMN\u00c0STIC DE TARRAGONA","alternateName":"N\u00c0STIC","url":"https:\/\/gimnasticdetarragona.cat\/es\/","logo":{"@type":"ImageObject","inLanguage":"es","@id":"https:\/\/gimnasticdetarragona.cat\/es\/#\/schema\/logo\/image\/","url":"https:\/\/gimnasticdetarragona.cat\/wp-content\/uploads\/2022\/06\/cropped-logo-gimnastic.png","contentUrl":"https:\/\/gimnasticdetarragona.cat\/wp-content\/uploads\/2022\/06\/cropped-logo-gimnastic.png","width":224,"height":83,"caption":"GIMN\u00c0STIC DE TARRAGONA"},"image":{"@id":"https:\/\/gimnasticdetarragona.cat\/es\/#\/schema\/logo\/image\/"},"sameAs":["https:\/\/x.com\/NASTICTARRAGONA","https:\/\/www.instagram.com\/nastictarragona\/"]},{"@type":"Person","@id":"https:\/\/gimnasticdetarragona.cat\/es\/#\/schema\/person\/0a9b7103e7dd73640eb245c4aa4afb8d","name":"Comunicacion"}]}},"_links":{"self":[{"href":"https:\/\/gimnasticdetarragona.cat\/es\/wp-json\/wp\/v2\/posts\/93605","targetHints":{"allow":["GET"]}}],"collection":[{"href":"https:\/\/gimnasticdetarragona.cat\/es\/wp-json\/wp\/v2\/posts"}],"about":[{"href":"https:\/\/gimnasticdetarragona.cat\/es\/wp-json\/wp\/v2\/types\/post"}],"author":[{"embeddable":true,"href":"https:\/\/gimnasticdetarragona.cat\/es\/wp-json\/wp\/v2\/users\/7"}],"replies":[{"embeddable":true,"href":"https:\/\/gimnasticdetarragona.cat\/es\/wp-json\/wp\/v2\/comments?post=93605"}],"version-history":[{"count":0,"href":"https:\/\/gimnasticdetarragona.cat\/es\/wp-json\/wp\/v2\/posts\/93605\/revisions"}],"wp:featuredmedia":[{"embeddable":true,"href":"https:\/\/gimnasticdetarragona.cat\/es\/wp-json\/wp\/v2\/media\/93603"}],"wp:attachment":[{"href":"https:\/\/gimnasticdetarragona.cat\/es\/wp-json\/wp\/v2\/media?parent=93605"}],"wp:term":[{"taxonomy":"category","embeddable":true,"href":"https:\/\/gimnasticdetarragona.cat\/es\/wp-json\/wp\/v2\/categories?post=93605"},{"taxonomy":"post_tag","embeddable":true,"href":"https:\/\/gimnasticdetarragona.cat\/es\/wp-json\/wp\/v2\/tags?post=93605"}],"curies":[{"name":"wp","href":"https:\/\/api.w.org\/{rel}","templated":true}]}}