{"id":94285,"date":"2024-01-23T11:58:59","date_gmt":"2024-01-23T10:58:59","guid":{"rendered":"https:\/\/gimnasticdetarragona.cat\/grupo-imagina-energia-i-nastic-compromesos-amb-el-medi-ambient\/"},"modified":"2024-01-23T12:26:38","modified_gmt":"2024-01-23T11:26:38","slug":"grupo-imagina-energia-i-nastic-compromesos-amb-el-medi-ambient","status":"publish","type":"post","link":"https:\/\/gimnasticdetarragona.cat\/es\/grupo-imagina-energia-i-nastic-compromesos-amb-el-medi-ambient\/","title":{"rendered":"Grupo Imagina Energ\u00eda y N\u00e0stic, comprometidos con el medio ambiente"},"content":{"rendered":"\n<p>El Gimn\u00e0stic de Tarragona y el Grupo Imagina Energ\u00eda, que agrupa a Imagina Energ\u00eda -primera comercializadora 100% solar de Espa\u00f1a- y Quantica Renovables -empresa l\u00edder en ingenier\u00eda solar y autoconsumo fotovoltaico- se vinculan hasta la temporada 2027-2028.<\/p>\n\n\n\n<p>Este nuevo acuerdo, que supone la incorporaci\u00f3n de Grupo Imagina Energ\u00eda como miembro del Club Empresa del N\u00e0stic, permitir\u00e1 ofrecer ventajas a los socios de la entidad, impulsar acciones sostenibles y compartir sinergias de compromiso y sostenibilidad con el medio ambiente.<\/p>\n\n\n\n<p>La r\u00fabrica de la nueva colaboraci\u00f3n se firm\u00f3 el jueves 11 de enero en las instalaciones del Nou Estadi Costa Daurada; escenario en el que, a partir de ahora, contar\u00e1 con presencia fija del Grupo Imagina Energ\u00eda especializado en acercar de manera sencilla e innovadora la energ\u00eda solar a todos los hogares y empresas ya sea con soluciones de autoconsumo solar o con energ\u00eda de la red a medida.<\/p>\n\n\n\n<p>Los encargados de sellar el acuerdo por parte de la empresa energ\u00e9tica fueron la directora comercial, Alicia C\u00e1mara, y el colaborador del Grupo Imagina Energ\u00eda, Pascual Cano. Por parte del Gimn\u00e0stic de Tarragona participaron el presidente grana, Josep Maria Andreu; el director general de la entidad, Llu\u00eds F\u00e0bregas; y el director del \u00c1rea de Negocio, Jose Mar\u00eda Andreu Sol\u00e9.<\/p>\n\n\n\n<p>Adem\u00e1s, en el marco de este acuerdo, el Grupo Imagina Energ\u00eda impulsar\u00e1 el desarrollo de una planta solar en las instalaciones del club para proporcionar energ\u00eda solar a toda la infraestructura del conjunto grana. Dicho suministro se ofrecer\u00e1 a partir de un innovador modelo PPA que asegura un precio fijo para toda la energ\u00eda que necesite el club asegurando el abastecimiento de energ\u00eda renovable y sostenible, adem\u00e1s de un significativo ahorro.<\/p>\n\n\n\n<p><strong><a href=\"https:\/\/imaginaenergia.com\/\" data-type=\"link\" data-id=\"https:\/\/imaginaenergia.com\/\">Grupo Imagina Energ\u00eda<\/a><\/strong><\/p>\n\n\n\n<p>Imagina Energ\u00eda y Quantica Renovables se convirtieron en la cuarta instaladora de autoconsumo solar en Espa\u00f1a tras su fusi\u00f3n en julio de 2023. Entre ambas acumulan 80MW instalados y 220GWh de suministro de energ\u00eda, adem\u00e1s de sumar una plantilla de 270 empleados que trabajan tanto desde las oficinas centrales de Madrid y Sevilla como en las delegaciones comerciales en M\u00e1laga, C\u00f3rdoba, Castell\u00f3n, Valencia y C\u00e1ceres.<\/p>\n","protected":false},"excerpt":{"rendered":"<p>Acuerdo de colaboraci\u00f3n por 5 temporadas<\/p>\n","protected":false},"author":7,"featured_media":94283,"comment_status":"open","ping_status":"open","sticky":false,"template":"","format":"standard","meta":{"_acf_changed":false,"footnotes":""},"categories":[113,116,139],"tags":[],"class_list":["post-94285","post","type-post","status-publish","format-standard","has-post-thumbnail","hentry","category-actualidad","category-club-empresa","category-social"],"acf":[],"yoast_head":"<!-- This site is optimized with the Yoast SEO plugin v27.3 - https:\/\/yoast.com\/product\/yoast-seo-wordpress\/ -->\n<title>Grupo Imagina Energ\u00eda y N\u00e0stic, comprometidos con el medio ambiente - Gimn\u00e0stic de Tarragona SAD<\/title>\n<meta name=\"robots\" content=\"index, follow, max-snippet:-1, max-image-preview:large, max-video-preview:-1\" \/>\n<link rel=\"canonical\" href=\"https:\/\/gimnasticdetarragona.cat\/es\/grupo-imagina-energia-i-nastic-compromesos-amb-el-medi-ambient\/\" \/>\n<meta property=\"og:locale\" content=\"es_ES\" \/>\n<meta property=\"og:type\" content=\"article\" \/>\n<meta property=\"og:title\" content=\"Grupo Imagina Energ\u00eda y N\u00e0stic, comprometidos con el medio ambiente - Gimn\u00e0stic de Tarragona SAD\" \/>\n<meta property=\"og:description\" content=\"Acuerdo de colaboraci\u00f3n por 5 temporadas\" \/>\n<meta property=\"og:url\" content=\"https:\/\/gimnasticdetarragona.cat\/es\/grupo-imagina-energia-i-nastic-compromesos-amb-el-medi-ambient\/\" \/>\n<meta property=\"og:site_name\" content=\"Gimn\u00e0stic de Tarragona SAD\" \/>\n<meta property=\"article:published_time\" content=\"2024-01-23T10:58:59+00:00\" \/>\n<meta property=\"article:modified_time\" content=\"2024-01-23T11:26:38+00:00\" \/>\n<meta property=\"og:image\" content=\"https:\/\/gimnasticdetarragona.cat\/wp-content\/uploads\/2024\/01\/Imagina-Energia-1-1024x683.png\" \/>\n\t<meta property=\"og:image:width\" content=\"1024\" \/>\n\t<meta property=\"og:image:height\" content=\"683\" \/>\n\t<meta property=\"og:image:type\" content=\"image\/png\" \/>\n<meta name=\"author\" content=\"Comunicacion\" \/>\n<meta name=\"twitter:card\" content=\"summary_large_image\" \/>\n<meta name=\"twitter:creator\" content=\"@NASTICTARRAGONA\" \/>\n<meta name=\"twitter:site\" content=\"@NASTICTARRAGONA\" \/>\n<meta name=\"twitter:label1\" content=\"Escrito por\" \/>\n\t<meta name=\"twitter:data1\" content=\"Comunicacion\" \/>\n\t<meta name=\"twitter:label2\" content=\"Tiempo de lectura\" \/>\n\t<meta name=\"twitter:data2\" content=\"2 minutos\" \/>\n<script type=\"application\/ld+json\" class=\"yoast-schema-graph\">{\"@context\":\"https:\\\/\\\/schema.org\",\"@graph\":[{\"@type\":\"Article\",\"@id\":\"https:\\\/\\\/gimnasticdetarragona.cat\\\/es\\\/grupo-imagina-energia-i-nastic-compromesos-amb-el-medi-ambient\\\/#article\",\"isPartOf\":{\"@id\":\"https:\\\/\\\/gimnasticdetarragona.cat\\\/es\\\/grupo-imagina-energia-i-nastic-compromesos-amb-el-medi-ambient\\\/\"},\"author\":{\"name\":\"Comunicacion\",\"@id\":\"https:\\\/\\\/gimnasticdetarragona.cat\\\/es\\\/#\\\/schema\\\/person\\\/0a9b7103e7dd73640eb245c4aa4afb8d\"},\"headline\":\"Grupo Imagina Energ\u00eda y N\u00e0stic, comprometidos con el medio ambiente\",\"datePublished\":\"2024-01-23T10:58:59+00:00\",\"dateModified\":\"2024-01-23T11:26:38+00:00\",\"mainEntityOfPage\":{\"@id\":\"https:\\\/\\\/gimnasticdetarragona.cat\\\/es\\\/grupo-imagina-energia-i-nastic-compromesos-amb-el-medi-ambient\\\/\"},\"wordCount\":390,\"commentCount\":0,\"publisher\":{\"@id\":\"https:\\\/\\\/gimnasticdetarragona.cat\\\/es\\\/#organization\"},\"image\":{\"@id\":\"https:\\\/\\\/gimnasticdetarragona.cat\\\/es\\\/grupo-imagina-energia-i-nastic-compromesos-amb-el-medi-ambient\\\/#primaryimage\"},\"thumbnailUrl\":\"https:\\\/\\\/gimnasticdetarragona.cat\\\/wp-content\\\/uploads\\\/2024\\\/01\\\/Imagina-Energia-1.png\",\"articleSection\":[\"Actualidad\",\"Club Empresa\",\"Social\"],\"inLanguage\":\"es\"},{\"@type\":\"WebPage\",\"@id\":\"https:\\\/\\\/gimnasticdetarragona.cat\\\/es\\\/grupo-imagina-energia-i-nastic-compromesos-amb-el-medi-ambient\\\/\",\"url\":\"https:\\\/\\\/gimnasticdetarragona.cat\\\/es\\\/grupo-imagina-energia-i-nastic-compromesos-amb-el-medi-ambient\\\/\",\"name\":\"Grupo Imagina Energ\u00eda y N\u00e0stic, comprometidos con el medio ambiente - Gimn\u00e0stic de Tarragona SAD\",\"isPartOf\":{\"@id\":\"https:\\\/\\\/gimnasticdetarragona.cat\\\/es\\\/#website\"},\"primaryImageOfPage\":{\"@id\":\"https:\\\/\\\/gimnasticdetarragona.cat\\\/es\\\/grupo-imagina-energia-i-nastic-compromesos-amb-el-medi-ambient\\\/#primaryimage\"},\"image\":{\"@id\":\"https:\\\/\\\/gimnasticdetarragona.cat\\\/es\\\/grupo-imagina-energia-i-nastic-compromesos-amb-el-medi-ambient\\\/#primaryimage\"},\"thumbnailUrl\":\"https:\\\/\\\/gimnasticdetarragona.cat\\\/wp-content\\\/uploads\\\/2024\\\/01\\\/Imagina-Energia-1.png\",\"datePublished\":\"2024-01-23T10:58:59+00:00\",\"dateModified\":\"2024-01-23T11:26:38+00:00\",\"breadcrumb\":{\"@id\":\"https:\\\/\\\/gimnasticdetarragona.cat\\\/es\\\/grupo-imagina-energia-i-nastic-compromesos-amb-el-medi-ambient\\\/#breadcrumb\"},\"inLanguage\":\"es\",\"potentialAction\":[{\"@type\":\"ReadAction\",\"target\":[\"https:\\\/\\\/gimnasticdetarragona.cat\\\/es\\\/grupo-imagina-energia-i-nastic-compromesos-amb-el-medi-ambient\\\/\"]}]},{\"@type\":\"ImageObject\",\"inLanguage\":\"es\",\"@id\":\"https:\\\/\\\/gimnasticdetarragona.cat\\\/es\\\/grupo-imagina-energia-i-nastic-compromesos-amb-el-medi-ambient\\\/#primaryimage\",\"url\":\"https:\\\/\\\/gimnasticdetarragona.cat\\\/wp-content\\\/uploads\\\/2024\\\/01\\\/Imagina-Energia-1.png\",\"contentUrl\":\"https:\\\/\\\/gimnasticdetarragona.cat\\\/wp-content\\\/uploads\\\/2024\\\/01\\\/Imagina-Energia-1.png\",\"width\":6000,\"height\":4000},{\"@type\":\"BreadcrumbList\",\"@id\":\"https:\\\/\\\/gimnasticdetarragona.cat\\\/es\\\/grupo-imagina-energia-i-nastic-compromesos-amb-el-medi-ambient\\\/#breadcrumb\",\"itemListElement\":[{\"@type\":\"ListItem\",\"position\":1,\"name\":\"Inici\",\"item\":\"https:\\\/\\\/gimnasticdetarragona.cat\\\/es\\\/nastic\\\/\"},{\"@type\":\"ListItem\",\"position\":2,\"name\":\"Grupo Imagina Energ\u00eda y N\u00e0stic, comprometidos con el medio ambiente\"}]},{\"@type\":\"WebSite\",\"@id\":\"https:\\\/\\\/gimnasticdetarragona.cat\\\/es\\\/#website\",\"url\":\"https:\\\/\\\/gimnasticdetarragona.cat\\\/es\\\/\",\"name\":\"Gimn\u00e0stic de Tarragona SAD\",\"description\":\"Gimn\u00e0stic de Tarragona\",\"publisher\":{\"@id\":\"https:\\\/\\\/gimnasticdetarragona.cat\\\/es\\\/#organization\"},\"potentialAction\":[{\"@type\":\"SearchAction\",\"target\":{\"@type\":\"EntryPoint\",\"urlTemplate\":\"https:\\\/\\\/gimnasticdetarragona.cat\\\/es\\\/?s={search_term_string}\"},\"query-input\":{\"@type\":\"PropertyValueSpecification\",\"valueRequired\":true,\"valueName\":\"search_term_string\"}}],\"inLanguage\":\"es\"},{\"@type\":\"Organization\",\"@id\":\"https:\\\/\\\/gimnasticdetarragona.cat\\\/es\\\/#organization\",\"name\":\"GIMN\u00c0STIC DE TARRAGONA\",\"alternateName\":\"N\u00c0STIC\",\"url\":\"https:\\\/\\\/gimnasticdetarragona.cat\\\/es\\\/\",\"logo\":{\"@type\":\"ImageObject\",\"inLanguage\":\"es\",\"@id\":\"https:\\\/\\\/gimnasticdetarragona.cat\\\/es\\\/#\\\/schema\\\/logo\\\/image\\\/\",\"url\":\"https:\\\/\\\/gimnasticdetarragona.cat\\\/wp-content\\\/uploads\\\/2022\\\/06\\\/cropped-logo-gimnastic.png\",\"contentUrl\":\"https:\\\/\\\/gimnasticdetarragona.cat\\\/wp-content\\\/uploads\\\/2022\\\/06\\\/cropped-logo-gimnastic.png\",\"width\":224,\"height\":83,\"caption\":\"GIMN\u00c0STIC DE TARRAGONA\"},\"image\":{\"@id\":\"https:\\\/\\\/gimnasticdetarragona.cat\\\/es\\\/#\\\/schema\\\/logo\\\/image\\\/\"},\"sameAs\":[\"https:\\\/\\\/x.com\\\/NASTICTARRAGONA\",\"https:\\\/\\\/www.instagram.com\\\/nastictarragona\\\/\"]},{\"@type\":\"Person\",\"@id\":\"https:\\\/\\\/gimnasticdetarragona.cat\\\/es\\\/#\\\/schema\\\/person\\\/0a9b7103e7dd73640eb245c4aa4afb8d\",\"name\":\"Comunicacion\"}]}<\/script>\n<!-- \/ Yoast SEO plugin. -->","yoast_head_json":{"title":"Grupo Imagina Energ\u00eda y N\u00e0stic, comprometidos con el medio ambiente - Gimn\u00e0stic de Tarragona SAD","robots":{"index":"index","follow":"follow","max-snippet":"max-snippet:-1","max-image-preview":"max-image-preview:large","max-video-preview":"max-video-preview:-1"},"canonical":"https:\/\/gimnasticdetarragona.cat\/es\/grupo-imagina-energia-i-nastic-compromesos-amb-el-medi-ambient\/","og_locale":"es_ES","og_type":"article","og_title":"Grupo Imagina Energ\u00eda y N\u00e0stic, comprometidos con el medio ambiente - Gimn\u00e0stic de Tarragona SAD","og_description":"Acuerdo de colaboraci\u00f3n por 5 temporadas","og_url":"https:\/\/gimnasticdetarragona.cat\/es\/grupo-imagina-energia-i-nastic-compromesos-amb-el-medi-ambient\/","og_site_name":"Gimn\u00e0stic de Tarragona SAD","article_published_time":"2024-01-23T10:58:59+00:00","article_modified_time":"2024-01-23T11:26:38+00:00","og_image":[{"width":1024,"height":683,"url":"https:\/\/gimnasticdetarragona.cat\/wp-content\/uploads\/2024\/01\/Imagina-Energia-1-1024x683.png","type":"image\/png"}],"author":"Comunicacion","twitter_card":"summary_large_image","twitter_creator":"@NASTICTARRAGONA","twitter_site":"@NASTICTARRAGONA","twitter_misc":{"Escrito por":"Comunicacion","Tiempo de lectura":"2 minutos"},"schema":{"@context":"https:\/\/schema.org","@graph":[{"@type":"Article","@id":"https:\/\/gimnasticdetarragona.cat\/es\/grupo-imagina-energia-i-nastic-compromesos-amb-el-medi-ambient\/#article","isPartOf":{"@id":"https:\/\/gimnasticdetarragona.cat\/es\/grupo-imagina-energia-i-nastic-compromesos-amb-el-medi-ambient\/"},"author":{"name":"Comunicacion","@id":"https:\/\/gimnasticdetarragona.cat\/es\/#\/schema\/person\/0a9b7103e7dd73640eb245c4aa4afb8d"},"headline":"Grupo Imagina Energ\u00eda y N\u00e0stic, comprometidos con el medio ambiente","datePublished":"2024-01-23T10:58:59+00:00","dateModified":"2024-01-23T11:26:38+00:00","mainEntityOfPage":{"@id":"https:\/\/gimnasticdetarragona.cat\/es\/grupo-imagina-energia-i-nastic-compromesos-amb-el-medi-ambient\/"},"wordCount":390,"commentCount":0,"publisher":{"@id":"https:\/\/gimnasticdetarragona.cat\/es\/#organization"},"image":{"@id":"https:\/\/gimnasticdetarragona.cat\/es\/grupo-imagina-energia-i-nastic-compromesos-amb-el-medi-ambient\/#primaryimage"},"thumbnailUrl":"https:\/\/gimnasticdetarragona.cat\/wp-content\/uploads\/2024\/01\/Imagina-Energia-1.png","articleSection":["Actualidad","Club Empresa","Social"],"inLanguage":"es"},{"@type":"WebPage","@id":"https:\/\/gimnasticdetarragona.cat\/es\/grupo-imagina-energia-i-nastic-compromesos-amb-el-medi-ambient\/","url":"https:\/\/gimnasticdetarragona.cat\/es\/grupo-imagina-energia-i-nastic-compromesos-amb-el-medi-ambient\/","name":"Grupo Imagina Energ\u00eda y N\u00e0stic, comprometidos con el medio ambiente - Gimn\u00e0stic de Tarragona SAD","isPartOf":{"@id":"https:\/\/gimnasticdetarragona.cat\/es\/#website"},"primaryImageOfPage":{"@id":"https:\/\/gimnasticdetarragona.cat\/es\/grupo-imagina-energia-i-nastic-compromesos-amb-el-medi-ambient\/#primaryimage"},"image":{"@id":"https:\/\/gimnasticdetarragona.cat\/es\/grupo-imagina-energia-i-nastic-compromesos-amb-el-medi-ambient\/#primaryimage"},"thumbnailUrl":"https:\/\/gimnasticdetarragona.cat\/wp-content\/uploads\/2024\/01\/Imagina-Energia-1.png","datePublished":"2024-01-23T10:58:59+00:00","dateModified":"2024-01-23T11:26:38+00:00","breadcrumb":{"@id":"https:\/\/gimnasticdetarragona.cat\/es\/grupo-imagina-energia-i-nastic-compromesos-amb-el-medi-ambient\/#breadcrumb"},"inLanguage":"es","potentialAction":[{"@type":"ReadAction","target":["https:\/\/gimnasticdetarragona.cat\/es\/grupo-imagina-energia-i-nastic-compromesos-amb-el-medi-ambient\/"]}]},{"@type":"ImageObject","inLanguage":"es","@id":"https:\/\/gimnasticdetarragona.cat\/es\/grupo-imagina-energia-i-nastic-compromesos-amb-el-medi-ambient\/#primaryimage","url":"https:\/\/gimnasticdetarragona.cat\/wp-content\/uploads\/2024\/01\/Imagina-Energia-1.png","contentUrl":"https:\/\/gimnasticdetarragona.cat\/wp-content\/uploads\/2024\/01\/Imagina-Energia-1.png","width":6000,"height":4000},{"@type":"BreadcrumbList","@id":"https:\/\/gimnasticdetarragona.cat\/es\/grupo-imagina-energia-i-nastic-compromesos-amb-el-medi-ambient\/#breadcrumb","itemListElement":[{"@type":"ListItem","position":1,"name":"Inici","item":"https:\/\/gimnasticdetarragona.cat\/es\/nastic\/"},{"@type":"ListItem","position":2,"name":"Grupo Imagina Energ\u00eda y N\u00e0stic, comprometidos con el medio ambiente"}]},{"@type":"WebSite","@id":"https:\/\/gimnasticdetarragona.cat\/es\/#website","url":"https:\/\/gimnasticdetarragona.cat\/es\/","name":"Gimn\u00e0stic de Tarragona SAD","description":"Gimn\u00e0stic de Tarragona","publisher":{"@id":"https:\/\/gimnasticdetarragona.cat\/es\/#organization"},"potentialAction":[{"@type":"SearchAction","target":{"@type":"EntryPoint","urlTemplate":"https:\/\/gimnasticdetarragona.cat\/es\/?s={search_term_string}"},"query-input":{"@type":"PropertyValueSpecification","valueRequired":true,"valueName":"search_term_string"}}],"inLanguage":"es"},{"@type":"Organization","@id":"https:\/\/gimnasticdetarragona.cat\/es\/#organization","name":"GIMN\u00c0STIC DE TARRAGONA","alternateName":"N\u00c0STIC","url":"https:\/\/gimnasticdetarragona.cat\/es\/","logo":{"@type":"ImageObject","inLanguage":"es","@id":"https:\/\/gimnasticdetarragona.cat\/es\/#\/schema\/logo\/image\/","url":"https:\/\/gimnasticdetarragona.cat\/wp-content\/uploads\/2022\/06\/cropped-logo-gimnastic.png","contentUrl":"https:\/\/gimnasticdetarragona.cat\/wp-content\/uploads\/2022\/06\/cropped-logo-gimnastic.png","width":224,"height":83,"caption":"GIMN\u00c0STIC DE TARRAGONA"},"image":{"@id":"https:\/\/gimnasticdetarragona.cat\/es\/#\/schema\/logo\/image\/"},"sameAs":["https:\/\/x.com\/NASTICTARRAGONA","https:\/\/www.instagram.com\/nastictarragona\/"]},{"@type":"Person","@id":"https:\/\/gimnasticdetarragona.cat\/es\/#\/schema\/person\/0a9b7103e7dd73640eb245c4aa4afb8d","name":"Comunicacion"}]}},"_links":{"self":[{"href":"https:\/\/gimnasticdetarragona.cat\/es\/wp-json\/wp\/v2\/posts\/94285","targetHints":{"allow":["GET"]}}],"collection":[{"href":"https:\/\/gimnasticdetarragona.cat\/es\/wp-json\/wp\/v2\/posts"}],"about":[{"href":"https:\/\/gimnasticdetarragona.cat\/es\/wp-json\/wp\/v2\/types\/post"}],"author":[{"embeddable":true,"href":"https:\/\/gimnasticdetarragona.cat\/es\/wp-json\/wp\/v2\/users\/7"}],"replies":[{"embeddable":true,"href":"https:\/\/gimnasticdetarragona.cat\/es\/wp-json\/wp\/v2\/comments?post=94285"}],"version-history":[{"count":0,"href":"https:\/\/gimnasticdetarragona.cat\/es\/wp-json\/wp\/v2\/posts\/94285\/revisions"}],"wp:featuredmedia":[{"embeddable":true,"href":"https:\/\/gimnasticdetarragona.cat\/es\/wp-json\/wp\/v2\/media\/94283"}],"wp:attachment":[{"href":"https:\/\/gimnasticdetarragona.cat\/es\/wp-json\/wp\/v2\/media?parent=94285"}],"wp:term":[{"taxonomy":"category","embeddable":true,"href":"https:\/\/gimnasticdetarragona.cat\/es\/wp-json\/wp\/v2\/categories?post=94285"},{"taxonomy":"post_tag","embeddable":true,"href":"https:\/\/gimnasticdetarragona.cat\/es\/wp-json\/wp\/v2\/tags?post=94285"}],"curies":[{"name":"wp","href":"https:\/\/api.w.org\/{rel}","templated":true}]}}