{"id":94322,"date":"2024-01-25T10:59:35","date_gmt":"2024-01-25T09:59:35","guid":{"rendered":"https:\/\/gimnasticdetarragona.cat\/vopak-terquimsa-i-nastic-prorroguen-i-amplien-la-collaboracio-amb-la-incorporacio-del-primer-equip-femeni\/"},"modified":"2024-01-25T11:10:18","modified_gmt":"2024-01-25T10:10:18","slug":"vopak-terquimsa-i-nastic-prorroguen-i-amplien-la-collaboracio-amb-la-incorporacio-del-primer-equip-femeni","status":"publish","type":"post","link":"https:\/\/gimnasticdetarragona.cat\/es\/vopak-terquimsa-i-nastic-prorroguen-i-amplien-la-collaboracio-amb-la-incorporacio-del-primer-equip-femeni\/","title":{"rendered":"Vopak Terquimsa y N\u00e0stic prorrogan y ampl\u00edan la colaboraci\u00f3n \u00a0con la incorporaci\u00f3n del primer equipo femenino"},"content":{"rendered":"\n<p>El Gimn\u00e0stic de Tarragona y Vopak Terquimsa ampl\u00edan el acuerdo de patrocinio firmado la temporada 2021-2022 y el equipo femenino tambi\u00e9n lucir\u00e1 el logo de la marca.<\/p>\n\n\n\n<p>Con esta nueva acci\u00f3n, la empresa dedicada a la recepci\u00f3n, almacenamiento y expedici\u00f3n de productos l\u00edquidos a granel ampl\u00eda su apoyo como patrocinador oficial del Club Empresa del N\u00e0stic y patrocinador oficial de los primeros equipos grana, tanto el masculino como ahora tambi\u00e9n el femenino.<\/p>\n\n\n\n<p>El presidente del N\u00e0stic, Josep Maria Andreu; y el director general de Vopak Terquimsa, Eduardo Sa\u00f1udo, han sido los encargados de sellar la vinculaci\u00f3n sobre el c\u00e9sped del Nou Estadi Costa Daurada. El acto tambi\u00e9n ha contado con la participaci\u00f3n de la jugadora Carla Albaladejo, representando al femenino; y el jugador Pablo Fern\u00e1ndez, representando al masculino.<\/p>\n\n\n\n<p>El logotipo de Vopak Terquimsa ya luce en la parte frontal del pantal\u00f3n oficial de juego de ambos equipos. Esta visibilidad se suma a la esponsorizaci\u00f3n, iniciada hace dos temporadas, en las indumentarias t\u00e9cnicas del cuerpo t\u00e9cnico grana. Cabe recordar que el apoyo de la multinacional l\u00edder en el sector de almacenamiento se suma a otras acciones sociales y deportivas que se realizan conjuntamente.<\/p>\n\n\n\n<p>El presidente grana, Josep Maria Andreu, ha declarado que \u201cel apoyo de Vopak Terquimsa nos hace especial ilusi\u00f3n y es una muestra de confianza a\u00f1o tras a\u00f1o con nuestro proyecto deportivo; en ese caso, sumar su fidelidad en el femenino es un claro ejemplo del compromiso de la entidad\u201d. Por su parte, el director general de Vopak Terquimsa, Eduardo Sa\u00f1udo, ha manifestado \u201cLa colaboraci\u00f3n con el Gimn\u00e0stic de Tarragona nos hace especial ilusi\u00f3n, no s\u00f3lo por los valores compartidos, y que asociamos a la actividad deportiva, como son el compromiso, la integridad, el esfuerzo y el trabajo en equipo, sino por lo que el N\u00e0stic representa para la sociedad del territorio. Es sin duda un actor dinamizador de nuestra sociedad, cuyo impacto va mucho m\u00e1s all\u00e1 del puramente deportivo, y estamos felices de poder aportar y sumar a su proyecto\u201d. Con esta renovaci\u00f3n del convenio, Vopak Terquimsa sigue sumando esfuerzos con el Gimn\u00e0stic de Tarragona por desarrollar nuevas acciones en el \u00e1mbito social y deportivo.<\/p>\n","protected":false},"excerpt":{"rendered":"<p>Se suma a la esponsorizaci\u00f3n iniciada con el masculino<\/p>\n","protected":false},"author":7,"featured_media":94320,"comment_status":"open","ping_status":"open","sticky":false,"template":"","format":"standard","meta":{"_acf_changed":false,"footnotes":""},"categories":[113,116],"tags":[],"class_list":["post-94322","post","type-post","status-publish","format-standard","has-post-thumbnail","hentry","category-actualidad","category-club-empresa"],"acf":[],"yoast_head":"<!-- This site is optimized with the Yoast SEO plugin v27.3 - https:\/\/yoast.com\/product\/yoast-seo-wordpress\/ -->\n<title>Vopak Terquimsa y N\u00e0stic prorrogan y ampl\u00edan la colaboraci\u00f3n \u00a0con la incorporaci\u00f3n del primer equipo femenino - Gimn\u00e0stic de Tarragona SAD<\/title>\n<meta name=\"robots\" content=\"index, follow, max-snippet:-1, max-image-preview:large, max-video-preview:-1\" \/>\n<link rel=\"canonical\" href=\"https:\/\/gimnasticdetarragona.cat\/es\/vopak-terquimsa-i-nastic-prorroguen-i-amplien-la-collaboracio-amb-la-incorporacio-del-primer-equip-femeni\/\" \/>\n<meta property=\"og:locale\" content=\"es_ES\" \/>\n<meta property=\"og:type\" content=\"article\" \/>\n<meta property=\"og:title\" content=\"Vopak Terquimsa y N\u00e0stic prorrogan y ampl\u00edan la colaboraci\u00f3n \u00a0con la incorporaci\u00f3n del primer equipo femenino - Gimn\u00e0stic de Tarragona SAD\" \/>\n<meta property=\"og:description\" content=\"Se suma a la esponsorizaci\u00f3n iniciada con el masculino\" \/>\n<meta property=\"og:url\" content=\"https:\/\/gimnasticdetarragona.cat\/es\/vopak-terquimsa-i-nastic-prorroguen-i-amplien-la-collaboracio-amb-la-incorporacio-del-primer-equip-femeni\/\" \/>\n<meta property=\"og:site_name\" content=\"Gimn\u00e0stic de Tarragona SAD\" \/>\n<meta property=\"article:published_time\" content=\"2024-01-25T09:59:35+00:00\" \/>\n<meta property=\"article:modified_time\" content=\"2024-01-25T10:10:18+00:00\" \/>\n<meta property=\"og:image\" content=\"https:\/\/gimnasticdetarragona.cat\/wp-content\/uploads\/2024\/01\/IMG_8267-scaled.jpg\" \/>\n\t<meta property=\"og:image:width\" content=\"2560\" \/>\n\t<meta property=\"og:image:height\" content=\"1707\" \/>\n\t<meta property=\"og:image:type\" content=\"image\/jpeg\" \/>\n<meta name=\"author\" content=\"Comunicacion\" \/>\n<meta name=\"twitter:card\" content=\"summary_large_image\" \/>\n<meta name=\"twitter:creator\" content=\"@NASTICTARRAGONA\" \/>\n<meta name=\"twitter:site\" content=\"@NASTICTARRAGONA\" \/>\n<meta name=\"twitter:label1\" content=\"Escrito por\" \/>\n\t<meta name=\"twitter:data1\" content=\"Comunicacion\" \/>\n\t<meta name=\"twitter:label2\" content=\"Tiempo de lectura\" \/>\n\t<meta name=\"twitter:data2\" content=\"2 minutos\" \/>\n<script type=\"application\/ld+json\" class=\"yoast-schema-graph\">{\"@context\":\"https:\\\/\\\/schema.org\",\"@graph\":[{\"@type\":\"Article\",\"@id\":\"https:\\\/\\\/gimnasticdetarragona.cat\\\/es\\\/vopak-terquimsa-i-nastic-prorroguen-i-amplien-la-collaboracio-amb-la-incorporacio-del-primer-equip-femeni\\\/#article\",\"isPartOf\":{\"@id\":\"https:\\\/\\\/gimnasticdetarragona.cat\\\/es\\\/vopak-terquimsa-i-nastic-prorroguen-i-amplien-la-collaboracio-amb-la-incorporacio-del-primer-equip-femeni\\\/\"},\"author\":{\"name\":\"Comunicacion\",\"@id\":\"https:\\\/\\\/gimnasticdetarragona.cat\\\/es\\\/#\\\/schema\\\/person\\\/0a9b7103e7dd73640eb245c4aa4afb8d\"},\"headline\":\"Vopak Terquimsa y N\u00e0stic prorrogan y ampl\u00edan la colaboraci\u00f3n \u00a0con la incorporaci\u00f3n del primer equipo femenino\",\"datePublished\":\"2024-01-25T09:59:35+00:00\",\"dateModified\":\"2024-01-25T10:10:18+00:00\",\"mainEntityOfPage\":{\"@id\":\"https:\\\/\\\/gimnasticdetarragona.cat\\\/es\\\/vopak-terquimsa-i-nastic-prorroguen-i-amplien-la-collaboracio-amb-la-incorporacio-del-primer-equip-femeni\\\/\"},\"wordCount\":411,\"commentCount\":0,\"publisher\":{\"@id\":\"https:\\\/\\\/gimnasticdetarragona.cat\\\/es\\\/#organization\"},\"image\":{\"@id\":\"https:\\\/\\\/gimnasticdetarragona.cat\\\/es\\\/vopak-terquimsa-i-nastic-prorroguen-i-amplien-la-collaboracio-amb-la-incorporacio-del-primer-equip-femeni\\\/#primaryimage\"},\"thumbnailUrl\":\"https:\\\/\\\/gimnasticdetarragona.cat\\\/wp-content\\\/uploads\\\/2024\\\/01\\\/IMG_8267-scaled.jpg\",\"articleSection\":[\"Actualidad\",\"Club Empresa\"],\"inLanguage\":\"es\"},{\"@type\":\"WebPage\",\"@id\":\"https:\\\/\\\/gimnasticdetarragona.cat\\\/es\\\/vopak-terquimsa-i-nastic-prorroguen-i-amplien-la-collaboracio-amb-la-incorporacio-del-primer-equip-femeni\\\/\",\"url\":\"https:\\\/\\\/gimnasticdetarragona.cat\\\/es\\\/vopak-terquimsa-i-nastic-prorroguen-i-amplien-la-collaboracio-amb-la-incorporacio-del-primer-equip-femeni\\\/\",\"name\":\"Vopak Terquimsa y N\u00e0stic prorrogan y ampl\u00edan la colaboraci\u00f3n \u00a0con la incorporaci\u00f3n del primer equipo femenino - Gimn\u00e0stic de Tarragona SAD\",\"isPartOf\":{\"@id\":\"https:\\\/\\\/gimnasticdetarragona.cat\\\/es\\\/#website\"},\"primaryImageOfPage\":{\"@id\":\"https:\\\/\\\/gimnasticdetarragona.cat\\\/es\\\/vopak-terquimsa-i-nastic-prorroguen-i-amplien-la-collaboracio-amb-la-incorporacio-del-primer-equip-femeni\\\/#primaryimage\"},\"image\":{\"@id\":\"https:\\\/\\\/gimnasticdetarragona.cat\\\/es\\\/vopak-terquimsa-i-nastic-prorroguen-i-amplien-la-collaboracio-amb-la-incorporacio-del-primer-equip-femeni\\\/#primaryimage\"},\"thumbnailUrl\":\"https:\\\/\\\/gimnasticdetarragona.cat\\\/wp-content\\\/uploads\\\/2024\\\/01\\\/IMG_8267-scaled.jpg\",\"datePublished\":\"2024-01-25T09:59:35+00:00\",\"dateModified\":\"2024-01-25T10:10:18+00:00\",\"breadcrumb\":{\"@id\":\"https:\\\/\\\/gimnasticdetarragona.cat\\\/es\\\/vopak-terquimsa-i-nastic-prorroguen-i-amplien-la-collaboracio-amb-la-incorporacio-del-primer-equip-femeni\\\/#breadcrumb\"},\"inLanguage\":\"es\",\"potentialAction\":[{\"@type\":\"ReadAction\",\"target\":[\"https:\\\/\\\/gimnasticdetarragona.cat\\\/es\\\/vopak-terquimsa-i-nastic-prorroguen-i-amplien-la-collaboracio-amb-la-incorporacio-del-primer-equip-femeni\\\/\"]}]},{\"@type\":\"ImageObject\",\"inLanguage\":\"es\",\"@id\":\"https:\\\/\\\/gimnasticdetarragona.cat\\\/es\\\/vopak-terquimsa-i-nastic-prorroguen-i-amplien-la-collaboracio-amb-la-incorporacio-del-primer-equip-femeni\\\/#primaryimage\",\"url\":\"https:\\\/\\\/gimnasticdetarragona.cat\\\/wp-content\\\/uploads\\\/2024\\\/01\\\/IMG_8267-scaled.jpg\",\"contentUrl\":\"https:\\\/\\\/gimnasticdetarragona.cat\\\/wp-content\\\/uploads\\\/2024\\\/01\\\/IMG_8267-scaled.jpg\",\"width\":2560,\"height\":1707},{\"@type\":\"BreadcrumbList\",\"@id\":\"https:\\\/\\\/gimnasticdetarragona.cat\\\/es\\\/vopak-terquimsa-i-nastic-prorroguen-i-amplien-la-collaboracio-amb-la-incorporacio-del-primer-equip-femeni\\\/#breadcrumb\",\"itemListElement\":[{\"@type\":\"ListItem\",\"position\":1,\"name\":\"Inici\",\"item\":\"https:\\\/\\\/gimnasticdetarragona.cat\\\/es\\\/nastic\\\/\"},{\"@type\":\"ListItem\",\"position\":2,\"name\":\"Vopak Terquimsa y N\u00e0stic prorrogan y ampl\u00edan la colaboraci\u00f3n \u00a0con la incorporaci\u00f3n del primer equipo femenino\"}]},{\"@type\":\"WebSite\",\"@id\":\"https:\\\/\\\/gimnasticdetarragona.cat\\\/es\\\/#website\",\"url\":\"https:\\\/\\\/gimnasticdetarragona.cat\\\/es\\\/\",\"name\":\"Gimn\u00e0stic de Tarragona SAD\",\"description\":\"Gimn\u00e0stic de Tarragona\",\"publisher\":{\"@id\":\"https:\\\/\\\/gimnasticdetarragona.cat\\\/es\\\/#organization\"},\"potentialAction\":[{\"@type\":\"SearchAction\",\"target\":{\"@type\":\"EntryPoint\",\"urlTemplate\":\"https:\\\/\\\/gimnasticdetarragona.cat\\\/es\\\/?s={search_term_string}\"},\"query-input\":{\"@type\":\"PropertyValueSpecification\",\"valueRequired\":true,\"valueName\":\"search_term_string\"}}],\"inLanguage\":\"es\"},{\"@type\":\"Organization\",\"@id\":\"https:\\\/\\\/gimnasticdetarragona.cat\\\/es\\\/#organization\",\"name\":\"GIMN\u00c0STIC DE TARRAGONA\",\"alternateName\":\"N\u00c0STIC\",\"url\":\"https:\\\/\\\/gimnasticdetarragona.cat\\\/es\\\/\",\"logo\":{\"@type\":\"ImageObject\",\"inLanguage\":\"es\",\"@id\":\"https:\\\/\\\/gimnasticdetarragona.cat\\\/es\\\/#\\\/schema\\\/logo\\\/image\\\/\",\"url\":\"https:\\\/\\\/gimnasticdetarragona.cat\\\/wp-content\\\/uploads\\\/2022\\\/06\\\/cropped-logo-gimnastic.png\",\"contentUrl\":\"https:\\\/\\\/gimnasticdetarragona.cat\\\/wp-content\\\/uploads\\\/2022\\\/06\\\/cropped-logo-gimnastic.png\",\"width\":224,\"height\":83,\"caption\":\"GIMN\u00c0STIC DE TARRAGONA\"},\"image\":{\"@id\":\"https:\\\/\\\/gimnasticdetarragona.cat\\\/es\\\/#\\\/schema\\\/logo\\\/image\\\/\"},\"sameAs\":[\"https:\\\/\\\/x.com\\\/NASTICTARRAGONA\",\"https:\\\/\\\/www.instagram.com\\\/nastictarragona\\\/\"]},{\"@type\":\"Person\",\"@id\":\"https:\\\/\\\/gimnasticdetarragona.cat\\\/es\\\/#\\\/schema\\\/person\\\/0a9b7103e7dd73640eb245c4aa4afb8d\",\"name\":\"Comunicacion\"}]}<\/script>\n<!-- \/ Yoast SEO plugin. -->","yoast_head_json":{"title":"Vopak Terquimsa y N\u00e0stic prorrogan y ampl\u00edan la colaboraci\u00f3n \u00a0con la incorporaci\u00f3n del primer equipo femenino - Gimn\u00e0stic de Tarragona SAD","robots":{"index":"index","follow":"follow","max-snippet":"max-snippet:-1","max-image-preview":"max-image-preview:large","max-video-preview":"max-video-preview:-1"},"canonical":"https:\/\/gimnasticdetarragona.cat\/es\/vopak-terquimsa-i-nastic-prorroguen-i-amplien-la-collaboracio-amb-la-incorporacio-del-primer-equip-femeni\/","og_locale":"es_ES","og_type":"article","og_title":"Vopak Terquimsa y N\u00e0stic prorrogan y ampl\u00edan la colaboraci\u00f3n \u00a0con la incorporaci\u00f3n del primer equipo femenino - Gimn\u00e0stic de Tarragona SAD","og_description":"Se suma a la esponsorizaci\u00f3n iniciada con el masculino","og_url":"https:\/\/gimnasticdetarragona.cat\/es\/vopak-terquimsa-i-nastic-prorroguen-i-amplien-la-collaboracio-amb-la-incorporacio-del-primer-equip-femeni\/","og_site_name":"Gimn\u00e0stic de Tarragona SAD","article_published_time":"2024-01-25T09:59:35+00:00","article_modified_time":"2024-01-25T10:10:18+00:00","og_image":[{"width":2560,"height":1707,"url":"https:\/\/gimnasticdetarragona.cat\/wp-content\/uploads\/2024\/01\/IMG_8267-scaled.jpg","type":"image\/jpeg"}],"author":"Comunicacion","twitter_card":"summary_large_image","twitter_creator":"@NASTICTARRAGONA","twitter_site":"@NASTICTARRAGONA","twitter_misc":{"Escrito por":"Comunicacion","Tiempo de lectura":"2 minutos"},"schema":{"@context":"https:\/\/schema.org","@graph":[{"@type":"Article","@id":"https:\/\/gimnasticdetarragona.cat\/es\/vopak-terquimsa-i-nastic-prorroguen-i-amplien-la-collaboracio-amb-la-incorporacio-del-primer-equip-femeni\/#article","isPartOf":{"@id":"https:\/\/gimnasticdetarragona.cat\/es\/vopak-terquimsa-i-nastic-prorroguen-i-amplien-la-collaboracio-amb-la-incorporacio-del-primer-equip-femeni\/"},"author":{"name":"Comunicacion","@id":"https:\/\/gimnasticdetarragona.cat\/es\/#\/schema\/person\/0a9b7103e7dd73640eb245c4aa4afb8d"},"headline":"Vopak Terquimsa y N\u00e0stic prorrogan y ampl\u00edan la colaboraci\u00f3n \u00a0con la incorporaci\u00f3n del primer equipo femenino","datePublished":"2024-01-25T09:59:35+00:00","dateModified":"2024-01-25T10:10:18+00:00","mainEntityOfPage":{"@id":"https:\/\/gimnasticdetarragona.cat\/es\/vopak-terquimsa-i-nastic-prorroguen-i-amplien-la-collaboracio-amb-la-incorporacio-del-primer-equip-femeni\/"},"wordCount":411,"commentCount":0,"publisher":{"@id":"https:\/\/gimnasticdetarragona.cat\/es\/#organization"},"image":{"@id":"https:\/\/gimnasticdetarragona.cat\/es\/vopak-terquimsa-i-nastic-prorroguen-i-amplien-la-collaboracio-amb-la-incorporacio-del-primer-equip-femeni\/#primaryimage"},"thumbnailUrl":"https:\/\/gimnasticdetarragona.cat\/wp-content\/uploads\/2024\/01\/IMG_8267-scaled.jpg","articleSection":["Actualidad","Club Empresa"],"inLanguage":"es"},{"@type":"WebPage","@id":"https:\/\/gimnasticdetarragona.cat\/es\/vopak-terquimsa-i-nastic-prorroguen-i-amplien-la-collaboracio-amb-la-incorporacio-del-primer-equip-femeni\/","url":"https:\/\/gimnasticdetarragona.cat\/es\/vopak-terquimsa-i-nastic-prorroguen-i-amplien-la-collaboracio-amb-la-incorporacio-del-primer-equip-femeni\/","name":"Vopak Terquimsa y N\u00e0stic prorrogan y ampl\u00edan la colaboraci\u00f3n \u00a0con la incorporaci\u00f3n del primer equipo femenino - Gimn\u00e0stic de Tarragona SAD","isPartOf":{"@id":"https:\/\/gimnasticdetarragona.cat\/es\/#website"},"primaryImageOfPage":{"@id":"https:\/\/gimnasticdetarragona.cat\/es\/vopak-terquimsa-i-nastic-prorroguen-i-amplien-la-collaboracio-amb-la-incorporacio-del-primer-equip-femeni\/#primaryimage"},"image":{"@id":"https:\/\/gimnasticdetarragona.cat\/es\/vopak-terquimsa-i-nastic-prorroguen-i-amplien-la-collaboracio-amb-la-incorporacio-del-primer-equip-femeni\/#primaryimage"},"thumbnailUrl":"https:\/\/gimnasticdetarragona.cat\/wp-content\/uploads\/2024\/01\/IMG_8267-scaled.jpg","datePublished":"2024-01-25T09:59:35+00:00","dateModified":"2024-01-25T10:10:18+00:00","breadcrumb":{"@id":"https:\/\/gimnasticdetarragona.cat\/es\/vopak-terquimsa-i-nastic-prorroguen-i-amplien-la-collaboracio-amb-la-incorporacio-del-primer-equip-femeni\/#breadcrumb"},"inLanguage":"es","potentialAction":[{"@type":"ReadAction","target":["https:\/\/gimnasticdetarragona.cat\/es\/vopak-terquimsa-i-nastic-prorroguen-i-amplien-la-collaboracio-amb-la-incorporacio-del-primer-equip-femeni\/"]}]},{"@type":"ImageObject","inLanguage":"es","@id":"https:\/\/gimnasticdetarragona.cat\/es\/vopak-terquimsa-i-nastic-prorroguen-i-amplien-la-collaboracio-amb-la-incorporacio-del-primer-equip-femeni\/#primaryimage","url":"https:\/\/gimnasticdetarragona.cat\/wp-content\/uploads\/2024\/01\/IMG_8267-scaled.jpg","contentUrl":"https:\/\/gimnasticdetarragona.cat\/wp-content\/uploads\/2024\/01\/IMG_8267-scaled.jpg","width":2560,"height":1707},{"@type":"BreadcrumbList","@id":"https:\/\/gimnasticdetarragona.cat\/es\/vopak-terquimsa-i-nastic-prorroguen-i-amplien-la-collaboracio-amb-la-incorporacio-del-primer-equip-femeni\/#breadcrumb","itemListElement":[{"@type":"ListItem","position":1,"name":"Inici","item":"https:\/\/gimnasticdetarragona.cat\/es\/nastic\/"},{"@type":"ListItem","position":2,"name":"Vopak Terquimsa y N\u00e0stic prorrogan y ampl\u00edan la colaboraci\u00f3n \u00a0con la incorporaci\u00f3n del primer equipo femenino"}]},{"@type":"WebSite","@id":"https:\/\/gimnasticdetarragona.cat\/es\/#website","url":"https:\/\/gimnasticdetarragona.cat\/es\/","name":"Gimn\u00e0stic de Tarragona SAD","description":"Gimn\u00e0stic de Tarragona","publisher":{"@id":"https:\/\/gimnasticdetarragona.cat\/es\/#organization"},"potentialAction":[{"@type":"SearchAction","target":{"@type":"EntryPoint","urlTemplate":"https:\/\/gimnasticdetarragona.cat\/es\/?s={search_term_string}"},"query-input":{"@type":"PropertyValueSpecification","valueRequired":true,"valueName":"search_term_string"}}],"inLanguage":"es"},{"@type":"Organization","@id":"https:\/\/gimnasticdetarragona.cat\/es\/#organization","name":"GIMN\u00c0STIC DE TARRAGONA","alternateName":"N\u00c0STIC","url":"https:\/\/gimnasticdetarragona.cat\/es\/","logo":{"@type":"ImageObject","inLanguage":"es","@id":"https:\/\/gimnasticdetarragona.cat\/es\/#\/schema\/logo\/image\/","url":"https:\/\/gimnasticdetarragona.cat\/wp-content\/uploads\/2022\/06\/cropped-logo-gimnastic.png","contentUrl":"https:\/\/gimnasticdetarragona.cat\/wp-content\/uploads\/2022\/06\/cropped-logo-gimnastic.png","width":224,"height":83,"caption":"GIMN\u00c0STIC DE TARRAGONA"},"image":{"@id":"https:\/\/gimnasticdetarragona.cat\/es\/#\/schema\/logo\/image\/"},"sameAs":["https:\/\/x.com\/NASTICTARRAGONA","https:\/\/www.instagram.com\/nastictarragona\/"]},{"@type":"Person","@id":"https:\/\/gimnasticdetarragona.cat\/es\/#\/schema\/person\/0a9b7103e7dd73640eb245c4aa4afb8d","name":"Comunicacion"}]}},"_links":{"self":[{"href":"https:\/\/gimnasticdetarragona.cat\/es\/wp-json\/wp\/v2\/posts\/94322","targetHints":{"allow":["GET"]}}],"collection":[{"href":"https:\/\/gimnasticdetarragona.cat\/es\/wp-json\/wp\/v2\/posts"}],"about":[{"href":"https:\/\/gimnasticdetarragona.cat\/es\/wp-json\/wp\/v2\/types\/post"}],"author":[{"embeddable":true,"href":"https:\/\/gimnasticdetarragona.cat\/es\/wp-json\/wp\/v2\/users\/7"}],"replies":[{"embeddable":true,"href":"https:\/\/gimnasticdetarragona.cat\/es\/wp-json\/wp\/v2\/comments?post=94322"}],"version-history":[{"count":0,"href":"https:\/\/gimnasticdetarragona.cat\/es\/wp-json\/wp\/v2\/posts\/94322\/revisions"}],"wp:featuredmedia":[{"embeddable":true,"href":"https:\/\/gimnasticdetarragona.cat\/es\/wp-json\/wp\/v2\/media\/94320"}],"wp:attachment":[{"href":"https:\/\/gimnasticdetarragona.cat\/es\/wp-json\/wp\/v2\/media?parent=94322"}],"wp:term":[{"taxonomy":"category","embeddable":true,"href":"https:\/\/gimnasticdetarragona.cat\/es\/wp-json\/wp\/v2\/categories?post=94322"},{"taxonomy":"post_tag","embeddable":true,"href":"https:\/\/gimnasticdetarragona.cat\/es\/wp-json\/wp\/v2\/tags?post=94322"}],"curies":[{"name":"wp","href":"https:\/\/api.w.org\/{rel}","templated":true}]}}