{"id":94397,"date":"2024-01-31T19:08:52","date_gmt":"2024-01-31T18:08:52","guid":{"rendered":"https:\/\/gimnasticdetarragona.cat\/joel-perez-i-adrian-alves-repeteixen-amb-la-catalana-sub-16\/"},"modified":"2024-01-31T19:11:39","modified_gmt":"2024-01-31T18:11:39","slug":"joel-perez-i-adrian-alves-repeteixen-amb-la-catalana-sub-16","status":"publish","type":"post","link":"https:\/\/gimnasticdetarragona.cat\/es\/joel-perez-i-adrian-alves-repeteixen-amb-la-catalana-sub-16\/","title":{"rendered":"Joel P\u00e9rez y Adri\u00e1n Alves, repiten con la Catalana sub-16"},"content":{"rendered":"\n<p>Los jugadores tarraconenses del Planter Grana, Joel P\u00e9rez y Adri\u00e1n Alves, estuvieron nuevamente llamados por la selecci\u00f3n catalana sub-16. En esta sesi\u00f3n, celebrada ayer martes 30, disputaron un amistoso ante la UE Cornell\u00e0 en el Municipal Olimpia de Sabadell con victoria de la selecci\u00f3n por 3-0.<\/p>\n\n\n\n<p>Este enfrentamiento ha servido para preparar la Fase de Oro, que se disputar\u00e1 del 9 al 11 de febrero en C\u00e1diz, y en la que el combinado catal\u00e1n se enfrentar\u00e1 a las selecciones auton\u00f3micas de Madrid, Navarra y las Islas Canarias.<\/p>\n\n\n\n<p>El centrocampista Adri\u00e1n Alves sali\u00f3 al 11 titular y en el minuto 60 marc\u00f3 el 2-0 en un gran disparo desde la media luna que se col\u00f3 por la escuadra. En la segunda mitad, Joel P\u00e9rez tambi\u00e9n goz\u00f3 de minutos.<\/p>\n\n\n\n<p>Cabe recordar que Adri\u00e1n Alves ocupa la posici\u00f3n de mediocentro en el Cadete A del Planter Grana y destaca por su calidad t\u00e9cnica con bal\u00f3n, llegada al \u00e1rea rival y un gran gen competitivo.<\/p>\n\n\n\n<p>Por su parte, Joel P\u00e9rez est\u00e1 disputando la 4\u00aa temporada con la camiseta grana y puede ocupar tanto la posici\u00f3n de extremo como de delantero. Este curso, defendiendo los intereses en el Cadete A, muestra sus habilidades principales como son la rapidez, el desequilibrio y tambi\u00e9n el acierto de cara a gol.<\/p>\n","protected":false},"excerpt":{"rendered":"<p>Amistoso y victoria ante la UE Cornell\u00e0 con gol de Alves<\/p>\n","protected":false},"author":7,"featured_media":94395,"comment_status":"open","ping_status":"open","sticky":false,"template":"","format":"standard","meta":{"_acf_changed":false,"footnotes":""},"categories":[113,117],"tags":[],"class_list":["post-94397","post","type-post","status-publish","format-standard","has-post-thumbnail","hentry","category-actualidad","category-futbol-base"],"acf":[],"yoast_head":"<!-- This site is optimized with the Yoast SEO plugin v27.3 - https:\/\/yoast.com\/product\/yoast-seo-wordpress\/ -->\n<title>Joel P\u00e9rez y Adri\u00e1n Alves, repiten con la Catalana sub-16 - Gimn\u00e0stic de Tarragona SAD<\/title>\n<meta name=\"robots\" content=\"index, follow, max-snippet:-1, max-image-preview:large, max-video-preview:-1\" \/>\n<link rel=\"canonical\" href=\"https:\/\/gimnasticdetarragona.cat\/es\/joel-perez-i-adrian-alves-repeteixen-amb-la-catalana-sub-16\/\" \/>\n<meta property=\"og:locale\" content=\"es_ES\" \/>\n<meta property=\"og:type\" content=\"article\" \/>\n<meta property=\"og:title\" content=\"Joel P\u00e9rez y Adri\u00e1n Alves, repiten con la Catalana sub-16 - Gimn\u00e0stic de Tarragona SAD\" \/>\n<meta property=\"og:description\" content=\"Amistoso y victoria ante la UE Cornell\u00e0 con gol de Alves\" \/>\n<meta property=\"og:url\" content=\"https:\/\/gimnasticdetarragona.cat\/es\/joel-perez-i-adrian-alves-repeteixen-amb-la-catalana-sub-16\/\" \/>\n<meta property=\"og:site_name\" content=\"Gimn\u00e0stic de Tarragona SAD\" \/>\n<meta property=\"article:published_time\" content=\"2024-01-31T18:08:52+00:00\" \/>\n<meta property=\"article:modified_time\" content=\"2024-01-31T18:11:39+00:00\" \/>\n<meta property=\"og:image\" content=\"https:\/\/gimnasticdetarragona.cat\/wp-content\/uploads\/2024\/01\/WhatsApp-Image-2024-01-30-at-21.03.29.jpeg\" \/>\n\t<meta property=\"og:image:width\" content=\"1491\" \/>\n\t<meta property=\"og:image:height\" content=\"830\" \/>\n\t<meta property=\"og:image:type\" content=\"image\/jpeg\" \/>\n<meta name=\"author\" content=\"Comunicacion\" \/>\n<meta name=\"twitter:card\" content=\"summary_large_image\" \/>\n<meta name=\"twitter:creator\" content=\"@NASTICTARRAGONA\" \/>\n<meta name=\"twitter:site\" content=\"@NASTICTARRAGONA\" \/>\n<meta name=\"twitter:label1\" content=\"Escrito por\" \/>\n\t<meta name=\"twitter:data1\" content=\"Comunicacion\" \/>\n\t<meta name=\"twitter:label2\" content=\"Tiempo de lectura\" \/>\n\t<meta name=\"twitter:data2\" content=\"1 minuto\" \/>\n<script type=\"application\/ld+json\" class=\"yoast-schema-graph\">{\"@context\":\"https:\\\/\\\/schema.org\",\"@graph\":[{\"@type\":\"Article\",\"@id\":\"https:\\\/\\\/gimnasticdetarragona.cat\\\/es\\\/joel-perez-i-adrian-alves-repeteixen-amb-la-catalana-sub-16\\\/#article\",\"isPartOf\":{\"@id\":\"https:\\\/\\\/gimnasticdetarragona.cat\\\/es\\\/joel-perez-i-adrian-alves-repeteixen-amb-la-catalana-sub-16\\\/\"},\"author\":{\"name\":\"Comunicacion\",\"@id\":\"https:\\\/\\\/gimnasticdetarragona.cat\\\/es\\\/#\\\/schema\\\/person\\\/0a9b7103e7dd73640eb245c4aa4afb8d\"},\"headline\":\"Joel P\u00e9rez y Adri\u00e1n Alves, repiten con la Catalana sub-16\",\"datePublished\":\"2024-01-31T18:08:52+00:00\",\"dateModified\":\"2024-01-31T18:11:39+00:00\",\"mainEntityOfPage\":{\"@id\":\"https:\\\/\\\/gimnasticdetarragona.cat\\\/es\\\/joel-perez-i-adrian-alves-repeteixen-amb-la-catalana-sub-16\\\/\"},\"wordCount\":237,\"commentCount\":0,\"publisher\":{\"@id\":\"https:\\\/\\\/gimnasticdetarragona.cat\\\/es\\\/#organization\"},\"image\":{\"@id\":\"https:\\\/\\\/gimnasticdetarragona.cat\\\/es\\\/joel-perez-i-adrian-alves-repeteixen-amb-la-catalana-sub-16\\\/#primaryimage\"},\"thumbnailUrl\":\"https:\\\/\\\/gimnasticdetarragona.cat\\\/wp-content\\\/uploads\\\/2024\\\/01\\\/WhatsApp-Image-2024-01-30-at-21.03.29.jpeg\",\"articleSection\":[\"Actualidad\",\"F\u00fatbol Base\"],\"inLanguage\":\"es\"},{\"@type\":\"WebPage\",\"@id\":\"https:\\\/\\\/gimnasticdetarragona.cat\\\/es\\\/joel-perez-i-adrian-alves-repeteixen-amb-la-catalana-sub-16\\\/\",\"url\":\"https:\\\/\\\/gimnasticdetarragona.cat\\\/es\\\/joel-perez-i-adrian-alves-repeteixen-amb-la-catalana-sub-16\\\/\",\"name\":\"Joel P\u00e9rez y Adri\u00e1n Alves, repiten con la Catalana sub-16 - Gimn\u00e0stic de Tarragona SAD\",\"isPartOf\":{\"@id\":\"https:\\\/\\\/gimnasticdetarragona.cat\\\/es\\\/#website\"},\"primaryImageOfPage\":{\"@id\":\"https:\\\/\\\/gimnasticdetarragona.cat\\\/es\\\/joel-perez-i-adrian-alves-repeteixen-amb-la-catalana-sub-16\\\/#primaryimage\"},\"image\":{\"@id\":\"https:\\\/\\\/gimnasticdetarragona.cat\\\/es\\\/joel-perez-i-adrian-alves-repeteixen-amb-la-catalana-sub-16\\\/#primaryimage\"},\"thumbnailUrl\":\"https:\\\/\\\/gimnasticdetarragona.cat\\\/wp-content\\\/uploads\\\/2024\\\/01\\\/WhatsApp-Image-2024-01-30-at-21.03.29.jpeg\",\"datePublished\":\"2024-01-31T18:08:52+00:00\",\"dateModified\":\"2024-01-31T18:11:39+00:00\",\"breadcrumb\":{\"@id\":\"https:\\\/\\\/gimnasticdetarragona.cat\\\/es\\\/joel-perez-i-adrian-alves-repeteixen-amb-la-catalana-sub-16\\\/#breadcrumb\"},\"inLanguage\":\"es\",\"potentialAction\":[{\"@type\":\"ReadAction\",\"target\":[\"https:\\\/\\\/gimnasticdetarragona.cat\\\/es\\\/joel-perez-i-adrian-alves-repeteixen-amb-la-catalana-sub-16\\\/\"]}]},{\"@type\":\"ImageObject\",\"inLanguage\":\"es\",\"@id\":\"https:\\\/\\\/gimnasticdetarragona.cat\\\/es\\\/joel-perez-i-adrian-alves-repeteixen-amb-la-catalana-sub-16\\\/#primaryimage\",\"url\":\"https:\\\/\\\/gimnasticdetarragona.cat\\\/wp-content\\\/uploads\\\/2024\\\/01\\\/WhatsApp-Image-2024-01-30-at-21.03.29.jpeg\",\"contentUrl\":\"https:\\\/\\\/gimnasticdetarragona.cat\\\/wp-content\\\/uploads\\\/2024\\\/01\\\/WhatsApp-Image-2024-01-30-at-21.03.29.jpeg\",\"width\":1491,\"height\":830},{\"@type\":\"BreadcrumbList\",\"@id\":\"https:\\\/\\\/gimnasticdetarragona.cat\\\/es\\\/joel-perez-i-adrian-alves-repeteixen-amb-la-catalana-sub-16\\\/#breadcrumb\",\"itemListElement\":[{\"@type\":\"ListItem\",\"position\":1,\"name\":\"Inici\",\"item\":\"https:\\\/\\\/gimnasticdetarragona.cat\\\/es\\\/nastic\\\/\"},{\"@type\":\"ListItem\",\"position\":2,\"name\":\"Joel P\u00e9rez y Adri\u00e1n Alves, repiten con la Catalana sub-16\"}]},{\"@type\":\"WebSite\",\"@id\":\"https:\\\/\\\/gimnasticdetarragona.cat\\\/es\\\/#website\",\"url\":\"https:\\\/\\\/gimnasticdetarragona.cat\\\/es\\\/\",\"name\":\"Gimn\u00e0stic de Tarragona SAD\",\"description\":\"Gimn\u00e0stic de Tarragona\",\"publisher\":{\"@id\":\"https:\\\/\\\/gimnasticdetarragona.cat\\\/es\\\/#organization\"},\"potentialAction\":[{\"@type\":\"SearchAction\",\"target\":{\"@type\":\"EntryPoint\",\"urlTemplate\":\"https:\\\/\\\/gimnasticdetarragona.cat\\\/es\\\/?s={search_term_string}\"},\"query-input\":{\"@type\":\"PropertyValueSpecification\",\"valueRequired\":true,\"valueName\":\"search_term_string\"}}],\"inLanguage\":\"es\"},{\"@type\":\"Organization\",\"@id\":\"https:\\\/\\\/gimnasticdetarragona.cat\\\/es\\\/#organization\",\"name\":\"GIMN\u00c0STIC DE TARRAGONA\",\"alternateName\":\"N\u00c0STIC\",\"url\":\"https:\\\/\\\/gimnasticdetarragona.cat\\\/es\\\/\",\"logo\":{\"@type\":\"ImageObject\",\"inLanguage\":\"es\",\"@id\":\"https:\\\/\\\/gimnasticdetarragona.cat\\\/es\\\/#\\\/schema\\\/logo\\\/image\\\/\",\"url\":\"https:\\\/\\\/gimnasticdetarragona.cat\\\/wp-content\\\/uploads\\\/2022\\\/06\\\/cropped-logo-gimnastic.png\",\"contentUrl\":\"https:\\\/\\\/gimnasticdetarragona.cat\\\/wp-content\\\/uploads\\\/2022\\\/06\\\/cropped-logo-gimnastic.png\",\"width\":224,\"height\":83,\"caption\":\"GIMN\u00c0STIC DE TARRAGONA\"},\"image\":{\"@id\":\"https:\\\/\\\/gimnasticdetarragona.cat\\\/es\\\/#\\\/schema\\\/logo\\\/image\\\/\"},\"sameAs\":[\"https:\\\/\\\/x.com\\\/NASTICTARRAGONA\",\"https:\\\/\\\/www.instagram.com\\\/nastictarragona\\\/\"]},{\"@type\":\"Person\",\"@id\":\"https:\\\/\\\/gimnasticdetarragona.cat\\\/es\\\/#\\\/schema\\\/person\\\/0a9b7103e7dd73640eb245c4aa4afb8d\",\"name\":\"Comunicacion\"}]}<\/script>\n<!-- \/ Yoast SEO plugin. -->","yoast_head_json":{"title":"Joel P\u00e9rez y Adri\u00e1n Alves, repiten con la Catalana sub-16 - Gimn\u00e0stic de Tarragona SAD","robots":{"index":"index","follow":"follow","max-snippet":"max-snippet:-1","max-image-preview":"max-image-preview:large","max-video-preview":"max-video-preview:-1"},"canonical":"https:\/\/gimnasticdetarragona.cat\/es\/joel-perez-i-adrian-alves-repeteixen-amb-la-catalana-sub-16\/","og_locale":"es_ES","og_type":"article","og_title":"Joel P\u00e9rez y Adri\u00e1n Alves, repiten con la Catalana sub-16 - Gimn\u00e0stic de Tarragona SAD","og_description":"Amistoso y victoria ante la UE Cornell\u00e0 con gol de Alves","og_url":"https:\/\/gimnasticdetarragona.cat\/es\/joel-perez-i-adrian-alves-repeteixen-amb-la-catalana-sub-16\/","og_site_name":"Gimn\u00e0stic de Tarragona SAD","article_published_time":"2024-01-31T18:08:52+00:00","article_modified_time":"2024-01-31T18:11:39+00:00","og_image":[{"width":1491,"height":830,"url":"https:\/\/gimnasticdetarragona.cat\/wp-content\/uploads\/2024\/01\/WhatsApp-Image-2024-01-30-at-21.03.29.jpeg","type":"image\/jpeg"}],"author":"Comunicacion","twitter_card":"summary_large_image","twitter_creator":"@NASTICTARRAGONA","twitter_site":"@NASTICTARRAGONA","twitter_misc":{"Escrito por":"Comunicacion","Tiempo de lectura":"1 minuto"},"schema":{"@context":"https:\/\/schema.org","@graph":[{"@type":"Article","@id":"https:\/\/gimnasticdetarragona.cat\/es\/joel-perez-i-adrian-alves-repeteixen-amb-la-catalana-sub-16\/#article","isPartOf":{"@id":"https:\/\/gimnasticdetarragona.cat\/es\/joel-perez-i-adrian-alves-repeteixen-amb-la-catalana-sub-16\/"},"author":{"name":"Comunicacion","@id":"https:\/\/gimnasticdetarragona.cat\/es\/#\/schema\/person\/0a9b7103e7dd73640eb245c4aa4afb8d"},"headline":"Joel P\u00e9rez y Adri\u00e1n Alves, repiten con la Catalana sub-16","datePublished":"2024-01-31T18:08:52+00:00","dateModified":"2024-01-31T18:11:39+00:00","mainEntityOfPage":{"@id":"https:\/\/gimnasticdetarragona.cat\/es\/joel-perez-i-adrian-alves-repeteixen-amb-la-catalana-sub-16\/"},"wordCount":237,"commentCount":0,"publisher":{"@id":"https:\/\/gimnasticdetarragona.cat\/es\/#organization"},"image":{"@id":"https:\/\/gimnasticdetarragona.cat\/es\/joel-perez-i-adrian-alves-repeteixen-amb-la-catalana-sub-16\/#primaryimage"},"thumbnailUrl":"https:\/\/gimnasticdetarragona.cat\/wp-content\/uploads\/2024\/01\/WhatsApp-Image-2024-01-30-at-21.03.29.jpeg","articleSection":["Actualidad","F\u00fatbol Base"],"inLanguage":"es"},{"@type":"WebPage","@id":"https:\/\/gimnasticdetarragona.cat\/es\/joel-perez-i-adrian-alves-repeteixen-amb-la-catalana-sub-16\/","url":"https:\/\/gimnasticdetarragona.cat\/es\/joel-perez-i-adrian-alves-repeteixen-amb-la-catalana-sub-16\/","name":"Joel P\u00e9rez y Adri\u00e1n Alves, repiten con la Catalana sub-16 - Gimn\u00e0stic de Tarragona SAD","isPartOf":{"@id":"https:\/\/gimnasticdetarragona.cat\/es\/#website"},"primaryImageOfPage":{"@id":"https:\/\/gimnasticdetarragona.cat\/es\/joel-perez-i-adrian-alves-repeteixen-amb-la-catalana-sub-16\/#primaryimage"},"image":{"@id":"https:\/\/gimnasticdetarragona.cat\/es\/joel-perez-i-adrian-alves-repeteixen-amb-la-catalana-sub-16\/#primaryimage"},"thumbnailUrl":"https:\/\/gimnasticdetarragona.cat\/wp-content\/uploads\/2024\/01\/WhatsApp-Image-2024-01-30-at-21.03.29.jpeg","datePublished":"2024-01-31T18:08:52+00:00","dateModified":"2024-01-31T18:11:39+00:00","breadcrumb":{"@id":"https:\/\/gimnasticdetarragona.cat\/es\/joel-perez-i-adrian-alves-repeteixen-amb-la-catalana-sub-16\/#breadcrumb"},"inLanguage":"es","potentialAction":[{"@type":"ReadAction","target":["https:\/\/gimnasticdetarragona.cat\/es\/joel-perez-i-adrian-alves-repeteixen-amb-la-catalana-sub-16\/"]}]},{"@type":"ImageObject","inLanguage":"es","@id":"https:\/\/gimnasticdetarragona.cat\/es\/joel-perez-i-adrian-alves-repeteixen-amb-la-catalana-sub-16\/#primaryimage","url":"https:\/\/gimnasticdetarragona.cat\/wp-content\/uploads\/2024\/01\/WhatsApp-Image-2024-01-30-at-21.03.29.jpeg","contentUrl":"https:\/\/gimnasticdetarragona.cat\/wp-content\/uploads\/2024\/01\/WhatsApp-Image-2024-01-30-at-21.03.29.jpeg","width":1491,"height":830},{"@type":"BreadcrumbList","@id":"https:\/\/gimnasticdetarragona.cat\/es\/joel-perez-i-adrian-alves-repeteixen-amb-la-catalana-sub-16\/#breadcrumb","itemListElement":[{"@type":"ListItem","position":1,"name":"Inici","item":"https:\/\/gimnasticdetarragona.cat\/es\/nastic\/"},{"@type":"ListItem","position":2,"name":"Joel P\u00e9rez y Adri\u00e1n Alves, repiten con la Catalana sub-16"}]},{"@type":"WebSite","@id":"https:\/\/gimnasticdetarragona.cat\/es\/#website","url":"https:\/\/gimnasticdetarragona.cat\/es\/","name":"Gimn\u00e0stic de Tarragona SAD","description":"Gimn\u00e0stic de Tarragona","publisher":{"@id":"https:\/\/gimnasticdetarragona.cat\/es\/#organization"},"potentialAction":[{"@type":"SearchAction","target":{"@type":"EntryPoint","urlTemplate":"https:\/\/gimnasticdetarragona.cat\/es\/?s={search_term_string}"},"query-input":{"@type":"PropertyValueSpecification","valueRequired":true,"valueName":"search_term_string"}}],"inLanguage":"es"},{"@type":"Organization","@id":"https:\/\/gimnasticdetarragona.cat\/es\/#organization","name":"GIMN\u00c0STIC DE TARRAGONA","alternateName":"N\u00c0STIC","url":"https:\/\/gimnasticdetarragona.cat\/es\/","logo":{"@type":"ImageObject","inLanguage":"es","@id":"https:\/\/gimnasticdetarragona.cat\/es\/#\/schema\/logo\/image\/","url":"https:\/\/gimnasticdetarragona.cat\/wp-content\/uploads\/2022\/06\/cropped-logo-gimnastic.png","contentUrl":"https:\/\/gimnasticdetarragona.cat\/wp-content\/uploads\/2022\/06\/cropped-logo-gimnastic.png","width":224,"height":83,"caption":"GIMN\u00c0STIC DE TARRAGONA"},"image":{"@id":"https:\/\/gimnasticdetarragona.cat\/es\/#\/schema\/logo\/image\/"},"sameAs":["https:\/\/x.com\/NASTICTARRAGONA","https:\/\/www.instagram.com\/nastictarragona\/"]},{"@type":"Person","@id":"https:\/\/gimnasticdetarragona.cat\/es\/#\/schema\/person\/0a9b7103e7dd73640eb245c4aa4afb8d","name":"Comunicacion"}]}},"_links":{"self":[{"href":"https:\/\/gimnasticdetarragona.cat\/es\/wp-json\/wp\/v2\/posts\/94397","targetHints":{"allow":["GET"]}}],"collection":[{"href":"https:\/\/gimnasticdetarragona.cat\/es\/wp-json\/wp\/v2\/posts"}],"about":[{"href":"https:\/\/gimnasticdetarragona.cat\/es\/wp-json\/wp\/v2\/types\/post"}],"author":[{"embeddable":true,"href":"https:\/\/gimnasticdetarragona.cat\/es\/wp-json\/wp\/v2\/users\/7"}],"replies":[{"embeddable":true,"href":"https:\/\/gimnasticdetarragona.cat\/es\/wp-json\/wp\/v2\/comments?post=94397"}],"version-history":[{"count":0,"href":"https:\/\/gimnasticdetarragona.cat\/es\/wp-json\/wp\/v2\/posts\/94397\/revisions"}],"wp:featuredmedia":[{"embeddable":true,"href":"https:\/\/gimnasticdetarragona.cat\/es\/wp-json\/wp\/v2\/media\/94395"}],"wp:attachment":[{"href":"https:\/\/gimnasticdetarragona.cat\/es\/wp-json\/wp\/v2\/media?parent=94397"}],"wp:term":[{"taxonomy":"category","embeddable":true,"href":"https:\/\/gimnasticdetarragona.cat\/es\/wp-json\/wp\/v2\/categories?post=94397"},{"taxonomy":"post_tag","embeddable":true,"href":"https:\/\/gimnasticdetarragona.cat\/es\/wp-json\/wp\/v2\/tags?post=94397"}],"curies":[{"name":"wp","href":"https:\/\/api.w.org\/{rel}","templated":true}]}}