{"id":94770,"date":"2024-02-20T17:08:48","date_gmt":"2024-02-20T16:08:48","guid":{"rendered":"https:\/\/gimnasticdetarragona.cat\/promocio-pels-duels-davant-cd-teruel-i-rc-deportivo\/"},"modified":"2024-02-20T17:26:43","modified_gmt":"2024-02-20T16:26:43","slug":"promocio-pels-duels-davant-cd-teruel-i-rc-deportivo","status":"publish","type":"post","link":"https:\/\/gimnasticdetarragona.cat\/es\/promocio-pels-duels-davant-cd-teruel-i-rc-deportivo\/","title":{"rendered":"Promoci\u00f3n para los duelos ante CD Teruel y RC Deportivo"},"content":{"rendered":"\n<p>El Gimn\u00e0stic de Tarragona realiza una promoci\u00f3n exclusiva para los abonados de la entidad 2023-2024 con vistas a los dos pr\u00f3ximos enfrentamientos en el Nou Estadi Costa Daurada.<\/p>\n\n\n\n<p>Desde esta misma tarde, los socios grana podr\u00e1n retirar dos entradas de su localidad, una para el duelo ante el CD Teruel (J25) y una para el RC Deportivo (J27), y venir acompa\u00f1ados de sus familiares y\/o amigos\/as en los respectivos enfrentamientos.<\/p>\n\n\n\n<p>La promoci\u00f3n es indivisible, se incluye una entrada por cada uno de los partidos y el precio es de 10\u20ac (Goles), 15\u20ac (Preferente) y 25\u20ac (Tribuna). Cada uno de los socios puede adquirir hasta un m\u00e1ximo de cuatro entradas (2+2) de la zona en la que est\u00e9 abonado en el mismo precio y condiciones. En caso de completarse la zona, el socio podr\u00e1 seguir benefici\u00e1ndose de la misma promoci\u00f3n en uno de los sectores del Templo con precio inferior.<\/p>\n\n\n\n<p>Los horarios previstos para los dos partidos citados son los siguientes:<\/p>\n\n\n\n<ul class=\"wp-block-list\">\n<li>N\u00e0stic \u2013 CD Teruel (J25): domingo 25 de febrero de 2024, a las 16h<\/li>\n\n\n\n<li>N\u00e0stic \u2013 RC Deportivo (J27): domingo 10 de marzo de 2024, a las 12h<\/li>\n<\/ul>\n\n\n\n<p><\/p>\n\n\n\n<p>Para estos duelos, la entidad grana ofrece esta acci\u00f3n a los socios para dar el m\u00e1ximo apoyo al equipo y defender el liderato del grupo I de Primera Federaci\u00f3n. Para beneficiarse de esta promoci\u00f3n, limitada al aforo de cada una de las zonas del Estadio, ser\u00e1 necesario presentar el abono en el punto de atenci\u00f3n al socio, situado en la tienda del Nou Estadi Costa Daurada, y la venta es realizar\u00e1 \u00fanicamente de forma presencial.<\/p>\n\n\n\n<p>El horario de atenci\u00f3n al socio es de lunes a viernes, de 9 a 13:30 y de 16 a 19 horas y, los d\u00edas de partido, desde dos horas antes del enfrentamiento. La entidad se reserva el derecho de modificar las condiciones de la promoci\u00f3n.<\/p>\n","protected":false},"excerpt":{"rendered":"<p>Dos entradas (1+1), desde 10\u20ac (socios)<\/p>\n","protected":false},"author":7,"featured_media":94768,"comment_status":"open","ping_status":"open","sticky":false,"template":"","format":"standard","meta":{"_acf_changed":false,"footnotes":""},"categories":[113,114,138],"tags":[],"class_list":["post-94770","post","type-post","status-publish","format-standard","has-post-thumbnail","hentry","category-actualidad","category-aficion","category-socio"],"acf":[],"yoast_head":"<!-- This site is optimized with the Yoast SEO plugin v27.3 - https:\/\/yoast.com\/product\/yoast-seo-wordpress\/ -->\n<title>Promoci\u00f3n para los duelos ante CD Teruel y RC Deportivo - Gimn\u00e0stic de Tarragona SAD<\/title>\n<meta name=\"robots\" content=\"index, follow, max-snippet:-1, max-image-preview:large, max-video-preview:-1\" \/>\n<link rel=\"canonical\" href=\"https:\/\/gimnasticdetarragona.cat\/es\/promocio-pels-duels-davant-cd-teruel-i-rc-deportivo\/\" \/>\n<meta property=\"og:locale\" content=\"es_ES\" \/>\n<meta property=\"og:type\" content=\"article\" \/>\n<meta property=\"og:title\" content=\"Promoci\u00f3n para los duelos ante CD Teruel y RC Deportivo - Gimn\u00e0stic de Tarragona SAD\" \/>\n<meta property=\"og:description\" content=\"Dos entradas (1+1), desde 10\u20ac (socios)\" \/>\n<meta property=\"og:url\" content=\"https:\/\/gimnasticdetarragona.cat\/es\/promocio-pels-duels-davant-cd-teruel-i-rc-deportivo\/\" \/>\n<meta property=\"og:site_name\" content=\"Gimn\u00e0stic de Tarragona SAD\" \/>\n<meta property=\"article:published_time\" content=\"2024-02-20T16:08:48+00:00\" \/>\n<meta property=\"article:modified_time\" content=\"2024-02-20T16:26:43+00:00\" \/>\n<meta property=\"og:image\" content=\"https:\/\/gimnasticdetarragona.cat\/wp-content\/uploads\/2024\/02\/JCBC5697-copia-scaled.jpg\" \/>\n\t<meta property=\"og:image:width\" content=\"2560\" \/>\n\t<meta property=\"og:image:height\" content=\"1707\" \/>\n\t<meta property=\"og:image:type\" content=\"image\/jpeg\" \/>\n<meta name=\"author\" content=\"Comunicacion\" \/>\n<meta name=\"twitter:card\" content=\"summary_large_image\" \/>\n<meta name=\"twitter:creator\" content=\"@NASTICTARRAGONA\" \/>\n<meta name=\"twitter:site\" content=\"@NASTICTARRAGONA\" \/>\n<meta name=\"twitter:label1\" content=\"Escrito por\" \/>\n\t<meta name=\"twitter:data1\" content=\"Comunicacion\" \/>\n\t<meta name=\"twitter:label2\" content=\"Tiempo de lectura\" \/>\n\t<meta name=\"twitter:data2\" content=\"2 minutos\" \/>\n<script type=\"application\/ld+json\" class=\"yoast-schema-graph\">{\"@context\":\"https:\\\/\\\/schema.org\",\"@graph\":[{\"@type\":\"Article\",\"@id\":\"https:\\\/\\\/gimnasticdetarragona.cat\\\/es\\\/promocio-pels-duels-davant-cd-teruel-i-rc-deportivo\\\/#article\",\"isPartOf\":{\"@id\":\"https:\\\/\\\/gimnasticdetarragona.cat\\\/es\\\/promocio-pels-duels-davant-cd-teruel-i-rc-deportivo\\\/\"},\"author\":{\"name\":\"Comunicacion\",\"@id\":\"https:\\\/\\\/gimnasticdetarragona.cat\\\/es\\\/#\\\/schema\\\/person\\\/0a9b7103e7dd73640eb245c4aa4afb8d\"},\"headline\":\"Promoci\u00f3n para los duelos ante CD Teruel y RC Deportivo\",\"datePublished\":\"2024-02-20T16:08:48+00:00\",\"dateModified\":\"2024-02-20T16:26:43+00:00\",\"mainEntityOfPage\":{\"@id\":\"https:\\\/\\\/gimnasticdetarragona.cat\\\/es\\\/promocio-pels-duels-davant-cd-teruel-i-rc-deportivo\\\/\"},\"wordCount\":326,\"commentCount\":0,\"publisher\":{\"@id\":\"https:\\\/\\\/gimnasticdetarragona.cat\\\/es\\\/#organization\"},\"image\":{\"@id\":\"https:\\\/\\\/gimnasticdetarragona.cat\\\/es\\\/promocio-pels-duels-davant-cd-teruel-i-rc-deportivo\\\/#primaryimage\"},\"thumbnailUrl\":\"https:\\\/\\\/gimnasticdetarragona.cat\\\/wp-content\\\/uploads\\\/2024\\\/02\\\/JCBC5697-copia-scaled.jpg\",\"articleSection\":[\"Actualidad\",\"Afici\u00f3n\",\"Socio\"],\"inLanguage\":\"es\"},{\"@type\":\"WebPage\",\"@id\":\"https:\\\/\\\/gimnasticdetarragona.cat\\\/es\\\/promocio-pels-duels-davant-cd-teruel-i-rc-deportivo\\\/\",\"url\":\"https:\\\/\\\/gimnasticdetarragona.cat\\\/es\\\/promocio-pels-duels-davant-cd-teruel-i-rc-deportivo\\\/\",\"name\":\"Promoci\u00f3n para los duelos ante CD Teruel y RC Deportivo - Gimn\u00e0stic de Tarragona SAD\",\"isPartOf\":{\"@id\":\"https:\\\/\\\/gimnasticdetarragona.cat\\\/es\\\/#website\"},\"primaryImageOfPage\":{\"@id\":\"https:\\\/\\\/gimnasticdetarragona.cat\\\/es\\\/promocio-pels-duels-davant-cd-teruel-i-rc-deportivo\\\/#primaryimage\"},\"image\":{\"@id\":\"https:\\\/\\\/gimnasticdetarragona.cat\\\/es\\\/promocio-pels-duels-davant-cd-teruel-i-rc-deportivo\\\/#primaryimage\"},\"thumbnailUrl\":\"https:\\\/\\\/gimnasticdetarragona.cat\\\/wp-content\\\/uploads\\\/2024\\\/02\\\/JCBC5697-copia-scaled.jpg\",\"datePublished\":\"2024-02-20T16:08:48+00:00\",\"dateModified\":\"2024-02-20T16:26:43+00:00\",\"breadcrumb\":{\"@id\":\"https:\\\/\\\/gimnasticdetarragona.cat\\\/es\\\/promocio-pels-duels-davant-cd-teruel-i-rc-deportivo\\\/#breadcrumb\"},\"inLanguage\":\"es\",\"potentialAction\":[{\"@type\":\"ReadAction\",\"target\":[\"https:\\\/\\\/gimnasticdetarragona.cat\\\/es\\\/promocio-pels-duels-davant-cd-teruel-i-rc-deportivo\\\/\"]}]},{\"@type\":\"ImageObject\",\"inLanguage\":\"es\",\"@id\":\"https:\\\/\\\/gimnasticdetarragona.cat\\\/es\\\/promocio-pels-duels-davant-cd-teruel-i-rc-deportivo\\\/#primaryimage\",\"url\":\"https:\\\/\\\/gimnasticdetarragona.cat\\\/wp-content\\\/uploads\\\/2024\\\/02\\\/JCBC5697-copia-scaled.jpg\",\"contentUrl\":\"https:\\\/\\\/gimnasticdetarragona.cat\\\/wp-content\\\/uploads\\\/2024\\\/02\\\/JCBC5697-copia-scaled.jpg\",\"width\":2560,\"height\":1707},{\"@type\":\"BreadcrumbList\",\"@id\":\"https:\\\/\\\/gimnasticdetarragona.cat\\\/es\\\/promocio-pels-duels-davant-cd-teruel-i-rc-deportivo\\\/#breadcrumb\",\"itemListElement\":[{\"@type\":\"ListItem\",\"position\":1,\"name\":\"Inici\",\"item\":\"https:\\\/\\\/gimnasticdetarragona.cat\\\/es\\\/nastic\\\/\"},{\"@type\":\"ListItem\",\"position\":2,\"name\":\"Promoci\u00f3n para los duelos ante CD Teruel y RC Deportivo\"}]},{\"@type\":\"WebSite\",\"@id\":\"https:\\\/\\\/gimnasticdetarragona.cat\\\/es\\\/#website\",\"url\":\"https:\\\/\\\/gimnasticdetarragona.cat\\\/es\\\/\",\"name\":\"Gimn\u00e0stic de Tarragona SAD\",\"description\":\"Gimn\u00e0stic de Tarragona\",\"publisher\":{\"@id\":\"https:\\\/\\\/gimnasticdetarragona.cat\\\/es\\\/#organization\"},\"potentialAction\":[{\"@type\":\"SearchAction\",\"target\":{\"@type\":\"EntryPoint\",\"urlTemplate\":\"https:\\\/\\\/gimnasticdetarragona.cat\\\/es\\\/?s={search_term_string}\"},\"query-input\":{\"@type\":\"PropertyValueSpecification\",\"valueRequired\":true,\"valueName\":\"search_term_string\"}}],\"inLanguage\":\"es\"},{\"@type\":\"Organization\",\"@id\":\"https:\\\/\\\/gimnasticdetarragona.cat\\\/es\\\/#organization\",\"name\":\"GIMN\u00c0STIC DE TARRAGONA\",\"alternateName\":\"N\u00c0STIC\",\"url\":\"https:\\\/\\\/gimnasticdetarragona.cat\\\/es\\\/\",\"logo\":{\"@type\":\"ImageObject\",\"inLanguage\":\"es\",\"@id\":\"https:\\\/\\\/gimnasticdetarragona.cat\\\/es\\\/#\\\/schema\\\/logo\\\/image\\\/\",\"url\":\"https:\\\/\\\/gimnasticdetarragona.cat\\\/wp-content\\\/uploads\\\/2022\\\/06\\\/cropped-logo-gimnastic.png\",\"contentUrl\":\"https:\\\/\\\/gimnasticdetarragona.cat\\\/wp-content\\\/uploads\\\/2022\\\/06\\\/cropped-logo-gimnastic.png\",\"width\":224,\"height\":83,\"caption\":\"GIMN\u00c0STIC DE TARRAGONA\"},\"image\":{\"@id\":\"https:\\\/\\\/gimnasticdetarragona.cat\\\/es\\\/#\\\/schema\\\/logo\\\/image\\\/\"},\"sameAs\":[\"https:\\\/\\\/x.com\\\/NASTICTARRAGONA\",\"https:\\\/\\\/www.instagram.com\\\/nastictarragona\\\/\"]},{\"@type\":\"Person\",\"@id\":\"https:\\\/\\\/gimnasticdetarragona.cat\\\/es\\\/#\\\/schema\\\/person\\\/0a9b7103e7dd73640eb245c4aa4afb8d\",\"name\":\"Comunicacion\"}]}<\/script>\n<!-- \/ Yoast SEO plugin. -->","yoast_head_json":{"title":"Promoci\u00f3n para los duelos ante CD Teruel y RC Deportivo - Gimn\u00e0stic de Tarragona SAD","robots":{"index":"index","follow":"follow","max-snippet":"max-snippet:-1","max-image-preview":"max-image-preview:large","max-video-preview":"max-video-preview:-1"},"canonical":"https:\/\/gimnasticdetarragona.cat\/es\/promocio-pels-duels-davant-cd-teruel-i-rc-deportivo\/","og_locale":"es_ES","og_type":"article","og_title":"Promoci\u00f3n para los duelos ante CD Teruel y RC Deportivo - Gimn\u00e0stic de Tarragona SAD","og_description":"Dos entradas (1+1), desde 10\u20ac (socios)","og_url":"https:\/\/gimnasticdetarragona.cat\/es\/promocio-pels-duels-davant-cd-teruel-i-rc-deportivo\/","og_site_name":"Gimn\u00e0stic de Tarragona SAD","article_published_time":"2024-02-20T16:08:48+00:00","article_modified_time":"2024-02-20T16:26:43+00:00","og_image":[{"width":2560,"height":1707,"url":"https:\/\/gimnasticdetarragona.cat\/wp-content\/uploads\/2024\/02\/JCBC5697-copia-scaled.jpg","type":"image\/jpeg"}],"author":"Comunicacion","twitter_card":"summary_large_image","twitter_creator":"@NASTICTARRAGONA","twitter_site":"@NASTICTARRAGONA","twitter_misc":{"Escrito por":"Comunicacion","Tiempo de lectura":"2 minutos"},"schema":{"@context":"https:\/\/schema.org","@graph":[{"@type":"Article","@id":"https:\/\/gimnasticdetarragona.cat\/es\/promocio-pels-duels-davant-cd-teruel-i-rc-deportivo\/#article","isPartOf":{"@id":"https:\/\/gimnasticdetarragona.cat\/es\/promocio-pels-duels-davant-cd-teruel-i-rc-deportivo\/"},"author":{"name":"Comunicacion","@id":"https:\/\/gimnasticdetarragona.cat\/es\/#\/schema\/person\/0a9b7103e7dd73640eb245c4aa4afb8d"},"headline":"Promoci\u00f3n para los duelos ante CD Teruel y RC Deportivo","datePublished":"2024-02-20T16:08:48+00:00","dateModified":"2024-02-20T16:26:43+00:00","mainEntityOfPage":{"@id":"https:\/\/gimnasticdetarragona.cat\/es\/promocio-pels-duels-davant-cd-teruel-i-rc-deportivo\/"},"wordCount":326,"commentCount":0,"publisher":{"@id":"https:\/\/gimnasticdetarragona.cat\/es\/#organization"},"image":{"@id":"https:\/\/gimnasticdetarragona.cat\/es\/promocio-pels-duels-davant-cd-teruel-i-rc-deportivo\/#primaryimage"},"thumbnailUrl":"https:\/\/gimnasticdetarragona.cat\/wp-content\/uploads\/2024\/02\/JCBC5697-copia-scaled.jpg","articleSection":["Actualidad","Afici\u00f3n","Socio"],"inLanguage":"es"},{"@type":"WebPage","@id":"https:\/\/gimnasticdetarragona.cat\/es\/promocio-pels-duels-davant-cd-teruel-i-rc-deportivo\/","url":"https:\/\/gimnasticdetarragona.cat\/es\/promocio-pels-duels-davant-cd-teruel-i-rc-deportivo\/","name":"Promoci\u00f3n para los duelos ante CD Teruel y RC Deportivo - Gimn\u00e0stic de Tarragona SAD","isPartOf":{"@id":"https:\/\/gimnasticdetarragona.cat\/es\/#website"},"primaryImageOfPage":{"@id":"https:\/\/gimnasticdetarragona.cat\/es\/promocio-pels-duels-davant-cd-teruel-i-rc-deportivo\/#primaryimage"},"image":{"@id":"https:\/\/gimnasticdetarragona.cat\/es\/promocio-pels-duels-davant-cd-teruel-i-rc-deportivo\/#primaryimage"},"thumbnailUrl":"https:\/\/gimnasticdetarragona.cat\/wp-content\/uploads\/2024\/02\/JCBC5697-copia-scaled.jpg","datePublished":"2024-02-20T16:08:48+00:00","dateModified":"2024-02-20T16:26:43+00:00","breadcrumb":{"@id":"https:\/\/gimnasticdetarragona.cat\/es\/promocio-pels-duels-davant-cd-teruel-i-rc-deportivo\/#breadcrumb"},"inLanguage":"es","potentialAction":[{"@type":"ReadAction","target":["https:\/\/gimnasticdetarragona.cat\/es\/promocio-pels-duels-davant-cd-teruel-i-rc-deportivo\/"]}]},{"@type":"ImageObject","inLanguage":"es","@id":"https:\/\/gimnasticdetarragona.cat\/es\/promocio-pels-duels-davant-cd-teruel-i-rc-deportivo\/#primaryimage","url":"https:\/\/gimnasticdetarragona.cat\/wp-content\/uploads\/2024\/02\/JCBC5697-copia-scaled.jpg","contentUrl":"https:\/\/gimnasticdetarragona.cat\/wp-content\/uploads\/2024\/02\/JCBC5697-copia-scaled.jpg","width":2560,"height":1707},{"@type":"BreadcrumbList","@id":"https:\/\/gimnasticdetarragona.cat\/es\/promocio-pels-duels-davant-cd-teruel-i-rc-deportivo\/#breadcrumb","itemListElement":[{"@type":"ListItem","position":1,"name":"Inici","item":"https:\/\/gimnasticdetarragona.cat\/es\/nastic\/"},{"@type":"ListItem","position":2,"name":"Promoci\u00f3n para los duelos ante CD Teruel y RC Deportivo"}]},{"@type":"WebSite","@id":"https:\/\/gimnasticdetarragona.cat\/es\/#website","url":"https:\/\/gimnasticdetarragona.cat\/es\/","name":"Gimn\u00e0stic de Tarragona SAD","description":"Gimn\u00e0stic de Tarragona","publisher":{"@id":"https:\/\/gimnasticdetarragona.cat\/es\/#organization"},"potentialAction":[{"@type":"SearchAction","target":{"@type":"EntryPoint","urlTemplate":"https:\/\/gimnasticdetarragona.cat\/es\/?s={search_term_string}"},"query-input":{"@type":"PropertyValueSpecification","valueRequired":true,"valueName":"search_term_string"}}],"inLanguage":"es"},{"@type":"Organization","@id":"https:\/\/gimnasticdetarragona.cat\/es\/#organization","name":"GIMN\u00c0STIC DE TARRAGONA","alternateName":"N\u00c0STIC","url":"https:\/\/gimnasticdetarragona.cat\/es\/","logo":{"@type":"ImageObject","inLanguage":"es","@id":"https:\/\/gimnasticdetarragona.cat\/es\/#\/schema\/logo\/image\/","url":"https:\/\/gimnasticdetarragona.cat\/wp-content\/uploads\/2022\/06\/cropped-logo-gimnastic.png","contentUrl":"https:\/\/gimnasticdetarragona.cat\/wp-content\/uploads\/2022\/06\/cropped-logo-gimnastic.png","width":224,"height":83,"caption":"GIMN\u00c0STIC DE TARRAGONA"},"image":{"@id":"https:\/\/gimnasticdetarragona.cat\/es\/#\/schema\/logo\/image\/"},"sameAs":["https:\/\/x.com\/NASTICTARRAGONA","https:\/\/www.instagram.com\/nastictarragona\/"]},{"@type":"Person","@id":"https:\/\/gimnasticdetarragona.cat\/es\/#\/schema\/person\/0a9b7103e7dd73640eb245c4aa4afb8d","name":"Comunicacion"}]}},"_links":{"self":[{"href":"https:\/\/gimnasticdetarragona.cat\/es\/wp-json\/wp\/v2\/posts\/94770","targetHints":{"allow":["GET"]}}],"collection":[{"href":"https:\/\/gimnasticdetarragona.cat\/es\/wp-json\/wp\/v2\/posts"}],"about":[{"href":"https:\/\/gimnasticdetarragona.cat\/es\/wp-json\/wp\/v2\/types\/post"}],"author":[{"embeddable":true,"href":"https:\/\/gimnasticdetarragona.cat\/es\/wp-json\/wp\/v2\/users\/7"}],"replies":[{"embeddable":true,"href":"https:\/\/gimnasticdetarragona.cat\/es\/wp-json\/wp\/v2\/comments?post=94770"}],"version-history":[{"count":0,"href":"https:\/\/gimnasticdetarragona.cat\/es\/wp-json\/wp\/v2\/posts\/94770\/revisions"}],"wp:featuredmedia":[{"embeddable":true,"href":"https:\/\/gimnasticdetarragona.cat\/es\/wp-json\/wp\/v2\/media\/94768"}],"wp:attachment":[{"href":"https:\/\/gimnasticdetarragona.cat\/es\/wp-json\/wp\/v2\/media?parent=94770"}],"wp:term":[{"taxonomy":"category","embeddable":true,"href":"https:\/\/gimnasticdetarragona.cat\/es\/wp-json\/wp\/v2\/categories?post=94770"},{"taxonomy":"post_tag","embeddable":true,"href":"https:\/\/gimnasticdetarragona.cat\/es\/wp-json\/wp\/v2\/tags?post=94770"}],"curies":[{"name":"wp","href":"https:\/\/api.w.org\/{rel}","templated":true}]}}