{"id":94826,"date":"2024-02-27T17:57:49","date_gmt":"2024-02-27T16:57:49","guid":{"rendered":"https:\/\/gimnasticdetarragona.cat\/promocio-pel-nastic-rc-deportivo\/"},"modified":"2024-02-27T18:02:32","modified_gmt":"2024-02-27T17:02:32","slug":"promocio-pel-nastic-rc-deportivo","status":"publish","type":"post","link":"https:\/\/gimnasticdetarragona.cat\/es\/promocio-pel-nastic-rc-deportivo\/","title":{"rendered":"Promoci\u00f3n para el N\u00e0stic &#8211; RC Deportivo"},"content":{"rendered":"\n<p>El Gimn\u00e0stic de Tarragona ofrece una nueva promoci\u00f3n exclusiva para los abonados 2023-2024 para el pr\u00f3ximo duelo ante el conjunto gallego.<\/p>\n\n\n\n<p>Cada socio podr\u00e1 adquirir hasta un m\u00e1ximo de 4 entradas de la zona donde est\u00e9 abonado y venir con su gente en el duelo de la jornada 27. El precio especial unitario para este partido es:<\/p>\n\n\n\n<p>Goles: 5\u20ac \/ Preferente: 7,5\u20ac \/ Tribuna 12,5\u20ac<\/p>\n\n\n\n<p>En caso de completarse la zona, el socio podr\u00e1 seguir benefici\u00e1ndose de la misma promoci\u00f3n en uno de los sectores del Templo con precio inferior. Recordamos que el partido se disputar\u00e1 el domingo 10 de marzo, a las 12 h, en el Nou Estadi Costa Daurada. Esta promoci\u00f3n est\u00e1 limitada al aforo de cada una de las zonas citadas.<\/p>\n\n\n\n<p>La venta se realizar\u00e1 \u00fanicamente de forma presencial en el punto de atenci\u00f3n al socio, situado en la tienda del Nou Estadi Costa Daurada, y habr\u00e1 que ense\u00f1ar el carnet de socio vigente.<\/p>\n\n\n\n<p>El horario de atenci\u00f3n al socio es de lunes a viernes, de 9 a 13:30 y de 16 a 19 horas y, los d\u00edas de partido, desde dos horas antes del enfrentamiento. La entidad se reserva el derecho de modificar las condiciones de la promoci\u00f3n.<\/p>\n\n\n\n<p>NOTA: Cualquier aficionado que luzca vestimenta o ropa identificadora del equipo rival del N\u00e0stic, ser\u00e1 reubicado en la zona reservada a la afici\u00f3n contraria.<\/p>\n","protected":false},"excerpt":{"rendered":"<p>Desde 5\u20ac la entrada (exclusivamente para los socios)<\/p>\n","protected":false},"author":7,"featured_media":94824,"comment_status":"open","ping_status":"open","sticky":false,"template":"","format":"standard","meta":{"_acf_changed":false,"footnotes":""},"categories":[113,114,138],"tags":[],"class_list":["post-94826","post","type-post","status-publish","format-standard","has-post-thumbnail","hentry","category-actualidad","category-aficion","category-socio"],"acf":[],"yoast_head":"<!-- This site is optimized with the Yoast SEO plugin v27.3 - https:\/\/yoast.com\/product\/yoast-seo-wordpress\/ -->\n<title>Promoci\u00f3n para el N\u00e0stic - RC Deportivo - Gimn\u00e0stic de Tarragona SAD<\/title>\n<meta name=\"robots\" content=\"index, follow, max-snippet:-1, max-image-preview:large, max-video-preview:-1\" \/>\n<link rel=\"canonical\" href=\"https:\/\/gimnasticdetarragona.cat\/es\/promocio-pel-nastic-rc-deportivo\/\" \/>\n<meta property=\"og:locale\" content=\"es_ES\" \/>\n<meta property=\"og:type\" content=\"article\" \/>\n<meta property=\"og:title\" content=\"Promoci\u00f3n para el N\u00e0stic - RC Deportivo - Gimn\u00e0stic de Tarragona SAD\" \/>\n<meta property=\"og:description\" content=\"Desde 5\u20ac la entrada (exclusivamente para los socios)\" \/>\n<meta property=\"og:url\" content=\"https:\/\/gimnasticdetarragona.cat\/es\/promocio-pel-nastic-rc-deportivo\/\" \/>\n<meta property=\"og:site_name\" content=\"Gimn\u00e0stic de Tarragona SAD\" \/>\n<meta property=\"article:published_time\" content=\"2024-02-27T16:57:49+00:00\" \/>\n<meta property=\"article:modified_time\" content=\"2024-02-27T17:02:32+00:00\" \/>\n<meta property=\"og:image\" content=\"https:\/\/gimnasticdetarragona.cat\/wp-content\/uploads\/2024\/02\/JCB_9767-copia-scaled.jpg\" \/>\n\t<meta property=\"og:image:width\" content=\"2555\" \/>\n\t<meta property=\"og:image:height\" content=\"2560\" \/>\n\t<meta property=\"og:image:type\" content=\"image\/jpeg\" \/>\n<meta name=\"author\" content=\"Comunicacion\" \/>\n<meta name=\"twitter:card\" content=\"summary_large_image\" \/>\n<meta name=\"twitter:creator\" content=\"@NASTICTARRAGONA\" \/>\n<meta name=\"twitter:site\" content=\"@NASTICTARRAGONA\" \/>\n<meta name=\"twitter:label1\" content=\"Escrito por\" \/>\n\t<meta name=\"twitter:data1\" content=\"Comunicacion\" \/>\n\t<meta name=\"twitter:label2\" content=\"Tiempo de lectura\" \/>\n\t<meta name=\"twitter:data2\" content=\"1 minuto\" \/>\n<script type=\"application\/ld+json\" class=\"yoast-schema-graph\">{\"@context\":\"https:\\\/\\\/schema.org\",\"@graph\":[{\"@type\":\"Article\",\"@id\":\"https:\\\/\\\/gimnasticdetarragona.cat\\\/es\\\/promocio-pel-nastic-rc-deportivo\\\/#article\",\"isPartOf\":{\"@id\":\"https:\\\/\\\/gimnasticdetarragona.cat\\\/es\\\/promocio-pel-nastic-rc-deportivo\\\/\"},\"author\":{\"name\":\"Comunicacion\",\"@id\":\"https:\\\/\\\/gimnasticdetarragona.cat\\\/es\\\/#\\\/schema\\\/person\\\/0a9b7103e7dd73640eb245c4aa4afb8d\"},\"headline\":\"Promoci\u00f3n para el N\u00e0stic &#8211; RC Deportivo\",\"datePublished\":\"2024-02-27T16:57:49+00:00\",\"dateModified\":\"2024-02-27T17:02:32+00:00\",\"mainEntityOfPage\":{\"@id\":\"https:\\\/\\\/gimnasticdetarragona.cat\\\/es\\\/promocio-pel-nastic-rc-deportivo\\\/\"},\"wordCount\":236,\"commentCount\":0,\"publisher\":{\"@id\":\"https:\\\/\\\/gimnasticdetarragona.cat\\\/es\\\/#organization\"},\"image\":{\"@id\":\"https:\\\/\\\/gimnasticdetarragona.cat\\\/es\\\/promocio-pel-nastic-rc-deportivo\\\/#primaryimage\"},\"thumbnailUrl\":\"https:\\\/\\\/gimnasticdetarragona.cat\\\/wp-content\\\/uploads\\\/2024\\\/02\\\/JCB_9767-copia-scaled.jpg\",\"articleSection\":[\"Actualidad\",\"Afici\u00f3n\",\"Socio\"],\"inLanguage\":\"es\"},{\"@type\":\"WebPage\",\"@id\":\"https:\\\/\\\/gimnasticdetarragona.cat\\\/es\\\/promocio-pel-nastic-rc-deportivo\\\/\",\"url\":\"https:\\\/\\\/gimnasticdetarragona.cat\\\/es\\\/promocio-pel-nastic-rc-deportivo\\\/\",\"name\":\"Promoci\u00f3n para el N\u00e0stic - RC Deportivo - Gimn\u00e0stic de Tarragona SAD\",\"isPartOf\":{\"@id\":\"https:\\\/\\\/gimnasticdetarragona.cat\\\/es\\\/#website\"},\"primaryImageOfPage\":{\"@id\":\"https:\\\/\\\/gimnasticdetarragona.cat\\\/es\\\/promocio-pel-nastic-rc-deportivo\\\/#primaryimage\"},\"image\":{\"@id\":\"https:\\\/\\\/gimnasticdetarragona.cat\\\/es\\\/promocio-pel-nastic-rc-deportivo\\\/#primaryimage\"},\"thumbnailUrl\":\"https:\\\/\\\/gimnasticdetarragona.cat\\\/wp-content\\\/uploads\\\/2024\\\/02\\\/JCB_9767-copia-scaled.jpg\",\"datePublished\":\"2024-02-27T16:57:49+00:00\",\"dateModified\":\"2024-02-27T17:02:32+00:00\",\"breadcrumb\":{\"@id\":\"https:\\\/\\\/gimnasticdetarragona.cat\\\/es\\\/promocio-pel-nastic-rc-deportivo\\\/#breadcrumb\"},\"inLanguage\":\"es\",\"potentialAction\":[{\"@type\":\"ReadAction\",\"target\":[\"https:\\\/\\\/gimnasticdetarragona.cat\\\/es\\\/promocio-pel-nastic-rc-deportivo\\\/\"]}]},{\"@type\":\"ImageObject\",\"inLanguage\":\"es\",\"@id\":\"https:\\\/\\\/gimnasticdetarragona.cat\\\/es\\\/promocio-pel-nastic-rc-deportivo\\\/#primaryimage\",\"url\":\"https:\\\/\\\/gimnasticdetarragona.cat\\\/wp-content\\\/uploads\\\/2024\\\/02\\\/JCB_9767-copia-scaled.jpg\",\"contentUrl\":\"https:\\\/\\\/gimnasticdetarragona.cat\\\/wp-content\\\/uploads\\\/2024\\\/02\\\/JCB_9767-copia-scaled.jpg\",\"width\":2555,\"height\":2560},{\"@type\":\"BreadcrumbList\",\"@id\":\"https:\\\/\\\/gimnasticdetarragona.cat\\\/es\\\/promocio-pel-nastic-rc-deportivo\\\/#breadcrumb\",\"itemListElement\":[{\"@type\":\"ListItem\",\"position\":1,\"name\":\"Inici\",\"item\":\"https:\\\/\\\/gimnasticdetarragona.cat\\\/es\\\/nastic\\\/\"},{\"@type\":\"ListItem\",\"position\":2,\"name\":\"Promoci\u00f3n para el N\u00e0stic &#8211; RC Deportivo\"}]},{\"@type\":\"WebSite\",\"@id\":\"https:\\\/\\\/gimnasticdetarragona.cat\\\/es\\\/#website\",\"url\":\"https:\\\/\\\/gimnasticdetarragona.cat\\\/es\\\/\",\"name\":\"Gimn\u00e0stic de Tarragona SAD\",\"description\":\"Gimn\u00e0stic de Tarragona\",\"publisher\":{\"@id\":\"https:\\\/\\\/gimnasticdetarragona.cat\\\/es\\\/#organization\"},\"potentialAction\":[{\"@type\":\"SearchAction\",\"target\":{\"@type\":\"EntryPoint\",\"urlTemplate\":\"https:\\\/\\\/gimnasticdetarragona.cat\\\/es\\\/?s={search_term_string}\"},\"query-input\":{\"@type\":\"PropertyValueSpecification\",\"valueRequired\":true,\"valueName\":\"search_term_string\"}}],\"inLanguage\":\"es\"},{\"@type\":\"Organization\",\"@id\":\"https:\\\/\\\/gimnasticdetarragona.cat\\\/es\\\/#organization\",\"name\":\"GIMN\u00c0STIC DE TARRAGONA\",\"alternateName\":\"N\u00c0STIC\",\"url\":\"https:\\\/\\\/gimnasticdetarragona.cat\\\/es\\\/\",\"logo\":{\"@type\":\"ImageObject\",\"inLanguage\":\"es\",\"@id\":\"https:\\\/\\\/gimnasticdetarragona.cat\\\/es\\\/#\\\/schema\\\/logo\\\/image\\\/\",\"url\":\"https:\\\/\\\/gimnasticdetarragona.cat\\\/wp-content\\\/uploads\\\/2022\\\/06\\\/cropped-logo-gimnastic.png\",\"contentUrl\":\"https:\\\/\\\/gimnasticdetarragona.cat\\\/wp-content\\\/uploads\\\/2022\\\/06\\\/cropped-logo-gimnastic.png\",\"width\":224,\"height\":83,\"caption\":\"GIMN\u00c0STIC DE TARRAGONA\"},\"image\":{\"@id\":\"https:\\\/\\\/gimnasticdetarragona.cat\\\/es\\\/#\\\/schema\\\/logo\\\/image\\\/\"},\"sameAs\":[\"https:\\\/\\\/x.com\\\/NASTICTARRAGONA\",\"https:\\\/\\\/www.instagram.com\\\/nastictarragona\\\/\"]},{\"@type\":\"Person\",\"@id\":\"https:\\\/\\\/gimnasticdetarragona.cat\\\/es\\\/#\\\/schema\\\/person\\\/0a9b7103e7dd73640eb245c4aa4afb8d\",\"name\":\"Comunicacion\"}]}<\/script>\n<!-- \/ Yoast SEO plugin. -->","yoast_head_json":{"title":"Promoci\u00f3n para el N\u00e0stic - RC Deportivo - Gimn\u00e0stic de Tarragona SAD","robots":{"index":"index","follow":"follow","max-snippet":"max-snippet:-1","max-image-preview":"max-image-preview:large","max-video-preview":"max-video-preview:-1"},"canonical":"https:\/\/gimnasticdetarragona.cat\/es\/promocio-pel-nastic-rc-deportivo\/","og_locale":"es_ES","og_type":"article","og_title":"Promoci\u00f3n para el N\u00e0stic - RC Deportivo - Gimn\u00e0stic de Tarragona SAD","og_description":"Desde 5\u20ac la entrada (exclusivamente para los socios)","og_url":"https:\/\/gimnasticdetarragona.cat\/es\/promocio-pel-nastic-rc-deportivo\/","og_site_name":"Gimn\u00e0stic de Tarragona SAD","article_published_time":"2024-02-27T16:57:49+00:00","article_modified_time":"2024-02-27T17:02:32+00:00","og_image":[{"width":2555,"height":2560,"url":"https:\/\/gimnasticdetarragona.cat\/wp-content\/uploads\/2024\/02\/JCB_9767-copia-scaled.jpg","type":"image\/jpeg"}],"author":"Comunicacion","twitter_card":"summary_large_image","twitter_creator":"@NASTICTARRAGONA","twitter_site":"@NASTICTARRAGONA","twitter_misc":{"Escrito por":"Comunicacion","Tiempo de lectura":"1 minuto"},"schema":{"@context":"https:\/\/schema.org","@graph":[{"@type":"Article","@id":"https:\/\/gimnasticdetarragona.cat\/es\/promocio-pel-nastic-rc-deportivo\/#article","isPartOf":{"@id":"https:\/\/gimnasticdetarragona.cat\/es\/promocio-pel-nastic-rc-deportivo\/"},"author":{"name":"Comunicacion","@id":"https:\/\/gimnasticdetarragona.cat\/es\/#\/schema\/person\/0a9b7103e7dd73640eb245c4aa4afb8d"},"headline":"Promoci\u00f3n para el N\u00e0stic &#8211; RC Deportivo","datePublished":"2024-02-27T16:57:49+00:00","dateModified":"2024-02-27T17:02:32+00:00","mainEntityOfPage":{"@id":"https:\/\/gimnasticdetarragona.cat\/es\/promocio-pel-nastic-rc-deportivo\/"},"wordCount":236,"commentCount":0,"publisher":{"@id":"https:\/\/gimnasticdetarragona.cat\/es\/#organization"},"image":{"@id":"https:\/\/gimnasticdetarragona.cat\/es\/promocio-pel-nastic-rc-deportivo\/#primaryimage"},"thumbnailUrl":"https:\/\/gimnasticdetarragona.cat\/wp-content\/uploads\/2024\/02\/JCB_9767-copia-scaled.jpg","articleSection":["Actualidad","Afici\u00f3n","Socio"],"inLanguage":"es"},{"@type":"WebPage","@id":"https:\/\/gimnasticdetarragona.cat\/es\/promocio-pel-nastic-rc-deportivo\/","url":"https:\/\/gimnasticdetarragona.cat\/es\/promocio-pel-nastic-rc-deportivo\/","name":"Promoci\u00f3n para el N\u00e0stic - RC Deportivo - Gimn\u00e0stic de Tarragona SAD","isPartOf":{"@id":"https:\/\/gimnasticdetarragona.cat\/es\/#website"},"primaryImageOfPage":{"@id":"https:\/\/gimnasticdetarragona.cat\/es\/promocio-pel-nastic-rc-deportivo\/#primaryimage"},"image":{"@id":"https:\/\/gimnasticdetarragona.cat\/es\/promocio-pel-nastic-rc-deportivo\/#primaryimage"},"thumbnailUrl":"https:\/\/gimnasticdetarragona.cat\/wp-content\/uploads\/2024\/02\/JCB_9767-copia-scaled.jpg","datePublished":"2024-02-27T16:57:49+00:00","dateModified":"2024-02-27T17:02:32+00:00","breadcrumb":{"@id":"https:\/\/gimnasticdetarragona.cat\/es\/promocio-pel-nastic-rc-deportivo\/#breadcrumb"},"inLanguage":"es","potentialAction":[{"@type":"ReadAction","target":["https:\/\/gimnasticdetarragona.cat\/es\/promocio-pel-nastic-rc-deportivo\/"]}]},{"@type":"ImageObject","inLanguage":"es","@id":"https:\/\/gimnasticdetarragona.cat\/es\/promocio-pel-nastic-rc-deportivo\/#primaryimage","url":"https:\/\/gimnasticdetarragona.cat\/wp-content\/uploads\/2024\/02\/JCB_9767-copia-scaled.jpg","contentUrl":"https:\/\/gimnasticdetarragona.cat\/wp-content\/uploads\/2024\/02\/JCB_9767-copia-scaled.jpg","width":2555,"height":2560},{"@type":"BreadcrumbList","@id":"https:\/\/gimnasticdetarragona.cat\/es\/promocio-pel-nastic-rc-deportivo\/#breadcrumb","itemListElement":[{"@type":"ListItem","position":1,"name":"Inici","item":"https:\/\/gimnasticdetarragona.cat\/es\/nastic\/"},{"@type":"ListItem","position":2,"name":"Promoci\u00f3n para el N\u00e0stic &#8211; RC Deportivo"}]},{"@type":"WebSite","@id":"https:\/\/gimnasticdetarragona.cat\/es\/#website","url":"https:\/\/gimnasticdetarragona.cat\/es\/","name":"Gimn\u00e0stic de Tarragona SAD","description":"Gimn\u00e0stic de Tarragona","publisher":{"@id":"https:\/\/gimnasticdetarragona.cat\/es\/#organization"},"potentialAction":[{"@type":"SearchAction","target":{"@type":"EntryPoint","urlTemplate":"https:\/\/gimnasticdetarragona.cat\/es\/?s={search_term_string}"},"query-input":{"@type":"PropertyValueSpecification","valueRequired":true,"valueName":"search_term_string"}}],"inLanguage":"es"},{"@type":"Organization","@id":"https:\/\/gimnasticdetarragona.cat\/es\/#organization","name":"GIMN\u00c0STIC DE TARRAGONA","alternateName":"N\u00c0STIC","url":"https:\/\/gimnasticdetarragona.cat\/es\/","logo":{"@type":"ImageObject","inLanguage":"es","@id":"https:\/\/gimnasticdetarragona.cat\/es\/#\/schema\/logo\/image\/","url":"https:\/\/gimnasticdetarragona.cat\/wp-content\/uploads\/2022\/06\/cropped-logo-gimnastic.png","contentUrl":"https:\/\/gimnasticdetarragona.cat\/wp-content\/uploads\/2022\/06\/cropped-logo-gimnastic.png","width":224,"height":83,"caption":"GIMN\u00c0STIC DE TARRAGONA"},"image":{"@id":"https:\/\/gimnasticdetarragona.cat\/es\/#\/schema\/logo\/image\/"},"sameAs":["https:\/\/x.com\/NASTICTARRAGONA","https:\/\/www.instagram.com\/nastictarragona\/"]},{"@type":"Person","@id":"https:\/\/gimnasticdetarragona.cat\/es\/#\/schema\/person\/0a9b7103e7dd73640eb245c4aa4afb8d","name":"Comunicacion"}]}},"_links":{"self":[{"href":"https:\/\/gimnasticdetarragona.cat\/es\/wp-json\/wp\/v2\/posts\/94826","targetHints":{"allow":["GET"]}}],"collection":[{"href":"https:\/\/gimnasticdetarragona.cat\/es\/wp-json\/wp\/v2\/posts"}],"about":[{"href":"https:\/\/gimnasticdetarragona.cat\/es\/wp-json\/wp\/v2\/types\/post"}],"author":[{"embeddable":true,"href":"https:\/\/gimnasticdetarragona.cat\/es\/wp-json\/wp\/v2\/users\/7"}],"replies":[{"embeddable":true,"href":"https:\/\/gimnasticdetarragona.cat\/es\/wp-json\/wp\/v2\/comments?post=94826"}],"version-history":[{"count":0,"href":"https:\/\/gimnasticdetarragona.cat\/es\/wp-json\/wp\/v2\/posts\/94826\/revisions"}],"wp:featuredmedia":[{"embeddable":true,"href":"https:\/\/gimnasticdetarragona.cat\/es\/wp-json\/wp\/v2\/media\/94824"}],"wp:attachment":[{"href":"https:\/\/gimnasticdetarragona.cat\/es\/wp-json\/wp\/v2\/media?parent=94826"}],"wp:term":[{"taxonomy":"category","embeddable":true,"href":"https:\/\/gimnasticdetarragona.cat\/es\/wp-json\/wp\/v2\/categories?post=94826"},{"taxonomy":"post_tag","embeddable":true,"href":"https:\/\/gimnasticdetarragona.cat\/es\/wp-json\/wp\/v2\/tags?post=94826"}],"curies":[{"name":"wp","href":"https:\/\/api.w.org\/{rel}","templated":true}]}}