{"id":94839,"date":"2024-03-01T09:52:24","date_gmt":"2024-03-01T08:52:24","guid":{"rendered":"https:\/\/gimnasticdetarragona.cat\/?p=94839"},"modified":"2024-03-01T09:52:36","modified_gmt":"2024-03-01T08:52:36","slug":"138-anos-del-club-gimnastic-de-tarragona","status":"publish","type":"post","link":"https:\/\/gimnasticdetarragona.cat\/es\/138-anos-del-club-gimnastic-de-tarragona\/","title":{"rendered":"138 a\u00f1os del Club Gimn\u00e0stic de Tarragona"},"content":{"rendered":"\n<p>El 1 de marzo de 1886, 12 j\u00f3venes entusiastas de la ciudad de Tarragona que quer\u00edan practicar un deporte, reunidos en el \u201cCaf\u00e9 del Centro\u201d situado en el n\u00famero 56 de la actual Rambla Nova, constituyeron el Club Gimnasio para practicar la gimnasia sueca.<\/p>\n\n\n\n<p>Con este primer paso legal y con Joan Estil\u00b7les como presidente, se pon\u00eda en marcha el Club Gimn\u00e0stic de Tarragona, el club polideportivo decano del Estado.<\/p>\n\n\n\n<p>El Gimn\u00e0stic de Tarragona ha querido conmemorar el 138 aniversario reuniendo a diferentes deportistas de la entidad, representando a las diferentes disciplinas, junto con el presidente Josep Maria Andreu, en el acceso a las instalaciones de la Budallera, concretamente, delante del Nou Estadi Costa Daurada.<\/p>\n\n\n\n<p>Los representantes han sido (de izquierda a derecha):<\/p>\n\n\n\n<p>Fila superior: Laia Gonz\u00e1lez (padel), Arnau Pujol (genuine), Joan Oriol (1r equipo masculino), Josep Maria Andreu (presidente), Claudia Masip (1r equipo femenino), Jan Virgili (Juvenil A \u2013 Planter Grana) y Pau Caball\u00e9 (f\u00fatbol sala).<\/p>\n\n\n\n<p>Fila inferior: Nikolai Piskunov (powerchair), Jana Fontanet (atletismo), Ariadna Mir\u00f3 (gimnasia r\u00edtmica), Andrea S\u00e1ez (patinaje en l\u00ednea), Noa V\u00e1zquez (patinaje art\u00edstico), Leo Sabl\u00f3n (tenis de mesa) y Pau P\u00e9rez (tenis).<\/p>\n","protected":false},"excerpt":{"rendered":"<p>El decano de los clubes del deporte est\u00e1 de cumplea\u00f1os<\/p>\n","protected":false},"author":7,"featured_media":94837,"comment_status":"open","ping_status":"open","sticky":false,"template":"","format":"standard","meta":{"_acf_changed":false,"footnotes":""},"categories":[113,114,115,120,126,129,130,131,132,133,134,135,136,137,127],"tags":[],"class_list":["post-94839","post","type-post","status-publish","format-standard","has-post-thumbnail","hentry","category-actualidad","category-aficion","category-agenda-social","category-historia","category-primer-equipo","category-seccion-actividades-dirigidas","category-seccion-atletismo","category-seccion-futbol-sala","category-gimnasia-ritmica","category-patinaje","category-patinaje-artistico","category-pelota","category-tenis","category-tenis-mesa","category-secciones"],"acf":[],"yoast_head":"<!-- This site is optimized with the Yoast SEO plugin v27.3 - https:\/\/yoast.com\/product\/yoast-seo-wordpress\/ -->\n<title>138 a\u00f1os del Club Gimn\u00e0stic de Tarragona - Gimn\u00e0stic de Tarragona SAD<\/title>\n<meta name=\"robots\" content=\"index, follow, max-snippet:-1, max-image-preview:large, max-video-preview:-1\" \/>\n<link rel=\"canonical\" href=\"https:\/\/gimnasticdetarragona.cat\/es\/138-anos-del-club-gimnastic-de-tarragona\/\" \/>\n<meta property=\"og:locale\" content=\"es_ES\" \/>\n<meta property=\"og:type\" content=\"article\" \/>\n<meta property=\"og:title\" content=\"138 a\u00f1os del Club Gimn\u00e0stic de Tarragona - Gimn\u00e0stic de Tarragona SAD\" \/>\n<meta property=\"og:description\" content=\"El decano de los clubes del deporte est\u00e1 de cumplea\u00f1os\" \/>\n<meta property=\"og:url\" content=\"https:\/\/gimnasticdetarragona.cat\/es\/138-anos-del-club-gimnastic-de-tarragona\/\" \/>\n<meta property=\"og:site_name\" content=\"Gimn\u00e0stic de Tarragona SAD\" \/>\n<meta property=\"article:published_time\" content=\"2024-03-01T08:52:24+00:00\" \/>\n<meta property=\"article:modified_time\" content=\"2024-03-01T08:52:36+00:00\" \/>\n<meta property=\"og:image\" content=\"https:\/\/gimnasticdetarragona.cat\/wp-content\/uploads\/2024\/02\/web-138-scaled.jpg\" \/>\n\t<meta property=\"og:image:width\" content=\"2560\" \/>\n\t<meta property=\"og:image:height\" content=\"1698\" \/>\n\t<meta property=\"og:image:type\" content=\"image\/jpeg\" \/>\n<meta name=\"author\" content=\"Comunicacion\" \/>\n<meta name=\"twitter:card\" content=\"summary_large_image\" \/>\n<meta name=\"twitter:creator\" content=\"@NASTICTARRAGONA\" \/>\n<meta name=\"twitter:site\" content=\"@NASTICTARRAGONA\" \/>\n<meta name=\"twitter:label1\" content=\"Escrito por\" \/>\n\t<meta name=\"twitter:data1\" content=\"Comunicacion\" \/>\n\t<meta name=\"twitter:label2\" content=\"Tiempo de lectura\" \/>\n\t<meta name=\"twitter:data2\" content=\"1 minuto\" \/>\n<script type=\"application\/ld+json\" class=\"yoast-schema-graph\">{\"@context\":\"https:\\\/\\\/schema.org\",\"@graph\":[{\"@type\":\"Article\",\"@id\":\"https:\\\/\\\/gimnasticdetarragona.cat\\\/es\\\/138-anos-del-club-gimnastic-de-tarragona\\\/#article\",\"isPartOf\":{\"@id\":\"https:\\\/\\\/gimnasticdetarragona.cat\\\/es\\\/138-anos-del-club-gimnastic-de-tarragona\\\/\"},\"author\":{\"name\":\"Comunicacion\",\"@id\":\"https:\\\/\\\/gimnasticdetarragona.cat\\\/es\\\/#\\\/schema\\\/person\\\/0a9b7103e7dd73640eb245c4aa4afb8d\"},\"headline\":\"138 a\u00f1os del Club Gimn\u00e0stic de Tarragona\",\"datePublished\":\"2024-03-01T08:52:24+00:00\",\"dateModified\":\"2024-03-01T08:52:36+00:00\",\"mainEntityOfPage\":{\"@id\":\"https:\\\/\\\/gimnasticdetarragona.cat\\\/es\\\/138-anos-del-club-gimnastic-de-tarragona\\\/\"},\"wordCount\":205,\"commentCount\":0,\"publisher\":{\"@id\":\"https:\\\/\\\/gimnasticdetarragona.cat\\\/es\\\/#organization\"},\"image\":{\"@id\":\"https:\\\/\\\/gimnasticdetarragona.cat\\\/es\\\/138-anos-del-club-gimnastic-de-tarragona\\\/#primaryimage\"},\"thumbnailUrl\":\"https:\\\/\\\/gimnasticdetarragona.cat\\\/wp-content\\\/uploads\\\/2024\\\/02\\\/web-138-scaled.jpg\",\"articleSection\":[\"Actualidad\",\"Afici\u00f3n\",\"Agenda Social\",\"Historia\",\"Primer Equipo\",\"Secci\u00f3n Actividades dirigidas\",\"Secci\u00f3n Atletismo\",\"Secci\u00f3n F\u00fatbol Sala\",\"Secci\u00f3n Gimnasia R\u00edtimica\",\"Secci\u00f3n Patinaje\",\"Secci\u00f3n Patinaje Art\u00edstico\",\"Secci\u00f3n Pelota\",\"Secci\u00f3n Tenis\",\"Secci\u00f3n Tenis Mesa\",\"Secciones\"],\"inLanguage\":\"es\"},{\"@type\":\"WebPage\",\"@id\":\"https:\\\/\\\/gimnasticdetarragona.cat\\\/es\\\/138-anos-del-club-gimnastic-de-tarragona\\\/\",\"url\":\"https:\\\/\\\/gimnasticdetarragona.cat\\\/es\\\/138-anos-del-club-gimnastic-de-tarragona\\\/\",\"name\":\"138 a\u00f1os del Club Gimn\u00e0stic de Tarragona - Gimn\u00e0stic de Tarragona SAD\",\"isPartOf\":{\"@id\":\"https:\\\/\\\/gimnasticdetarragona.cat\\\/es\\\/#website\"},\"primaryImageOfPage\":{\"@id\":\"https:\\\/\\\/gimnasticdetarragona.cat\\\/es\\\/138-anos-del-club-gimnastic-de-tarragona\\\/#primaryimage\"},\"image\":{\"@id\":\"https:\\\/\\\/gimnasticdetarragona.cat\\\/es\\\/138-anos-del-club-gimnastic-de-tarragona\\\/#primaryimage\"},\"thumbnailUrl\":\"https:\\\/\\\/gimnasticdetarragona.cat\\\/wp-content\\\/uploads\\\/2024\\\/02\\\/web-138-scaled.jpg\",\"datePublished\":\"2024-03-01T08:52:24+00:00\",\"dateModified\":\"2024-03-01T08:52:36+00:00\",\"breadcrumb\":{\"@id\":\"https:\\\/\\\/gimnasticdetarragona.cat\\\/es\\\/138-anos-del-club-gimnastic-de-tarragona\\\/#breadcrumb\"},\"inLanguage\":\"es\",\"potentialAction\":[{\"@type\":\"ReadAction\",\"target\":[\"https:\\\/\\\/gimnasticdetarragona.cat\\\/es\\\/138-anos-del-club-gimnastic-de-tarragona\\\/\"]}]},{\"@type\":\"ImageObject\",\"inLanguage\":\"es\",\"@id\":\"https:\\\/\\\/gimnasticdetarragona.cat\\\/es\\\/138-anos-del-club-gimnastic-de-tarragona\\\/#primaryimage\",\"url\":\"https:\\\/\\\/gimnasticdetarragona.cat\\\/wp-content\\\/uploads\\\/2024\\\/02\\\/web-138-scaled.jpg\",\"contentUrl\":\"https:\\\/\\\/gimnasticdetarragona.cat\\\/wp-content\\\/uploads\\\/2024\\\/02\\\/web-138-scaled.jpg\",\"width\":2560,\"height\":1698},{\"@type\":\"BreadcrumbList\",\"@id\":\"https:\\\/\\\/gimnasticdetarragona.cat\\\/es\\\/138-anos-del-club-gimnastic-de-tarragona\\\/#breadcrumb\",\"itemListElement\":[{\"@type\":\"ListItem\",\"position\":1,\"name\":\"Inici\",\"item\":\"https:\\\/\\\/gimnasticdetarragona.cat\\\/es\\\/nastic\\\/\"},{\"@type\":\"ListItem\",\"position\":2,\"name\":\"138 a\u00f1os del Club Gimn\u00e0stic de Tarragona\"}]},{\"@type\":\"WebSite\",\"@id\":\"https:\\\/\\\/gimnasticdetarragona.cat\\\/es\\\/#website\",\"url\":\"https:\\\/\\\/gimnasticdetarragona.cat\\\/es\\\/\",\"name\":\"Gimn\u00e0stic de Tarragona SAD\",\"description\":\"Gimn\u00e0stic de Tarragona\",\"publisher\":{\"@id\":\"https:\\\/\\\/gimnasticdetarragona.cat\\\/es\\\/#organization\"},\"potentialAction\":[{\"@type\":\"SearchAction\",\"target\":{\"@type\":\"EntryPoint\",\"urlTemplate\":\"https:\\\/\\\/gimnasticdetarragona.cat\\\/es\\\/?s={search_term_string}\"},\"query-input\":{\"@type\":\"PropertyValueSpecification\",\"valueRequired\":true,\"valueName\":\"search_term_string\"}}],\"inLanguage\":\"es\"},{\"@type\":\"Organization\",\"@id\":\"https:\\\/\\\/gimnasticdetarragona.cat\\\/es\\\/#organization\",\"name\":\"GIMN\u00c0STIC DE TARRAGONA\",\"alternateName\":\"N\u00c0STIC\",\"url\":\"https:\\\/\\\/gimnasticdetarragona.cat\\\/es\\\/\",\"logo\":{\"@type\":\"ImageObject\",\"inLanguage\":\"es\",\"@id\":\"https:\\\/\\\/gimnasticdetarragona.cat\\\/es\\\/#\\\/schema\\\/logo\\\/image\\\/\",\"url\":\"https:\\\/\\\/gimnasticdetarragona.cat\\\/wp-content\\\/uploads\\\/2022\\\/06\\\/cropped-logo-gimnastic.png\",\"contentUrl\":\"https:\\\/\\\/gimnasticdetarragona.cat\\\/wp-content\\\/uploads\\\/2022\\\/06\\\/cropped-logo-gimnastic.png\",\"width\":224,\"height\":83,\"caption\":\"GIMN\u00c0STIC DE TARRAGONA\"},\"image\":{\"@id\":\"https:\\\/\\\/gimnasticdetarragona.cat\\\/es\\\/#\\\/schema\\\/logo\\\/image\\\/\"},\"sameAs\":[\"https:\\\/\\\/x.com\\\/NASTICTARRAGONA\",\"https:\\\/\\\/www.instagram.com\\\/nastictarragona\\\/\"]},{\"@type\":\"Person\",\"@id\":\"https:\\\/\\\/gimnasticdetarragona.cat\\\/es\\\/#\\\/schema\\\/person\\\/0a9b7103e7dd73640eb245c4aa4afb8d\",\"name\":\"Comunicacion\"}]}<\/script>\n<!-- \/ Yoast SEO plugin. -->","yoast_head_json":{"title":"138 a\u00f1os del Club Gimn\u00e0stic de Tarragona - Gimn\u00e0stic de Tarragona SAD","robots":{"index":"index","follow":"follow","max-snippet":"max-snippet:-1","max-image-preview":"max-image-preview:large","max-video-preview":"max-video-preview:-1"},"canonical":"https:\/\/gimnasticdetarragona.cat\/es\/138-anos-del-club-gimnastic-de-tarragona\/","og_locale":"es_ES","og_type":"article","og_title":"138 a\u00f1os del Club Gimn\u00e0stic de Tarragona - Gimn\u00e0stic de Tarragona SAD","og_description":"El decano de los clubes del deporte est\u00e1 de cumplea\u00f1os","og_url":"https:\/\/gimnasticdetarragona.cat\/es\/138-anos-del-club-gimnastic-de-tarragona\/","og_site_name":"Gimn\u00e0stic de Tarragona SAD","article_published_time":"2024-03-01T08:52:24+00:00","article_modified_time":"2024-03-01T08:52:36+00:00","og_image":[{"width":2560,"height":1698,"url":"https:\/\/gimnasticdetarragona.cat\/wp-content\/uploads\/2024\/02\/web-138-scaled.jpg","type":"image\/jpeg"}],"author":"Comunicacion","twitter_card":"summary_large_image","twitter_creator":"@NASTICTARRAGONA","twitter_site":"@NASTICTARRAGONA","twitter_misc":{"Escrito por":"Comunicacion","Tiempo de lectura":"1 minuto"},"schema":{"@context":"https:\/\/schema.org","@graph":[{"@type":"Article","@id":"https:\/\/gimnasticdetarragona.cat\/es\/138-anos-del-club-gimnastic-de-tarragona\/#article","isPartOf":{"@id":"https:\/\/gimnasticdetarragona.cat\/es\/138-anos-del-club-gimnastic-de-tarragona\/"},"author":{"name":"Comunicacion","@id":"https:\/\/gimnasticdetarragona.cat\/es\/#\/schema\/person\/0a9b7103e7dd73640eb245c4aa4afb8d"},"headline":"138 a\u00f1os del Club Gimn\u00e0stic de Tarragona","datePublished":"2024-03-01T08:52:24+00:00","dateModified":"2024-03-01T08:52:36+00:00","mainEntityOfPage":{"@id":"https:\/\/gimnasticdetarragona.cat\/es\/138-anos-del-club-gimnastic-de-tarragona\/"},"wordCount":205,"commentCount":0,"publisher":{"@id":"https:\/\/gimnasticdetarragona.cat\/es\/#organization"},"image":{"@id":"https:\/\/gimnasticdetarragona.cat\/es\/138-anos-del-club-gimnastic-de-tarragona\/#primaryimage"},"thumbnailUrl":"https:\/\/gimnasticdetarragona.cat\/wp-content\/uploads\/2024\/02\/web-138-scaled.jpg","articleSection":["Actualidad","Afici\u00f3n","Agenda Social","Historia","Primer Equipo","Secci\u00f3n Actividades dirigidas","Secci\u00f3n Atletismo","Secci\u00f3n F\u00fatbol Sala","Secci\u00f3n Gimnasia R\u00edtimica","Secci\u00f3n Patinaje","Secci\u00f3n Patinaje Art\u00edstico","Secci\u00f3n Pelota","Secci\u00f3n Tenis","Secci\u00f3n Tenis Mesa","Secciones"],"inLanguage":"es"},{"@type":"WebPage","@id":"https:\/\/gimnasticdetarragona.cat\/es\/138-anos-del-club-gimnastic-de-tarragona\/","url":"https:\/\/gimnasticdetarragona.cat\/es\/138-anos-del-club-gimnastic-de-tarragona\/","name":"138 a\u00f1os del Club Gimn\u00e0stic de Tarragona - Gimn\u00e0stic de Tarragona SAD","isPartOf":{"@id":"https:\/\/gimnasticdetarragona.cat\/es\/#website"},"primaryImageOfPage":{"@id":"https:\/\/gimnasticdetarragona.cat\/es\/138-anos-del-club-gimnastic-de-tarragona\/#primaryimage"},"image":{"@id":"https:\/\/gimnasticdetarragona.cat\/es\/138-anos-del-club-gimnastic-de-tarragona\/#primaryimage"},"thumbnailUrl":"https:\/\/gimnasticdetarragona.cat\/wp-content\/uploads\/2024\/02\/web-138-scaled.jpg","datePublished":"2024-03-01T08:52:24+00:00","dateModified":"2024-03-01T08:52:36+00:00","breadcrumb":{"@id":"https:\/\/gimnasticdetarragona.cat\/es\/138-anos-del-club-gimnastic-de-tarragona\/#breadcrumb"},"inLanguage":"es","potentialAction":[{"@type":"ReadAction","target":["https:\/\/gimnasticdetarragona.cat\/es\/138-anos-del-club-gimnastic-de-tarragona\/"]}]},{"@type":"ImageObject","inLanguage":"es","@id":"https:\/\/gimnasticdetarragona.cat\/es\/138-anos-del-club-gimnastic-de-tarragona\/#primaryimage","url":"https:\/\/gimnasticdetarragona.cat\/wp-content\/uploads\/2024\/02\/web-138-scaled.jpg","contentUrl":"https:\/\/gimnasticdetarragona.cat\/wp-content\/uploads\/2024\/02\/web-138-scaled.jpg","width":2560,"height":1698},{"@type":"BreadcrumbList","@id":"https:\/\/gimnasticdetarragona.cat\/es\/138-anos-del-club-gimnastic-de-tarragona\/#breadcrumb","itemListElement":[{"@type":"ListItem","position":1,"name":"Inici","item":"https:\/\/gimnasticdetarragona.cat\/es\/nastic\/"},{"@type":"ListItem","position":2,"name":"138 a\u00f1os del Club Gimn\u00e0stic de Tarragona"}]},{"@type":"WebSite","@id":"https:\/\/gimnasticdetarragona.cat\/es\/#website","url":"https:\/\/gimnasticdetarragona.cat\/es\/","name":"Gimn\u00e0stic de Tarragona SAD","description":"Gimn\u00e0stic de Tarragona","publisher":{"@id":"https:\/\/gimnasticdetarragona.cat\/es\/#organization"},"potentialAction":[{"@type":"SearchAction","target":{"@type":"EntryPoint","urlTemplate":"https:\/\/gimnasticdetarragona.cat\/es\/?s={search_term_string}"},"query-input":{"@type":"PropertyValueSpecification","valueRequired":true,"valueName":"search_term_string"}}],"inLanguage":"es"},{"@type":"Organization","@id":"https:\/\/gimnasticdetarragona.cat\/es\/#organization","name":"GIMN\u00c0STIC DE TARRAGONA","alternateName":"N\u00c0STIC","url":"https:\/\/gimnasticdetarragona.cat\/es\/","logo":{"@type":"ImageObject","inLanguage":"es","@id":"https:\/\/gimnasticdetarragona.cat\/es\/#\/schema\/logo\/image\/","url":"https:\/\/gimnasticdetarragona.cat\/wp-content\/uploads\/2022\/06\/cropped-logo-gimnastic.png","contentUrl":"https:\/\/gimnasticdetarragona.cat\/wp-content\/uploads\/2022\/06\/cropped-logo-gimnastic.png","width":224,"height":83,"caption":"GIMN\u00c0STIC DE TARRAGONA"},"image":{"@id":"https:\/\/gimnasticdetarragona.cat\/es\/#\/schema\/logo\/image\/"},"sameAs":["https:\/\/x.com\/NASTICTARRAGONA","https:\/\/www.instagram.com\/nastictarragona\/"]},{"@type":"Person","@id":"https:\/\/gimnasticdetarragona.cat\/es\/#\/schema\/person\/0a9b7103e7dd73640eb245c4aa4afb8d","name":"Comunicacion"}]}},"_links":{"self":[{"href":"https:\/\/gimnasticdetarragona.cat\/es\/wp-json\/wp\/v2\/posts\/94839","targetHints":{"allow":["GET"]}}],"collection":[{"href":"https:\/\/gimnasticdetarragona.cat\/es\/wp-json\/wp\/v2\/posts"}],"about":[{"href":"https:\/\/gimnasticdetarragona.cat\/es\/wp-json\/wp\/v2\/types\/post"}],"author":[{"embeddable":true,"href":"https:\/\/gimnasticdetarragona.cat\/es\/wp-json\/wp\/v2\/users\/7"}],"replies":[{"embeddable":true,"href":"https:\/\/gimnasticdetarragona.cat\/es\/wp-json\/wp\/v2\/comments?post=94839"}],"version-history":[{"count":0,"href":"https:\/\/gimnasticdetarragona.cat\/es\/wp-json\/wp\/v2\/posts\/94839\/revisions"}],"wp:featuredmedia":[{"embeddable":true,"href":"https:\/\/gimnasticdetarragona.cat\/es\/wp-json\/wp\/v2\/media\/94837"}],"wp:attachment":[{"href":"https:\/\/gimnasticdetarragona.cat\/es\/wp-json\/wp\/v2\/media?parent=94839"}],"wp:term":[{"taxonomy":"category","embeddable":true,"href":"https:\/\/gimnasticdetarragona.cat\/es\/wp-json\/wp\/v2\/categories?post=94839"},{"taxonomy":"post_tag","embeddable":true,"href":"https:\/\/gimnasticdetarragona.cat\/es\/wp-json\/wp\/v2\/tags?post=94839"}],"curies":[{"name":"wp","href":"https:\/\/api.w.org\/{rel}","templated":true}]}}