{"id":94883,"date":"2024-03-05T20:26:21","date_gmt":"2024-03-05T19:26:21","guid":{"rendered":"https:\/\/gimnasticdetarragona.cat\/ultimes-324-entrades-a-la-venda-per-als-aficionats-grana\/"},"modified":"2024-03-05T20:42:46","modified_gmt":"2024-03-05T19:42:46","slug":"ultimes-324-entrades-a-la-venda-per-als-aficionats-grana","status":"publish","type":"post","link":"https:\/\/gimnasticdetarragona.cat\/es\/ultimes-324-entrades-a-la-venda-per-als-aficionats-grana\/","title":{"rendered":"\u00daltimas 324 entradas a la venta para los aficionados grana"},"content":{"rendered":"\n<p>El Gimn\u00e0stic de Tarragona informa que \u00fanicamente restan 324 entradas para llenar el anillo inferior del Temple, destinado a los socios y aficionados locales, en el duelo de este domingo, a las 12 h, ante el RC Deportivo.<\/p>\n\n\n\n<p>Recordamos que sigue vigente la promoci\u00f3n en la que cada socio puede adquirir hasta un m\u00e1ximo de 4 entradas de su zona. El precio especial unitario para este partido es:<\/p>\n\n\n\n<p>Gol Norte: 5 \u20ac \/ Preferente Inferior: 7,5 \u20ac<\/p>\n\n\n\n<p>Para beneficiarse de la promoci\u00f3n, los socios de Tribuna pueden escoger entre las zonas de Gol Nord y\/o Preferente); mientras que los socios de Gol Sud podr\u00e1n adquirirlas en la zona de Gol Nord.<\/p>\n\n\n\n<p>Esta promoci\u00f3n est\u00e1 limitada al aforo de cada una de las zonas citadas. La venta se realiza \u00fanicamente de forma presencial en el punto de atenci\u00f3n al socio, situado en la tienda del Nou Estadi Costa Daurada, y es necesario ense\u00f1ar el carnet de socio vigente.<\/p>\n\n\n\n<p>El horario de atenci\u00f3n al socio es de lunes a viernes, de 9 a 13:30 y de 16 a 19 horas y, el d\u00eda de partido, desde dos horas antes del enfrentamiento. La entidad se reserva el derecho de modificar las condiciones de la promoci\u00f3n.<\/p>\n\n\n\n<p>NOTA: Cualquier aficionado que luzca vestimenta o ropa identificadora del equipo rival del N\u00e0stic, ser\u00e1 reubicado en la zona reservada a la afici\u00f3n contraria (Preferente Superior).<\/p>\n","protected":false},"excerpt":{"rendered":"<p>Agotadas las zonas de Tribuna y Gol Sur<\/p>\n","protected":false},"author":7,"featured_media":94878,"comment_status":"open","ping_status":"open","sticky":false,"template":"","format":"standard","meta":{"_acf_changed":false,"footnotes":""},"categories":[113,114,125,138],"tags":[],"class_list":["post-94883","post","type-post","status-publish","format-standard","has-post-thumbnail","hentry","category-actualidad","category-aficion","category-penas","category-socio"],"acf":[],"yoast_head":"<!-- This site is optimized with the Yoast SEO plugin v27.3 - https:\/\/yoast.com\/product\/yoast-seo-wordpress\/ -->\n<title>\u00daltimas 324 entradas a la venta para los aficionados grana - Gimn\u00e0stic de Tarragona SAD<\/title>\n<meta name=\"robots\" content=\"index, follow, max-snippet:-1, max-image-preview:large, max-video-preview:-1\" \/>\n<link rel=\"canonical\" href=\"https:\/\/gimnasticdetarragona.cat\/es\/ultimes-324-entrades-a-la-venda-per-als-aficionats-grana\/\" \/>\n<meta property=\"og:locale\" content=\"es_ES\" \/>\n<meta property=\"og:type\" content=\"article\" \/>\n<meta property=\"og:title\" content=\"\u00daltimas 324 entradas a la venta para los aficionados grana - Gimn\u00e0stic de Tarragona SAD\" \/>\n<meta property=\"og:description\" content=\"Agotadas las zonas de Tribuna y Gol Sur\" \/>\n<meta property=\"og:url\" content=\"https:\/\/gimnasticdetarragona.cat\/es\/ultimes-324-entrades-a-la-venda-per-als-aficionats-grana\/\" \/>\n<meta property=\"og:site_name\" content=\"Gimn\u00e0stic de Tarragona SAD\" \/>\n<meta property=\"article:published_time\" content=\"2024-03-05T19:26:21+00:00\" \/>\n<meta property=\"article:modified_time\" content=\"2024-03-05T19:42:46+00:00\" \/>\n<meta property=\"og:image\" content=\"https:\/\/gimnasticdetarragona.cat\/wp-content\/uploads\/2024\/03\/JCB_9757-copia-scaled.jpg\" \/>\n\t<meta property=\"og:image:width\" content=\"2560\" \/>\n\t<meta property=\"og:image:height\" content=\"1715\" \/>\n\t<meta property=\"og:image:type\" content=\"image\/jpeg\" \/>\n<meta name=\"author\" content=\"Comunicacion\" \/>\n<meta name=\"twitter:card\" content=\"summary_large_image\" \/>\n<meta name=\"twitter:creator\" content=\"@NASTICTARRAGONA\" \/>\n<meta name=\"twitter:site\" content=\"@NASTICTARRAGONA\" \/>\n<meta name=\"twitter:label1\" content=\"Escrito por\" \/>\n\t<meta name=\"twitter:data1\" content=\"Comunicacion\" \/>\n\t<meta name=\"twitter:label2\" content=\"Tiempo de lectura\" \/>\n\t<meta name=\"twitter:data2\" content=\"1 minuto\" \/>\n<script type=\"application\/ld+json\" class=\"yoast-schema-graph\">{\"@context\":\"https:\\\/\\\/schema.org\",\"@graph\":[{\"@type\":\"Article\",\"@id\":\"https:\\\/\\\/gimnasticdetarragona.cat\\\/es\\\/ultimes-324-entrades-a-la-venda-per-als-aficionats-grana\\\/#article\",\"isPartOf\":{\"@id\":\"https:\\\/\\\/gimnasticdetarragona.cat\\\/es\\\/ultimes-324-entrades-a-la-venda-per-als-aficionats-grana\\\/\"},\"author\":{\"name\":\"Comunicacion\",\"@id\":\"https:\\\/\\\/gimnasticdetarragona.cat\\\/es\\\/#\\\/schema\\\/person\\\/0a9b7103e7dd73640eb245c4aa4afb8d\"},\"headline\":\"\u00daltimas 324 entradas a la venta para los aficionados grana\",\"datePublished\":\"2024-03-05T19:26:21+00:00\",\"dateModified\":\"2024-03-05T19:42:46+00:00\",\"mainEntityOfPage\":{\"@id\":\"https:\\\/\\\/gimnasticdetarragona.cat\\\/es\\\/ultimes-324-entrades-a-la-venda-per-als-aficionats-grana\\\/\"},\"wordCount\":239,\"commentCount\":0,\"publisher\":{\"@id\":\"https:\\\/\\\/gimnasticdetarragona.cat\\\/es\\\/#organization\"},\"image\":{\"@id\":\"https:\\\/\\\/gimnasticdetarragona.cat\\\/es\\\/ultimes-324-entrades-a-la-venda-per-als-aficionats-grana\\\/#primaryimage\"},\"thumbnailUrl\":\"https:\\\/\\\/gimnasticdetarragona.cat\\\/wp-content\\\/uploads\\\/2024\\\/03\\\/JCB_9757-copia-scaled.jpg\",\"articleSection\":[\"Actualidad\",\"Afici\u00f3n\",\"Pe\u00f1as\",\"Socio\"],\"inLanguage\":\"es\"},{\"@type\":\"WebPage\",\"@id\":\"https:\\\/\\\/gimnasticdetarragona.cat\\\/es\\\/ultimes-324-entrades-a-la-venda-per-als-aficionats-grana\\\/\",\"url\":\"https:\\\/\\\/gimnasticdetarragona.cat\\\/es\\\/ultimes-324-entrades-a-la-venda-per-als-aficionats-grana\\\/\",\"name\":\"\u00daltimas 324 entradas a la venta para los aficionados grana - Gimn\u00e0stic de Tarragona SAD\",\"isPartOf\":{\"@id\":\"https:\\\/\\\/gimnasticdetarragona.cat\\\/es\\\/#website\"},\"primaryImageOfPage\":{\"@id\":\"https:\\\/\\\/gimnasticdetarragona.cat\\\/es\\\/ultimes-324-entrades-a-la-venda-per-als-aficionats-grana\\\/#primaryimage\"},\"image\":{\"@id\":\"https:\\\/\\\/gimnasticdetarragona.cat\\\/es\\\/ultimes-324-entrades-a-la-venda-per-als-aficionats-grana\\\/#primaryimage\"},\"thumbnailUrl\":\"https:\\\/\\\/gimnasticdetarragona.cat\\\/wp-content\\\/uploads\\\/2024\\\/03\\\/JCB_9757-copia-scaled.jpg\",\"datePublished\":\"2024-03-05T19:26:21+00:00\",\"dateModified\":\"2024-03-05T19:42:46+00:00\",\"breadcrumb\":{\"@id\":\"https:\\\/\\\/gimnasticdetarragona.cat\\\/es\\\/ultimes-324-entrades-a-la-venda-per-als-aficionats-grana\\\/#breadcrumb\"},\"inLanguage\":\"es\",\"potentialAction\":[{\"@type\":\"ReadAction\",\"target\":[\"https:\\\/\\\/gimnasticdetarragona.cat\\\/es\\\/ultimes-324-entrades-a-la-venda-per-als-aficionats-grana\\\/\"]}]},{\"@type\":\"ImageObject\",\"inLanguage\":\"es\",\"@id\":\"https:\\\/\\\/gimnasticdetarragona.cat\\\/es\\\/ultimes-324-entrades-a-la-venda-per-als-aficionats-grana\\\/#primaryimage\",\"url\":\"https:\\\/\\\/gimnasticdetarragona.cat\\\/wp-content\\\/uploads\\\/2024\\\/03\\\/JCB_9757-copia-scaled.jpg\",\"contentUrl\":\"https:\\\/\\\/gimnasticdetarragona.cat\\\/wp-content\\\/uploads\\\/2024\\\/03\\\/JCB_9757-copia-scaled.jpg\",\"width\":2560,\"height\":1715},{\"@type\":\"BreadcrumbList\",\"@id\":\"https:\\\/\\\/gimnasticdetarragona.cat\\\/es\\\/ultimes-324-entrades-a-la-venda-per-als-aficionats-grana\\\/#breadcrumb\",\"itemListElement\":[{\"@type\":\"ListItem\",\"position\":1,\"name\":\"Inici\",\"item\":\"https:\\\/\\\/gimnasticdetarragona.cat\\\/es\\\/nastic\\\/\"},{\"@type\":\"ListItem\",\"position\":2,\"name\":\"\u00daltimas 324 entradas a la venta para los aficionados grana\"}]},{\"@type\":\"WebSite\",\"@id\":\"https:\\\/\\\/gimnasticdetarragona.cat\\\/es\\\/#website\",\"url\":\"https:\\\/\\\/gimnasticdetarragona.cat\\\/es\\\/\",\"name\":\"Gimn\u00e0stic de Tarragona SAD\",\"description\":\"Gimn\u00e0stic de Tarragona\",\"publisher\":{\"@id\":\"https:\\\/\\\/gimnasticdetarragona.cat\\\/es\\\/#organization\"},\"potentialAction\":[{\"@type\":\"SearchAction\",\"target\":{\"@type\":\"EntryPoint\",\"urlTemplate\":\"https:\\\/\\\/gimnasticdetarragona.cat\\\/es\\\/?s={search_term_string}\"},\"query-input\":{\"@type\":\"PropertyValueSpecification\",\"valueRequired\":true,\"valueName\":\"search_term_string\"}}],\"inLanguage\":\"es\"},{\"@type\":\"Organization\",\"@id\":\"https:\\\/\\\/gimnasticdetarragona.cat\\\/es\\\/#organization\",\"name\":\"GIMN\u00c0STIC DE TARRAGONA\",\"alternateName\":\"N\u00c0STIC\",\"url\":\"https:\\\/\\\/gimnasticdetarragona.cat\\\/es\\\/\",\"logo\":{\"@type\":\"ImageObject\",\"inLanguage\":\"es\",\"@id\":\"https:\\\/\\\/gimnasticdetarragona.cat\\\/es\\\/#\\\/schema\\\/logo\\\/image\\\/\",\"url\":\"https:\\\/\\\/gimnasticdetarragona.cat\\\/wp-content\\\/uploads\\\/2022\\\/06\\\/cropped-logo-gimnastic.png\",\"contentUrl\":\"https:\\\/\\\/gimnasticdetarragona.cat\\\/wp-content\\\/uploads\\\/2022\\\/06\\\/cropped-logo-gimnastic.png\",\"width\":224,\"height\":83,\"caption\":\"GIMN\u00c0STIC DE TARRAGONA\"},\"image\":{\"@id\":\"https:\\\/\\\/gimnasticdetarragona.cat\\\/es\\\/#\\\/schema\\\/logo\\\/image\\\/\"},\"sameAs\":[\"https:\\\/\\\/x.com\\\/NASTICTARRAGONA\",\"https:\\\/\\\/www.instagram.com\\\/nastictarragona\\\/\"]},{\"@type\":\"Person\",\"@id\":\"https:\\\/\\\/gimnasticdetarragona.cat\\\/es\\\/#\\\/schema\\\/person\\\/0a9b7103e7dd73640eb245c4aa4afb8d\",\"name\":\"Comunicacion\"}]}<\/script>\n<!-- \/ Yoast SEO plugin. -->","yoast_head_json":{"title":"\u00daltimas 324 entradas a la venta para los aficionados grana - Gimn\u00e0stic de Tarragona SAD","robots":{"index":"index","follow":"follow","max-snippet":"max-snippet:-1","max-image-preview":"max-image-preview:large","max-video-preview":"max-video-preview:-1"},"canonical":"https:\/\/gimnasticdetarragona.cat\/es\/ultimes-324-entrades-a-la-venda-per-als-aficionats-grana\/","og_locale":"es_ES","og_type":"article","og_title":"\u00daltimas 324 entradas a la venta para los aficionados grana - Gimn\u00e0stic de Tarragona SAD","og_description":"Agotadas las zonas de Tribuna y Gol Sur","og_url":"https:\/\/gimnasticdetarragona.cat\/es\/ultimes-324-entrades-a-la-venda-per-als-aficionats-grana\/","og_site_name":"Gimn\u00e0stic de Tarragona SAD","article_published_time":"2024-03-05T19:26:21+00:00","article_modified_time":"2024-03-05T19:42:46+00:00","og_image":[{"width":2560,"height":1715,"url":"https:\/\/gimnasticdetarragona.cat\/wp-content\/uploads\/2024\/03\/JCB_9757-copia-scaled.jpg","type":"image\/jpeg"}],"author":"Comunicacion","twitter_card":"summary_large_image","twitter_creator":"@NASTICTARRAGONA","twitter_site":"@NASTICTARRAGONA","twitter_misc":{"Escrito por":"Comunicacion","Tiempo de lectura":"1 minuto"},"schema":{"@context":"https:\/\/schema.org","@graph":[{"@type":"Article","@id":"https:\/\/gimnasticdetarragona.cat\/es\/ultimes-324-entrades-a-la-venda-per-als-aficionats-grana\/#article","isPartOf":{"@id":"https:\/\/gimnasticdetarragona.cat\/es\/ultimes-324-entrades-a-la-venda-per-als-aficionats-grana\/"},"author":{"name":"Comunicacion","@id":"https:\/\/gimnasticdetarragona.cat\/es\/#\/schema\/person\/0a9b7103e7dd73640eb245c4aa4afb8d"},"headline":"\u00daltimas 324 entradas a la venta para los aficionados grana","datePublished":"2024-03-05T19:26:21+00:00","dateModified":"2024-03-05T19:42:46+00:00","mainEntityOfPage":{"@id":"https:\/\/gimnasticdetarragona.cat\/es\/ultimes-324-entrades-a-la-venda-per-als-aficionats-grana\/"},"wordCount":239,"commentCount":0,"publisher":{"@id":"https:\/\/gimnasticdetarragona.cat\/es\/#organization"},"image":{"@id":"https:\/\/gimnasticdetarragona.cat\/es\/ultimes-324-entrades-a-la-venda-per-als-aficionats-grana\/#primaryimage"},"thumbnailUrl":"https:\/\/gimnasticdetarragona.cat\/wp-content\/uploads\/2024\/03\/JCB_9757-copia-scaled.jpg","articleSection":["Actualidad","Afici\u00f3n","Pe\u00f1as","Socio"],"inLanguage":"es"},{"@type":"WebPage","@id":"https:\/\/gimnasticdetarragona.cat\/es\/ultimes-324-entrades-a-la-venda-per-als-aficionats-grana\/","url":"https:\/\/gimnasticdetarragona.cat\/es\/ultimes-324-entrades-a-la-venda-per-als-aficionats-grana\/","name":"\u00daltimas 324 entradas a la venta para los aficionados grana - Gimn\u00e0stic de Tarragona SAD","isPartOf":{"@id":"https:\/\/gimnasticdetarragona.cat\/es\/#website"},"primaryImageOfPage":{"@id":"https:\/\/gimnasticdetarragona.cat\/es\/ultimes-324-entrades-a-la-venda-per-als-aficionats-grana\/#primaryimage"},"image":{"@id":"https:\/\/gimnasticdetarragona.cat\/es\/ultimes-324-entrades-a-la-venda-per-als-aficionats-grana\/#primaryimage"},"thumbnailUrl":"https:\/\/gimnasticdetarragona.cat\/wp-content\/uploads\/2024\/03\/JCB_9757-copia-scaled.jpg","datePublished":"2024-03-05T19:26:21+00:00","dateModified":"2024-03-05T19:42:46+00:00","breadcrumb":{"@id":"https:\/\/gimnasticdetarragona.cat\/es\/ultimes-324-entrades-a-la-venda-per-als-aficionats-grana\/#breadcrumb"},"inLanguage":"es","potentialAction":[{"@type":"ReadAction","target":["https:\/\/gimnasticdetarragona.cat\/es\/ultimes-324-entrades-a-la-venda-per-als-aficionats-grana\/"]}]},{"@type":"ImageObject","inLanguage":"es","@id":"https:\/\/gimnasticdetarragona.cat\/es\/ultimes-324-entrades-a-la-venda-per-als-aficionats-grana\/#primaryimage","url":"https:\/\/gimnasticdetarragona.cat\/wp-content\/uploads\/2024\/03\/JCB_9757-copia-scaled.jpg","contentUrl":"https:\/\/gimnasticdetarragona.cat\/wp-content\/uploads\/2024\/03\/JCB_9757-copia-scaled.jpg","width":2560,"height":1715},{"@type":"BreadcrumbList","@id":"https:\/\/gimnasticdetarragona.cat\/es\/ultimes-324-entrades-a-la-venda-per-als-aficionats-grana\/#breadcrumb","itemListElement":[{"@type":"ListItem","position":1,"name":"Inici","item":"https:\/\/gimnasticdetarragona.cat\/es\/nastic\/"},{"@type":"ListItem","position":2,"name":"\u00daltimas 324 entradas a la venta para los aficionados grana"}]},{"@type":"WebSite","@id":"https:\/\/gimnasticdetarragona.cat\/es\/#website","url":"https:\/\/gimnasticdetarragona.cat\/es\/","name":"Gimn\u00e0stic de Tarragona SAD","description":"Gimn\u00e0stic de Tarragona","publisher":{"@id":"https:\/\/gimnasticdetarragona.cat\/es\/#organization"},"potentialAction":[{"@type":"SearchAction","target":{"@type":"EntryPoint","urlTemplate":"https:\/\/gimnasticdetarragona.cat\/es\/?s={search_term_string}"},"query-input":{"@type":"PropertyValueSpecification","valueRequired":true,"valueName":"search_term_string"}}],"inLanguage":"es"},{"@type":"Organization","@id":"https:\/\/gimnasticdetarragona.cat\/es\/#organization","name":"GIMN\u00c0STIC DE TARRAGONA","alternateName":"N\u00c0STIC","url":"https:\/\/gimnasticdetarragona.cat\/es\/","logo":{"@type":"ImageObject","inLanguage":"es","@id":"https:\/\/gimnasticdetarragona.cat\/es\/#\/schema\/logo\/image\/","url":"https:\/\/gimnasticdetarragona.cat\/wp-content\/uploads\/2022\/06\/cropped-logo-gimnastic.png","contentUrl":"https:\/\/gimnasticdetarragona.cat\/wp-content\/uploads\/2022\/06\/cropped-logo-gimnastic.png","width":224,"height":83,"caption":"GIMN\u00c0STIC DE TARRAGONA"},"image":{"@id":"https:\/\/gimnasticdetarragona.cat\/es\/#\/schema\/logo\/image\/"},"sameAs":["https:\/\/x.com\/NASTICTARRAGONA","https:\/\/www.instagram.com\/nastictarragona\/"]},{"@type":"Person","@id":"https:\/\/gimnasticdetarragona.cat\/es\/#\/schema\/person\/0a9b7103e7dd73640eb245c4aa4afb8d","name":"Comunicacion"}]}},"_links":{"self":[{"href":"https:\/\/gimnasticdetarragona.cat\/es\/wp-json\/wp\/v2\/posts\/94883","targetHints":{"allow":["GET"]}}],"collection":[{"href":"https:\/\/gimnasticdetarragona.cat\/es\/wp-json\/wp\/v2\/posts"}],"about":[{"href":"https:\/\/gimnasticdetarragona.cat\/es\/wp-json\/wp\/v2\/types\/post"}],"author":[{"embeddable":true,"href":"https:\/\/gimnasticdetarragona.cat\/es\/wp-json\/wp\/v2\/users\/7"}],"replies":[{"embeddable":true,"href":"https:\/\/gimnasticdetarragona.cat\/es\/wp-json\/wp\/v2\/comments?post=94883"}],"version-history":[{"count":0,"href":"https:\/\/gimnasticdetarragona.cat\/es\/wp-json\/wp\/v2\/posts\/94883\/revisions"}],"wp:featuredmedia":[{"embeddable":true,"href":"https:\/\/gimnasticdetarragona.cat\/es\/wp-json\/wp\/v2\/media\/94878"}],"wp:attachment":[{"href":"https:\/\/gimnasticdetarragona.cat\/es\/wp-json\/wp\/v2\/media?parent=94883"}],"wp:term":[{"taxonomy":"category","embeddable":true,"href":"https:\/\/gimnasticdetarragona.cat\/es\/wp-json\/wp\/v2\/categories?post=94883"},{"taxonomy":"post_tag","embeddable":true,"href":"https:\/\/gimnasticdetarragona.cat\/es\/wp-json\/wp\/v2\/tags?post=94883"}],"curies":[{"name":"wp","href":"https:\/\/api.w.org\/{rel}","templated":true}]}}