{"id":95243,"date":"2024-04-03T19:45:55","date_gmt":"2024-04-03T17:45:55","guid":{"rendered":"https:\/\/gimnasticdetarragona.cat\/carla-plana-campiona-en-la-jornada-de-copa-deuropa-a-gijon\/"},"modified":"2024-04-04T19:56:13","modified_gmt":"2024-04-04T17:56:13","slug":"carla-plana-campiona-en-la-jornada-de-copa-deuropa-a-gijon","status":"publish","type":"post","link":"https:\/\/gimnasticdetarragona.cat\/es\/carla-plana-campiona-en-la-jornada-de-copa-deuropa-a-gijon\/","title":{"rendered":"Carla Plana, campeona en la Jornada de Copa de Europa en Gij\u00f3n"},"content":{"rendered":"\n<p>La entidad grana volvi\u00f3 a tener representaci\u00f3n un a\u00f1o m\u00e1s en Gij\u00f3n, en una nueva edici\u00f3n de la Jornada de Copa de Europa, la \u00fanica que se celebra en todo estado y donde existe una gran participaci\u00f3n de deportistas internacionales de alto nivel.<\/p>\n\n\n\n<p>Fue la tercera semana de marzo en la que tres deportistas del N\u00e0stic participaron; dos de ellos convocados por la Federaci\u00f3n Catalana de Patinaje, con un grupo total de siete deportistas con el combinado, y uno de ellos con el escudo grana.<\/p>\n\n\n\n<p>Carla Plana (juvenil) y Arnau Sintes (alev\u00edn), del N\u00e0stic, fueron los representantes grana en esta selecci\u00f3n catalana y Jaume Sintes (alev\u00edn) particip\u00f3 representando el Club Gimn\u00e0stic.<\/p>\n\n\n\n<p>Fueron tres d\u00edas de competiciones, con carreras de velocidad y fondo. La gran protagonista fue Carla Plana, que qued\u00f3 primera en las tres disciplinas que compiti\u00f3, colg\u00e1ndose la medalla de oro en la clasificaci\u00f3n general de velocidad, la general de fondo y en el Trofeo Villa de Gij\u00f3n, haciendo disfrutar al p\u00fablico asistente con sus grandes actuaciones en pista.<\/p>\n\n\n\n<p>Por su parte, los hermanos Sintes, compitiendo en su primera carrera internacional desempe\u00f1aron un buen papel en categor\u00eda alev\u00edn, aprovechando esta experiencia para seguir aprendiendo en futuras competiciones.<\/p>\n\n\n\n<p>Adem\u00e1s, este \u00faltimo fin de semana de marzo, Carla Plana, volvi\u00f3 a participar en competici\u00f3n internacional; concretamente en Las Tres Pistas en Francia (Pibrac, Valence de agente y Gujan Mestres) donde tambi\u00e9n ha quedado campeona de su categor\u00eda.<\/p>\n","protected":false},"excerpt":{"rendered":"<p>Medallas de oro en velocidad, fondo y en el Trofeo Villa de Gij\u00f3n<\/p>\n","protected":false},"author":7,"featured_media":95241,"comment_status":"open","ping_status":"open","sticky":false,"template":"","format":"standard","meta":{"_acf_changed":false,"footnotes":""},"categories":[113,133,127],"tags":[],"class_list":["post-95243","post","type-post","status-publish","format-standard","has-post-thumbnail","hentry","category-actualidad","category-patinaje","category-secciones"],"acf":[],"yoast_head":"<!-- This site is optimized with the Yoast SEO plugin v27.3 - https:\/\/yoast.com\/product\/yoast-seo-wordpress\/ -->\n<title>Carla Plana, campeona en la Jornada de Copa de Europa en Gij\u00f3n - Gimn\u00e0stic de Tarragona SAD<\/title>\n<meta name=\"robots\" content=\"index, follow, max-snippet:-1, max-image-preview:large, max-video-preview:-1\" \/>\n<link rel=\"canonical\" href=\"https:\/\/gimnasticdetarragona.cat\/es\/carla-plana-campiona-en-la-jornada-de-copa-deuropa-a-gijon\/\" \/>\n<meta property=\"og:locale\" content=\"es_ES\" \/>\n<meta property=\"og:type\" content=\"article\" \/>\n<meta property=\"og:title\" content=\"Carla Plana, campeona en la Jornada de Copa de Europa en Gij\u00f3n - Gimn\u00e0stic de Tarragona SAD\" \/>\n<meta property=\"og:description\" content=\"Medallas de oro en velocidad, fondo y en el Trofeo Villa de Gij\u00f3n\" \/>\n<meta property=\"og:url\" content=\"https:\/\/gimnasticdetarragona.cat\/es\/carla-plana-campiona-en-la-jornada-de-copa-deuropa-a-gijon\/\" \/>\n<meta property=\"og:site_name\" content=\"Gimn\u00e0stic de Tarragona SAD\" \/>\n<meta property=\"article:published_time\" content=\"2024-04-03T17:45:55+00:00\" \/>\n<meta property=\"article:modified_time\" content=\"2024-04-04T17:56:13+00:00\" \/>\n<meta property=\"og:image\" content=\"https:\/\/gimnasticdetarragona.cat\/wp-content\/uploads\/2024\/04\/WhatsApp-Image-2024-04-04-at-18.57.49.jpeg\" \/>\n\t<meta property=\"og:image:width\" content=\"1701\" \/>\n\t<meta property=\"og:image:height\" content=\"1283\" \/>\n\t<meta property=\"og:image:type\" content=\"image\/jpeg\" \/>\n<meta name=\"author\" content=\"Comunicacion\" \/>\n<meta name=\"twitter:card\" content=\"summary_large_image\" \/>\n<meta name=\"twitter:creator\" content=\"@NASTICTARRAGONA\" \/>\n<meta name=\"twitter:site\" content=\"@NASTICTARRAGONA\" \/>\n<meta name=\"twitter:label1\" content=\"Escrito por\" \/>\n\t<meta name=\"twitter:data1\" content=\"Comunicacion\" \/>\n\t<meta name=\"twitter:label2\" content=\"Tiempo de lectura\" \/>\n\t<meta name=\"twitter:data2\" content=\"1 minuto\" \/>\n<script type=\"application\/ld+json\" class=\"yoast-schema-graph\">{\"@context\":\"https:\\\/\\\/schema.org\",\"@graph\":[{\"@type\":\"Article\",\"@id\":\"https:\\\/\\\/gimnasticdetarragona.cat\\\/es\\\/carla-plana-campiona-en-la-jornada-de-copa-deuropa-a-gijon\\\/#article\",\"isPartOf\":{\"@id\":\"https:\\\/\\\/gimnasticdetarragona.cat\\\/es\\\/carla-plana-campiona-en-la-jornada-de-copa-deuropa-a-gijon\\\/\"},\"author\":{\"name\":\"Comunicacion\",\"@id\":\"https:\\\/\\\/gimnasticdetarragona.cat\\\/es\\\/#\\\/schema\\\/person\\\/0a9b7103e7dd73640eb245c4aa4afb8d\"},\"headline\":\"Carla Plana, campeona en la Jornada de Copa de Europa en Gij\u00f3n\",\"datePublished\":\"2024-04-03T17:45:55+00:00\",\"dateModified\":\"2024-04-04T17:56:13+00:00\",\"mainEntityOfPage\":{\"@id\":\"https:\\\/\\\/gimnasticdetarragona.cat\\\/es\\\/carla-plana-campiona-en-la-jornada-de-copa-deuropa-a-gijon\\\/\"},\"wordCount\":274,\"commentCount\":0,\"publisher\":{\"@id\":\"https:\\\/\\\/gimnasticdetarragona.cat\\\/es\\\/#organization\"},\"image\":{\"@id\":\"https:\\\/\\\/gimnasticdetarragona.cat\\\/es\\\/carla-plana-campiona-en-la-jornada-de-copa-deuropa-a-gijon\\\/#primaryimage\"},\"thumbnailUrl\":\"https:\\\/\\\/gimnasticdetarragona.cat\\\/wp-content\\\/uploads\\\/2024\\\/04\\\/WhatsApp-Image-2024-04-04-at-18.57.49.jpeg\",\"articleSection\":[\"Actualidad\",\"Secci\u00f3n Patinaje\",\"Secciones\"],\"inLanguage\":\"es\"},{\"@type\":\"WebPage\",\"@id\":\"https:\\\/\\\/gimnasticdetarragona.cat\\\/es\\\/carla-plana-campiona-en-la-jornada-de-copa-deuropa-a-gijon\\\/\",\"url\":\"https:\\\/\\\/gimnasticdetarragona.cat\\\/es\\\/carla-plana-campiona-en-la-jornada-de-copa-deuropa-a-gijon\\\/\",\"name\":\"Carla Plana, campeona en la Jornada de Copa de Europa en Gij\u00f3n - Gimn\u00e0stic de Tarragona SAD\",\"isPartOf\":{\"@id\":\"https:\\\/\\\/gimnasticdetarragona.cat\\\/es\\\/#website\"},\"primaryImageOfPage\":{\"@id\":\"https:\\\/\\\/gimnasticdetarragona.cat\\\/es\\\/carla-plana-campiona-en-la-jornada-de-copa-deuropa-a-gijon\\\/#primaryimage\"},\"image\":{\"@id\":\"https:\\\/\\\/gimnasticdetarragona.cat\\\/es\\\/carla-plana-campiona-en-la-jornada-de-copa-deuropa-a-gijon\\\/#primaryimage\"},\"thumbnailUrl\":\"https:\\\/\\\/gimnasticdetarragona.cat\\\/wp-content\\\/uploads\\\/2024\\\/04\\\/WhatsApp-Image-2024-04-04-at-18.57.49.jpeg\",\"datePublished\":\"2024-04-03T17:45:55+00:00\",\"dateModified\":\"2024-04-04T17:56:13+00:00\",\"breadcrumb\":{\"@id\":\"https:\\\/\\\/gimnasticdetarragona.cat\\\/es\\\/carla-plana-campiona-en-la-jornada-de-copa-deuropa-a-gijon\\\/#breadcrumb\"},\"inLanguage\":\"es\",\"potentialAction\":[{\"@type\":\"ReadAction\",\"target\":[\"https:\\\/\\\/gimnasticdetarragona.cat\\\/es\\\/carla-plana-campiona-en-la-jornada-de-copa-deuropa-a-gijon\\\/\"]}]},{\"@type\":\"ImageObject\",\"inLanguage\":\"es\",\"@id\":\"https:\\\/\\\/gimnasticdetarragona.cat\\\/es\\\/carla-plana-campiona-en-la-jornada-de-copa-deuropa-a-gijon\\\/#primaryimage\",\"url\":\"https:\\\/\\\/gimnasticdetarragona.cat\\\/wp-content\\\/uploads\\\/2024\\\/04\\\/WhatsApp-Image-2024-04-04-at-18.57.49.jpeg\",\"contentUrl\":\"https:\\\/\\\/gimnasticdetarragona.cat\\\/wp-content\\\/uploads\\\/2024\\\/04\\\/WhatsApp-Image-2024-04-04-at-18.57.49.jpeg\",\"width\":1701,\"height\":1283},{\"@type\":\"BreadcrumbList\",\"@id\":\"https:\\\/\\\/gimnasticdetarragona.cat\\\/es\\\/carla-plana-campiona-en-la-jornada-de-copa-deuropa-a-gijon\\\/#breadcrumb\",\"itemListElement\":[{\"@type\":\"ListItem\",\"position\":1,\"name\":\"Inici\",\"item\":\"https:\\\/\\\/gimnasticdetarragona.cat\\\/es\\\/nastic\\\/\"},{\"@type\":\"ListItem\",\"position\":2,\"name\":\"Carla Plana, campeona en la Jornada de Copa de Europa en Gij\u00f3n\"}]},{\"@type\":\"WebSite\",\"@id\":\"https:\\\/\\\/gimnasticdetarragona.cat\\\/es\\\/#website\",\"url\":\"https:\\\/\\\/gimnasticdetarragona.cat\\\/es\\\/\",\"name\":\"Gimn\u00e0stic de Tarragona SAD\",\"description\":\"Gimn\u00e0stic de Tarragona\",\"publisher\":{\"@id\":\"https:\\\/\\\/gimnasticdetarragona.cat\\\/es\\\/#organization\"},\"potentialAction\":[{\"@type\":\"SearchAction\",\"target\":{\"@type\":\"EntryPoint\",\"urlTemplate\":\"https:\\\/\\\/gimnasticdetarragona.cat\\\/es\\\/?s={search_term_string}\"},\"query-input\":{\"@type\":\"PropertyValueSpecification\",\"valueRequired\":true,\"valueName\":\"search_term_string\"}}],\"inLanguage\":\"es\"},{\"@type\":\"Organization\",\"@id\":\"https:\\\/\\\/gimnasticdetarragona.cat\\\/es\\\/#organization\",\"name\":\"GIMN\u00c0STIC DE TARRAGONA\",\"alternateName\":\"N\u00c0STIC\",\"url\":\"https:\\\/\\\/gimnasticdetarragona.cat\\\/es\\\/\",\"logo\":{\"@type\":\"ImageObject\",\"inLanguage\":\"es\",\"@id\":\"https:\\\/\\\/gimnasticdetarragona.cat\\\/es\\\/#\\\/schema\\\/logo\\\/image\\\/\",\"url\":\"https:\\\/\\\/gimnasticdetarragona.cat\\\/wp-content\\\/uploads\\\/2022\\\/06\\\/cropped-logo-gimnastic.png\",\"contentUrl\":\"https:\\\/\\\/gimnasticdetarragona.cat\\\/wp-content\\\/uploads\\\/2022\\\/06\\\/cropped-logo-gimnastic.png\",\"width\":224,\"height\":83,\"caption\":\"GIMN\u00c0STIC DE TARRAGONA\"},\"image\":{\"@id\":\"https:\\\/\\\/gimnasticdetarragona.cat\\\/es\\\/#\\\/schema\\\/logo\\\/image\\\/\"},\"sameAs\":[\"https:\\\/\\\/x.com\\\/NASTICTARRAGONA\",\"https:\\\/\\\/www.instagram.com\\\/nastictarragona\\\/\"]},{\"@type\":\"Person\",\"@id\":\"https:\\\/\\\/gimnasticdetarragona.cat\\\/es\\\/#\\\/schema\\\/person\\\/0a9b7103e7dd73640eb245c4aa4afb8d\",\"name\":\"Comunicacion\"}]}<\/script>\n<!-- \/ Yoast SEO plugin. -->","yoast_head_json":{"title":"Carla Plana, campeona en la Jornada de Copa de Europa en Gij\u00f3n - Gimn\u00e0stic de Tarragona SAD","robots":{"index":"index","follow":"follow","max-snippet":"max-snippet:-1","max-image-preview":"max-image-preview:large","max-video-preview":"max-video-preview:-1"},"canonical":"https:\/\/gimnasticdetarragona.cat\/es\/carla-plana-campiona-en-la-jornada-de-copa-deuropa-a-gijon\/","og_locale":"es_ES","og_type":"article","og_title":"Carla Plana, campeona en la Jornada de Copa de Europa en Gij\u00f3n - Gimn\u00e0stic de Tarragona SAD","og_description":"Medallas de oro en velocidad, fondo y en el Trofeo Villa de Gij\u00f3n","og_url":"https:\/\/gimnasticdetarragona.cat\/es\/carla-plana-campiona-en-la-jornada-de-copa-deuropa-a-gijon\/","og_site_name":"Gimn\u00e0stic de Tarragona SAD","article_published_time":"2024-04-03T17:45:55+00:00","article_modified_time":"2024-04-04T17:56:13+00:00","og_image":[{"width":1701,"height":1283,"url":"https:\/\/gimnasticdetarragona.cat\/wp-content\/uploads\/2024\/04\/WhatsApp-Image-2024-04-04-at-18.57.49.jpeg","type":"image\/jpeg"}],"author":"Comunicacion","twitter_card":"summary_large_image","twitter_creator":"@NASTICTARRAGONA","twitter_site":"@NASTICTARRAGONA","twitter_misc":{"Escrito por":"Comunicacion","Tiempo de lectura":"1 minuto"},"schema":{"@context":"https:\/\/schema.org","@graph":[{"@type":"Article","@id":"https:\/\/gimnasticdetarragona.cat\/es\/carla-plana-campiona-en-la-jornada-de-copa-deuropa-a-gijon\/#article","isPartOf":{"@id":"https:\/\/gimnasticdetarragona.cat\/es\/carla-plana-campiona-en-la-jornada-de-copa-deuropa-a-gijon\/"},"author":{"name":"Comunicacion","@id":"https:\/\/gimnasticdetarragona.cat\/es\/#\/schema\/person\/0a9b7103e7dd73640eb245c4aa4afb8d"},"headline":"Carla Plana, campeona en la Jornada de Copa de Europa en Gij\u00f3n","datePublished":"2024-04-03T17:45:55+00:00","dateModified":"2024-04-04T17:56:13+00:00","mainEntityOfPage":{"@id":"https:\/\/gimnasticdetarragona.cat\/es\/carla-plana-campiona-en-la-jornada-de-copa-deuropa-a-gijon\/"},"wordCount":274,"commentCount":0,"publisher":{"@id":"https:\/\/gimnasticdetarragona.cat\/es\/#organization"},"image":{"@id":"https:\/\/gimnasticdetarragona.cat\/es\/carla-plana-campiona-en-la-jornada-de-copa-deuropa-a-gijon\/#primaryimage"},"thumbnailUrl":"https:\/\/gimnasticdetarragona.cat\/wp-content\/uploads\/2024\/04\/WhatsApp-Image-2024-04-04-at-18.57.49.jpeg","articleSection":["Actualidad","Secci\u00f3n Patinaje","Secciones"],"inLanguage":"es"},{"@type":"WebPage","@id":"https:\/\/gimnasticdetarragona.cat\/es\/carla-plana-campiona-en-la-jornada-de-copa-deuropa-a-gijon\/","url":"https:\/\/gimnasticdetarragona.cat\/es\/carla-plana-campiona-en-la-jornada-de-copa-deuropa-a-gijon\/","name":"Carla Plana, campeona en la Jornada de Copa de Europa en Gij\u00f3n - Gimn\u00e0stic de Tarragona SAD","isPartOf":{"@id":"https:\/\/gimnasticdetarragona.cat\/es\/#website"},"primaryImageOfPage":{"@id":"https:\/\/gimnasticdetarragona.cat\/es\/carla-plana-campiona-en-la-jornada-de-copa-deuropa-a-gijon\/#primaryimage"},"image":{"@id":"https:\/\/gimnasticdetarragona.cat\/es\/carla-plana-campiona-en-la-jornada-de-copa-deuropa-a-gijon\/#primaryimage"},"thumbnailUrl":"https:\/\/gimnasticdetarragona.cat\/wp-content\/uploads\/2024\/04\/WhatsApp-Image-2024-04-04-at-18.57.49.jpeg","datePublished":"2024-04-03T17:45:55+00:00","dateModified":"2024-04-04T17:56:13+00:00","breadcrumb":{"@id":"https:\/\/gimnasticdetarragona.cat\/es\/carla-plana-campiona-en-la-jornada-de-copa-deuropa-a-gijon\/#breadcrumb"},"inLanguage":"es","potentialAction":[{"@type":"ReadAction","target":["https:\/\/gimnasticdetarragona.cat\/es\/carla-plana-campiona-en-la-jornada-de-copa-deuropa-a-gijon\/"]}]},{"@type":"ImageObject","inLanguage":"es","@id":"https:\/\/gimnasticdetarragona.cat\/es\/carla-plana-campiona-en-la-jornada-de-copa-deuropa-a-gijon\/#primaryimage","url":"https:\/\/gimnasticdetarragona.cat\/wp-content\/uploads\/2024\/04\/WhatsApp-Image-2024-04-04-at-18.57.49.jpeg","contentUrl":"https:\/\/gimnasticdetarragona.cat\/wp-content\/uploads\/2024\/04\/WhatsApp-Image-2024-04-04-at-18.57.49.jpeg","width":1701,"height":1283},{"@type":"BreadcrumbList","@id":"https:\/\/gimnasticdetarragona.cat\/es\/carla-plana-campiona-en-la-jornada-de-copa-deuropa-a-gijon\/#breadcrumb","itemListElement":[{"@type":"ListItem","position":1,"name":"Inici","item":"https:\/\/gimnasticdetarragona.cat\/es\/nastic\/"},{"@type":"ListItem","position":2,"name":"Carla Plana, campeona en la Jornada de Copa de Europa en Gij\u00f3n"}]},{"@type":"WebSite","@id":"https:\/\/gimnasticdetarragona.cat\/es\/#website","url":"https:\/\/gimnasticdetarragona.cat\/es\/","name":"Gimn\u00e0stic de Tarragona SAD","description":"Gimn\u00e0stic de Tarragona","publisher":{"@id":"https:\/\/gimnasticdetarragona.cat\/es\/#organization"},"potentialAction":[{"@type":"SearchAction","target":{"@type":"EntryPoint","urlTemplate":"https:\/\/gimnasticdetarragona.cat\/es\/?s={search_term_string}"},"query-input":{"@type":"PropertyValueSpecification","valueRequired":true,"valueName":"search_term_string"}}],"inLanguage":"es"},{"@type":"Organization","@id":"https:\/\/gimnasticdetarragona.cat\/es\/#organization","name":"GIMN\u00c0STIC DE TARRAGONA","alternateName":"N\u00c0STIC","url":"https:\/\/gimnasticdetarragona.cat\/es\/","logo":{"@type":"ImageObject","inLanguage":"es","@id":"https:\/\/gimnasticdetarragona.cat\/es\/#\/schema\/logo\/image\/","url":"https:\/\/gimnasticdetarragona.cat\/wp-content\/uploads\/2022\/06\/cropped-logo-gimnastic.png","contentUrl":"https:\/\/gimnasticdetarragona.cat\/wp-content\/uploads\/2022\/06\/cropped-logo-gimnastic.png","width":224,"height":83,"caption":"GIMN\u00c0STIC DE TARRAGONA"},"image":{"@id":"https:\/\/gimnasticdetarragona.cat\/es\/#\/schema\/logo\/image\/"},"sameAs":["https:\/\/x.com\/NASTICTARRAGONA","https:\/\/www.instagram.com\/nastictarragona\/"]},{"@type":"Person","@id":"https:\/\/gimnasticdetarragona.cat\/es\/#\/schema\/person\/0a9b7103e7dd73640eb245c4aa4afb8d","name":"Comunicacion"}]}},"_links":{"self":[{"href":"https:\/\/gimnasticdetarragona.cat\/es\/wp-json\/wp\/v2\/posts\/95243","targetHints":{"allow":["GET"]}}],"collection":[{"href":"https:\/\/gimnasticdetarragona.cat\/es\/wp-json\/wp\/v2\/posts"}],"about":[{"href":"https:\/\/gimnasticdetarragona.cat\/es\/wp-json\/wp\/v2\/types\/post"}],"author":[{"embeddable":true,"href":"https:\/\/gimnasticdetarragona.cat\/es\/wp-json\/wp\/v2\/users\/7"}],"replies":[{"embeddable":true,"href":"https:\/\/gimnasticdetarragona.cat\/es\/wp-json\/wp\/v2\/comments?post=95243"}],"version-history":[{"count":0,"href":"https:\/\/gimnasticdetarragona.cat\/es\/wp-json\/wp\/v2\/posts\/95243\/revisions"}],"wp:featuredmedia":[{"embeddable":true,"href":"https:\/\/gimnasticdetarragona.cat\/es\/wp-json\/wp\/v2\/media\/95241"}],"wp:attachment":[{"href":"https:\/\/gimnasticdetarragona.cat\/es\/wp-json\/wp\/v2\/media?parent=95243"}],"wp:term":[{"taxonomy":"category","embeddable":true,"href":"https:\/\/gimnasticdetarragona.cat\/es\/wp-json\/wp\/v2\/categories?post=95243"},{"taxonomy":"post_tag","embeddable":true,"href":"https:\/\/gimnasticdetarragona.cat\/es\/wp-json\/wp\/v2\/tags?post=95243"}],"curies":[{"name":"wp","href":"https:\/\/api.w.org\/{rel}","templated":true}]}}