{"id":95362,"date":"2024-04-18T13:54:20","date_gmt":"2024-04-18T11:54:20","guid":{"rendered":"https:\/\/gimnasticdetarragona.cat\/?p=95362"},"modified":"2024-04-18T14:02:50","modified_gmt":"2024-04-18T12:02:50","slug":"concierto-de-neku-y-pincho-de-tortilla-en-la-previa-de-domingo","status":"publish","type":"post","link":"https:\/\/gimnasticdetarragona.cat\/es\/concierto-de-neku-y-pincho-de-tortilla-en-la-previa-de-domingo\/","title":{"rendered":"Concierto de \u00d1ek\u00fc y pincho de tortilla en la previa de domingo"},"content":{"rendered":"\n<p>Este domingo, ante el Celta Fortuna, los aficionados nastiquers podr\u00e1n disfrutar nuevamente de acciones previas al enfrentamiento de la jornada 33.<\/p>\n\n\n\n<p>Para que el Nou Estadi Costa Daurada sea otra vez una fiesta, el Gimn\u00e0stic de Tarragona, con la colaboraci\u00f3n del Bar de l&#8217;Estadi tienen previsto:<\/p>\n\n\n\n<p><strong>Previa del partido<\/strong><\/p>\n\n\n\n<p>A partir de las 10 h, en el Bar de l&#8217;Estadi se ofrecer\u00e1 pincho de tortilla y bebida al precio de 5 \u20ac.<\/p>\n\n\n\n<p>Y desde las 10.45 h, el grupo musical Nek\u00fc, con el cantante local y nastiquer Carlos Hern\u00e1ndez, ofrecer\u00e1 un concierto hasta minutos antes del inicio del partido.<\/p>\n\n\n\n<p>Justo antes del inicio del partido, a las 11.55 h aproximadamente, sobre el c\u00e9sped se homenajear\u00e1 a Pablo Fern\u00e1ndez por los 100 partidos oficiales con la camiseta grana.<\/p>\n\n\n\n<p>Adem\u00e1s, en el descanso, el Xut Bacoa ser\u00e1 el protagonista desde el centro del Nou Estadi Costa Daurada.<\/p>\n","protected":false},"excerpt":{"rendered":"<p>A partir de las 10 horas, calentamos motores para el N\u00e0stic \u2013 Celta Fortuna<\/p>\n","protected":false},"author":7,"featured_media":95366,"comment_status":"open","ping_status":"open","sticky":false,"template":"","format":"standard","meta":{"_acf_changed":false,"footnotes":""},"categories":[113,114,125,139,138],"tags":[],"class_list":["post-95362","post","type-post","status-publish","format-standard","has-post-thumbnail","hentry","category-actualidad","category-aficion","category-penas","category-social","category-socio"],"acf":[],"yoast_head":"<!-- This site is optimized with the Yoast SEO plugin v27.3 - https:\/\/yoast.com\/product\/yoast-seo-wordpress\/ -->\n<title>Concierto de \u00d1ek\u00fc y pincho de tortilla en la previa de domingo - Gimn\u00e0stic de Tarragona SAD<\/title>\n<meta name=\"robots\" content=\"index, follow, max-snippet:-1, max-image-preview:large, max-video-preview:-1\" \/>\n<link rel=\"canonical\" href=\"https:\/\/gimnasticdetarragona.cat\/es\/concierto-de-neku-y-pincho-de-tortilla-en-la-previa-de-domingo\/\" \/>\n<meta property=\"og:locale\" content=\"es_ES\" \/>\n<meta property=\"og:type\" content=\"article\" \/>\n<meta property=\"og:title\" content=\"Concierto de \u00d1ek\u00fc y pincho de tortilla en la previa de domingo - Gimn\u00e0stic de Tarragona SAD\" \/>\n<meta property=\"og:description\" content=\"A partir de las 10 horas, calentamos motores para el N\u00e0stic \u2013 Celta Fortuna\" \/>\n<meta property=\"og:url\" content=\"https:\/\/gimnasticdetarragona.cat\/es\/concierto-de-neku-y-pincho-de-tortilla-en-la-previa-de-domingo\/\" \/>\n<meta property=\"og:site_name\" content=\"Gimn\u00e0stic de Tarragona SAD\" \/>\n<meta property=\"article:published_time\" content=\"2024-04-18T11:54:20+00:00\" \/>\n<meta property=\"article:modified_time\" content=\"2024-04-18T12:02:50+00:00\" \/>\n<meta property=\"og:image\" content=\"https:\/\/gimnasticdetarragona.cat\/wp-content\/uploads\/2024\/04\/PREVIA2-1-scaled.jpg\" \/>\n\t<meta property=\"og:image:width\" content=\"2560\" \/>\n\t<meta property=\"og:image:height\" content=\"2560\" \/>\n\t<meta property=\"og:image:type\" content=\"image\/jpeg\" \/>\n<meta name=\"author\" content=\"Comunicacion\" \/>\n<meta name=\"twitter:card\" content=\"summary_large_image\" \/>\n<meta name=\"twitter:creator\" content=\"@NASTICTARRAGONA\" \/>\n<meta name=\"twitter:site\" content=\"@NASTICTARRAGONA\" \/>\n<meta name=\"twitter:label1\" content=\"Escrito por\" \/>\n\t<meta name=\"twitter:data1\" content=\"Comunicacion\" \/>\n\t<meta name=\"twitter:label2\" content=\"Tiempo de lectura\" \/>\n\t<meta name=\"twitter:data2\" content=\"1 minuto\" \/>\n<script type=\"application\/ld+json\" class=\"yoast-schema-graph\">{\"@context\":\"https:\\\/\\\/schema.org\",\"@graph\":[{\"@type\":\"Article\",\"@id\":\"https:\\\/\\\/gimnasticdetarragona.cat\\\/es\\\/concierto-de-neku-y-pincho-de-tortilla-en-la-previa-de-domingo\\\/#article\",\"isPartOf\":{\"@id\":\"https:\\\/\\\/gimnasticdetarragona.cat\\\/es\\\/concierto-de-neku-y-pincho-de-tortilla-en-la-previa-de-domingo\\\/\"},\"author\":{\"name\":\"Comunicacion\",\"@id\":\"https:\\\/\\\/gimnasticdetarragona.cat\\\/es\\\/#\\\/schema\\\/person\\\/0a9b7103e7dd73640eb245c4aa4afb8d\"},\"headline\":\"Concierto de \u00d1ek\u00fc y pincho de tortilla en la previa de domingo\",\"datePublished\":\"2024-04-18T11:54:20+00:00\",\"dateModified\":\"2024-04-18T12:02:50+00:00\",\"mainEntityOfPage\":{\"@id\":\"https:\\\/\\\/gimnasticdetarragona.cat\\\/es\\\/concierto-de-neku-y-pincho-de-tortilla-en-la-previa-de-domingo\\\/\"},\"wordCount\":159,\"commentCount\":0,\"publisher\":{\"@id\":\"https:\\\/\\\/gimnasticdetarragona.cat\\\/es\\\/#organization\"},\"image\":{\"@id\":\"https:\\\/\\\/gimnasticdetarragona.cat\\\/es\\\/concierto-de-neku-y-pincho-de-tortilla-en-la-previa-de-domingo\\\/#primaryimage\"},\"thumbnailUrl\":\"https:\\\/\\\/gimnasticdetarragona.cat\\\/wp-content\\\/uploads\\\/2024\\\/04\\\/PREVIA2-1-scaled.jpg\",\"articleSection\":[\"Actualidad\",\"Afici\u00f3n\",\"Pe\u00f1as\",\"Social\",\"Socio\"],\"inLanguage\":\"es\"},{\"@type\":\"WebPage\",\"@id\":\"https:\\\/\\\/gimnasticdetarragona.cat\\\/es\\\/concierto-de-neku-y-pincho-de-tortilla-en-la-previa-de-domingo\\\/\",\"url\":\"https:\\\/\\\/gimnasticdetarragona.cat\\\/es\\\/concierto-de-neku-y-pincho-de-tortilla-en-la-previa-de-domingo\\\/\",\"name\":\"Concierto de \u00d1ek\u00fc y pincho de tortilla en la previa de domingo - Gimn\u00e0stic de Tarragona SAD\",\"isPartOf\":{\"@id\":\"https:\\\/\\\/gimnasticdetarragona.cat\\\/es\\\/#website\"},\"primaryImageOfPage\":{\"@id\":\"https:\\\/\\\/gimnasticdetarragona.cat\\\/es\\\/concierto-de-neku-y-pincho-de-tortilla-en-la-previa-de-domingo\\\/#primaryimage\"},\"image\":{\"@id\":\"https:\\\/\\\/gimnasticdetarragona.cat\\\/es\\\/concierto-de-neku-y-pincho-de-tortilla-en-la-previa-de-domingo\\\/#primaryimage\"},\"thumbnailUrl\":\"https:\\\/\\\/gimnasticdetarragona.cat\\\/wp-content\\\/uploads\\\/2024\\\/04\\\/PREVIA2-1-scaled.jpg\",\"datePublished\":\"2024-04-18T11:54:20+00:00\",\"dateModified\":\"2024-04-18T12:02:50+00:00\",\"breadcrumb\":{\"@id\":\"https:\\\/\\\/gimnasticdetarragona.cat\\\/es\\\/concierto-de-neku-y-pincho-de-tortilla-en-la-previa-de-domingo\\\/#breadcrumb\"},\"inLanguage\":\"es\",\"potentialAction\":[{\"@type\":\"ReadAction\",\"target\":[\"https:\\\/\\\/gimnasticdetarragona.cat\\\/es\\\/concierto-de-neku-y-pincho-de-tortilla-en-la-previa-de-domingo\\\/\"]}]},{\"@type\":\"ImageObject\",\"inLanguage\":\"es\",\"@id\":\"https:\\\/\\\/gimnasticdetarragona.cat\\\/es\\\/concierto-de-neku-y-pincho-de-tortilla-en-la-previa-de-domingo\\\/#primaryimage\",\"url\":\"https:\\\/\\\/gimnasticdetarragona.cat\\\/wp-content\\\/uploads\\\/2024\\\/04\\\/PREVIA2-1-scaled.jpg\",\"contentUrl\":\"https:\\\/\\\/gimnasticdetarragona.cat\\\/wp-content\\\/uploads\\\/2024\\\/04\\\/PREVIA2-1-scaled.jpg\",\"width\":2560,\"height\":2560},{\"@type\":\"BreadcrumbList\",\"@id\":\"https:\\\/\\\/gimnasticdetarragona.cat\\\/es\\\/concierto-de-neku-y-pincho-de-tortilla-en-la-previa-de-domingo\\\/#breadcrumb\",\"itemListElement\":[{\"@type\":\"ListItem\",\"position\":1,\"name\":\"Inici\",\"item\":\"https:\\\/\\\/gimnasticdetarragona.cat\\\/es\\\/nastic\\\/\"},{\"@type\":\"ListItem\",\"position\":2,\"name\":\"Concierto de \u00d1ek\u00fc y pincho de tortilla en la previa de domingo\"}]},{\"@type\":\"WebSite\",\"@id\":\"https:\\\/\\\/gimnasticdetarragona.cat\\\/es\\\/#website\",\"url\":\"https:\\\/\\\/gimnasticdetarragona.cat\\\/es\\\/\",\"name\":\"Gimn\u00e0stic de Tarragona SAD\",\"description\":\"Gimn\u00e0stic de Tarragona\",\"publisher\":{\"@id\":\"https:\\\/\\\/gimnasticdetarragona.cat\\\/es\\\/#organization\"},\"potentialAction\":[{\"@type\":\"SearchAction\",\"target\":{\"@type\":\"EntryPoint\",\"urlTemplate\":\"https:\\\/\\\/gimnasticdetarragona.cat\\\/es\\\/?s={search_term_string}\"},\"query-input\":{\"@type\":\"PropertyValueSpecification\",\"valueRequired\":true,\"valueName\":\"search_term_string\"}}],\"inLanguage\":\"es\"},{\"@type\":\"Organization\",\"@id\":\"https:\\\/\\\/gimnasticdetarragona.cat\\\/es\\\/#organization\",\"name\":\"GIMN\u00c0STIC DE TARRAGONA\",\"alternateName\":\"N\u00c0STIC\",\"url\":\"https:\\\/\\\/gimnasticdetarragona.cat\\\/es\\\/\",\"logo\":{\"@type\":\"ImageObject\",\"inLanguage\":\"es\",\"@id\":\"https:\\\/\\\/gimnasticdetarragona.cat\\\/es\\\/#\\\/schema\\\/logo\\\/image\\\/\",\"url\":\"https:\\\/\\\/gimnasticdetarragona.cat\\\/wp-content\\\/uploads\\\/2022\\\/06\\\/cropped-logo-gimnastic.png\",\"contentUrl\":\"https:\\\/\\\/gimnasticdetarragona.cat\\\/wp-content\\\/uploads\\\/2022\\\/06\\\/cropped-logo-gimnastic.png\",\"width\":224,\"height\":83,\"caption\":\"GIMN\u00c0STIC DE TARRAGONA\"},\"image\":{\"@id\":\"https:\\\/\\\/gimnasticdetarragona.cat\\\/es\\\/#\\\/schema\\\/logo\\\/image\\\/\"},\"sameAs\":[\"https:\\\/\\\/x.com\\\/NASTICTARRAGONA\",\"https:\\\/\\\/www.instagram.com\\\/nastictarragona\\\/\"]},{\"@type\":\"Person\",\"@id\":\"https:\\\/\\\/gimnasticdetarragona.cat\\\/es\\\/#\\\/schema\\\/person\\\/0a9b7103e7dd73640eb245c4aa4afb8d\",\"name\":\"Comunicacion\"}]}<\/script>\n<!-- \/ Yoast SEO plugin. -->","yoast_head_json":{"title":"Concierto de \u00d1ek\u00fc y pincho de tortilla en la previa de domingo - Gimn\u00e0stic de Tarragona SAD","robots":{"index":"index","follow":"follow","max-snippet":"max-snippet:-1","max-image-preview":"max-image-preview:large","max-video-preview":"max-video-preview:-1"},"canonical":"https:\/\/gimnasticdetarragona.cat\/es\/concierto-de-neku-y-pincho-de-tortilla-en-la-previa-de-domingo\/","og_locale":"es_ES","og_type":"article","og_title":"Concierto de \u00d1ek\u00fc y pincho de tortilla en la previa de domingo - Gimn\u00e0stic de Tarragona SAD","og_description":"A partir de las 10 horas, calentamos motores para el N\u00e0stic \u2013 Celta Fortuna","og_url":"https:\/\/gimnasticdetarragona.cat\/es\/concierto-de-neku-y-pincho-de-tortilla-en-la-previa-de-domingo\/","og_site_name":"Gimn\u00e0stic de Tarragona SAD","article_published_time":"2024-04-18T11:54:20+00:00","article_modified_time":"2024-04-18T12:02:50+00:00","og_image":[{"width":2560,"height":2560,"url":"https:\/\/gimnasticdetarragona.cat\/wp-content\/uploads\/2024\/04\/PREVIA2-1-scaled.jpg","type":"image\/jpeg"}],"author":"Comunicacion","twitter_card":"summary_large_image","twitter_creator":"@NASTICTARRAGONA","twitter_site":"@NASTICTARRAGONA","twitter_misc":{"Escrito por":"Comunicacion","Tiempo de lectura":"1 minuto"},"schema":{"@context":"https:\/\/schema.org","@graph":[{"@type":"Article","@id":"https:\/\/gimnasticdetarragona.cat\/es\/concierto-de-neku-y-pincho-de-tortilla-en-la-previa-de-domingo\/#article","isPartOf":{"@id":"https:\/\/gimnasticdetarragona.cat\/es\/concierto-de-neku-y-pincho-de-tortilla-en-la-previa-de-domingo\/"},"author":{"name":"Comunicacion","@id":"https:\/\/gimnasticdetarragona.cat\/es\/#\/schema\/person\/0a9b7103e7dd73640eb245c4aa4afb8d"},"headline":"Concierto de \u00d1ek\u00fc y pincho de tortilla en la previa de domingo","datePublished":"2024-04-18T11:54:20+00:00","dateModified":"2024-04-18T12:02:50+00:00","mainEntityOfPage":{"@id":"https:\/\/gimnasticdetarragona.cat\/es\/concierto-de-neku-y-pincho-de-tortilla-en-la-previa-de-domingo\/"},"wordCount":159,"commentCount":0,"publisher":{"@id":"https:\/\/gimnasticdetarragona.cat\/es\/#organization"},"image":{"@id":"https:\/\/gimnasticdetarragona.cat\/es\/concierto-de-neku-y-pincho-de-tortilla-en-la-previa-de-domingo\/#primaryimage"},"thumbnailUrl":"https:\/\/gimnasticdetarragona.cat\/wp-content\/uploads\/2024\/04\/PREVIA2-1-scaled.jpg","articleSection":["Actualidad","Afici\u00f3n","Pe\u00f1as","Social","Socio"],"inLanguage":"es"},{"@type":"WebPage","@id":"https:\/\/gimnasticdetarragona.cat\/es\/concierto-de-neku-y-pincho-de-tortilla-en-la-previa-de-domingo\/","url":"https:\/\/gimnasticdetarragona.cat\/es\/concierto-de-neku-y-pincho-de-tortilla-en-la-previa-de-domingo\/","name":"Concierto de \u00d1ek\u00fc y pincho de tortilla en la previa de domingo - Gimn\u00e0stic de Tarragona SAD","isPartOf":{"@id":"https:\/\/gimnasticdetarragona.cat\/es\/#website"},"primaryImageOfPage":{"@id":"https:\/\/gimnasticdetarragona.cat\/es\/concierto-de-neku-y-pincho-de-tortilla-en-la-previa-de-domingo\/#primaryimage"},"image":{"@id":"https:\/\/gimnasticdetarragona.cat\/es\/concierto-de-neku-y-pincho-de-tortilla-en-la-previa-de-domingo\/#primaryimage"},"thumbnailUrl":"https:\/\/gimnasticdetarragona.cat\/wp-content\/uploads\/2024\/04\/PREVIA2-1-scaled.jpg","datePublished":"2024-04-18T11:54:20+00:00","dateModified":"2024-04-18T12:02:50+00:00","breadcrumb":{"@id":"https:\/\/gimnasticdetarragona.cat\/es\/concierto-de-neku-y-pincho-de-tortilla-en-la-previa-de-domingo\/#breadcrumb"},"inLanguage":"es","potentialAction":[{"@type":"ReadAction","target":["https:\/\/gimnasticdetarragona.cat\/es\/concierto-de-neku-y-pincho-de-tortilla-en-la-previa-de-domingo\/"]}]},{"@type":"ImageObject","inLanguage":"es","@id":"https:\/\/gimnasticdetarragona.cat\/es\/concierto-de-neku-y-pincho-de-tortilla-en-la-previa-de-domingo\/#primaryimage","url":"https:\/\/gimnasticdetarragona.cat\/wp-content\/uploads\/2024\/04\/PREVIA2-1-scaled.jpg","contentUrl":"https:\/\/gimnasticdetarragona.cat\/wp-content\/uploads\/2024\/04\/PREVIA2-1-scaled.jpg","width":2560,"height":2560},{"@type":"BreadcrumbList","@id":"https:\/\/gimnasticdetarragona.cat\/es\/concierto-de-neku-y-pincho-de-tortilla-en-la-previa-de-domingo\/#breadcrumb","itemListElement":[{"@type":"ListItem","position":1,"name":"Inici","item":"https:\/\/gimnasticdetarragona.cat\/es\/nastic\/"},{"@type":"ListItem","position":2,"name":"Concierto de \u00d1ek\u00fc y pincho de tortilla en la previa de domingo"}]},{"@type":"WebSite","@id":"https:\/\/gimnasticdetarragona.cat\/es\/#website","url":"https:\/\/gimnasticdetarragona.cat\/es\/","name":"Gimn\u00e0stic de Tarragona SAD","description":"Gimn\u00e0stic de Tarragona","publisher":{"@id":"https:\/\/gimnasticdetarragona.cat\/es\/#organization"},"potentialAction":[{"@type":"SearchAction","target":{"@type":"EntryPoint","urlTemplate":"https:\/\/gimnasticdetarragona.cat\/es\/?s={search_term_string}"},"query-input":{"@type":"PropertyValueSpecification","valueRequired":true,"valueName":"search_term_string"}}],"inLanguage":"es"},{"@type":"Organization","@id":"https:\/\/gimnasticdetarragona.cat\/es\/#organization","name":"GIMN\u00c0STIC DE TARRAGONA","alternateName":"N\u00c0STIC","url":"https:\/\/gimnasticdetarragona.cat\/es\/","logo":{"@type":"ImageObject","inLanguage":"es","@id":"https:\/\/gimnasticdetarragona.cat\/es\/#\/schema\/logo\/image\/","url":"https:\/\/gimnasticdetarragona.cat\/wp-content\/uploads\/2022\/06\/cropped-logo-gimnastic.png","contentUrl":"https:\/\/gimnasticdetarragona.cat\/wp-content\/uploads\/2022\/06\/cropped-logo-gimnastic.png","width":224,"height":83,"caption":"GIMN\u00c0STIC DE TARRAGONA"},"image":{"@id":"https:\/\/gimnasticdetarragona.cat\/es\/#\/schema\/logo\/image\/"},"sameAs":["https:\/\/x.com\/NASTICTARRAGONA","https:\/\/www.instagram.com\/nastictarragona\/"]},{"@type":"Person","@id":"https:\/\/gimnasticdetarragona.cat\/es\/#\/schema\/person\/0a9b7103e7dd73640eb245c4aa4afb8d","name":"Comunicacion"}]}},"_links":{"self":[{"href":"https:\/\/gimnasticdetarragona.cat\/es\/wp-json\/wp\/v2\/posts\/95362","targetHints":{"allow":["GET"]}}],"collection":[{"href":"https:\/\/gimnasticdetarragona.cat\/es\/wp-json\/wp\/v2\/posts"}],"about":[{"href":"https:\/\/gimnasticdetarragona.cat\/es\/wp-json\/wp\/v2\/types\/post"}],"author":[{"embeddable":true,"href":"https:\/\/gimnasticdetarragona.cat\/es\/wp-json\/wp\/v2\/users\/7"}],"replies":[{"embeddable":true,"href":"https:\/\/gimnasticdetarragona.cat\/es\/wp-json\/wp\/v2\/comments?post=95362"}],"version-history":[{"count":0,"href":"https:\/\/gimnasticdetarragona.cat\/es\/wp-json\/wp\/v2\/posts\/95362\/revisions"}],"wp:featuredmedia":[{"embeddable":true,"href":"https:\/\/gimnasticdetarragona.cat\/es\/wp-json\/wp\/v2\/media\/95366"}],"wp:attachment":[{"href":"https:\/\/gimnasticdetarragona.cat\/es\/wp-json\/wp\/v2\/media?parent=95362"}],"wp:term":[{"taxonomy":"category","embeddable":true,"href":"https:\/\/gimnasticdetarragona.cat\/es\/wp-json\/wp\/v2\/categories?post=95362"},{"taxonomy":"post_tag","embeddable":true,"href":"https:\/\/gimnasticdetarragona.cat\/es\/wp-json\/wp\/v2\/tags?post=95362"}],"curies":[{"name":"wp","href":"https:\/\/api.w.org\/{rel}","templated":true}]}}