{"id":95523,"date":"2024-05-09T17:47:01","date_gmt":"2024-05-09T15:47:01","guid":{"rendered":"https:\/\/gimnasticdetarragona.cat\/carla-plana-campiona-despanya-en-la-prova-dels-8-000-punts\/"},"modified":"2024-05-09T17:54:00","modified_gmt":"2024-05-09T15:54:00","slug":"carla-plana-campiona-despanya-en-la-prova-dels-8-000-punts","status":"publish","type":"post","link":"https:\/\/gimnasticdetarragona.cat\/es\/carla-plana-campiona-despanya-en-la-prova-dels-8-000-punts\/","title":{"rendered":"Carla Plana, campeona de Espa\u00f1a en la prueba de los 8.000 puntos"},"content":{"rendered":"\n<p>La secci\u00f3n de patinaje del Club Gimn\u00e0stic sigue sumando podios y campeonatos en esta exitosa temporada. La \u00faltima competici\u00f3n, el Campeonato de Espa\u00f1a de Circuito celebrado el pasado domingo en Castell\u00f3n.<\/p>\n\n\n\n<p>La patinadora Carla Plana se proclam\u00f3 campeona de Espa\u00f1a en la prueba 8.000 puntos y se colg\u00f3 la medalla de plata en los 10.000 metros eliminaci\u00f3n. Dos podios en las tres disciplinas disputadas. Estos resultados le dan plaza para la pr\u00f3xima tecnificaci\u00f3n del seleccionador nacional, optando as\u00ed a participar en el campeonato de Europa de este a\u00f1o.<\/p>\n\n\n\n<p>Es la primera vez que el N\u00e0stic ha presentado tantos patinadores en un Campeonato de Espa\u00f1a, en este caso, un total de nueve, y muchos de ellos estren\u00e1ndose en un hito de esa magnitud. La participaci\u00f3n se complet\u00f3 con los juveniles Lluc Nogu\u00e9s y Sergio Rivero, las infantiles Amaya Jimeno y Martina Garc\u00eda; y en alev\u00edn, Jaume Sintes, Arnau Sintes, Alma Hern\u00e1ndez y Arlet Mart\u00ed.<\/p>\n","protected":false},"excerpt":{"rendered":"<p>Adem\u00e1s de subcampeona en los 10.000 eliminaci\u00f3n<\/p>\n","protected":false},"author":7,"featured_media":95521,"comment_status":"open","ping_status":"open","sticky":false,"template":"","format":"standard","meta":{"_acf_changed":false,"footnotes":""},"categories":[113],"tags":[],"class_list":["post-95523","post","type-post","status-publish","format-standard","has-post-thumbnail","hentry","category-actualidad"],"acf":[],"yoast_head":"<!-- This site is optimized with the Yoast SEO plugin v27.3 - https:\/\/yoast.com\/product\/yoast-seo-wordpress\/ -->\n<title>Carla Plana, campeona de Espa\u00f1a en la prueba de los 8.000 puntos - Gimn\u00e0stic de Tarragona SAD<\/title>\n<meta name=\"robots\" content=\"index, follow, max-snippet:-1, max-image-preview:large, max-video-preview:-1\" \/>\n<link rel=\"canonical\" href=\"https:\/\/gimnasticdetarragona.cat\/es\/carla-plana-campiona-despanya-en-la-prova-dels-8-000-punts\/\" \/>\n<meta property=\"og:locale\" content=\"es_ES\" \/>\n<meta property=\"og:type\" content=\"article\" \/>\n<meta property=\"og:title\" content=\"Carla Plana, campeona de Espa\u00f1a en la prueba de los 8.000 puntos - Gimn\u00e0stic de Tarragona SAD\" \/>\n<meta property=\"og:description\" content=\"Adem\u00e1s de subcampeona en los 10.000 eliminaci\u00f3n\" \/>\n<meta property=\"og:url\" content=\"https:\/\/gimnasticdetarragona.cat\/es\/carla-plana-campiona-despanya-en-la-prova-dels-8-000-punts\/\" \/>\n<meta property=\"og:site_name\" content=\"Gimn\u00e0stic de Tarragona SAD\" \/>\n<meta property=\"article:published_time\" content=\"2024-05-09T15:47:01+00:00\" \/>\n<meta property=\"article:modified_time\" content=\"2024-05-09T15:54:00+00:00\" \/>\n<meta property=\"og:image\" content=\"https:\/\/gimnasticdetarragona.cat\/wp-content\/uploads\/2024\/05\/carla-plana-castello.jpeg\" \/>\n\t<meta property=\"og:image:width\" content=\"1536\" \/>\n\t<meta property=\"og:image:height\" content=\"1292\" \/>\n\t<meta property=\"og:image:type\" content=\"image\/jpeg\" \/>\n<meta name=\"author\" content=\"Comunicacion\" \/>\n<meta name=\"twitter:card\" content=\"summary_large_image\" \/>\n<meta name=\"twitter:creator\" content=\"@NASTICTARRAGONA\" \/>\n<meta name=\"twitter:site\" content=\"@NASTICTARRAGONA\" \/>\n<meta name=\"twitter:label1\" content=\"Escrito por\" \/>\n\t<meta name=\"twitter:data1\" content=\"Comunicacion\" \/>\n\t<meta name=\"twitter:label2\" content=\"Tiempo de lectura\" \/>\n\t<meta name=\"twitter:data2\" content=\"1 minuto\" \/>\n<script type=\"application\/ld+json\" class=\"yoast-schema-graph\">{\"@context\":\"https:\\\/\\\/schema.org\",\"@graph\":[{\"@type\":\"Article\",\"@id\":\"https:\\\/\\\/gimnasticdetarragona.cat\\\/es\\\/carla-plana-campiona-despanya-en-la-prova-dels-8-000-punts\\\/#article\",\"isPartOf\":{\"@id\":\"https:\\\/\\\/gimnasticdetarragona.cat\\\/es\\\/carla-plana-campiona-despanya-en-la-prova-dels-8-000-punts\\\/\"},\"author\":{\"name\":\"Comunicacion\",\"@id\":\"https:\\\/\\\/gimnasticdetarragona.cat\\\/es\\\/#\\\/schema\\\/person\\\/0a9b7103e7dd73640eb245c4aa4afb8d\"},\"headline\":\"Carla Plana, campeona de Espa\u00f1a en la prueba de los 8.000 puntos\",\"datePublished\":\"2024-05-09T15:47:01+00:00\",\"dateModified\":\"2024-05-09T15:54:00+00:00\",\"mainEntityOfPage\":{\"@id\":\"https:\\\/\\\/gimnasticdetarragona.cat\\\/es\\\/carla-plana-campiona-despanya-en-la-prova-dels-8-000-punts\\\/\"},\"wordCount\":181,\"commentCount\":0,\"publisher\":{\"@id\":\"https:\\\/\\\/gimnasticdetarragona.cat\\\/es\\\/#organization\"},\"image\":{\"@id\":\"https:\\\/\\\/gimnasticdetarragona.cat\\\/es\\\/carla-plana-campiona-despanya-en-la-prova-dels-8-000-punts\\\/#primaryimage\"},\"thumbnailUrl\":\"https:\\\/\\\/gimnasticdetarragona.cat\\\/wp-content\\\/uploads\\\/2024\\\/05\\\/carla-plana-castello.jpeg\",\"articleSection\":[\"Actualidad\"],\"inLanguage\":\"es\"},{\"@type\":\"WebPage\",\"@id\":\"https:\\\/\\\/gimnasticdetarragona.cat\\\/es\\\/carla-plana-campiona-despanya-en-la-prova-dels-8-000-punts\\\/\",\"url\":\"https:\\\/\\\/gimnasticdetarragona.cat\\\/es\\\/carla-plana-campiona-despanya-en-la-prova-dels-8-000-punts\\\/\",\"name\":\"Carla Plana, campeona de Espa\u00f1a en la prueba de los 8.000 puntos - Gimn\u00e0stic de Tarragona SAD\",\"isPartOf\":{\"@id\":\"https:\\\/\\\/gimnasticdetarragona.cat\\\/es\\\/#website\"},\"primaryImageOfPage\":{\"@id\":\"https:\\\/\\\/gimnasticdetarragona.cat\\\/es\\\/carla-plana-campiona-despanya-en-la-prova-dels-8-000-punts\\\/#primaryimage\"},\"image\":{\"@id\":\"https:\\\/\\\/gimnasticdetarragona.cat\\\/es\\\/carla-plana-campiona-despanya-en-la-prova-dels-8-000-punts\\\/#primaryimage\"},\"thumbnailUrl\":\"https:\\\/\\\/gimnasticdetarragona.cat\\\/wp-content\\\/uploads\\\/2024\\\/05\\\/carla-plana-castello.jpeg\",\"datePublished\":\"2024-05-09T15:47:01+00:00\",\"dateModified\":\"2024-05-09T15:54:00+00:00\",\"breadcrumb\":{\"@id\":\"https:\\\/\\\/gimnasticdetarragona.cat\\\/es\\\/carla-plana-campiona-despanya-en-la-prova-dels-8-000-punts\\\/#breadcrumb\"},\"inLanguage\":\"es\",\"potentialAction\":[{\"@type\":\"ReadAction\",\"target\":[\"https:\\\/\\\/gimnasticdetarragona.cat\\\/es\\\/carla-plana-campiona-despanya-en-la-prova-dels-8-000-punts\\\/\"]}]},{\"@type\":\"ImageObject\",\"inLanguage\":\"es\",\"@id\":\"https:\\\/\\\/gimnasticdetarragona.cat\\\/es\\\/carla-plana-campiona-despanya-en-la-prova-dels-8-000-punts\\\/#primaryimage\",\"url\":\"https:\\\/\\\/gimnasticdetarragona.cat\\\/wp-content\\\/uploads\\\/2024\\\/05\\\/carla-plana-castello.jpeg\",\"contentUrl\":\"https:\\\/\\\/gimnasticdetarragona.cat\\\/wp-content\\\/uploads\\\/2024\\\/05\\\/carla-plana-castello.jpeg\",\"width\":1536,\"height\":1292},{\"@type\":\"BreadcrumbList\",\"@id\":\"https:\\\/\\\/gimnasticdetarragona.cat\\\/es\\\/carla-plana-campiona-despanya-en-la-prova-dels-8-000-punts\\\/#breadcrumb\",\"itemListElement\":[{\"@type\":\"ListItem\",\"position\":1,\"name\":\"Inici\",\"item\":\"https:\\\/\\\/gimnasticdetarragona.cat\\\/es\\\/nastic\\\/\"},{\"@type\":\"ListItem\",\"position\":2,\"name\":\"Carla Plana, campeona de Espa\u00f1a en la prueba de los 8.000 puntos\"}]},{\"@type\":\"WebSite\",\"@id\":\"https:\\\/\\\/gimnasticdetarragona.cat\\\/es\\\/#website\",\"url\":\"https:\\\/\\\/gimnasticdetarragona.cat\\\/es\\\/\",\"name\":\"Gimn\u00e0stic de Tarragona SAD\",\"description\":\"Gimn\u00e0stic de Tarragona\",\"publisher\":{\"@id\":\"https:\\\/\\\/gimnasticdetarragona.cat\\\/es\\\/#organization\"},\"potentialAction\":[{\"@type\":\"SearchAction\",\"target\":{\"@type\":\"EntryPoint\",\"urlTemplate\":\"https:\\\/\\\/gimnasticdetarragona.cat\\\/es\\\/?s={search_term_string}\"},\"query-input\":{\"@type\":\"PropertyValueSpecification\",\"valueRequired\":true,\"valueName\":\"search_term_string\"}}],\"inLanguage\":\"es\"},{\"@type\":\"Organization\",\"@id\":\"https:\\\/\\\/gimnasticdetarragona.cat\\\/es\\\/#organization\",\"name\":\"GIMN\u00c0STIC DE TARRAGONA\",\"alternateName\":\"N\u00c0STIC\",\"url\":\"https:\\\/\\\/gimnasticdetarragona.cat\\\/es\\\/\",\"logo\":{\"@type\":\"ImageObject\",\"inLanguage\":\"es\",\"@id\":\"https:\\\/\\\/gimnasticdetarragona.cat\\\/es\\\/#\\\/schema\\\/logo\\\/image\\\/\",\"url\":\"https:\\\/\\\/gimnasticdetarragona.cat\\\/wp-content\\\/uploads\\\/2022\\\/06\\\/cropped-logo-gimnastic.png\",\"contentUrl\":\"https:\\\/\\\/gimnasticdetarragona.cat\\\/wp-content\\\/uploads\\\/2022\\\/06\\\/cropped-logo-gimnastic.png\",\"width\":224,\"height\":83,\"caption\":\"GIMN\u00c0STIC DE TARRAGONA\"},\"image\":{\"@id\":\"https:\\\/\\\/gimnasticdetarragona.cat\\\/es\\\/#\\\/schema\\\/logo\\\/image\\\/\"},\"sameAs\":[\"https:\\\/\\\/x.com\\\/NASTICTARRAGONA\",\"https:\\\/\\\/www.instagram.com\\\/nastictarragona\\\/\"]},{\"@type\":\"Person\",\"@id\":\"https:\\\/\\\/gimnasticdetarragona.cat\\\/es\\\/#\\\/schema\\\/person\\\/0a9b7103e7dd73640eb245c4aa4afb8d\",\"name\":\"Comunicacion\"}]}<\/script>\n<!-- \/ Yoast SEO plugin. -->","yoast_head_json":{"title":"Carla Plana, campeona de Espa\u00f1a en la prueba de los 8.000 puntos - Gimn\u00e0stic de Tarragona SAD","robots":{"index":"index","follow":"follow","max-snippet":"max-snippet:-1","max-image-preview":"max-image-preview:large","max-video-preview":"max-video-preview:-1"},"canonical":"https:\/\/gimnasticdetarragona.cat\/es\/carla-plana-campiona-despanya-en-la-prova-dels-8-000-punts\/","og_locale":"es_ES","og_type":"article","og_title":"Carla Plana, campeona de Espa\u00f1a en la prueba de los 8.000 puntos - Gimn\u00e0stic de Tarragona SAD","og_description":"Adem\u00e1s de subcampeona en los 10.000 eliminaci\u00f3n","og_url":"https:\/\/gimnasticdetarragona.cat\/es\/carla-plana-campiona-despanya-en-la-prova-dels-8-000-punts\/","og_site_name":"Gimn\u00e0stic de Tarragona SAD","article_published_time":"2024-05-09T15:47:01+00:00","article_modified_time":"2024-05-09T15:54:00+00:00","og_image":[{"width":1536,"height":1292,"url":"https:\/\/gimnasticdetarragona.cat\/wp-content\/uploads\/2024\/05\/carla-plana-castello.jpeg","type":"image\/jpeg"}],"author":"Comunicacion","twitter_card":"summary_large_image","twitter_creator":"@NASTICTARRAGONA","twitter_site":"@NASTICTARRAGONA","twitter_misc":{"Escrito por":"Comunicacion","Tiempo de lectura":"1 minuto"},"schema":{"@context":"https:\/\/schema.org","@graph":[{"@type":"Article","@id":"https:\/\/gimnasticdetarragona.cat\/es\/carla-plana-campiona-despanya-en-la-prova-dels-8-000-punts\/#article","isPartOf":{"@id":"https:\/\/gimnasticdetarragona.cat\/es\/carla-plana-campiona-despanya-en-la-prova-dels-8-000-punts\/"},"author":{"name":"Comunicacion","@id":"https:\/\/gimnasticdetarragona.cat\/es\/#\/schema\/person\/0a9b7103e7dd73640eb245c4aa4afb8d"},"headline":"Carla Plana, campeona de Espa\u00f1a en la prueba de los 8.000 puntos","datePublished":"2024-05-09T15:47:01+00:00","dateModified":"2024-05-09T15:54:00+00:00","mainEntityOfPage":{"@id":"https:\/\/gimnasticdetarragona.cat\/es\/carla-plana-campiona-despanya-en-la-prova-dels-8-000-punts\/"},"wordCount":181,"commentCount":0,"publisher":{"@id":"https:\/\/gimnasticdetarragona.cat\/es\/#organization"},"image":{"@id":"https:\/\/gimnasticdetarragona.cat\/es\/carla-plana-campiona-despanya-en-la-prova-dels-8-000-punts\/#primaryimage"},"thumbnailUrl":"https:\/\/gimnasticdetarragona.cat\/wp-content\/uploads\/2024\/05\/carla-plana-castello.jpeg","articleSection":["Actualidad"],"inLanguage":"es"},{"@type":"WebPage","@id":"https:\/\/gimnasticdetarragona.cat\/es\/carla-plana-campiona-despanya-en-la-prova-dels-8-000-punts\/","url":"https:\/\/gimnasticdetarragona.cat\/es\/carla-plana-campiona-despanya-en-la-prova-dels-8-000-punts\/","name":"Carla Plana, campeona de Espa\u00f1a en la prueba de los 8.000 puntos - Gimn\u00e0stic de Tarragona SAD","isPartOf":{"@id":"https:\/\/gimnasticdetarragona.cat\/es\/#website"},"primaryImageOfPage":{"@id":"https:\/\/gimnasticdetarragona.cat\/es\/carla-plana-campiona-despanya-en-la-prova-dels-8-000-punts\/#primaryimage"},"image":{"@id":"https:\/\/gimnasticdetarragona.cat\/es\/carla-plana-campiona-despanya-en-la-prova-dels-8-000-punts\/#primaryimage"},"thumbnailUrl":"https:\/\/gimnasticdetarragona.cat\/wp-content\/uploads\/2024\/05\/carla-plana-castello.jpeg","datePublished":"2024-05-09T15:47:01+00:00","dateModified":"2024-05-09T15:54:00+00:00","breadcrumb":{"@id":"https:\/\/gimnasticdetarragona.cat\/es\/carla-plana-campiona-despanya-en-la-prova-dels-8-000-punts\/#breadcrumb"},"inLanguage":"es","potentialAction":[{"@type":"ReadAction","target":["https:\/\/gimnasticdetarragona.cat\/es\/carla-plana-campiona-despanya-en-la-prova-dels-8-000-punts\/"]}]},{"@type":"ImageObject","inLanguage":"es","@id":"https:\/\/gimnasticdetarragona.cat\/es\/carla-plana-campiona-despanya-en-la-prova-dels-8-000-punts\/#primaryimage","url":"https:\/\/gimnasticdetarragona.cat\/wp-content\/uploads\/2024\/05\/carla-plana-castello.jpeg","contentUrl":"https:\/\/gimnasticdetarragona.cat\/wp-content\/uploads\/2024\/05\/carla-plana-castello.jpeg","width":1536,"height":1292},{"@type":"BreadcrumbList","@id":"https:\/\/gimnasticdetarragona.cat\/es\/carla-plana-campiona-despanya-en-la-prova-dels-8-000-punts\/#breadcrumb","itemListElement":[{"@type":"ListItem","position":1,"name":"Inici","item":"https:\/\/gimnasticdetarragona.cat\/es\/nastic\/"},{"@type":"ListItem","position":2,"name":"Carla Plana, campeona de Espa\u00f1a en la prueba de los 8.000 puntos"}]},{"@type":"WebSite","@id":"https:\/\/gimnasticdetarragona.cat\/es\/#website","url":"https:\/\/gimnasticdetarragona.cat\/es\/","name":"Gimn\u00e0stic de Tarragona SAD","description":"Gimn\u00e0stic de Tarragona","publisher":{"@id":"https:\/\/gimnasticdetarragona.cat\/es\/#organization"},"potentialAction":[{"@type":"SearchAction","target":{"@type":"EntryPoint","urlTemplate":"https:\/\/gimnasticdetarragona.cat\/es\/?s={search_term_string}"},"query-input":{"@type":"PropertyValueSpecification","valueRequired":true,"valueName":"search_term_string"}}],"inLanguage":"es"},{"@type":"Organization","@id":"https:\/\/gimnasticdetarragona.cat\/es\/#organization","name":"GIMN\u00c0STIC DE TARRAGONA","alternateName":"N\u00c0STIC","url":"https:\/\/gimnasticdetarragona.cat\/es\/","logo":{"@type":"ImageObject","inLanguage":"es","@id":"https:\/\/gimnasticdetarragona.cat\/es\/#\/schema\/logo\/image\/","url":"https:\/\/gimnasticdetarragona.cat\/wp-content\/uploads\/2022\/06\/cropped-logo-gimnastic.png","contentUrl":"https:\/\/gimnasticdetarragona.cat\/wp-content\/uploads\/2022\/06\/cropped-logo-gimnastic.png","width":224,"height":83,"caption":"GIMN\u00c0STIC DE TARRAGONA"},"image":{"@id":"https:\/\/gimnasticdetarragona.cat\/es\/#\/schema\/logo\/image\/"},"sameAs":["https:\/\/x.com\/NASTICTARRAGONA","https:\/\/www.instagram.com\/nastictarragona\/"]},{"@type":"Person","@id":"https:\/\/gimnasticdetarragona.cat\/es\/#\/schema\/person\/0a9b7103e7dd73640eb245c4aa4afb8d","name":"Comunicacion"}]}},"_links":{"self":[{"href":"https:\/\/gimnasticdetarragona.cat\/es\/wp-json\/wp\/v2\/posts\/95523","targetHints":{"allow":["GET"]}}],"collection":[{"href":"https:\/\/gimnasticdetarragona.cat\/es\/wp-json\/wp\/v2\/posts"}],"about":[{"href":"https:\/\/gimnasticdetarragona.cat\/es\/wp-json\/wp\/v2\/types\/post"}],"author":[{"embeddable":true,"href":"https:\/\/gimnasticdetarragona.cat\/es\/wp-json\/wp\/v2\/users\/7"}],"replies":[{"embeddable":true,"href":"https:\/\/gimnasticdetarragona.cat\/es\/wp-json\/wp\/v2\/comments?post=95523"}],"version-history":[{"count":0,"href":"https:\/\/gimnasticdetarragona.cat\/es\/wp-json\/wp\/v2\/posts\/95523\/revisions"}],"wp:featuredmedia":[{"embeddable":true,"href":"https:\/\/gimnasticdetarragona.cat\/es\/wp-json\/wp\/v2\/media\/95521"}],"wp:attachment":[{"href":"https:\/\/gimnasticdetarragona.cat\/es\/wp-json\/wp\/v2\/media?parent=95523"}],"wp:term":[{"taxonomy":"category","embeddable":true,"href":"https:\/\/gimnasticdetarragona.cat\/es\/wp-json\/wp\/v2\/categories?post=95523"},{"taxonomy":"post_tag","embeddable":true,"href":"https:\/\/gimnasticdetarragona.cat\/es\/wp-json\/wp\/v2\/tags?post=95523"}],"curies":[{"name":"wp","href":"https:\/\/api.w.org\/{rel}","templated":true}]}}