{"id":95577,"date":"2024-05-15T17:05:24","date_gmt":"2024-05-15T15:05:24","guid":{"rendered":"https:\/\/gimnasticdetarragona.cat\/segona-jornada-de-portes-obertes-per-formar-el-juvenil-femeni-24-25\/"},"modified":"2024-05-15T17:09:29","modified_gmt":"2024-05-15T15:09:29","slug":"segona-jornada-de-portes-obertes-per-formar-el-juvenil-femeni-24-25","status":"publish","type":"post","link":"https:\/\/gimnasticdetarragona.cat\/es\/segona-jornada-de-portes-obertes-per-formar-el-juvenil-femeni-24-25\/","title":{"rendered":"Segunda jornada de puertas abiertas para formar el juvenil femenino 24\/25"},"content":{"rendered":"\n<p>El Gimn\u00e0stic de Tarragona contin\u00faa confeccionando el Femenino 2024-2025 y realizar\u00e1 una segunda tanda de puertas abiertas animando a todas las jugadoras del territorio, nacidas entre 2006 y 2008, que quieran seguir su progresi\u00f3n en el f\u00fatbol, a participar de estas jornadas.<\/p>\n\n\n\n<p>Las sesiones de puertas abiertas se realizar\u00e1n el martes 11 y el viernes 14 de junio en la Ciudad Deportiva Gimn\u00e0stic de Tarragona en horario de 19 a 20 h. Ambas jornadas se realizar\u00e1n bajo la supervisi\u00f3n de la coordinaci\u00f3n del femenino, con la participaci\u00f3n del entrenador del primer equipo amateur.<\/p>\n\n\n\n<p>Previamente, es necesario inscribirse enviando un correo electr\u00f3nico a <a href=\"mailto:femenino@gimnasticdetarragona.cat\">femenino@gimnasticdetarragona.cat<\/a> indicando el nombre completo de la jugadora, fecha de nacimiento, posici\u00f3n en el campo, tel\u00e9fono de contacto, club y equipo actual, en el caso de que est\u00e9 jugando este curso 2023-2024.<\/p>\n\n\n\n<p>\u00a1Os esperamos!<\/p>\n","protected":false},"excerpt":{"rendered":"<p>El 11 y el 14 de junio en la Ciutat Esportiva Gimn\u00e0stic de Tarragona<\/p>\n","protected":false},"author":7,"featured_media":95575,"comment_status":"open","ping_status":"open","sticky":false,"template":"","format":"standard","meta":{"_acf_changed":false,"footnotes":""},"categories":[113],"tags":[],"class_list":["post-95577","post","type-post","status-publish","format-standard","has-post-thumbnail","hentry","category-actualidad"],"acf":[],"yoast_head":"<!-- This site is optimized with the Yoast SEO plugin v27.3 - https:\/\/yoast.com\/product\/yoast-seo-wordpress\/ -->\n<title>Segunda jornada de puertas abiertas para formar el juvenil femenino 24\/25 - Gimn\u00e0stic de Tarragona SAD<\/title>\n<meta name=\"robots\" content=\"index, follow, max-snippet:-1, max-image-preview:large, max-video-preview:-1\" \/>\n<link rel=\"canonical\" href=\"https:\/\/gimnasticdetarragona.cat\/es\/segona-jornada-de-portes-obertes-per-formar-el-juvenil-femeni-24-25\/\" \/>\n<meta property=\"og:locale\" content=\"es_ES\" \/>\n<meta property=\"og:type\" content=\"article\" \/>\n<meta property=\"og:title\" content=\"Segunda jornada de puertas abiertas para formar el juvenil femenino 24\/25 - Gimn\u00e0stic de Tarragona SAD\" \/>\n<meta property=\"og:description\" content=\"El 11 y el 14 de junio en la Ciutat Esportiva Gimn\u00e0stic de Tarragona\" \/>\n<meta property=\"og:url\" content=\"https:\/\/gimnasticdetarragona.cat\/es\/segona-jornada-de-portes-obertes-per-formar-el-juvenil-femeni-24-25\/\" \/>\n<meta property=\"og:site_name\" content=\"Gimn\u00e0stic de Tarragona SAD\" \/>\n<meta property=\"article:published_time\" content=\"2024-05-15T15:05:24+00:00\" \/>\n<meta property=\"article:modified_time\" content=\"2024-05-15T15:09:29+00:00\" \/>\n<meta property=\"og:image\" content=\"https:\/\/gimnasticdetarragona.cat\/wp-content\/uploads\/2024\/05\/Portes-Obertes-F2-1-scaled.jpg\" \/>\n\t<meta property=\"og:image:width\" content=\"1810\" \/>\n\t<meta property=\"og:image:height\" content=\"2560\" \/>\n\t<meta property=\"og:image:type\" content=\"image\/jpeg\" \/>\n<meta name=\"author\" content=\"Comunicacion\" \/>\n<meta name=\"twitter:card\" content=\"summary_large_image\" \/>\n<meta name=\"twitter:creator\" content=\"@NASTICTARRAGONA\" \/>\n<meta name=\"twitter:site\" content=\"@NASTICTARRAGONA\" \/>\n<meta name=\"twitter:label1\" content=\"Escrito por\" \/>\n\t<meta name=\"twitter:data1\" content=\"Comunicacion\" \/>\n\t<meta name=\"twitter:label2\" content=\"Tiempo de lectura\" \/>\n\t<meta name=\"twitter:data2\" content=\"1 minuto\" \/>\n<script type=\"application\/ld+json\" class=\"yoast-schema-graph\">{\"@context\":\"https:\\\/\\\/schema.org\",\"@graph\":[{\"@type\":\"Article\",\"@id\":\"https:\\\/\\\/gimnasticdetarragona.cat\\\/es\\\/segona-jornada-de-portes-obertes-per-formar-el-juvenil-femeni-24-25\\\/#article\",\"isPartOf\":{\"@id\":\"https:\\\/\\\/gimnasticdetarragona.cat\\\/es\\\/segona-jornada-de-portes-obertes-per-formar-el-juvenil-femeni-24-25\\\/\"},\"author\":{\"name\":\"Comunicacion\",\"@id\":\"https:\\\/\\\/gimnasticdetarragona.cat\\\/es\\\/#\\\/schema\\\/person\\\/0a9b7103e7dd73640eb245c4aa4afb8d\"},\"headline\":\"Segunda jornada de puertas abiertas para formar el juvenil femenino 24\\\/25\",\"datePublished\":\"2024-05-15T15:05:24+00:00\",\"dateModified\":\"2024-05-15T15:09:29+00:00\",\"mainEntityOfPage\":{\"@id\":\"https:\\\/\\\/gimnasticdetarragona.cat\\\/es\\\/segona-jornada-de-portes-obertes-per-formar-el-juvenil-femeni-24-25\\\/\"},\"wordCount\":155,\"commentCount\":0,\"publisher\":{\"@id\":\"https:\\\/\\\/gimnasticdetarragona.cat\\\/es\\\/#organization\"},\"image\":{\"@id\":\"https:\\\/\\\/gimnasticdetarragona.cat\\\/es\\\/segona-jornada-de-portes-obertes-per-formar-el-juvenil-femeni-24-25\\\/#primaryimage\"},\"thumbnailUrl\":\"https:\\\/\\\/gimnasticdetarragona.cat\\\/wp-content\\\/uploads\\\/2024\\\/05\\\/Portes-Obertes-F2-1-scaled.jpg\",\"articleSection\":[\"Actualidad\"],\"inLanguage\":\"es\"},{\"@type\":\"WebPage\",\"@id\":\"https:\\\/\\\/gimnasticdetarragona.cat\\\/es\\\/segona-jornada-de-portes-obertes-per-formar-el-juvenil-femeni-24-25\\\/\",\"url\":\"https:\\\/\\\/gimnasticdetarragona.cat\\\/es\\\/segona-jornada-de-portes-obertes-per-formar-el-juvenil-femeni-24-25\\\/\",\"name\":\"Segunda jornada de puertas abiertas para formar el juvenil femenino 24\\\/25 - Gimn\u00e0stic de Tarragona SAD\",\"isPartOf\":{\"@id\":\"https:\\\/\\\/gimnasticdetarragona.cat\\\/es\\\/#website\"},\"primaryImageOfPage\":{\"@id\":\"https:\\\/\\\/gimnasticdetarragona.cat\\\/es\\\/segona-jornada-de-portes-obertes-per-formar-el-juvenil-femeni-24-25\\\/#primaryimage\"},\"image\":{\"@id\":\"https:\\\/\\\/gimnasticdetarragona.cat\\\/es\\\/segona-jornada-de-portes-obertes-per-formar-el-juvenil-femeni-24-25\\\/#primaryimage\"},\"thumbnailUrl\":\"https:\\\/\\\/gimnasticdetarragona.cat\\\/wp-content\\\/uploads\\\/2024\\\/05\\\/Portes-Obertes-F2-1-scaled.jpg\",\"datePublished\":\"2024-05-15T15:05:24+00:00\",\"dateModified\":\"2024-05-15T15:09:29+00:00\",\"breadcrumb\":{\"@id\":\"https:\\\/\\\/gimnasticdetarragona.cat\\\/es\\\/segona-jornada-de-portes-obertes-per-formar-el-juvenil-femeni-24-25\\\/#breadcrumb\"},\"inLanguage\":\"es\",\"potentialAction\":[{\"@type\":\"ReadAction\",\"target\":[\"https:\\\/\\\/gimnasticdetarragona.cat\\\/es\\\/segona-jornada-de-portes-obertes-per-formar-el-juvenil-femeni-24-25\\\/\"]}]},{\"@type\":\"ImageObject\",\"inLanguage\":\"es\",\"@id\":\"https:\\\/\\\/gimnasticdetarragona.cat\\\/es\\\/segona-jornada-de-portes-obertes-per-formar-el-juvenil-femeni-24-25\\\/#primaryimage\",\"url\":\"https:\\\/\\\/gimnasticdetarragona.cat\\\/wp-content\\\/uploads\\\/2024\\\/05\\\/Portes-Obertes-F2-1-scaled.jpg\",\"contentUrl\":\"https:\\\/\\\/gimnasticdetarragona.cat\\\/wp-content\\\/uploads\\\/2024\\\/05\\\/Portes-Obertes-F2-1-scaled.jpg\",\"width\":1810,\"height\":2560},{\"@type\":\"BreadcrumbList\",\"@id\":\"https:\\\/\\\/gimnasticdetarragona.cat\\\/es\\\/segona-jornada-de-portes-obertes-per-formar-el-juvenil-femeni-24-25\\\/#breadcrumb\",\"itemListElement\":[{\"@type\":\"ListItem\",\"position\":1,\"name\":\"Inici\",\"item\":\"https:\\\/\\\/gimnasticdetarragona.cat\\\/es\\\/nastic\\\/\"},{\"@type\":\"ListItem\",\"position\":2,\"name\":\"Segunda jornada de puertas abiertas para formar el juvenil femenino 24\\\/25\"}]},{\"@type\":\"WebSite\",\"@id\":\"https:\\\/\\\/gimnasticdetarragona.cat\\\/es\\\/#website\",\"url\":\"https:\\\/\\\/gimnasticdetarragona.cat\\\/es\\\/\",\"name\":\"Gimn\u00e0stic de Tarragona SAD\",\"description\":\"Gimn\u00e0stic de Tarragona\",\"publisher\":{\"@id\":\"https:\\\/\\\/gimnasticdetarragona.cat\\\/es\\\/#organization\"},\"potentialAction\":[{\"@type\":\"SearchAction\",\"target\":{\"@type\":\"EntryPoint\",\"urlTemplate\":\"https:\\\/\\\/gimnasticdetarragona.cat\\\/es\\\/?s={search_term_string}\"},\"query-input\":{\"@type\":\"PropertyValueSpecification\",\"valueRequired\":true,\"valueName\":\"search_term_string\"}}],\"inLanguage\":\"es\"},{\"@type\":\"Organization\",\"@id\":\"https:\\\/\\\/gimnasticdetarragona.cat\\\/es\\\/#organization\",\"name\":\"GIMN\u00c0STIC DE TARRAGONA\",\"alternateName\":\"N\u00c0STIC\",\"url\":\"https:\\\/\\\/gimnasticdetarragona.cat\\\/es\\\/\",\"logo\":{\"@type\":\"ImageObject\",\"inLanguage\":\"es\",\"@id\":\"https:\\\/\\\/gimnasticdetarragona.cat\\\/es\\\/#\\\/schema\\\/logo\\\/image\\\/\",\"url\":\"https:\\\/\\\/gimnasticdetarragona.cat\\\/wp-content\\\/uploads\\\/2022\\\/06\\\/cropped-logo-gimnastic.png\",\"contentUrl\":\"https:\\\/\\\/gimnasticdetarragona.cat\\\/wp-content\\\/uploads\\\/2022\\\/06\\\/cropped-logo-gimnastic.png\",\"width\":224,\"height\":83,\"caption\":\"GIMN\u00c0STIC DE TARRAGONA\"},\"image\":{\"@id\":\"https:\\\/\\\/gimnasticdetarragona.cat\\\/es\\\/#\\\/schema\\\/logo\\\/image\\\/\"},\"sameAs\":[\"https:\\\/\\\/x.com\\\/NASTICTARRAGONA\",\"https:\\\/\\\/www.instagram.com\\\/nastictarragona\\\/\"]},{\"@type\":\"Person\",\"@id\":\"https:\\\/\\\/gimnasticdetarragona.cat\\\/es\\\/#\\\/schema\\\/person\\\/0a9b7103e7dd73640eb245c4aa4afb8d\",\"name\":\"Comunicacion\"}]}<\/script>\n<!-- \/ Yoast SEO plugin. -->","yoast_head_json":{"title":"Segunda jornada de puertas abiertas para formar el juvenil femenino 24\/25 - Gimn\u00e0stic de Tarragona SAD","robots":{"index":"index","follow":"follow","max-snippet":"max-snippet:-1","max-image-preview":"max-image-preview:large","max-video-preview":"max-video-preview:-1"},"canonical":"https:\/\/gimnasticdetarragona.cat\/es\/segona-jornada-de-portes-obertes-per-formar-el-juvenil-femeni-24-25\/","og_locale":"es_ES","og_type":"article","og_title":"Segunda jornada de puertas abiertas para formar el juvenil femenino 24\/25 - Gimn\u00e0stic de Tarragona SAD","og_description":"El 11 y el 14 de junio en la Ciutat Esportiva Gimn\u00e0stic de Tarragona","og_url":"https:\/\/gimnasticdetarragona.cat\/es\/segona-jornada-de-portes-obertes-per-formar-el-juvenil-femeni-24-25\/","og_site_name":"Gimn\u00e0stic de Tarragona SAD","article_published_time":"2024-05-15T15:05:24+00:00","article_modified_time":"2024-05-15T15:09:29+00:00","og_image":[{"width":1810,"height":2560,"url":"https:\/\/gimnasticdetarragona.cat\/wp-content\/uploads\/2024\/05\/Portes-Obertes-F2-1-scaled.jpg","type":"image\/jpeg"}],"author":"Comunicacion","twitter_card":"summary_large_image","twitter_creator":"@NASTICTARRAGONA","twitter_site":"@NASTICTARRAGONA","twitter_misc":{"Escrito por":"Comunicacion","Tiempo de lectura":"1 minuto"},"schema":{"@context":"https:\/\/schema.org","@graph":[{"@type":"Article","@id":"https:\/\/gimnasticdetarragona.cat\/es\/segona-jornada-de-portes-obertes-per-formar-el-juvenil-femeni-24-25\/#article","isPartOf":{"@id":"https:\/\/gimnasticdetarragona.cat\/es\/segona-jornada-de-portes-obertes-per-formar-el-juvenil-femeni-24-25\/"},"author":{"name":"Comunicacion","@id":"https:\/\/gimnasticdetarragona.cat\/es\/#\/schema\/person\/0a9b7103e7dd73640eb245c4aa4afb8d"},"headline":"Segunda jornada de puertas abiertas para formar el juvenil femenino 24\/25","datePublished":"2024-05-15T15:05:24+00:00","dateModified":"2024-05-15T15:09:29+00:00","mainEntityOfPage":{"@id":"https:\/\/gimnasticdetarragona.cat\/es\/segona-jornada-de-portes-obertes-per-formar-el-juvenil-femeni-24-25\/"},"wordCount":155,"commentCount":0,"publisher":{"@id":"https:\/\/gimnasticdetarragona.cat\/es\/#organization"},"image":{"@id":"https:\/\/gimnasticdetarragona.cat\/es\/segona-jornada-de-portes-obertes-per-formar-el-juvenil-femeni-24-25\/#primaryimage"},"thumbnailUrl":"https:\/\/gimnasticdetarragona.cat\/wp-content\/uploads\/2024\/05\/Portes-Obertes-F2-1-scaled.jpg","articleSection":["Actualidad"],"inLanguage":"es"},{"@type":"WebPage","@id":"https:\/\/gimnasticdetarragona.cat\/es\/segona-jornada-de-portes-obertes-per-formar-el-juvenil-femeni-24-25\/","url":"https:\/\/gimnasticdetarragona.cat\/es\/segona-jornada-de-portes-obertes-per-formar-el-juvenil-femeni-24-25\/","name":"Segunda jornada de puertas abiertas para formar el juvenil femenino 24\/25 - Gimn\u00e0stic de Tarragona SAD","isPartOf":{"@id":"https:\/\/gimnasticdetarragona.cat\/es\/#website"},"primaryImageOfPage":{"@id":"https:\/\/gimnasticdetarragona.cat\/es\/segona-jornada-de-portes-obertes-per-formar-el-juvenil-femeni-24-25\/#primaryimage"},"image":{"@id":"https:\/\/gimnasticdetarragona.cat\/es\/segona-jornada-de-portes-obertes-per-formar-el-juvenil-femeni-24-25\/#primaryimage"},"thumbnailUrl":"https:\/\/gimnasticdetarragona.cat\/wp-content\/uploads\/2024\/05\/Portes-Obertes-F2-1-scaled.jpg","datePublished":"2024-05-15T15:05:24+00:00","dateModified":"2024-05-15T15:09:29+00:00","breadcrumb":{"@id":"https:\/\/gimnasticdetarragona.cat\/es\/segona-jornada-de-portes-obertes-per-formar-el-juvenil-femeni-24-25\/#breadcrumb"},"inLanguage":"es","potentialAction":[{"@type":"ReadAction","target":["https:\/\/gimnasticdetarragona.cat\/es\/segona-jornada-de-portes-obertes-per-formar-el-juvenil-femeni-24-25\/"]}]},{"@type":"ImageObject","inLanguage":"es","@id":"https:\/\/gimnasticdetarragona.cat\/es\/segona-jornada-de-portes-obertes-per-formar-el-juvenil-femeni-24-25\/#primaryimage","url":"https:\/\/gimnasticdetarragona.cat\/wp-content\/uploads\/2024\/05\/Portes-Obertes-F2-1-scaled.jpg","contentUrl":"https:\/\/gimnasticdetarragona.cat\/wp-content\/uploads\/2024\/05\/Portes-Obertes-F2-1-scaled.jpg","width":1810,"height":2560},{"@type":"BreadcrumbList","@id":"https:\/\/gimnasticdetarragona.cat\/es\/segona-jornada-de-portes-obertes-per-formar-el-juvenil-femeni-24-25\/#breadcrumb","itemListElement":[{"@type":"ListItem","position":1,"name":"Inici","item":"https:\/\/gimnasticdetarragona.cat\/es\/nastic\/"},{"@type":"ListItem","position":2,"name":"Segunda jornada de puertas abiertas para formar el juvenil femenino 24\/25"}]},{"@type":"WebSite","@id":"https:\/\/gimnasticdetarragona.cat\/es\/#website","url":"https:\/\/gimnasticdetarragona.cat\/es\/","name":"Gimn\u00e0stic de Tarragona SAD","description":"Gimn\u00e0stic de Tarragona","publisher":{"@id":"https:\/\/gimnasticdetarragona.cat\/es\/#organization"},"potentialAction":[{"@type":"SearchAction","target":{"@type":"EntryPoint","urlTemplate":"https:\/\/gimnasticdetarragona.cat\/es\/?s={search_term_string}"},"query-input":{"@type":"PropertyValueSpecification","valueRequired":true,"valueName":"search_term_string"}}],"inLanguage":"es"},{"@type":"Organization","@id":"https:\/\/gimnasticdetarragona.cat\/es\/#organization","name":"GIMN\u00c0STIC DE TARRAGONA","alternateName":"N\u00c0STIC","url":"https:\/\/gimnasticdetarragona.cat\/es\/","logo":{"@type":"ImageObject","inLanguage":"es","@id":"https:\/\/gimnasticdetarragona.cat\/es\/#\/schema\/logo\/image\/","url":"https:\/\/gimnasticdetarragona.cat\/wp-content\/uploads\/2022\/06\/cropped-logo-gimnastic.png","contentUrl":"https:\/\/gimnasticdetarragona.cat\/wp-content\/uploads\/2022\/06\/cropped-logo-gimnastic.png","width":224,"height":83,"caption":"GIMN\u00c0STIC DE TARRAGONA"},"image":{"@id":"https:\/\/gimnasticdetarragona.cat\/es\/#\/schema\/logo\/image\/"},"sameAs":["https:\/\/x.com\/NASTICTARRAGONA","https:\/\/www.instagram.com\/nastictarragona\/"]},{"@type":"Person","@id":"https:\/\/gimnasticdetarragona.cat\/es\/#\/schema\/person\/0a9b7103e7dd73640eb245c4aa4afb8d","name":"Comunicacion"}]}},"_links":{"self":[{"href":"https:\/\/gimnasticdetarragona.cat\/es\/wp-json\/wp\/v2\/posts\/95577","targetHints":{"allow":["GET"]}}],"collection":[{"href":"https:\/\/gimnasticdetarragona.cat\/es\/wp-json\/wp\/v2\/posts"}],"about":[{"href":"https:\/\/gimnasticdetarragona.cat\/es\/wp-json\/wp\/v2\/types\/post"}],"author":[{"embeddable":true,"href":"https:\/\/gimnasticdetarragona.cat\/es\/wp-json\/wp\/v2\/users\/7"}],"replies":[{"embeddable":true,"href":"https:\/\/gimnasticdetarragona.cat\/es\/wp-json\/wp\/v2\/comments?post=95577"}],"version-history":[{"count":0,"href":"https:\/\/gimnasticdetarragona.cat\/es\/wp-json\/wp\/v2\/posts\/95577\/revisions"}],"wp:featuredmedia":[{"embeddable":true,"href":"https:\/\/gimnasticdetarragona.cat\/es\/wp-json\/wp\/v2\/media\/95575"}],"wp:attachment":[{"href":"https:\/\/gimnasticdetarragona.cat\/es\/wp-json\/wp\/v2\/media?parent=95577"}],"wp:term":[{"taxonomy":"category","embeddable":true,"href":"https:\/\/gimnasticdetarragona.cat\/es\/wp-json\/wp\/v2\/categories?post=95577"},{"taxonomy":"post_tag","embeddable":true,"href":"https:\/\/gimnasticdetarragona.cat\/es\/wp-json\/wp\/v2\/tags?post=95577"}],"curies":[{"name":"wp","href":"https:\/\/api.w.org\/{rel}","templated":true}]}}