{"id":95597,"date":"2024-05-16T19:02:19","date_gmt":"2024-05-16T17:02:19","guid":{"rendered":"https:\/\/gimnasticdetarragona.cat\/nastic-summer-camp-2024\/"},"modified":"2024-05-16T19:16:16","modified_gmt":"2024-05-16T17:16:16","slug":"nastic-summer-camp-2024","status":"publish","type":"post","link":"https:\/\/gimnasticdetarragona.cat\/es\/nastic-summer-camp-2024\/","title":{"rendered":"N\u00e0stic Summer Camp 2024"},"content":{"rendered":"\n<p>Con la llegada del verano y la finalizaci\u00f3n del curso escolar, vuelve una nueva edici\u00f3n del Campus del Club Gimn\u00e0stic de Tarragona con numerosas disciplinas deportivas, coordinadas y preparadas desde las respectivas secciones de la entidad.<\/p>\n\n\n\n<p>Las inscripciones\/preinscripciones ya est\u00e1n abiertas y se realizar\u00e1n presencialmente en las oficinas del Club Gimn\u00e0stic (Pabell\u00f3n).<\/p>\n\n\n\n<p>Nuevamente, los m\u00e1s jovenes podr\u00e1n escoger su disciplina deportiva preferida, ya sea la que practica habitualmente y\/o descubrir otras nuevas. Adem\u00e1s, en estas estancias tambi\u00e9n se realizar\u00e1n actividades multideportivas, como talleres y juegos de agua, entre otros ejercicios adaptados a sus respectivas edades y disciplinas.<\/p>\n\n\n\n<p>Las diferentes pistas y el pabell\u00f3n de las instalaciones de la Budallera congregar\u00e1n a cientos de j\u00f3venes deportistas durante las cinco semanas programadas para este N\u00e0stic Summer Camp 2024. Las disciplinas de gimnasia r\u00edtmica, f\u00fatbol sala, tenis\/p\u00e1del, patinaje art\u00edstico, patinaje en l\u00ednea y tenis de mesa son las seis modalidades que se ofrecen para este verano y que mayoritariamente arrancar\u00e1n a partir del 25 de junio.<\/p>\n\n\n\n<p>El precio es semanal y todas ofrecen servicio de acogida a partir de las 8h y tambi\u00e9n de recogida, a las 14h. Tambi\u00e9n se ofrece opcionalmente la posibilidad de comer en el Bar de l&#8217;Estadi y ampliar la jornada deportiva hasta las 15.30 horas. Las inscripciones son limitadas.<\/p>\n\n\n\n<p>Por otro lado, este a\u00f1o se repetir\u00e1n las estancias de verano en agosto con actividades multideportivas. Para m\u00e1s informaci\u00f3n, de cualquiera de las disciplinas deportivas, puede dirigirse al correo\u00a0<a href=\"mailto:club@gimnasticdetarragona.cat\">club@gimnasticdetarragona.cat<\/a>. A continuaci\u00f3n encontrar\u00e1 toda la informaci\u00f3n m\u00e1s relevante de las diferentes modalidades.<\/p>\n\n\n\n<p><strong>Tenis \/ Padel<\/strong><br>Del 25 de junio al 26 de julio (de 9 a 14 horas)<br>Desde 80\u20ac (socios)<\/p>\n\n\n\n<p><strong>Gimnasia R\u00edtmica<\/strong><br>Del 8 al 26 de julio (de 9 a 13h)<br>Desde 80 \u20ac (socios)<\/p>\n\n\n\n<p><strong>F\u00fatbol sala<\/strong><br>Del 1 a 7 de julio (de 9 a 14h)<br>Desde 110\u20ac (socios), entre 7 y 14 a\u00f1os<\/p>\n\n\n\n<p><strong>Patinaje en l\u00ednea<\/strong><br>Del 25 de junio al 26 de julio (de 9 a 14 horas)<br>Desde 80 \u20ac (socios), entre 4 y 16 a\u00f1os<\/p>\n\n\n\n<p><strong>Patinaje art\u00edstic<\/strong>o<br>Del 25 de junio al 28 de junio (de 9 a 14 horas)<br>Desde 65\u20ac (socios)<\/p>\n\n\n\n<p><strong>Tenis de mesa<\/strong><br>Del 22 al 26 de julio (de 9 a 13 horas)<br>Desde 80 \u20ac (socios)<\/p>\n","protected":false},"excerpt":{"rendered":"<p>5 semanas de deporte y hasta 6 disciplinas a elegir<\/p>\n","protected":false},"author":7,"featured_media":95606,"comment_status":"open","ping_status":"open","sticky":false,"template":"","format":"standard","meta":{"_acf_changed":false,"footnotes":""},"categories":[113,115,131,132,133,134,136,137,127,128],"tags":[],"class_list":["post-95597","post","type-post","status-publish","format-standard","has-post-thumbnail","hentry","category-actualidad","category-agenda-social","category-seccion-futbol-sala","category-gimnasia-ritmica","category-patinaje","category-patinaje-artistico","category-tenis","category-tenis-mesa","category-secciones","category-secciones-1"],"acf":[],"yoast_head":"<!-- This site is optimized with the Yoast SEO plugin v27.3 - https:\/\/yoast.com\/product\/yoast-seo-wordpress\/ -->\n<title>N\u00e0stic Summer Camp 2024 - Gimn\u00e0stic de Tarragona SAD<\/title>\n<meta name=\"robots\" content=\"index, follow, max-snippet:-1, max-image-preview:large, max-video-preview:-1\" \/>\n<link rel=\"canonical\" href=\"https:\/\/gimnasticdetarragona.cat\/es\/nastic-summer-camp-2024\/\" \/>\n<meta property=\"og:locale\" content=\"es_ES\" \/>\n<meta property=\"og:type\" content=\"article\" \/>\n<meta property=\"og:title\" content=\"N\u00e0stic Summer Camp 2024 - Gimn\u00e0stic de Tarragona SAD\" \/>\n<meta property=\"og:description\" content=\"5 semanas de deporte y hasta 6 disciplinas a elegir\" \/>\n<meta property=\"og:url\" content=\"https:\/\/gimnasticdetarragona.cat\/es\/nastic-summer-camp-2024\/\" \/>\n<meta property=\"og:site_name\" content=\"Gimn\u00e0stic de Tarragona SAD\" \/>\n<meta property=\"article:published_time\" content=\"2024-05-16T17:02:19+00:00\" \/>\n<meta property=\"article:modified_time\" content=\"2024-05-16T17:16:16+00:00\" \/>\n<meta property=\"og:image\" content=\"https:\/\/gimnasticdetarragona.cat\/wp-content\/uploads\/2024\/05\/SUMMERCAMP24.png\" \/>\n\t<meta property=\"og:image:width\" content=\"1276\" \/>\n\t<meta property=\"og:image:height\" content=\"1798\" \/>\n\t<meta property=\"og:image:type\" content=\"image\/png\" \/>\n<meta name=\"author\" content=\"Comunicacion\" \/>\n<meta name=\"twitter:card\" content=\"summary_large_image\" \/>\n<meta name=\"twitter:creator\" content=\"@NASTICTARRAGONA\" \/>\n<meta name=\"twitter:site\" content=\"@NASTICTARRAGONA\" \/>\n<meta name=\"twitter:label1\" content=\"Escrito por\" \/>\n\t<meta name=\"twitter:data1\" content=\"Comunicacion\" \/>\n\t<meta name=\"twitter:label2\" content=\"Tiempo de lectura\" \/>\n\t<meta name=\"twitter:data2\" content=\"2 minutos\" \/>\n<script type=\"application\/ld+json\" class=\"yoast-schema-graph\">{\"@context\":\"https:\\\/\\\/schema.org\",\"@graph\":[{\"@type\":\"Article\",\"@id\":\"https:\\\/\\\/gimnasticdetarragona.cat\\\/es\\\/nastic-summer-camp-2024\\\/#article\",\"isPartOf\":{\"@id\":\"https:\\\/\\\/gimnasticdetarragona.cat\\\/es\\\/nastic-summer-camp-2024\\\/\"},\"author\":{\"name\":\"Comunicacion\",\"@id\":\"https:\\\/\\\/gimnasticdetarragona.cat\\\/es\\\/#\\\/schema\\\/person\\\/0a9b7103e7dd73640eb245c4aa4afb8d\"},\"headline\":\"N\u00e0stic Summer Camp 2024\",\"datePublished\":\"2024-05-16T17:02:19+00:00\",\"dateModified\":\"2024-05-16T17:16:16+00:00\",\"mainEntityOfPage\":{\"@id\":\"https:\\\/\\\/gimnasticdetarragona.cat\\\/es\\\/nastic-summer-camp-2024\\\/\"},\"wordCount\":376,\"commentCount\":0,\"publisher\":{\"@id\":\"https:\\\/\\\/gimnasticdetarragona.cat\\\/es\\\/#organization\"},\"image\":{\"@id\":\"https:\\\/\\\/gimnasticdetarragona.cat\\\/es\\\/nastic-summer-camp-2024\\\/#primaryimage\"},\"thumbnailUrl\":\"https:\\\/\\\/gimnasticdetarragona.cat\\\/wp-content\\\/uploads\\\/2024\\\/05\\\/SUMMERCAMP24-1.png\",\"articleSection\":[\"Actualidad\",\"Agenda Social\",\"Secci\u00f3n F\u00fatbol Sala\",\"Secci\u00f3n Gimnasia R\u00edtimica\",\"Secci\u00f3n Patinaje\",\"Secci\u00f3n Patinaje Art\u00edstico\",\"Secci\u00f3n Tenis\",\"Secci\u00f3n Tenis Mesa\",\"Secciones\",\"Secciones\"],\"inLanguage\":\"es\"},{\"@type\":\"WebPage\",\"@id\":\"https:\\\/\\\/gimnasticdetarragona.cat\\\/es\\\/nastic-summer-camp-2024\\\/\",\"url\":\"https:\\\/\\\/gimnasticdetarragona.cat\\\/es\\\/nastic-summer-camp-2024\\\/\",\"name\":\"N\u00e0stic Summer Camp 2024 - Gimn\u00e0stic de Tarragona SAD\",\"isPartOf\":{\"@id\":\"https:\\\/\\\/gimnasticdetarragona.cat\\\/es\\\/#website\"},\"primaryImageOfPage\":{\"@id\":\"https:\\\/\\\/gimnasticdetarragona.cat\\\/es\\\/nastic-summer-camp-2024\\\/#primaryimage\"},\"image\":{\"@id\":\"https:\\\/\\\/gimnasticdetarragona.cat\\\/es\\\/nastic-summer-camp-2024\\\/#primaryimage\"},\"thumbnailUrl\":\"https:\\\/\\\/gimnasticdetarragona.cat\\\/wp-content\\\/uploads\\\/2024\\\/05\\\/SUMMERCAMP24-1.png\",\"datePublished\":\"2024-05-16T17:02:19+00:00\",\"dateModified\":\"2024-05-16T17:16:16+00:00\",\"breadcrumb\":{\"@id\":\"https:\\\/\\\/gimnasticdetarragona.cat\\\/es\\\/nastic-summer-camp-2024\\\/#breadcrumb\"},\"inLanguage\":\"es\",\"potentialAction\":[{\"@type\":\"ReadAction\",\"target\":[\"https:\\\/\\\/gimnasticdetarragona.cat\\\/es\\\/nastic-summer-camp-2024\\\/\"]}]},{\"@type\":\"ImageObject\",\"inLanguage\":\"es\",\"@id\":\"https:\\\/\\\/gimnasticdetarragona.cat\\\/es\\\/nastic-summer-camp-2024\\\/#primaryimage\",\"url\":\"https:\\\/\\\/gimnasticdetarragona.cat\\\/wp-content\\\/uploads\\\/2024\\\/05\\\/SUMMERCAMP24-1.png\",\"contentUrl\":\"https:\\\/\\\/gimnasticdetarragona.cat\\\/wp-content\\\/uploads\\\/2024\\\/05\\\/SUMMERCAMP24-1.png\",\"width\":1210,\"height\":1702},{\"@type\":\"BreadcrumbList\",\"@id\":\"https:\\\/\\\/gimnasticdetarragona.cat\\\/es\\\/nastic-summer-camp-2024\\\/#breadcrumb\",\"itemListElement\":[{\"@type\":\"ListItem\",\"position\":1,\"name\":\"Inici\",\"item\":\"https:\\\/\\\/gimnasticdetarragona.cat\\\/es\\\/nastic\\\/\"},{\"@type\":\"ListItem\",\"position\":2,\"name\":\"N\u00e0stic Summer Camp 2024\"}]},{\"@type\":\"WebSite\",\"@id\":\"https:\\\/\\\/gimnasticdetarragona.cat\\\/es\\\/#website\",\"url\":\"https:\\\/\\\/gimnasticdetarragona.cat\\\/es\\\/\",\"name\":\"Gimn\u00e0stic de Tarragona SAD\",\"description\":\"Gimn\u00e0stic de Tarragona\",\"publisher\":{\"@id\":\"https:\\\/\\\/gimnasticdetarragona.cat\\\/es\\\/#organization\"},\"potentialAction\":[{\"@type\":\"SearchAction\",\"target\":{\"@type\":\"EntryPoint\",\"urlTemplate\":\"https:\\\/\\\/gimnasticdetarragona.cat\\\/es\\\/?s={search_term_string}\"},\"query-input\":{\"@type\":\"PropertyValueSpecification\",\"valueRequired\":true,\"valueName\":\"search_term_string\"}}],\"inLanguage\":\"es\"},{\"@type\":\"Organization\",\"@id\":\"https:\\\/\\\/gimnasticdetarragona.cat\\\/es\\\/#organization\",\"name\":\"GIMN\u00c0STIC DE TARRAGONA\",\"alternateName\":\"N\u00c0STIC\",\"url\":\"https:\\\/\\\/gimnasticdetarragona.cat\\\/es\\\/\",\"logo\":{\"@type\":\"ImageObject\",\"inLanguage\":\"es\",\"@id\":\"https:\\\/\\\/gimnasticdetarragona.cat\\\/es\\\/#\\\/schema\\\/logo\\\/image\\\/\",\"url\":\"https:\\\/\\\/gimnasticdetarragona.cat\\\/wp-content\\\/uploads\\\/2022\\\/06\\\/cropped-logo-gimnastic.png\",\"contentUrl\":\"https:\\\/\\\/gimnasticdetarragona.cat\\\/wp-content\\\/uploads\\\/2022\\\/06\\\/cropped-logo-gimnastic.png\",\"width\":224,\"height\":83,\"caption\":\"GIMN\u00c0STIC DE TARRAGONA\"},\"image\":{\"@id\":\"https:\\\/\\\/gimnasticdetarragona.cat\\\/es\\\/#\\\/schema\\\/logo\\\/image\\\/\"},\"sameAs\":[\"https:\\\/\\\/x.com\\\/NASTICTARRAGONA\",\"https:\\\/\\\/www.instagram.com\\\/nastictarragona\\\/\"]},{\"@type\":\"Person\",\"@id\":\"https:\\\/\\\/gimnasticdetarragona.cat\\\/es\\\/#\\\/schema\\\/person\\\/0a9b7103e7dd73640eb245c4aa4afb8d\",\"name\":\"Comunicacion\"}]}<\/script>\n<!-- \/ Yoast SEO plugin. -->","yoast_head_json":{"title":"N\u00e0stic Summer Camp 2024 - Gimn\u00e0stic de Tarragona SAD","robots":{"index":"index","follow":"follow","max-snippet":"max-snippet:-1","max-image-preview":"max-image-preview:large","max-video-preview":"max-video-preview:-1"},"canonical":"https:\/\/gimnasticdetarragona.cat\/es\/nastic-summer-camp-2024\/","og_locale":"es_ES","og_type":"article","og_title":"N\u00e0stic Summer Camp 2024 - Gimn\u00e0stic de Tarragona SAD","og_description":"5 semanas de deporte y hasta 6 disciplinas a elegir","og_url":"https:\/\/gimnasticdetarragona.cat\/es\/nastic-summer-camp-2024\/","og_site_name":"Gimn\u00e0stic de Tarragona SAD","article_published_time":"2024-05-16T17:02:19+00:00","article_modified_time":"2024-05-16T17:16:16+00:00","og_image":[{"width":1276,"height":1798,"url":"https:\/\/gimnasticdetarragona.cat\/wp-content\/uploads\/2024\/05\/SUMMERCAMP24.png","type":"image\/png"}],"author":"Comunicacion","twitter_card":"summary_large_image","twitter_creator":"@NASTICTARRAGONA","twitter_site":"@NASTICTARRAGONA","twitter_misc":{"Escrito por":"Comunicacion","Tiempo de lectura":"2 minutos"},"schema":{"@context":"https:\/\/schema.org","@graph":[{"@type":"Article","@id":"https:\/\/gimnasticdetarragona.cat\/es\/nastic-summer-camp-2024\/#article","isPartOf":{"@id":"https:\/\/gimnasticdetarragona.cat\/es\/nastic-summer-camp-2024\/"},"author":{"name":"Comunicacion","@id":"https:\/\/gimnasticdetarragona.cat\/es\/#\/schema\/person\/0a9b7103e7dd73640eb245c4aa4afb8d"},"headline":"N\u00e0stic Summer Camp 2024","datePublished":"2024-05-16T17:02:19+00:00","dateModified":"2024-05-16T17:16:16+00:00","mainEntityOfPage":{"@id":"https:\/\/gimnasticdetarragona.cat\/es\/nastic-summer-camp-2024\/"},"wordCount":376,"commentCount":0,"publisher":{"@id":"https:\/\/gimnasticdetarragona.cat\/es\/#organization"},"image":{"@id":"https:\/\/gimnasticdetarragona.cat\/es\/nastic-summer-camp-2024\/#primaryimage"},"thumbnailUrl":"https:\/\/gimnasticdetarragona.cat\/wp-content\/uploads\/2024\/05\/SUMMERCAMP24-1.png","articleSection":["Actualidad","Agenda Social","Secci\u00f3n F\u00fatbol Sala","Secci\u00f3n Gimnasia R\u00edtimica","Secci\u00f3n Patinaje","Secci\u00f3n Patinaje Art\u00edstico","Secci\u00f3n Tenis","Secci\u00f3n Tenis Mesa","Secciones","Secciones"],"inLanguage":"es"},{"@type":"WebPage","@id":"https:\/\/gimnasticdetarragona.cat\/es\/nastic-summer-camp-2024\/","url":"https:\/\/gimnasticdetarragona.cat\/es\/nastic-summer-camp-2024\/","name":"N\u00e0stic Summer Camp 2024 - Gimn\u00e0stic de Tarragona SAD","isPartOf":{"@id":"https:\/\/gimnasticdetarragona.cat\/es\/#website"},"primaryImageOfPage":{"@id":"https:\/\/gimnasticdetarragona.cat\/es\/nastic-summer-camp-2024\/#primaryimage"},"image":{"@id":"https:\/\/gimnasticdetarragona.cat\/es\/nastic-summer-camp-2024\/#primaryimage"},"thumbnailUrl":"https:\/\/gimnasticdetarragona.cat\/wp-content\/uploads\/2024\/05\/SUMMERCAMP24-1.png","datePublished":"2024-05-16T17:02:19+00:00","dateModified":"2024-05-16T17:16:16+00:00","breadcrumb":{"@id":"https:\/\/gimnasticdetarragona.cat\/es\/nastic-summer-camp-2024\/#breadcrumb"},"inLanguage":"es","potentialAction":[{"@type":"ReadAction","target":["https:\/\/gimnasticdetarragona.cat\/es\/nastic-summer-camp-2024\/"]}]},{"@type":"ImageObject","inLanguage":"es","@id":"https:\/\/gimnasticdetarragona.cat\/es\/nastic-summer-camp-2024\/#primaryimage","url":"https:\/\/gimnasticdetarragona.cat\/wp-content\/uploads\/2024\/05\/SUMMERCAMP24-1.png","contentUrl":"https:\/\/gimnasticdetarragona.cat\/wp-content\/uploads\/2024\/05\/SUMMERCAMP24-1.png","width":1210,"height":1702},{"@type":"BreadcrumbList","@id":"https:\/\/gimnasticdetarragona.cat\/es\/nastic-summer-camp-2024\/#breadcrumb","itemListElement":[{"@type":"ListItem","position":1,"name":"Inici","item":"https:\/\/gimnasticdetarragona.cat\/es\/nastic\/"},{"@type":"ListItem","position":2,"name":"N\u00e0stic Summer Camp 2024"}]},{"@type":"WebSite","@id":"https:\/\/gimnasticdetarragona.cat\/es\/#website","url":"https:\/\/gimnasticdetarragona.cat\/es\/","name":"Gimn\u00e0stic de Tarragona SAD","description":"Gimn\u00e0stic de Tarragona","publisher":{"@id":"https:\/\/gimnasticdetarragona.cat\/es\/#organization"},"potentialAction":[{"@type":"SearchAction","target":{"@type":"EntryPoint","urlTemplate":"https:\/\/gimnasticdetarragona.cat\/es\/?s={search_term_string}"},"query-input":{"@type":"PropertyValueSpecification","valueRequired":true,"valueName":"search_term_string"}}],"inLanguage":"es"},{"@type":"Organization","@id":"https:\/\/gimnasticdetarragona.cat\/es\/#organization","name":"GIMN\u00c0STIC DE TARRAGONA","alternateName":"N\u00c0STIC","url":"https:\/\/gimnasticdetarragona.cat\/es\/","logo":{"@type":"ImageObject","inLanguage":"es","@id":"https:\/\/gimnasticdetarragona.cat\/es\/#\/schema\/logo\/image\/","url":"https:\/\/gimnasticdetarragona.cat\/wp-content\/uploads\/2022\/06\/cropped-logo-gimnastic.png","contentUrl":"https:\/\/gimnasticdetarragona.cat\/wp-content\/uploads\/2022\/06\/cropped-logo-gimnastic.png","width":224,"height":83,"caption":"GIMN\u00c0STIC DE TARRAGONA"},"image":{"@id":"https:\/\/gimnasticdetarragona.cat\/es\/#\/schema\/logo\/image\/"},"sameAs":["https:\/\/x.com\/NASTICTARRAGONA","https:\/\/www.instagram.com\/nastictarragona\/"]},{"@type":"Person","@id":"https:\/\/gimnasticdetarragona.cat\/es\/#\/schema\/person\/0a9b7103e7dd73640eb245c4aa4afb8d","name":"Comunicacion"}]}},"_links":{"self":[{"href":"https:\/\/gimnasticdetarragona.cat\/es\/wp-json\/wp\/v2\/posts\/95597","targetHints":{"allow":["GET"]}}],"collection":[{"href":"https:\/\/gimnasticdetarragona.cat\/es\/wp-json\/wp\/v2\/posts"}],"about":[{"href":"https:\/\/gimnasticdetarragona.cat\/es\/wp-json\/wp\/v2\/types\/post"}],"author":[{"embeddable":true,"href":"https:\/\/gimnasticdetarragona.cat\/es\/wp-json\/wp\/v2\/users\/7"}],"replies":[{"embeddable":true,"href":"https:\/\/gimnasticdetarragona.cat\/es\/wp-json\/wp\/v2\/comments?post=95597"}],"version-history":[{"count":0,"href":"https:\/\/gimnasticdetarragona.cat\/es\/wp-json\/wp\/v2\/posts\/95597\/revisions"}],"wp:featuredmedia":[{"embeddable":true,"href":"https:\/\/gimnasticdetarragona.cat\/es\/wp-json\/wp\/v2\/media\/95606"}],"wp:attachment":[{"href":"https:\/\/gimnasticdetarragona.cat\/es\/wp-json\/wp\/v2\/media?parent=95597"}],"wp:term":[{"taxonomy":"category","embeddable":true,"href":"https:\/\/gimnasticdetarragona.cat\/es\/wp-json\/wp\/v2\/categories?post=95597"},{"taxonomy":"post_tag","embeddable":true,"href":"https:\/\/gimnasticdetarragona.cat\/es\/wp-json\/wp\/v2\/tags?post=95597"}],"curies":[{"name":"wp","href":"https:\/\/api.w.org\/{rel}","templated":true}]}}