{"id":95804,"date":"2024-06-06T16:49:06","date_gmt":"2024-06-06T14:49:06","guid":{"rendered":"https:\/\/gimnasticdetarragona.cat\/tot-a-punt-per-la-quarta-i-ultima-fase-de-laliga-genuine-23-24\/"},"modified":"2024-06-06T16:53:22","modified_gmt":"2024-06-06T14:53:22","slug":"tot-a-punt-per-la-quarta-i-ultima-fase-de-laliga-genuine-23-24","status":"publish","type":"post","link":"https:\/\/gimnasticdetarragona.cat\/es\/tot-a-punt-per-la-quarta-i-ultima-fase-de-laliga-genuine-23-24\/","title":{"rendered":"Todo listo para la cuarta y \u00faltima fase de LALIGA GENUINE 23\/24"},"content":{"rendered":"\n<p>El N\u00e0stic Genuine disputar\u00e1 la cuarta y \u00faltima fase de LALIGA GENUINE 2023-2024 este fin de semana. En el entrenamiento de este lunes, el equipo culmin\u00f3 la preparaci\u00f3n sobre el campo anexo al Nou Estadi Costa Daurada.<\/p>\n\n\n\n<p>Ma\u00f1ana, viernes, la expedici\u00f3n grana viajar\u00e1 en AVE hasta Madrid. Mientras que el s\u00e1bado, en los campos de las instalaciones del conjunto madrile\u00f1o, el Getafe CF, que ejercer\u00e1 como anfitri\u00f3n, se iniciar\u00e1n los partidos; durante el fin de semana se ha programado la disputa de un total de 69 partidos.<\/p>\n\n\n\n<p>Los 16 jugadores convocados por Rafel Magriny\u00e0 son Nano, Rofes, Sayago, Ernesto, Rub\u00e9n, Cyro, Descarga, Plaza, Alejandro, Corujo, Manel, Camprub\u00ed, Roca, \u00c1lvaro, Sarabia, K. Castell\u00f3n y Vania. Acompa\u00f1ados de Manolo, Santi, Ivan y el t\u00e9cnico Rafel Magriny\u00e0.<\/p>\n\n\n\n<p>Los partidos se jugar\u00e1n el s\u00e1bado, en horario de ma\u00f1ana y tarde, y el domingo por la ma\u00f1ana. El N\u00e0stic Genuine disputar\u00e1 los siguientes enfrentamientos:<\/p>\n\n\n\n<p>S\u00e1bado, 8 de junio, a las 12 horas: RCD Mallorca &#8211; N\u00e0stic (campo 5)<br>S\u00e1bado, 8 de junio, a las 19 horas: N\u00e0stic \u2013 Levante UD EDI (campo 5)<br>Domingo, 9 de junio, a las 11 horas: Real Zaragoza &#8211; N\u00e0stic (campo 6)<\/p>\n\n\n\n<p>Con el apoyo de BASF, Diputaci\u00f3 de Tarragona, Fundaci\u00f3 La Caixa y Port de Tarragona.<\/p>\n","protected":false},"excerpt":{"rendered":"<p>Un total de 46 equipos jugar\u00e1n en la Ciudad Deportiva Fernando Santos de la Parra del Getafe CF<\/p>\n","protected":false},"author":7,"featured_media":95802,"comment_status":"open","ping_status":"open","sticky":false,"template":"","format":"standard","meta":{"_acf_changed":false,"footnotes":""},"categories":[113,118],"tags":[],"class_list":["post-95804","post","type-post","status-publish","format-standard","has-post-thumbnail","hentry","category-actualidad","category-genuine"],"acf":[],"yoast_head":"<!-- This site is optimized with the Yoast SEO plugin v27.3 - https:\/\/yoast.com\/product\/yoast-seo-wordpress\/ -->\n<title>Todo listo para la cuarta y \u00faltima fase de LALIGA GENUINE 23\/24 - Gimn\u00e0stic de Tarragona SAD<\/title>\n<meta name=\"robots\" content=\"index, follow, max-snippet:-1, max-image-preview:large, max-video-preview:-1\" \/>\n<link rel=\"canonical\" href=\"https:\/\/gimnasticdetarragona.cat\/es\/tot-a-punt-per-la-quarta-i-ultima-fase-de-laliga-genuine-23-24\/\" \/>\n<meta property=\"og:locale\" content=\"es_ES\" \/>\n<meta property=\"og:type\" content=\"article\" \/>\n<meta property=\"og:title\" content=\"Todo listo para la cuarta y \u00faltima fase de LALIGA GENUINE 23\/24 - Gimn\u00e0stic de Tarragona SAD\" \/>\n<meta property=\"og:description\" content=\"Un total de 46 equipos jugar\u00e1n en la Ciudad Deportiva Fernando Santos de la Parra del Getafe CF\" \/>\n<meta property=\"og:url\" content=\"https:\/\/gimnasticdetarragona.cat\/es\/tot-a-punt-per-la-quarta-i-ultima-fase-de-laliga-genuine-23-24\/\" \/>\n<meta property=\"og:site_name\" content=\"Gimn\u00e0stic de Tarragona SAD\" \/>\n<meta property=\"article:published_time\" content=\"2024-06-06T14:49:06+00:00\" \/>\n<meta property=\"article:modified_time\" content=\"2024-06-06T14:53:22+00:00\" \/>\n<meta property=\"og:image\" content=\"https:\/\/gimnasticdetarragona.cat\/wp-content\/uploads\/2024\/06\/DSC_5353.jpg\" \/>\n\t<meta property=\"og:image:width\" content=\"1500\" \/>\n\t<meta property=\"og:image:height\" content=\"1000\" \/>\n\t<meta property=\"og:image:type\" content=\"image\/jpeg\" \/>\n<meta name=\"author\" content=\"Comunicacion\" \/>\n<meta name=\"twitter:card\" content=\"summary_large_image\" \/>\n<meta name=\"twitter:creator\" content=\"@NASTICTARRAGONA\" \/>\n<meta name=\"twitter:site\" content=\"@NASTICTARRAGONA\" \/>\n<meta name=\"twitter:label1\" content=\"Escrito por\" \/>\n\t<meta name=\"twitter:data1\" content=\"Comunicacion\" \/>\n\t<meta name=\"twitter:label2\" content=\"Tiempo de lectura\" \/>\n\t<meta name=\"twitter:data2\" content=\"1 minuto\" \/>\n<script type=\"application\/ld+json\" class=\"yoast-schema-graph\">{\"@context\":\"https:\\\/\\\/schema.org\",\"@graph\":[{\"@type\":\"Article\",\"@id\":\"https:\\\/\\\/gimnasticdetarragona.cat\\\/es\\\/tot-a-punt-per-la-quarta-i-ultima-fase-de-laliga-genuine-23-24\\\/#article\",\"isPartOf\":{\"@id\":\"https:\\\/\\\/gimnasticdetarragona.cat\\\/es\\\/tot-a-punt-per-la-quarta-i-ultima-fase-de-laliga-genuine-23-24\\\/\"},\"author\":{\"name\":\"Comunicacion\",\"@id\":\"https:\\\/\\\/gimnasticdetarragona.cat\\\/es\\\/#\\\/schema\\\/person\\\/0a9b7103e7dd73640eb245c4aa4afb8d\"},\"headline\":\"Todo listo para la cuarta y \u00faltima fase de LALIGA GENUINE 23\\\/24\",\"datePublished\":\"2024-06-06T14:49:06+00:00\",\"dateModified\":\"2024-06-06T14:53:22+00:00\",\"mainEntityOfPage\":{\"@id\":\"https:\\\/\\\/gimnasticdetarragona.cat\\\/es\\\/tot-a-punt-per-la-quarta-i-ultima-fase-de-laliga-genuine-23-24\\\/\"},\"wordCount\":228,\"commentCount\":0,\"publisher\":{\"@id\":\"https:\\\/\\\/gimnasticdetarragona.cat\\\/es\\\/#organization\"},\"image\":{\"@id\":\"https:\\\/\\\/gimnasticdetarragona.cat\\\/es\\\/tot-a-punt-per-la-quarta-i-ultima-fase-de-laliga-genuine-23-24\\\/#primaryimage\"},\"thumbnailUrl\":\"https:\\\/\\\/gimnasticdetarragona.cat\\\/wp-content\\\/uploads\\\/2024\\\/06\\\/DSC_5353.jpg\",\"articleSection\":[\"Actualidad\",\"Genuine\"],\"inLanguage\":\"es\"},{\"@type\":\"WebPage\",\"@id\":\"https:\\\/\\\/gimnasticdetarragona.cat\\\/es\\\/tot-a-punt-per-la-quarta-i-ultima-fase-de-laliga-genuine-23-24\\\/\",\"url\":\"https:\\\/\\\/gimnasticdetarragona.cat\\\/es\\\/tot-a-punt-per-la-quarta-i-ultima-fase-de-laliga-genuine-23-24\\\/\",\"name\":\"Todo listo para la cuarta y \u00faltima fase de LALIGA GENUINE 23\\\/24 - Gimn\u00e0stic de Tarragona SAD\",\"isPartOf\":{\"@id\":\"https:\\\/\\\/gimnasticdetarragona.cat\\\/es\\\/#website\"},\"primaryImageOfPage\":{\"@id\":\"https:\\\/\\\/gimnasticdetarragona.cat\\\/es\\\/tot-a-punt-per-la-quarta-i-ultima-fase-de-laliga-genuine-23-24\\\/#primaryimage\"},\"image\":{\"@id\":\"https:\\\/\\\/gimnasticdetarragona.cat\\\/es\\\/tot-a-punt-per-la-quarta-i-ultima-fase-de-laliga-genuine-23-24\\\/#primaryimage\"},\"thumbnailUrl\":\"https:\\\/\\\/gimnasticdetarragona.cat\\\/wp-content\\\/uploads\\\/2024\\\/06\\\/DSC_5353.jpg\",\"datePublished\":\"2024-06-06T14:49:06+00:00\",\"dateModified\":\"2024-06-06T14:53:22+00:00\",\"breadcrumb\":{\"@id\":\"https:\\\/\\\/gimnasticdetarragona.cat\\\/es\\\/tot-a-punt-per-la-quarta-i-ultima-fase-de-laliga-genuine-23-24\\\/#breadcrumb\"},\"inLanguage\":\"es\",\"potentialAction\":[{\"@type\":\"ReadAction\",\"target\":[\"https:\\\/\\\/gimnasticdetarragona.cat\\\/es\\\/tot-a-punt-per-la-quarta-i-ultima-fase-de-laliga-genuine-23-24\\\/\"]}]},{\"@type\":\"ImageObject\",\"inLanguage\":\"es\",\"@id\":\"https:\\\/\\\/gimnasticdetarragona.cat\\\/es\\\/tot-a-punt-per-la-quarta-i-ultima-fase-de-laliga-genuine-23-24\\\/#primaryimage\",\"url\":\"https:\\\/\\\/gimnasticdetarragona.cat\\\/wp-content\\\/uploads\\\/2024\\\/06\\\/DSC_5353.jpg\",\"contentUrl\":\"https:\\\/\\\/gimnasticdetarragona.cat\\\/wp-content\\\/uploads\\\/2024\\\/06\\\/DSC_5353.jpg\",\"width\":1500,\"height\":1000},{\"@type\":\"BreadcrumbList\",\"@id\":\"https:\\\/\\\/gimnasticdetarragona.cat\\\/es\\\/tot-a-punt-per-la-quarta-i-ultima-fase-de-laliga-genuine-23-24\\\/#breadcrumb\",\"itemListElement\":[{\"@type\":\"ListItem\",\"position\":1,\"name\":\"Inici\",\"item\":\"https:\\\/\\\/gimnasticdetarragona.cat\\\/es\\\/nastic\\\/\"},{\"@type\":\"ListItem\",\"position\":2,\"name\":\"Todo listo para la cuarta y \u00faltima fase de LALIGA GENUINE 23\\\/24\"}]},{\"@type\":\"WebSite\",\"@id\":\"https:\\\/\\\/gimnasticdetarragona.cat\\\/es\\\/#website\",\"url\":\"https:\\\/\\\/gimnasticdetarragona.cat\\\/es\\\/\",\"name\":\"Gimn\u00e0stic de Tarragona SAD\",\"description\":\"Gimn\u00e0stic de Tarragona\",\"publisher\":{\"@id\":\"https:\\\/\\\/gimnasticdetarragona.cat\\\/es\\\/#organization\"},\"potentialAction\":[{\"@type\":\"SearchAction\",\"target\":{\"@type\":\"EntryPoint\",\"urlTemplate\":\"https:\\\/\\\/gimnasticdetarragona.cat\\\/es\\\/?s={search_term_string}\"},\"query-input\":{\"@type\":\"PropertyValueSpecification\",\"valueRequired\":true,\"valueName\":\"search_term_string\"}}],\"inLanguage\":\"es\"},{\"@type\":\"Organization\",\"@id\":\"https:\\\/\\\/gimnasticdetarragona.cat\\\/es\\\/#organization\",\"name\":\"GIMN\u00c0STIC DE TARRAGONA\",\"alternateName\":\"N\u00c0STIC\",\"url\":\"https:\\\/\\\/gimnasticdetarragona.cat\\\/es\\\/\",\"logo\":{\"@type\":\"ImageObject\",\"inLanguage\":\"es\",\"@id\":\"https:\\\/\\\/gimnasticdetarragona.cat\\\/es\\\/#\\\/schema\\\/logo\\\/image\\\/\",\"url\":\"https:\\\/\\\/gimnasticdetarragona.cat\\\/wp-content\\\/uploads\\\/2022\\\/06\\\/cropped-logo-gimnastic.png\",\"contentUrl\":\"https:\\\/\\\/gimnasticdetarragona.cat\\\/wp-content\\\/uploads\\\/2022\\\/06\\\/cropped-logo-gimnastic.png\",\"width\":224,\"height\":83,\"caption\":\"GIMN\u00c0STIC DE TARRAGONA\"},\"image\":{\"@id\":\"https:\\\/\\\/gimnasticdetarragona.cat\\\/es\\\/#\\\/schema\\\/logo\\\/image\\\/\"},\"sameAs\":[\"https:\\\/\\\/x.com\\\/NASTICTARRAGONA\",\"https:\\\/\\\/www.instagram.com\\\/nastictarragona\\\/\"]},{\"@type\":\"Person\",\"@id\":\"https:\\\/\\\/gimnasticdetarragona.cat\\\/es\\\/#\\\/schema\\\/person\\\/0a9b7103e7dd73640eb245c4aa4afb8d\",\"name\":\"Comunicacion\"}]}<\/script>\n<!-- \/ Yoast SEO plugin. -->","yoast_head_json":{"title":"Todo listo para la cuarta y \u00faltima fase de LALIGA GENUINE 23\/24 - Gimn\u00e0stic de Tarragona SAD","robots":{"index":"index","follow":"follow","max-snippet":"max-snippet:-1","max-image-preview":"max-image-preview:large","max-video-preview":"max-video-preview:-1"},"canonical":"https:\/\/gimnasticdetarragona.cat\/es\/tot-a-punt-per-la-quarta-i-ultima-fase-de-laliga-genuine-23-24\/","og_locale":"es_ES","og_type":"article","og_title":"Todo listo para la cuarta y \u00faltima fase de LALIGA GENUINE 23\/24 - Gimn\u00e0stic de Tarragona SAD","og_description":"Un total de 46 equipos jugar\u00e1n en la Ciudad Deportiva Fernando Santos de la Parra del Getafe CF","og_url":"https:\/\/gimnasticdetarragona.cat\/es\/tot-a-punt-per-la-quarta-i-ultima-fase-de-laliga-genuine-23-24\/","og_site_name":"Gimn\u00e0stic de Tarragona SAD","article_published_time":"2024-06-06T14:49:06+00:00","article_modified_time":"2024-06-06T14:53:22+00:00","og_image":[{"width":1500,"height":1000,"url":"https:\/\/gimnasticdetarragona.cat\/wp-content\/uploads\/2024\/06\/DSC_5353.jpg","type":"image\/jpeg"}],"author":"Comunicacion","twitter_card":"summary_large_image","twitter_creator":"@NASTICTARRAGONA","twitter_site":"@NASTICTARRAGONA","twitter_misc":{"Escrito por":"Comunicacion","Tiempo de lectura":"1 minuto"},"schema":{"@context":"https:\/\/schema.org","@graph":[{"@type":"Article","@id":"https:\/\/gimnasticdetarragona.cat\/es\/tot-a-punt-per-la-quarta-i-ultima-fase-de-laliga-genuine-23-24\/#article","isPartOf":{"@id":"https:\/\/gimnasticdetarragona.cat\/es\/tot-a-punt-per-la-quarta-i-ultima-fase-de-laliga-genuine-23-24\/"},"author":{"name":"Comunicacion","@id":"https:\/\/gimnasticdetarragona.cat\/es\/#\/schema\/person\/0a9b7103e7dd73640eb245c4aa4afb8d"},"headline":"Todo listo para la cuarta y \u00faltima fase de LALIGA GENUINE 23\/24","datePublished":"2024-06-06T14:49:06+00:00","dateModified":"2024-06-06T14:53:22+00:00","mainEntityOfPage":{"@id":"https:\/\/gimnasticdetarragona.cat\/es\/tot-a-punt-per-la-quarta-i-ultima-fase-de-laliga-genuine-23-24\/"},"wordCount":228,"commentCount":0,"publisher":{"@id":"https:\/\/gimnasticdetarragona.cat\/es\/#organization"},"image":{"@id":"https:\/\/gimnasticdetarragona.cat\/es\/tot-a-punt-per-la-quarta-i-ultima-fase-de-laliga-genuine-23-24\/#primaryimage"},"thumbnailUrl":"https:\/\/gimnasticdetarragona.cat\/wp-content\/uploads\/2024\/06\/DSC_5353.jpg","articleSection":["Actualidad","Genuine"],"inLanguage":"es"},{"@type":"WebPage","@id":"https:\/\/gimnasticdetarragona.cat\/es\/tot-a-punt-per-la-quarta-i-ultima-fase-de-laliga-genuine-23-24\/","url":"https:\/\/gimnasticdetarragona.cat\/es\/tot-a-punt-per-la-quarta-i-ultima-fase-de-laliga-genuine-23-24\/","name":"Todo listo para la cuarta y \u00faltima fase de LALIGA GENUINE 23\/24 - Gimn\u00e0stic de Tarragona SAD","isPartOf":{"@id":"https:\/\/gimnasticdetarragona.cat\/es\/#website"},"primaryImageOfPage":{"@id":"https:\/\/gimnasticdetarragona.cat\/es\/tot-a-punt-per-la-quarta-i-ultima-fase-de-laliga-genuine-23-24\/#primaryimage"},"image":{"@id":"https:\/\/gimnasticdetarragona.cat\/es\/tot-a-punt-per-la-quarta-i-ultima-fase-de-laliga-genuine-23-24\/#primaryimage"},"thumbnailUrl":"https:\/\/gimnasticdetarragona.cat\/wp-content\/uploads\/2024\/06\/DSC_5353.jpg","datePublished":"2024-06-06T14:49:06+00:00","dateModified":"2024-06-06T14:53:22+00:00","breadcrumb":{"@id":"https:\/\/gimnasticdetarragona.cat\/es\/tot-a-punt-per-la-quarta-i-ultima-fase-de-laliga-genuine-23-24\/#breadcrumb"},"inLanguage":"es","potentialAction":[{"@type":"ReadAction","target":["https:\/\/gimnasticdetarragona.cat\/es\/tot-a-punt-per-la-quarta-i-ultima-fase-de-laliga-genuine-23-24\/"]}]},{"@type":"ImageObject","inLanguage":"es","@id":"https:\/\/gimnasticdetarragona.cat\/es\/tot-a-punt-per-la-quarta-i-ultima-fase-de-laliga-genuine-23-24\/#primaryimage","url":"https:\/\/gimnasticdetarragona.cat\/wp-content\/uploads\/2024\/06\/DSC_5353.jpg","contentUrl":"https:\/\/gimnasticdetarragona.cat\/wp-content\/uploads\/2024\/06\/DSC_5353.jpg","width":1500,"height":1000},{"@type":"BreadcrumbList","@id":"https:\/\/gimnasticdetarragona.cat\/es\/tot-a-punt-per-la-quarta-i-ultima-fase-de-laliga-genuine-23-24\/#breadcrumb","itemListElement":[{"@type":"ListItem","position":1,"name":"Inici","item":"https:\/\/gimnasticdetarragona.cat\/es\/nastic\/"},{"@type":"ListItem","position":2,"name":"Todo listo para la cuarta y \u00faltima fase de LALIGA GENUINE 23\/24"}]},{"@type":"WebSite","@id":"https:\/\/gimnasticdetarragona.cat\/es\/#website","url":"https:\/\/gimnasticdetarragona.cat\/es\/","name":"Gimn\u00e0stic de Tarragona SAD","description":"Gimn\u00e0stic de Tarragona","publisher":{"@id":"https:\/\/gimnasticdetarragona.cat\/es\/#organization"},"potentialAction":[{"@type":"SearchAction","target":{"@type":"EntryPoint","urlTemplate":"https:\/\/gimnasticdetarragona.cat\/es\/?s={search_term_string}"},"query-input":{"@type":"PropertyValueSpecification","valueRequired":true,"valueName":"search_term_string"}}],"inLanguage":"es"},{"@type":"Organization","@id":"https:\/\/gimnasticdetarragona.cat\/es\/#organization","name":"GIMN\u00c0STIC DE TARRAGONA","alternateName":"N\u00c0STIC","url":"https:\/\/gimnasticdetarragona.cat\/es\/","logo":{"@type":"ImageObject","inLanguage":"es","@id":"https:\/\/gimnasticdetarragona.cat\/es\/#\/schema\/logo\/image\/","url":"https:\/\/gimnasticdetarragona.cat\/wp-content\/uploads\/2022\/06\/cropped-logo-gimnastic.png","contentUrl":"https:\/\/gimnasticdetarragona.cat\/wp-content\/uploads\/2022\/06\/cropped-logo-gimnastic.png","width":224,"height":83,"caption":"GIMN\u00c0STIC DE TARRAGONA"},"image":{"@id":"https:\/\/gimnasticdetarragona.cat\/es\/#\/schema\/logo\/image\/"},"sameAs":["https:\/\/x.com\/NASTICTARRAGONA","https:\/\/www.instagram.com\/nastictarragona\/"]},{"@type":"Person","@id":"https:\/\/gimnasticdetarragona.cat\/es\/#\/schema\/person\/0a9b7103e7dd73640eb245c4aa4afb8d","name":"Comunicacion"}]}},"_links":{"self":[{"href":"https:\/\/gimnasticdetarragona.cat\/es\/wp-json\/wp\/v2\/posts\/95804","targetHints":{"allow":["GET"]}}],"collection":[{"href":"https:\/\/gimnasticdetarragona.cat\/es\/wp-json\/wp\/v2\/posts"}],"about":[{"href":"https:\/\/gimnasticdetarragona.cat\/es\/wp-json\/wp\/v2\/types\/post"}],"author":[{"embeddable":true,"href":"https:\/\/gimnasticdetarragona.cat\/es\/wp-json\/wp\/v2\/users\/7"}],"replies":[{"embeddable":true,"href":"https:\/\/gimnasticdetarragona.cat\/es\/wp-json\/wp\/v2\/comments?post=95804"}],"version-history":[{"count":0,"href":"https:\/\/gimnasticdetarragona.cat\/es\/wp-json\/wp\/v2\/posts\/95804\/revisions"}],"wp:featuredmedia":[{"embeddable":true,"href":"https:\/\/gimnasticdetarragona.cat\/es\/wp-json\/wp\/v2\/media\/95802"}],"wp:attachment":[{"href":"https:\/\/gimnasticdetarragona.cat\/es\/wp-json\/wp\/v2\/media?parent=95804"}],"wp:term":[{"taxonomy":"category","embeddable":true,"href":"https:\/\/gimnasticdetarragona.cat\/es\/wp-json\/wp\/v2\/categories?post=95804"},{"taxonomy":"post_tag","embeddable":true,"href":"https:\/\/gimnasticdetarragona.cat\/es\/wp-json\/wp\/v2\/tags?post=95804"}],"curies":[{"name":"wp","href":"https:\/\/api.w.org\/{rel}","templated":true}]}}