{"id":95963,"date":"2024-06-25T20:03:29","date_gmt":"2024-06-25T18:03:29","guid":{"rendered":"https:\/\/gimnasticdetarragona.cat\/?p=95963"},"modified":"2024-06-25T20:06:41","modified_gmt":"2024-06-25T18:06:41","slug":"josep-maria-andreu-da-un-paso-al-lado-y-deja-la-presidencia-de-la-sae","status":"publish","type":"post","link":"https:\/\/gimnasticdetarragona.cat\/es\/josep-maria-andreu-da-un-paso-al-lado-y-deja-la-presidencia-de-la-sae\/","title":{"rendered":"Josep Maria Andreu da un paso al lado y deja la presidencia de la SAE"},"content":{"rendered":"\n<p>Josep Maria Andreu i Prats ha anunciado que despu\u00e9s de 12 a\u00f1os como presidente, en esta segunda etapa, da un paso al lado y no continuar\u00e1 como m\u00e1ximo representante del Gimn\u00e0stic de Tarragona, SAD.<\/p>\n\n\n\n<p>Andreu ha explicado los detalles de esta decisi\u00f3n, especialmente personales, ya que \u00abera una decisi\u00f3n consensuada con la familia, tomada hace semanas\u00bb. Durante estos a\u00f1os, afirma que \u00abme he sentido una persona muy querida pero lo que pas\u00f3 el s\u00e1bado fue surrealista y no nos lo merecemos la gente del N\u00e0stic\u00bb.<\/p>\n\n\n\n<p>Despu\u00e9s de dos etapas como presidente, de 2002 a 2006 y de 2012 a 2024, Josep Maria Andreu ha conseguido 2 ascensos a Segunda Divisi\u00f3n y el hist\u00f3rico ascenso a Primera Divisi\u00f3n en 2006. Aparte de estos hitos deportivos, tambi\u00e9n cabe destacar el apartado econ\u00f3mico; en la primera etapa dej\u00f3 la entidad con remanente y en la m\u00e1xima categor\u00eda; mientras que en la segunda, se enjug\u00f3 la deuda superior a los 8 M de \u20ac y una pena m\u00e1xima fallada impidi\u00f3 repetir el ascenso a Primera Divisi\u00f3n. Adem\u00e1s cabe destacar que la entidad cuenta con m\u00e1s de 7.500 socios, increment\u00e1ndose progresivamente la asistencia al Nou Estadi Costa Daurada y con un p\u00fablico cada vez m\u00e1s joven. Entre los logros alcanzados, menci\u00f3n especial al \u201cmejor equipo de la historia del N\u00e0stic\u201d, el N\u00e0stic Genuine, poniendo en marcha un proyecto social y deportivo conocido internacionalmente como LALIGA GENUINE que ya ha disputado seis temporadas y cuenta con la participaci\u00f3n de los mejores clubs del Estado.<\/p>\n\n\n\n<p>En su discurso, Andreu ha querido agradecer la labor de jugadores y t\u00e9cnicos por la gran temporada y menci\u00f3n especial \u00abpor el apoyo del consejo de administraci\u00f3n, trabajadores, prensa, los cuatro alcaldes de la ciudad y, sobre todo, a la familia.\u00bb<\/p>\n\n\n\n<p>Andreu ha explicado lo que sucedi\u00f3 el s\u00e1bado en la final del play-off de ascenso ante el M\u00e1laga CF y, junto al consejero y abogado Antoine Jord\u00e0, se han explicado los motivos de la demanda y las l\u00edneas a seguir por parte del Gimn\u00e0stic de Tarragona, SAD en este caso.<\/p>\n\n\n\n<p>El acto ha finalizado con una emotiva ovaci\u00f3n por parte de todos los asistentes: familia, consejeros, trabajadores y medios de comunicaci\u00f3n. En la salida, la pe\u00f1a Orgull Grana ha reconocido su trayectoria entre luces y gritos de \u00e1nimo.<\/p>\n\n\n\n<p><a href=\"https:\/\/gimnasticdetarragona.cat\/wp-content\/uploads\/2024\/06\/Missatge-president.pdf\">Consulta el mensaje de despedida de Josep Maria Andreu<\/a><\/p>\n","protected":false},"excerpt":{"rendered":"<p>\u00abHa sido un honor presidir el club\u00bb<\/p>\n","protected":false},"author":7,"featured_media":95961,"comment_status":"open","ping_status":"open","sticky":false,"template":"","format":"standard","meta":{"_acf_changed":false,"footnotes":""},"categories":[113,114,115,120,126,139,138],"tags":[],"class_list":["post-95963","post","type-post","status-publish","format-standard","has-post-thumbnail","hentry","category-actualidad","category-aficion","category-agenda-social","category-historia","category-primer-equipo","category-social","category-socio"],"acf":[],"yoast_head":"<!-- This site is optimized with the Yoast SEO plugin v27.3 - https:\/\/yoast.com\/product\/yoast-seo-wordpress\/ -->\n<title>Josep Maria Andreu da un paso al lado y deja la presidencia de la SAE - Gimn\u00e0stic de Tarragona SAD<\/title>\n<meta name=\"robots\" content=\"index, follow, max-snippet:-1, max-image-preview:large, max-video-preview:-1\" \/>\n<link rel=\"canonical\" href=\"https:\/\/gimnasticdetarragona.cat\/es\/josep-maria-andreu-da-un-paso-al-lado-y-deja-la-presidencia-de-la-sae\/\" \/>\n<meta property=\"og:locale\" content=\"es_ES\" \/>\n<meta property=\"og:type\" content=\"article\" \/>\n<meta property=\"og:title\" content=\"Josep Maria Andreu da un paso al lado y deja la presidencia de la SAE - Gimn\u00e0stic de Tarragona SAD\" \/>\n<meta property=\"og:description\" content=\"&quot;Ha sido un honor presidir el club&quot;\" \/>\n<meta property=\"og:url\" content=\"https:\/\/gimnasticdetarragona.cat\/es\/josep-maria-andreu-da-un-paso-al-lado-y-deja-la-presidencia-de-la-sae\/\" \/>\n<meta property=\"og:site_name\" content=\"Gimn\u00e0stic de Tarragona SAD\" \/>\n<meta property=\"article:published_time\" content=\"2024-06-25T18:03:29+00:00\" \/>\n<meta property=\"article:modified_time\" content=\"2024-06-25T18:06:41+00:00\" \/>\n<meta property=\"og:image\" content=\"https:\/\/gimnasticdetarragona.cat\/wp-content\/uploads\/2024\/06\/Gracies-Horitzontal.jpg\" \/>\n\t<meta property=\"og:image:width\" content=\"896\" \/>\n\t<meta property=\"og:image:height\" content=\"552\" \/>\n\t<meta property=\"og:image:type\" content=\"image\/jpeg\" \/>\n<meta name=\"author\" content=\"Comunicacion\" \/>\n<meta name=\"twitter:card\" content=\"summary_large_image\" \/>\n<meta name=\"twitter:creator\" content=\"@NASTICTARRAGONA\" \/>\n<meta name=\"twitter:site\" content=\"@NASTICTARRAGONA\" \/>\n<meta name=\"twitter:label1\" content=\"Escrito por\" \/>\n\t<meta name=\"twitter:data1\" content=\"Comunicacion\" \/>\n\t<meta name=\"twitter:label2\" content=\"Tiempo de lectura\" \/>\n\t<meta name=\"twitter:data2\" content=\"2 minutos\" \/>\n<script type=\"application\/ld+json\" class=\"yoast-schema-graph\">{\"@context\":\"https:\\\/\\\/schema.org\",\"@graph\":[{\"@type\":\"Article\",\"@id\":\"https:\\\/\\\/gimnasticdetarragona.cat\\\/es\\\/josep-maria-andreu-da-un-paso-al-lado-y-deja-la-presidencia-de-la-sae\\\/#article\",\"isPartOf\":{\"@id\":\"https:\\\/\\\/gimnasticdetarragona.cat\\\/es\\\/josep-maria-andreu-da-un-paso-al-lado-y-deja-la-presidencia-de-la-sae\\\/\"},\"author\":{\"name\":\"Comunicacion\",\"@id\":\"https:\\\/\\\/gimnasticdetarragona.cat\\\/es\\\/#\\\/schema\\\/person\\\/0a9b7103e7dd73640eb245c4aa4afb8d\"},\"headline\":\"Josep Maria Andreu da un paso al lado y deja la presidencia de la SAE\",\"datePublished\":\"2024-06-25T18:03:29+00:00\",\"dateModified\":\"2024-06-25T18:06:41+00:00\",\"mainEntityOfPage\":{\"@id\":\"https:\\\/\\\/gimnasticdetarragona.cat\\\/es\\\/josep-maria-andreu-da-un-paso-al-lado-y-deja-la-presidencia-de-la-sae\\\/\"},\"wordCount\":429,\"commentCount\":0,\"publisher\":{\"@id\":\"https:\\\/\\\/gimnasticdetarragona.cat\\\/es\\\/#organization\"},\"image\":{\"@id\":\"https:\\\/\\\/gimnasticdetarragona.cat\\\/es\\\/josep-maria-andreu-da-un-paso-al-lado-y-deja-la-presidencia-de-la-sae\\\/#primaryimage\"},\"thumbnailUrl\":\"https:\\\/\\\/gimnasticdetarragona.cat\\\/wp-content\\\/uploads\\\/2024\\\/06\\\/Gracies-Horitzontal.jpg\",\"articleSection\":[\"Actualidad\",\"Afici\u00f3n\",\"Agenda Social\",\"Historia\",\"Primer Equipo\",\"Social\",\"Socio\"],\"inLanguage\":\"es\"},{\"@type\":\"WebPage\",\"@id\":\"https:\\\/\\\/gimnasticdetarragona.cat\\\/es\\\/josep-maria-andreu-da-un-paso-al-lado-y-deja-la-presidencia-de-la-sae\\\/\",\"url\":\"https:\\\/\\\/gimnasticdetarragona.cat\\\/es\\\/josep-maria-andreu-da-un-paso-al-lado-y-deja-la-presidencia-de-la-sae\\\/\",\"name\":\"Josep Maria Andreu da un paso al lado y deja la presidencia de la SAE - Gimn\u00e0stic de Tarragona SAD\",\"isPartOf\":{\"@id\":\"https:\\\/\\\/gimnasticdetarragona.cat\\\/es\\\/#website\"},\"primaryImageOfPage\":{\"@id\":\"https:\\\/\\\/gimnasticdetarragona.cat\\\/es\\\/josep-maria-andreu-da-un-paso-al-lado-y-deja-la-presidencia-de-la-sae\\\/#primaryimage\"},\"image\":{\"@id\":\"https:\\\/\\\/gimnasticdetarragona.cat\\\/es\\\/josep-maria-andreu-da-un-paso-al-lado-y-deja-la-presidencia-de-la-sae\\\/#primaryimage\"},\"thumbnailUrl\":\"https:\\\/\\\/gimnasticdetarragona.cat\\\/wp-content\\\/uploads\\\/2024\\\/06\\\/Gracies-Horitzontal.jpg\",\"datePublished\":\"2024-06-25T18:03:29+00:00\",\"dateModified\":\"2024-06-25T18:06:41+00:00\",\"breadcrumb\":{\"@id\":\"https:\\\/\\\/gimnasticdetarragona.cat\\\/es\\\/josep-maria-andreu-da-un-paso-al-lado-y-deja-la-presidencia-de-la-sae\\\/#breadcrumb\"},\"inLanguage\":\"es\",\"potentialAction\":[{\"@type\":\"ReadAction\",\"target\":[\"https:\\\/\\\/gimnasticdetarragona.cat\\\/es\\\/josep-maria-andreu-da-un-paso-al-lado-y-deja-la-presidencia-de-la-sae\\\/\"]}]},{\"@type\":\"ImageObject\",\"inLanguage\":\"es\",\"@id\":\"https:\\\/\\\/gimnasticdetarragona.cat\\\/es\\\/josep-maria-andreu-da-un-paso-al-lado-y-deja-la-presidencia-de-la-sae\\\/#primaryimage\",\"url\":\"https:\\\/\\\/gimnasticdetarragona.cat\\\/wp-content\\\/uploads\\\/2024\\\/06\\\/Gracies-Horitzontal.jpg\",\"contentUrl\":\"https:\\\/\\\/gimnasticdetarragona.cat\\\/wp-content\\\/uploads\\\/2024\\\/06\\\/Gracies-Horitzontal.jpg\",\"width\":896,\"height\":552},{\"@type\":\"BreadcrumbList\",\"@id\":\"https:\\\/\\\/gimnasticdetarragona.cat\\\/es\\\/josep-maria-andreu-da-un-paso-al-lado-y-deja-la-presidencia-de-la-sae\\\/#breadcrumb\",\"itemListElement\":[{\"@type\":\"ListItem\",\"position\":1,\"name\":\"Inici\",\"item\":\"https:\\\/\\\/gimnasticdetarragona.cat\\\/es\\\/nastic\\\/\"},{\"@type\":\"ListItem\",\"position\":2,\"name\":\"Josep Maria Andreu da un paso al lado y deja la presidencia de la SAE\"}]},{\"@type\":\"WebSite\",\"@id\":\"https:\\\/\\\/gimnasticdetarragona.cat\\\/es\\\/#website\",\"url\":\"https:\\\/\\\/gimnasticdetarragona.cat\\\/es\\\/\",\"name\":\"Gimn\u00e0stic de Tarragona SAD\",\"description\":\"Gimn\u00e0stic de Tarragona\",\"publisher\":{\"@id\":\"https:\\\/\\\/gimnasticdetarragona.cat\\\/es\\\/#organization\"},\"potentialAction\":[{\"@type\":\"SearchAction\",\"target\":{\"@type\":\"EntryPoint\",\"urlTemplate\":\"https:\\\/\\\/gimnasticdetarragona.cat\\\/es\\\/?s={search_term_string}\"},\"query-input\":{\"@type\":\"PropertyValueSpecification\",\"valueRequired\":true,\"valueName\":\"search_term_string\"}}],\"inLanguage\":\"es\"},{\"@type\":\"Organization\",\"@id\":\"https:\\\/\\\/gimnasticdetarragona.cat\\\/es\\\/#organization\",\"name\":\"GIMN\u00c0STIC DE TARRAGONA\",\"alternateName\":\"N\u00c0STIC\",\"url\":\"https:\\\/\\\/gimnasticdetarragona.cat\\\/es\\\/\",\"logo\":{\"@type\":\"ImageObject\",\"inLanguage\":\"es\",\"@id\":\"https:\\\/\\\/gimnasticdetarragona.cat\\\/es\\\/#\\\/schema\\\/logo\\\/image\\\/\",\"url\":\"https:\\\/\\\/gimnasticdetarragona.cat\\\/wp-content\\\/uploads\\\/2022\\\/06\\\/cropped-logo-gimnastic.png\",\"contentUrl\":\"https:\\\/\\\/gimnasticdetarragona.cat\\\/wp-content\\\/uploads\\\/2022\\\/06\\\/cropped-logo-gimnastic.png\",\"width\":224,\"height\":83,\"caption\":\"GIMN\u00c0STIC DE TARRAGONA\"},\"image\":{\"@id\":\"https:\\\/\\\/gimnasticdetarragona.cat\\\/es\\\/#\\\/schema\\\/logo\\\/image\\\/\"},\"sameAs\":[\"https:\\\/\\\/x.com\\\/NASTICTARRAGONA\",\"https:\\\/\\\/www.instagram.com\\\/nastictarragona\\\/\"]},{\"@type\":\"Person\",\"@id\":\"https:\\\/\\\/gimnasticdetarragona.cat\\\/es\\\/#\\\/schema\\\/person\\\/0a9b7103e7dd73640eb245c4aa4afb8d\",\"name\":\"Comunicacion\"}]}<\/script>\n<!-- \/ Yoast SEO plugin. -->","yoast_head_json":{"title":"Josep Maria Andreu da un paso al lado y deja la presidencia de la SAE - Gimn\u00e0stic de Tarragona SAD","robots":{"index":"index","follow":"follow","max-snippet":"max-snippet:-1","max-image-preview":"max-image-preview:large","max-video-preview":"max-video-preview:-1"},"canonical":"https:\/\/gimnasticdetarragona.cat\/es\/josep-maria-andreu-da-un-paso-al-lado-y-deja-la-presidencia-de-la-sae\/","og_locale":"es_ES","og_type":"article","og_title":"Josep Maria Andreu da un paso al lado y deja la presidencia de la SAE - Gimn\u00e0stic de Tarragona SAD","og_description":"\"Ha sido un honor presidir el club\"","og_url":"https:\/\/gimnasticdetarragona.cat\/es\/josep-maria-andreu-da-un-paso-al-lado-y-deja-la-presidencia-de-la-sae\/","og_site_name":"Gimn\u00e0stic de Tarragona SAD","article_published_time":"2024-06-25T18:03:29+00:00","article_modified_time":"2024-06-25T18:06:41+00:00","og_image":[{"width":896,"height":552,"url":"https:\/\/gimnasticdetarragona.cat\/wp-content\/uploads\/2024\/06\/Gracies-Horitzontal.jpg","type":"image\/jpeg"}],"author":"Comunicacion","twitter_card":"summary_large_image","twitter_creator":"@NASTICTARRAGONA","twitter_site":"@NASTICTARRAGONA","twitter_misc":{"Escrito por":"Comunicacion","Tiempo de lectura":"2 minutos"},"schema":{"@context":"https:\/\/schema.org","@graph":[{"@type":"Article","@id":"https:\/\/gimnasticdetarragona.cat\/es\/josep-maria-andreu-da-un-paso-al-lado-y-deja-la-presidencia-de-la-sae\/#article","isPartOf":{"@id":"https:\/\/gimnasticdetarragona.cat\/es\/josep-maria-andreu-da-un-paso-al-lado-y-deja-la-presidencia-de-la-sae\/"},"author":{"name":"Comunicacion","@id":"https:\/\/gimnasticdetarragona.cat\/es\/#\/schema\/person\/0a9b7103e7dd73640eb245c4aa4afb8d"},"headline":"Josep Maria Andreu da un paso al lado y deja la presidencia de la SAE","datePublished":"2024-06-25T18:03:29+00:00","dateModified":"2024-06-25T18:06:41+00:00","mainEntityOfPage":{"@id":"https:\/\/gimnasticdetarragona.cat\/es\/josep-maria-andreu-da-un-paso-al-lado-y-deja-la-presidencia-de-la-sae\/"},"wordCount":429,"commentCount":0,"publisher":{"@id":"https:\/\/gimnasticdetarragona.cat\/es\/#organization"},"image":{"@id":"https:\/\/gimnasticdetarragona.cat\/es\/josep-maria-andreu-da-un-paso-al-lado-y-deja-la-presidencia-de-la-sae\/#primaryimage"},"thumbnailUrl":"https:\/\/gimnasticdetarragona.cat\/wp-content\/uploads\/2024\/06\/Gracies-Horitzontal.jpg","articleSection":["Actualidad","Afici\u00f3n","Agenda Social","Historia","Primer Equipo","Social","Socio"],"inLanguage":"es"},{"@type":"WebPage","@id":"https:\/\/gimnasticdetarragona.cat\/es\/josep-maria-andreu-da-un-paso-al-lado-y-deja-la-presidencia-de-la-sae\/","url":"https:\/\/gimnasticdetarragona.cat\/es\/josep-maria-andreu-da-un-paso-al-lado-y-deja-la-presidencia-de-la-sae\/","name":"Josep Maria Andreu da un paso al lado y deja la presidencia de la SAE - Gimn\u00e0stic de Tarragona SAD","isPartOf":{"@id":"https:\/\/gimnasticdetarragona.cat\/es\/#website"},"primaryImageOfPage":{"@id":"https:\/\/gimnasticdetarragona.cat\/es\/josep-maria-andreu-da-un-paso-al-lado-y-deja-la-presidencia-de-la-sae\/#primaryimage"},"image":{"@id":"https:\/\/gimnasticdetarragona.cat\/es\/josep-maria-andreu-da-un-paso-al-lado-y-deja-la-presidencia-de-la-sae\/#primaryimage"},"thumbnailUrl":"https:\/\/gimnasticdetarragona.cat\/wp-content\/uploads\/2024\/06\/Gracies-Horitzontal.jpg","datePublished":"2024-06-25T18:03:29+00:00","dateModified":"2024-06-25T18:06:41+00:00","breadcrumb":{"@id":"https:\/\/gimnasticdetarragona.cat\/es\/josep-maria-andreu-da-un-paso-al-lado-y-deja-la-presidencia-de-la-sae\/#breadcrumb"},"inLanguage":"es","potentialAction":[{"@type":"ReadAction","target":["https:\/\/gimnasticdetarragona.cat\/es\/josep-maria-andreu-da-un-paso-al-lado-y-deja-la-presidencia-de-la-sae\/"]}]},{"@type":"ImageObject","inLanguage":"es","@id":"https:\/\/gimnasticdetarragona.cat\/es\/josep-maria-andreu-da-un-paso-al-lado-y-deja-la-presidencia-de-la-sae\/#primaryimage","url":"https:\/\/gimnasticdetarragona.cat\/wp-content\/uploads\/2024\/06\/Gracies-Horitzontal.jpg","contentUrl":"https:\/\/gimnasticdetarragona.cat\/wp-content\/uploads\/2024\/06\/Gracies-Horitzontal.jpg","width":896,"height":552},{"@type":"BreadcrumbList","@id":"https:\/\/gimnasticdetarragona.cat\/es\/josep-maria-andreu-da-un-paso-al-lado-y-deja-la-presidencia-de-la-sae\/#breadcrumb","itemListElement":[{"@type":"ListItem","position":1,"name":"Inici","item":"https:\/\/gimnasticdetarragona.cat\/es\/nastic\/"},{"@type":"ListItem","position":2,"name":"Josep Maria Andreu da un paso al lado y deja la presidencia de la SAE"}]},{"@type":"WebSite","@id":"https:\/\/gimnasticdetarragona.cat\/es\/#website","url":"https:\/\/gimnasticdetarragona.cat\/es\/","name":"Gimn\u00e0stic de Tarragona SAD","description":"Gimn\u00e0stic de Tarragona","publisher":{"@id":"https:\/\/gimnasticdetarragona.cat\/es\/#organization"},"potentialAction":[{"@type":"SearchAction","target":{"@type":"EntryPoint","urlTemplate":"https:\/\/gimnasticdetarragona.cat\/es\/?s={search_term_string}"},"query-input":{"@type":"PropertyValueSpecification","valueRequired":true,"valueName":"search_term_string"}}],"inLanguage":"es"},{"@type":"Organization","@id":"https:\/\/gimnasticdetarragona.cat\/es\/#organization","name":"GIMN\u00c0STIC DE TARRAGONA","alternateName":"N\u00c0STIC","url":"https:\/\/gimnasticdetarragona.cat\/es\/","logo":{"@type":"ImageObject","inLanguage":"es","@id":"https:\/\/gimnasticdetarragona.cat\/es\/#\/schema\/logo\/image\/","url":"https:\/\/gimnasticdetarragona.cat\/wp-content\/uploads\/2022\/06\/cropped-logo-gimnastic.png","contentUrl":"https:\/\/gimnasticdetarragona.cat\/wp-content\/uploads\/2022\/06\/cropped-logo-gimnastic.png","width":224,"height":83,"caption":"GIMN\u00c0STIC DE TARRAGONA"},"image":{"@id":"https:\/\/gimnasticdetarragona.cat\/es\/#\/schema\/logo\/image\/"},"sameAs":["https:\/\/x.com\/NASTICTARRAGONA","https:\/\/www.instagram.com\/nastictarragona\/"]},{"@type":"Person","@id":"https:\/\/gimnasticdetarragona.cat\/es\/#\/schema\/person\/0a9b7103e7dd73640eb245c4aa4afb8d","name":"Comunicacion"}]}},"_links":{"self":[{"href":"https:\/\/gimnasticdetarragona.cat\/es\/wp-json\/wp\/v2\/posts\/95963","targetHints":{"allow":["GET"]}}],"collection":[{"href":"https:\/\/gimnasticdetarragona.cat\/es\/wp-json\/wp\/v2\/posts"}],"about":[{"href":"https:\/\/gimnasticdetarragona.cat\/es\/wp-json\/wp\/v2\/types\/post"}],"author":[{"embeddable":true,"href":"https:\/\/gimnasticdetarragona.cat\/es\/wp-json\/wp\/v2\/users\/7"}],"replies":[{"embeddable":true,"href":"https:\/\/gimnasticdetarragona.cat\/es\/wp-json\/wp\/v2\/comments?post=95963"}],"version-history":[{"count":0,"href":"https:\/\/gimnasticdetarragona.cat\/es\/wp-json\/wp\/v2\/posts\/95963\/revisions"}],"wp:featuredmedia":[{"embeddable":true,"href":"https:\/\/gimnasticdetarragona.cat\/es\/wp-json\/wp\/v2\/media\/95961"}],"wp:attachment":[{"href":"https:\/\/gimnasticdetarragona.cat\/es\/wp-json\/wp\/v2\/media?parent=95963"}],"wp:term":[{"taxonomy":"category","embeddable":true,"href":"https:\/\/gimnasticdetarragona.cat\/es\/wp-json\/wp\/v2\/categories?post=95963"},{"taxonomy":"post_tag","embeddable":true,"href":"https:\/\/gimnasticdetarragona.cat\/es\/wp-json\/wp\/v2\/tags?post=95963"}],"curies":[{"name":"wp","href":"https:\/\/api.w.org\/{rel}","templated":true}]}}