{"id":96064,"date":"2024-07-03T19:32:07","date_gmt":"2024-07-03T17:32:07","guid":{"rendered":"https:\/\/gimnasticdetarragona.cat\/?p=96064"},"modified":"2024-07-03T19:36:45","modified_gmt":"2024-07-03T17:36:45","slug":"victor-narro-se-convierte-en-la-primera-incorporacion-24-25","status":"publish","type":"post","link":"https:\/\/gimnasticdetarragona.cat\/es\/victor-narro-se-convierte-en-la-primera-incorporacion-24-25\/","title":{"rendered":"\u00a1V\u00edctor Narro se convierte en la primera incorporaci\u00f3n 24-25!"},"content":{"rendered":"\n<p>El extremo V\u00edctor Narro Valero (Palma de Mallorca, 27 de mayo de 1999) firma un contrato con el Gimn\u00e0stic de Tarragona hasta el 30 de junio de 2026.<\/p>\n\n\n\n<p>El jugador llegar\u00e1 a Tarragona despu\u00e9s de finalizar su vinculaci\u00f3n con el CD Lugo, entidad donde esta \u00faltima temporada ha disputado 30 partidos ligueros en el grupo I de Primera Federaci\u00f3n.<\/p>\n\n\n\n<p>El jugador balear se ha formado futbol\u00edsticamente en las categor\u00edas inferiores del Villarreal CF y Real Valladolid, entre otros, llegando a disputar cinco partidos oficiales con el primer equipo de Pucela. En las \u00faltimas temporadas se ha consolidado como un jugador importante en Primera Federaci\u00f3n, defendiendo los intereses del RC Deportivo, Atl\u00e9tico Baleares y el citado CD Lugo, el pasado curso 23-24.<\/p>\n\n\n\n<p>La primera incorporaci\u00f3n del mercado de fichajes destaca por su velocidad y regado; ocupando cualquiera de los dos extremos del ataque, generar\u00e1 profundidad y desequilibrio en el esquema t\u00e1ctico del conjunto dirigido por Dani Vidal.<\/p>\n\n\n\n<p>El jugador se incorporar\u00e1 a la din\u00e1mica del primer equipo al inicio de la pretemporada, programada para el 15 de julio, en las instalaciones del Nou Estadi Costa Daurada. En los pr\u00f3ximos d\u00edas se anunciar\u00e1 la fecha de su presentaci\u00f3n oficial.<\/p>\n","protected":false},"excerpt":{"rendered":"<p>Firma un contrato por dos temporadas<\/p>\n","protected":false},"author":7,"featured_media":96062,"comment_status":"open","ping_status":"open","sticky":false,"template":"","format":"standard","meta":{"_acf_changed":false,"footnotes":""},"categories":[113,126],"tags":[],"class_list":["post-96064","post","type-post","status-publish","format-standard","has-post-thumbnail","hentry","category-actualidad","category-primer-equipo"],"acf":[],"yoast_head":"<!-- This site is optimized with the Yoast SEO plugin v27.3 - https:\/\/yoast.com\/product\/yoast-seo-wordpress\/ -->\n<title>\u00a1V\u00edctor Narro se convierte en la primera incorporaci\u00f3n 24-25! - Gimn\u00e0stic de Tarragona SAD<\/title>\n<meta name=\"robots\" content=\"index, follow, max-snippet:-1, max-image-preview:large, max-video-preview:-1\" \/>\n<link rel=\"canonical\" href=\"https:\/\/gimnasticdetarragona.cat\/es\/victor-narro-se-convierte-en-la-primera-incorporacion-24-25\/\" \/>\n<meta property=\"og:locale\" content=\"es_ES\" \/>\n<meta property=\"og:type\" content=\"article\" \/>\n<meta property=\"og:title\" content=\"\u00a1V\u00edctor Narro se convierte en la primera incorporaci\u00f3n 24-25! - Gimn\u00e0stic de Tarragona SAD\" \/>\n<meta property=\"og:description\" content=\"Firma un contrato por dos temporadas\" \/>\n<meta property=\"og:url\" content=\"https:\/\/gimnasticdetarragona.cat\/es\/victor-narro-se-convierte-en-la-primera-incorporacion-24-25\/\" \/>\n<meta property=\"og:site_name\" content=\"Gimn\u00e0stic de Tarragona SAD\" \/>\n<meta property=\"article:published_time\" content=\"2024-07-03T17:32:07+00:00\" \/>\n<meta property=\"article:modified_time\" content=\"2024-07-03T17:36:45+00:00\" \/>\n<meta property=\"og:image\" content=\"https:\/\/gimnasticdetarragona.cat\/wp-content\/uploads\/2024\/07\/Benvingut-NARRO-scaled.jpg\" \/>\n\t<meta property=\"og:image:width\" content=\"1939\" \/>\n\t<meta property=\"og:image:height\" content=\"2560\" \/>\n\t<meta property=\"og:image:type\" content=\"image\/jpeg\" \/>\n<meta name=\"author\" content=\"Comunicacion\" \/>\n<meta name=\"twitter:card\" content=\"summary_large_image\" \/>\n<meta name=\"twitter:creator\" content=\"@NASTICTARRAGONA\" \/>\n<meta name=\"twitter:site\" content=\"@NASTICTARRAGONA\" \/>\n<meta name=\"twitter:label1\" content=\"Escrito por\" \/>\n\t<meta name=\"twitter:data1\" content=\"Comunicacion\" \/>\n\t<meta name=\"twitter:label2\" content=\"Tiempo de lectura\" \/>\n\t<meta name=\"twitter:data2\" content=\"1 minuto\" \/>\n<script type=\"application\/ld+json\" class=\"yoast-schema-graph\">{\"@context\":\"https:\\\/\\\/schema.org\",\"@graph\":[{\"@type\":\"Article\",\"@id\":\"https:\\\/\\\/gimnasticdetarragona.cat\\\/es\\\/victor-narro-se-convierte-en-la-primera-incorporacion-24-25\\\/#article\",\"isPartOf\":{\"@id\":\"https:\\\/\\\/gimnasticdetarragona.cat\\\/es\\\/victor-narro-se-convierte-en-la-primera-incorporacion-24-25\\\/\"},\"author\":{\"name\":\"Comunicacion\",\"@id\":\"https:\\\/\\\/gimnasticdetarragona.cat\\\/es\\\/#\\\/schema\\\/person\\\/0a9b7103e7dd73640eb245c4aa4afb8d\"},\"headline\":\"\u00a1V\u00edctor Narro se convierte en la primera incorporaci\u00f3n 24-25!\",\"datePublished\":\"2024-07-03T17:32:07+00:00\",\"dateModified\":\"2024-07-03T17:36:45+00:00\",\"mainEntityOfPage\":{\"@id\":\"https:\\\/\\\/gimnasticdetarragona.cat\\\/es\\\/victor-narro-se-convierte-en-la-primera-incorporacion-24-25\\\/\"},\"wordCount\":217,\"commentCount\":0,\"publisher\":{\"@id\":\"https:\\\/\\\/gimnasticdetarragona.cat\\\/es\\\/#organization\"},\"image\":{\"@id\":\"https:\\\/\\\/gimnasticdetarragona.cat\\\/es\\\/victor-narro-se-convierte-en-la-primera-incorporacion-24-25\\\/#primaryimage\"},\"thumbnailUrl\":\"https:\\\/\\\/gimnasticdetarragona.cat\\\/wp-content\\\/uploads\\\/2024\\\/07\\\/Benvingut-NARRO-scaled.jpg\",\"articleSection\":[\"Actualidad\",\"Primer Equipo\"],\"inLanguage\":\"es\"},{\"@type\":\"WebPage\",\"@id\":\"https:\\\/\\\/gimnasticdetarragona.cat\\\/es\\\/victor-narro-se-convierte-en-la-primera-incorporacion-24-25\\\/\",\"url\":\"https:\\\/\\\/gimnasticdetarragona.cat\\\/es\\\/victor-narro-se-convierte-en-la-primera-incorporacion-24-25\\\/\",\"name\":\"\u00a1V\u00edctor Narro se convierte en la primera incorporaci\u00f3n 24-25! - Gimn\u00e0stic de Tarragona SAD\",\"isPartOf\":{\"@id\":\"https:\\\/\\\/gimnasticdetarragona.cat\\\/es\\\/#website\"},\"primaryImageOfPage\":{\"@id\":\"https:\\\/\\\/gimnasticdetarragona.cat\\\/es\\\/victor-narro-se-convierte-en-la-primera-incorporacion-24-25\\\/#primaryimage\"},\"image\":{\"@id\":\"https:\\\/\\\/gimnasticdetarragona.cat\\\/es\\\/victor-narro-se-convierte-en-la-primera-incorporacion-24-25\\\/#primaryimage\"},\"thumbnailUrl\":\"https:\\\/\\\/gimnasticdetarragona.cat\\\/wp-content\\\/uploads\\\/2024\\\/07\\\/Benvingut-NARRO-scaled.jpg\",\"datePublished\":\"2024-07-03T17:32:07+00:00\",\"dateModified\":\"2024-07-03T17:36:45+00:00\",\"breadcrumb\":{\"@id\":\"https:\\\/\\\/gimnasticdetarragona.cat\\\/es\\\/victor-narro-se-convierte-en-la-primera-incorporacion-24-25\\\/#breadcrumb\"},\"inLanguage\":\"es\",\"potentialAction\":[{\"@type\":\"ReadAction\",\"target\":[\"https:\\\/\\\/gimnasticdetarragona.cat\\\/es\\\/victor-narro-se-convierte-en-la-primera-incorporacion-24-25\\\/\"]}]},{\"@type\":\"ImageObject\",\"inLanguage\":\"es\",\"@id\":\"https:\\\/\\\/gimnasticdetarragona.cat\\\/es\\\/victor-narro-se-convierte-en-la-primera-incorporacion-24-25\\\/#primaryimage\",\"url\":\"https:\\\/\\\/gimnasticdetarragona.cat\\\/wp-content\\\/uploads\\\/2024\\\/07\\\/Benvingut-NARRO-scaled.jpg\",\"contentUrl\":\"https:\\\/\\\/gimnasticdetarragona.cat\\\/wp-content\\\/uploads\\\/2024\\\/07\\\/Benvingut-NARRO-scaled.jpg\",\"width\":1939,\"height\":2560},{\"@type\":\"BreadcrumbList\",\"@id\":\"https:\\\/\\\/gimnasticdetarragona.cat\\\/es\\\/victor-narro-se-convierte-en-la-primera-incorporacion-24-25\\\/#breadcrumb\",\"itemListElement\":[{\"@type\":\"ListItem\",\"position\":1,\"name\":\"Inici\",\"item\":\"https:\\\/\\\/gimnasticdetarragona.cat\\\/es\\\/nastic\\\/\"},{\"@type\":\"ListItem\",\"position\":2,\"name\":\"\u00a1V\u00edctor Narro se convierte en la primera incorporaci\u00f3n 24-25!\"}]},{\"@type\":\"WebSite\",\"@id\":\"https:\\\/\\\/gimnasticdetarragona.cat\\\/es\\\/#website\",\"url\":\"https:\\\/\\\/gimnasticdetarragona.cat\\\/es\\\/\",\"name\":\"Gimn\u00e0stic de Tarragona SAD\",\"description\":\"Gimn\u00e0stic de Tarragona\",\"publisher\":{\"@id\":\"https:\\\/\\\/gimnasticdetarragona.cat\\\/es\\\/#organization\"},\"potentialAction\":[{\"@type\":\"SearchAction\",\"target\":{\"@type\":\"EntryPoint\",\"urlTemplate\":\"https:\\\/\\\/gimnasticdetarragona.cat\\\/es\\\/?s={search_term_string}\"},\"query-input\":{\"@type\":\"PropertyValueSpecification\",\"valueRequired\":true,\"valueName\":\"search_term_string\"}}],\"inLanguage\":\"es\"},{\"@type\":\"Organization\",\"@id\":\"https:\\\/\\\/gimnasticdetarragona.cat\\\/es\\\/#organization\",\"name\":\"GIMN\u00c0STIC DE TARRAGONA\",\"alternateName\":\"N\u00c0STIC\",\"url\":\"https:\\\/\\\/gimnasticdetarragona.cat\\\/es\\\/\",\"logo\":{\"@type\":\"ImageObject\",\"inLanguage\":\"es\",\"@id\":\"https:\\\/\\\/gimnasticdetarragona.cat\\\/es\\\/#\\\/schema\\\/logo\\\/image\\\/\",\"url\":\"https:\\\/\\\/gimnasticdetarragona.cat\\\/wp-content\\\/uploads\\\/2022\\\/06\\\/cropped-logo-gimnastic.png\",\"contentUrl\":\"https:\\\/\\\/gimnasticdetarragona.cat\\\/wp-content\\\/uploads\\\/2022\\\/06\\\/cropped-logo-gimnastic.png\",\"width\":224,\"height\":83,\"caption\":\"GIMN\u00c0STIC DE TARRAGONA\"},\"image\":{\"@id\":\"https:\\\/\\\/gimnasticdetarragona.cat\\\/es\\\/#\\\/schema\\\/logo\\\/image\\\/\"},\"sameAs\":[\"https:\\\/\\\/x.com\\\/NASTICTARRAGONA\",\"https:\\\/\\\/www.instagram.com\\\/nastictarragona\\\/\"]},{\"@type\":\"Person\",\"@id\":\"https:\\\/\\\/gimnasticdetarragona.cat\\\/es\\\/#\\\/schema\\\/person\\\/0a9b7103e7dd73640eb245c4aa4afb8d\",\"name\":\"Comunicacion\"}]}<\/script>\n<!-- \/ Yoast SEO plugin. -->","yoast_head_json":{"title":"\u00a1V\u00edctor Narro se convierte en la primera incorporaci\u00f3n 24-25! - Gimn\u00e0stic de Tarragona SAD","robots":{"index":"index","follow":"follow","max-snippet":"max-snippet:-1","max-image-preview":"max-image-preview:large","max-video-preview":"max-video-preview:-1"},"canonical":"https:\/\/gimnasticdetarragona.cat\/es\/victor-narro-se-convierte-en-la-primera-incorporacion-24-25\/","og_locale":"es_ES","og_type":"article","og_title":"\u00a1V\u00edctor Narro se convierte en la primera incorporaci\u00f3n 24-25! - Gimn\u00e0stic de Tarragona SAD","og_description":"Firma un contrato por dos temporadas","og_url":"https:\/\/gimnasticdetarragona.cat\/es\/victor-narro-se-convierte-en-la-primera-incorporacion-24-25\/","og_site_name":"Gimn\u00e0stic de Tarragona SAD","article_published_time":"2024-07-03T17:32:07+00:00","article_modified_time":"2024-07-03T17:36:45+00:00","og_image":[{"width":1939,"height":2560,"url":"https:\/\/gimnasticdetarragona.cat\/wp-content\/uploads\/2024\/07\/Benvingut-NARRO-scaled.jpg","type":"image\/jpeg"}],"author":"Comunicacion","twitter_card":"summary_large_image","twitter_creator":"@NASTICTARRAGONA","twitter_site":"@NASTICTARRAGONA","twitter_misc":{"Escrito por":"Comunicacion","Tiempo de lectura":"1 minuto"},"schema":{"@context":"https:\/\/schema.org","@graph":[{"@type":"Article","@id":"https:\/\/gimnasticdetarragona.cat\/es\/victor-narro-se-convierte-en-la-primera-incorporacion-24-25\/#article","isPartOf":{"@id":"https:\/\/gimnasticdetarragona.cat\/es\/victor-narro-se-convierte-en-la-primera-incorporacion-24-25\/"},"author":{"name":"Comunicacion","@id":"https:\/\/gimnasticdetarragona.cat\/es\/#\/schema\/person\/0a9b7103e7dd73640eb245c4aa4afb8d"},"headline":"\u00a1V\u00edctor Narro se convierte en la primera incorporaci\u00f3n 24-25!","datePublished":"2024-07-03T17:32:07+00:00","dateModified":"2024-07-03T17:36:45+00:00","mainEntityOfPage":{"@id":"https:\/\/gimnasticdetarragona.cat\/es\/victor-narro-se-convierte-en-la-primera-incorporacion-24-25\/"},"wordCount":217,"commentCount":0,"publisher":{"@id":"https:\/\/gimnasticdetarragona.cat\/es\/#organization"},"image":{"@id":"https:\/\/gimnasticdetarragona.cat\/es\/victor-narro-se-convierte-en-la-primera-incorporacion-24-25\/#primaryimage"},"thumbnailUrl":"https:\/\/gimnasticdetarragona.cat\/wp-content\/uploads\/2024\/07\/Benvingut-NARRO-scaled.jpg","articleSection":["Actualidad","Primer Equipo"],"inLanguage":"es"},{"@type":"WebPage","@id":"https:\/\/gimnasticdetarragona.cat\/es\/victor-narro-se-convierte-en-la-primera-incorporacion-24-25\/","url":"https:\/\/gimnasticdetarragona.cat\/es\/victor-narro-se-convierte-en-la-primera-incorporacion-24-25\/","name":"\u00a1V\u00edctor Narro se convierte en la primera incorporaci\u00f3n 24-25! - Gimn\u00e0stic de Tarragona SAD","isPartOf":{"@id":"https:\/\/gimnasticdetarragona.cat\/es\/#website"},"primaryImageOfPage":{"@id":"https:\/\/gimnasticdetarragona.cat\/es\/victor-narro-se-convierte-en-la-primera-incorporacion-24-25\/#primaryimage"},"image":{"@id":"https:\/\/gimnasticdetarragona.cat\/es\/victor-narro-se-convierte-en-la-primera-incorporacion-24-25\/#primaryimage"},"thumbnailUrl":"https:\/\/gimnasticdetarragona.cat\/wp-content\/uploads\/2024\/07\/Benvingut-NARRO-scaled.jpg","datePublished":"2024-07-03T17:32:07+00:00","dateModified":"2024-07-03T17:36:45+00:00","breadcrumb":{"@id":"https:\/\/gimnasticdetarragona.cat\/es\/victor-narro-se-convierte-en-la-primera-incorporacion-24-25\/#breadcrumb"},"inLanguage":"es","potentialAction":[{"@type":"ReadAction","target":["https:\/\/gimnasticdetarragona.cat\/es\/victor-narro-se-convierte-en-la-primera-incorporacion-24-25\/"]}]},{"@type":"ImageObject","inLanguage":"es","@id":"https:\/\/gimnasticdetarragona.cat\/es\/victor-narro-se-convierte-en-la-primera-incorporacion-24-25\/#primaryimage","url":"https:\/\/gimnasticdetarragona.cat\/wp-content\/uploads\/2024\/07\/Benvingut-NARRO-scaled.jpg","contentUrl":"https:\/\/gimnasticdetarragona.cat\/wp-content\/uploads\/2024\/07\/Benvingut-NARRO-scaled.jpg","width":1939,"height":2560},{"@type":"BreadcrumbList","@id":"https:\/\/gimnasticdetarragona.cat\/es\/victor-narro-se-convierte-en-la-primera-incorporacion-24-25\/#breadcrumb","itemListElement":[{"@type":"ListItem","position":1,"name":"Inici","item":"https:\/\/gimnasticdetarragona.cat\/es\/nastic\/"},{"@type":"ListItem","position":2,"name":"\u00a1V\u00edctor Narro se convierte en la primera incorporaci\u00f3n 24-25!"}]},{"@type":"WebSite","@id":"https:\/\/gimnasticdetarragona.cat\/es\/#website","url":"https:\/\/gimnasticdetarragona.cat\/es\/","name":"Gimn\u00e0stic de Tarragona SAD","description":"Gimn\u00e0stic de Tarragona","publisher":{"@id":"https:\/\/gimnasticdetarragona.cat\/es\/#organization"},"potentialAction":[{"@type":"SearchAction","target":{"@type":"EntryPoint","urlTemplate":"https:\/\/gimnasticdetarragona.cat\/es\/?s={search_term_string}"},"query-input":{"@type":"PropertyValueSpecification","valueRequired":true,"valueName":"search_term_string"}}],"inLanguage":"es"},{"@type":"Organization","@id":"https:\/\/gimnasticdetarragona.cat\/es\/#organization","name":"GIMN\u00c0STIC DE TARRAGONA","alternateName":"N\u00c0STIC","url":"https:\/\/gimnasticdetarragona.cat\/es\/","logo":{"@type":"ImageObject","inLanguage":"es","@id":"https:\/\/gimnasticdetarragona.cat\/es\/#\/schema\/logo\/image\/","url":"https:\/\/gimnasticdetarragona.cat\/wp-content\/uploads\/2022\/06\/cropped-logo-gimnastic.png","contentUrl":"https:\/\/gimnasticdetarragona.cat\/wp-content\/uploads\/2022\/06\/cropped-logo-gimnastic.png","width":224,"height":83,"caption":"GIMN\u00c0STIC DE TARRAGONA"},"image":{"@id":"https:\/\/gimnasticdetarragona.cat\/es\/#\/schema\/logo\/image\/"},"sameAs":["https:\/\/x.com\/NASTICTARRAGONA","https:\/\/www.instagram.com\/nastictarragona\/"]},{"@type":"Person","@id":"https:\/\/gimnasticdetarragona.cat\/es\/#\/schema\/person\/0a9b7103e7dd73640eb245c4aa4afb8d","name":"Comunicacion"}]}},"_links":{"self":[{"href":"https:\/\/gimnasticdetarragona.cat\/es\/wp-json\/wp\/v2\/posts\/96064","targetHints":{"allow":["GET"]}}],"collection":[{"href":"https:\/\/gimnasticdetarragona.cat\/es\/wp-json\/wp\/v2\/posts"}],"about":[{"href":"https:\/\/gimnasticdetarragona.cat\/es\/wp-json\/wp\/v2\/types\/post"}],"author":[{"embeddable":true,"href":"https:\/\/gimnasticdetarragona.cat\/es\/wp-json\/wp\/v2\/users\/7"}],"replies":[{"embeddable":true,"href":"https:\/\/gimnasticdetarragona.cat\/es\/wp-json\/wp\/v2\/comments?post=96064"}],"version-history":[{"count":0,"href":"https:\/\/gimnasticdetarragona.cat\/es\/wp-json\/wp\/v2\/posts\/96064\/revisions"}],"wp:featuredmedia":[{"embeddable":true,"href":"https:\/\/gimnasticdetarragona.cat\/es\/wp-json\/wp\/v2\/media\/96062"}],"wp:attachment":[{"href":"https:\/\/gimnasticdetarragona.cat\/es\/wp-json\/wp\/v2\/media?parent=96064"}],"wp:term":[{"taxonomy":"category","embeddable":true,"href":"https:\/\/gimnasticdetarragona.cat\/es\/wp-json\/wp\/v2\/categories?post=96064"},{"taxonomy":"post_tag","embeddable":true,"href":"https:\/\/gimnasticdetarragona.cat\/es\/wp-json\/wp\/v2\/tags?post=96064"}],"curies":[{"name":"wp","href":"https:\/\/api.w.org\/{rel}","templated":true}]}}