{"id":96191,"date":"2024-07-21T19:00:13","date_gmt":"2024-07-21T17:00:13","guid":{"rendered":"https:\/\/gimnasticdetarragona.cat\/?p=96191"},"modified":"2024-07-21T19:01:28","modified_gmt":"2024-07-21T17:01:28","slug":"rebollo-nueva-incorporacion-en-la-porteria-grana","status":"publish","type":"post","link":"https:\/\/gimnasticdetarragona.cat\/es\/rebollo-nueva-incorporacion-en-la-porteria-grana\/","title":{"rendered":"Rebollo, nueva incorporaci\u00f3n en la porter\u00eda grana"},"content":{"rendered":"\n<p>El Gimn\u00e0stic de Tarragona y Daniel Rebollo Franco (Lepe, Huelva, 10 de diciembre de 1999) firman un contrato hasta el 30 de junio de 2025, m\u00e1s una campa\u00f1a opcional.<\/p>\n\n\n\n<p>El meta andaluz llega a Tarragona despu\u00e9s de finalizar su vinculaci\u00f3n con el Real Zaragoza de LaLiga Hypermotion, disciplina en la que ha estado las \u00faltimas dos temporadas y ha disputado 11 partidos oficiales con el primer equipo y 26 con el filial. Anteriormente se form\u00f3 en las categor\u00edas inferiores del Real Betis, defendiendo la porter\u00eda del filial y entrenando en din\u00e1mica del primer equipo verdiblanco.<\/p>\n\n\n\n<p>Dani Rebollo es un meta sobrio que destaca por su envergadura, gracias a los 1.85 m de altura, y aportar\u00e1 seguridad a\u00e9rea y buenos reflejos bajo palos en el conjunto entrenado por Dani Vidal.<\/p>\n\n\n\n<p>El nuevo guardameta grana entrenar\u00e1 por primera vez con los nuevos compa\u00f1eros de equipo en la sesi\u00f3n de ma\u00f1ana tarde, a partir de las 18.30 horas, y en los pr\u00f3ximos d\u00edas ser\u00e1 presentado como nuevo jugador del N\u00e0stic.<\/p>\n","protected":false},"excerpt":{"rendered":"<p>El Gimn\u00e0stic de Tarragona y Daniel Rebollo Franco (Lepe, Huelva, 10 de diciembre de 1999) firman un contrato hasta el 30 de junio de 2025, m\u00e1s una campa\u00f1a opcional. El meta andaluz llega a Tarragona despu\u00e9s de finalizar su vinculaci\u00f3n con el Real Zaragoza de LaLiga Hypermotion, disciplina en la que ha estado las \u00faltimas [&hellip;]<\/p>\n","protected":false},"author":7,"featured_media":96188,"comment_status":"open","ping_status":"open","sticky":false,"template":"","format":"standard","meta":{"_acf_changed":false,"footnotes":""},"categories":[113,126],"tags":[],"class_list":["post-96191","post","type-post","status-publish","format-standard","has-post-thumbnail","hentry","category-actualidad","category-primer-equipo"],"acf":[],"yoast_head":"<!-- This site is optimized with the Yoast SEO plugin v27.3 - https:\/\/yoast.com\/product\/yoast-seo-wordpress\/ -->\n<title>Rebollo, nueva incorporaci\u00f3n en la porter\u00eda grana - Gimn\u00e0stic de Tarragona SAD<\/title>\n<meta name=\"robots\" content=\"index, follow, max-snippet:-1, max-image-preview:large, max-video-preview:-1\" \/>\n<link rel=\"canonical\" href=\"https:\/\/gimnasticdetarragona.cat\/es\/rebollo-nueva-incorporacion-en-la-porteria-grana\/\" \/>\n<meta property=\"og:locale\" content=\"es_ES\" \/>\n<meta property=\"og:type\" content=\"article\" \/>\n<meta property=\"og:title\" content=\"Rebollo, nueva incorporaci\u00f3n en la porter\u00eda grana - Gimn\u00e0stic de Tarragona SAD\" \/>\n<meta property=\"og:description\" content=\"El Gimn\u00e0stic de Tarragona y Daniel Rebollo Franco (Lepe, Huelva, 10 de diciembre de 1999) firman un contrato hasta el 30 de junio de 2025, m\u00e1s una campa\u00f1a opcional. El meta andaluz llega a Tarragona despu\u00e9s de finalizar su vinculaci\u00f3n con el Real Zaragoza de LaLiga Hypermotion, disciplina en la que ha estado las \u00faltimas [&hellip;]\" \/>\n<meta property=\"og:url\" content=\"https:\/\/gimnasticdetarragona.cat\/es\/rebollo-nueva-incorporacion-en-la-porteria-grana\/\" \/>\n<meta property=\"og:site_name\" content=\"Gimn\u00e0stic de Tarragona SAD\" \/>\n<meta property=\"article:published_time\" content=\"2024-07-21T17:00:13+00:00\" \/>\n<meta property=\"article:modified_time\" content=\"2024-07-21T17:01:28+00:00\" \/>\n<meta property=\"og:image\" content=\"https:\/\/gimnasticdetarragona.cat\/wp-content\/uploads\/2024\/07\/Benvingut-DANI-REBOLLO-1-1.jpg\" \/>\n\t<meta property=\"og:image:width\" content=\"1189\" \/>\n\t<meta property=\"og:image:height\" content=\"1189\" \/>\n\t<meta property=\"og:image:type\" content=\"image\/jpeg\" \/>\n<meta name=\"author\" content=\"Comunicacion\" \/>\n<meta name=\"twitter:card\" content=\"summary_large_image\" \/>\n<meta name=\"twitter:creator\" content=\"@NASTICTARRAGONA\" \/>\n<meta name=\"twitter:site\" content=\"@NASTICTARRAGONA\" \/>\n<meta name=\"twitter:label1\" content=\"Escrito por\" \/>\n\t<meta name=\"twitter:data1\" content=\"Comunicacion\" \/>\n\t<meta name=\"twitter:label2\" content=\"Tiempo de lectura\" \/>\n\t<meta name=\"twitter:data2\" content=\"1 minuto\" \/>\n<script type=\"application\/ld+json\" class=\"yoast-schema-graph\">{\"@context\":\"https:\\\/\\\/schema.org\",\"@graph\":[{\"@type\":\"Article\",\"@id\":\"https:\\\/\\\/gimnasticdetarragona.cat\\\/es\\\/rebollo-nueva-incorporacion-en-la-porteria-grana\\\/#article\",\"isPartOf\":{\"@id\":\"https:\\\/\\\/gimnasticdetarragona.cat\\\/es\\\/rebollo-nueva-incorporacion-en-la-porteria-grana\\\/\"},\"author\":{\"name\":\"Comunicacion\",\"@id\":\"https:\\\/\\\/gimnasticdetarragona.cat\\\/es\\\/#\\\/schema\\\/person\\\/0a9b7103e7dd73640eb245c4aa4afb8d\"},\"headline\":\"Rebollo, nueva incorporaci\u00f3n en la porter\u00eda grana\",\"datePublished\":\"2024-07-21T17:00:13+00:00\",\"dateModified\":\"2024-07-21T17:01:28+00:00\",\"mainEntityOfPage\":{\"@id\":\"https:\\\/\\\/gimnasticdetarragona.cat\\\/es\\\/rebollo-nueva-incorporacion-en-la-porteria-grana\\\/\"},\"wordCount\":183,\"commentCount\":0,\"publisher\":{\"@id\":\"https:\\\/\\\/gimnasticdetarragona.cat\\\/es\\\/#organization\"},\"image\":{\"@id\":\"https:\\\/\\\/gimnasticdetarragona.cat\\\/es\\\/rebollo-nueva-incorporacion-en-la-porteria-grana\\\/#primaryimage\"},\"thumbnailUrl\":\"https:\\\/\\\/gimnasticdetarragona.cat\\\/wp-content\\\/uploads\\\/2024\\\/07\\\/Benvingut-DANI-REBOLLO-1-1.jpg\",\"articleSection\":[\"Actualidad\",\"Primer Equipo\"],\"inLanguage\":\"es\"},{\"@type\":\"WebPage\",\"@id\":\"https:\\\/\\\/gimnasticdetarragona.cat\\\/es\\\/rebollo-nueva-incorporacion-en-la-porteria-grana\\\/\",\"url\":\"https:\\\/\\\/gimnasticdetarragona.cat\\\/es\\\/rebollo-nueva-incorporacion-en-la-porteria-grana\\\/\",\"name\":\"Rebollo, nueva incorporaci\u00f3n en la porter\u00eda grana - Gimn\u00e0stic de Tarragona SAD\",\"isPartOf\":{\"@id\":\"https:\\\/\\\/gimnasticdetarragona.cat\\\/es\\\/#website\"},\"primaryImageOfPage\":{\"@id\":\"https:\\\/\\\/gimnasticdetarragona.cat\\\/es\\\/rebollo-nueva-incorporacion-en-la-porteria-grana\\\/#primaryimage\"},\"image\":{\"@id\":\"https:\\\/\\\/gimnasticdetarragona.cat\\\/es\\\/rebollo-nueva-incorporacion-en-la-porteria-grana\\\/#primaryimage\"},\"thumbnailUrl\":\"https:\\\/\\\/gimnasticdetarragona.cat\\\/wp-content\\\/uploads\\\/2024\\\/07\\\/Benvingut-DANI-REBOLLO-1-1.jpg\",\"datePublished\":\"2024-07-21T17:00:13+00:00\",\"dateModified\":\"2024-07-21T17:01:28+00:00\",\"breadcrumb\":{\"@id\":\"https:\\\/\\\/gimnasticdetarragona.cat\\\/es\\\/rebollo-nueva-incorporacion-en-la-porteria-grana\\\/#breadcrumb\"},\"inLanguage\":\"es\",\"potentialAction\":[{\"@type\":\"ReadAction\",\"target\":[\"https:\\\/\\\/gimnasticdetarragona.cat\\\/es\\\/rebollo-nueva-incorporacion-en-la-porteria-grana\\\/\"]}]},{\"@type\":\"ImageObject\",\"inLanguage\":\"es\",\"@id\":\"https:\\\/\\\/gimnasticdetarragona.cat\\\/es\\\/rebollo-nueva-incorporacion-en-la-porteria-grana\\\/#primaryimage\",\"url\":\"https:\\\/\\\/gimnasticdetarragona.cat\\\/wp-content\\\/uploads\\\/2024\\\/07\\\/Benvingut-DANI-REBOLLO-1-1.jpg\",\"contentUrl\":\"https:\\\/\\\/gimnasticdetarragona.cat\\\/wp-content\\\/uploads\\\/2024\\\/07\\\/Benvingut-DANI-REBOLLO-1-1.jpg\",\"width\":1189,\"height\":1189},{\"@type\":\"BreadcrumbList\",\"@id\":\"https:\\\/\\\/gimnasticdetarragona.cat\\\/es\\\/rebollo-nueva-incorporacion-en-la-porteria-grana\\\/#breadcrumb\",\"itemListElement\":[{\"@type\":\"ListItem\",\"position\":1,\"name\":\"Inici\",\"item\":\"https:\\\/\\\/gimnasticdetarragona.cat\\\/es\\\/nastic\\\/\"},{\"@type\":\"ListItem\",\"position\":2,\"name\":\"Rebollo, nueva incorporaci\u00f3n en la porter\u00eda grana\"}]},{\"@type\":\"WebSite\",\"@id\":\"https:\\\/\\\/gimnasticdetarragona.cat\\\/es\\\/#website\",\"url\":\"https:\\\/\\\/gimnasticdetarragona.cat\\\/es\\\/\",\"name\":\"Gimn\u00e0stic de Tarragona SAD\",\"description\":\"Gimn\u00e0stic de Tarragona\",\"publisher\":{\"@id\":\"https:\\\/\\\/gimnasticdetarragona.cat\\\/es\\\/#organization\"},\"potentialAction\":[{\"@type\":\"SearchAction\",\"target\":{\"@type\":\"EntryPoint\",\"urlTemplate\":\"https:\\\/\\\/gimnasticdetarragona.cat\\\/es\\\/?s={search_term_string}\"},\"query-input\":{\"@type\":\"PropertyValueSpecification\",\"valueRequired\":true,\"valueName\":\"search_term_string\"}}],\"inLanguage\":\"es\"},{\"@type\":\"Organization\",\"@id\":\"https:\\\/\\\/gimnasticdetarragona.cat\\\/es\\\/#organization\",\"name\":\"GIMN\u00c0STIC DE TARRAGONA\",\"alternateName\":\"N\u00c0STIC\",\"url\":\"https:\\\/\\\/gimnasticdetarragona.cat\\\/es\\\/\",\"logo\":{\"@type\":\"ImageObject\",\"inLanguage\":\"es\",\"@id\":\"https:\\\/\\\/gimnasticdetarragona.cat\\\/es\\\/#\\\/schema\\\/logo\\\/image\\\/\",\"url\":\"https:\\\/\\\/gimnasticdetarragona.cat\\\/wp-content\\\/uploads\\\/2022\\\/06\\\/cropped-logo-gimnastic.png\",\"contentUrl\":\"https:\\\/\\\/gimnasticdetarragona.cat\\\/wp-content\\\/uploads\\\/2022\\\/06\\\/cropped-logo-gimnastic.png\",\"width\":224,\"height\":83,\"caption\":\"GIMN\u00c0STIC DE TARRAGONA\"},\"image\":{\"@id\":\"https:\\\/\\\/gimnasticdetarragona.cat\\\/es\\\/#\\\/schema\\\/logo\\\/image\\\/\"},\"sameAs\":[\"https:\\\/\\\/x.com\\\/NASTICTARRAGONA\",\"https:\\\/\\\/www.instagram.com\\\/nastictarragona\\\/\"]},{\"@type\":\"Person\",\"@id\":\"https:\\\/\\\/gimnasticdetarragona.cat\\\/es\\\/#\\\/schema\\\/person\\\/0a9b7103e7dd73640eb245c4aa4afb8d\",\"name\":\"Comunicacion\"}]}<\/script>\n<!-- \/ Yoast SEO plugin. -->","yoast_head_json":{"title":"Rebollo, nueva incorporaci\u00f3n en la porter\u00eda grana - Gimn\u00e0stic de Tarragona SAD","robots":{"index":"index","follow":"follow","max-snippet":"max-snippet:-1","max-image-preview":"max-image-preview:large","max-video-preview":"max-video-preview:-1"},"canonical":"https:\/\/gimnasticdetarragona.cat\/es\/rebollo-nueva-incorporacion-en-la-porteria-grana\/","og_locale":"es_ES","og_type":"article","og_title":"Rebollo, nueva incorporaci\u00f3n en la porter\u00eda grana - Gimn\u00e0stic de Tarragona SAD","og_description":"El Gimn\u00e0stic de Tarragona y Daniel Rebollo Franco (Lepe, Huelva, 10 de diciembre de 1999) firman un contrato hasta el 30 de junio de 2025, m\u00e1s una campa\u00f1a opcional. El meta andaluz llega a Tarragona despu\u00e9s de finalizar su vinculaci\u00f3n con el Real Zaragoza de LaLiga Hypermotion, disciplina en la que ha estado las \u00faltimas [&hellip;]","og_url":"https:\/\/gimnasticdetarragona.cat\/es\/rebollo-nueva-incorporacion-en-la-porteria-grana\/","og_site_name":"Gimn\u00e0stic de Tarragona SAD","article_published_time":"2024-07-21T17:00:13+00:00","article_modified_time":"2024-07-21T17:01:28+00:00","og_image":[{"width":1189,"height":1189,"url":"https:\/\/gimnasticdetarragona.cat\/wp-content\/uploads\/2024\/07\/Benvingut-DANI-REBOLLO-1-1.jpg","type":"image\/jpeg"}],"author":"Comunicacion","twitter_card":"summary_large_image","twitter_creator":"@NASTICTARRAGONA","twitter_site":"@NASTICTARRAGONA","twitter_misc":{"Escrito por":"Comunicacion","Tiempo de lectura":"1 minuto"},"schema":{"@context":"https:\/\/schema.org","@graph":[{"@type":"Article","@id":"https:\/\/gimnasticdetarragona.cat\/es\/rebollo-nueva-incorporacion-en-la-porteria-grana\/#article","isPartOf":{"@id":"https:\/\/gimnasticdetarragona.cat\/es\/rebollo-nueva-incorporacion-en-la-porteria-grana\/"},"author":{"name":"Comunicacion","@id":"https:\/\/gimnasticdetarragona.cat\/es\/#\/schema\/person\/0a9b7103e7dd73640eb245c4aa4afb8d"},"headline":"Rebollo, nueva incorporaci\u00f3n en la porter\u00eda grana","datePublished":"2024-07-21T17:00:13+00:00","dateModified":"2024-07-21T17:01:28+00:00","mainEntityOfPage":{"@id":"https:\/\/gimnasticdetarragona.cat\/es\/rebollo-nueva-incorporacion-en-la-porteria-grana\/"},"wordCount":183,"commentCount":0,"publisher":{"@id":"https:\/\/gimnasticdetarragona.cat\/es\/#organization"},"image":{"@id":"https:\/\/gimnasticdetarragona.cat\/es\/rebollo-nueva-incorporacion-en-la-porteria-grana\/#primaryimage"},"thumbnailUrl":"https:\/\/gimnasticdetarragona.cat\/wp-content\/uploads\/2024\/07\/Benvingut-DANI-REBOLLO-1-1.jpg","articleSection":["Actualidad","Primer Equipo"],"inLanguage":"es"},{"@type":"WebPage","@id":"https:\/\/gimnasticdetarragona.cat\/es\/rebollo-nueva-incorporacion-en-la-porteria-grana\/","url":"https:\/\/gimnasticdetarragona.cat\/es\/rebollo-nueva-incorporacion-en-la-porteria-grana\/","name":"Rebollo, nueva incorporaci\u00f3n en la porter\u00eda grana - Gimn\u00e0stic de Tarragona SAD","isPartOf":{"@id":"https:\/\/gimnasticdetarragona.cat\/es\/#website"},"primaryImageOfPage":{"@id":"https:\/\/gimnasticdetarragona.cat\/es\/rebollo-nueva-incorporacion-en-la-porteria-grana\/#primaryimage"},"image":{"@id":"https:\/\/gimnasticdetarragona.cat\/es\/rebollo-nueva-incorporacion-en-la-porteria-grana\/#primaryimage"},"thumbnailUrl":"https:\/\/gimnasticdetarragona.cat\/wp-content\/uploads\/2024\/07\/Benvingut-DANI-REBOLLO-1-1.jpg","datePublished":"2024-07-21T17:00:13+00:00","dateModified":"2024-07-21T17:01:28+00:00","breadcrumb":{"@id":"https:\/\/gimnasticdetarragona.cat\/es\/rebollo-nueva-incorporacion-en-la-porteria-grana\/#breadcrumb"},"inLanguage":"es","potentialAction":[{"@type":"ReadAction","target":["https:\/\/gimnasticdetarragona.cat\/es\/rebollo-nueva-incorporacion-en-la-porteria-grana\/"]}]},{"@type":"ImageObject","inLanguage":"es","@id":"https:\/\/gimnasticdetarragona.cat\/es\/rebollo-nueva-incorporacion-en-la-porteria-grana\/#primaryimage","url":"https:\/\/gimnasticdetarragona.cat\/wp-content\/uploads\/2024\/07\/Benvingut-DANI-REBOLLO-1-1.jpg","contentUrl":"https:\/\/gimnasticdetarragona.cat\/wp-content\/uploads\/2024\/07\/Benvingut-DANI-REBOLLO-1-1.jpg","width":1189,"height":1189},{"@type":"BreadcrumbList","@id":"https:\/\/gimnasticdetarragona.cat\/es\/rebollo-nueva-incorporacion-en-la-porteria-grana\/#breadcrumb","itemListElement":[{"@type":"ListItem","position":1,"name":"Inici","item":"https:\/\/gimnasticdetarragona.cat\/es\/nastic\/"},{"@type":"ListItem","position":2,"name":"Rebollo, nueva incorporaci\u00f3n en la porter\u00eda grana"}]},{"@type":"WebSite","@id":"https:\/\/gimnasticdetarragona.cat\/es\/#website","url":"https:\/\/gimnasticdetarragona.cat\/es\/","name":"Gimn\u00e0stic de Tarragona SAD","description":"Gimn\u00e0stic de Tarragona","publisher":{"@id":"https:\/\/gimnasticdetarragona.cat\/es\/#organization"},"potentialAction":[{"@type":"SearchAction","target":{"@type":"EntryPoint","urlTemplate":"https:\/\/gimnasticdetarragona.cat\/es\/?s={search_term_string}"},"query-input":{"@type":"PropertyValueSpecification","valueRequired":true,"valueName":"search_term_string"}}],"inLanguage":"es"},{"@type":"Organization","@id":"https:\/\/gimnasticdetarragona.cat\/es\/#organization","name":"GIMN\u00c0STIC DE TARRAGONA","alternateName":"N\u00c0STIC","url":"https:\/\/gimnasticdetarragona.cat\/es\/","logo":{"@type":"ImageObject","inLanguage":"es","@id":"https:\/\/gimnasticdetarragona.cat\/es\/#\/schema\/logo\/image\/","url":"https:\/\/gimnasticdetarragona.cat\/wp-content\/uploads\/2022\/06\/cropped-logo-gimnastic.png","contentUrl":"https:\/\/gimnasticdetarragona.cat\/wp-content\/uploads\/2022\/06\/cropped-logo-gimnastic.png","width":224,"height":83,"caption":"GIMN\u00c0STIC DE TARRAGONA"},"image":{"@id":"https:\/\/gimnasticdetarragona.cat\/es\/#\/schema\/logo\/image\/"},"sameAs":["https:\/\/x.com\/NASTICTARRAGONA","https:\/\/www.instagram.com\/nastictarragona\/"]},{"@type":"Person","@id":"https:\/\/gimnasticdetarragona.cat\/es\/#\/schema\/person\/0a9b7103e7dd73640eb245c4aa4afb8d","name":"Comunicacion"}]}},"_links":{"self":[{"href":"https:\/\/gimnasticdetarragona.cat\/es\/wp-json\/wp\/v2\/posts\/96191","targetHints":{"allow":["GET"]}}],"collection":[{"href":"https:\/\/gimnasticdetarragona.cat\/es\/wp-json\/wp\/v2\/posts"}],"about":[{"href":"https:\/\/gimnasticdetarragona.cat\/es\/wp-json\/wp\/v2\/types\/post"}],"author":[{"embeddable":true,"href":"https:\/\/gimnasticdetarragona.cat\/es\/wp-json\/wp\/v2\/users\/7"}],"replies":[{"embeddable":true,"href":"https:\/\/gimnasticdetarragona.cat\/es\/wp-json\/wp\/v2\/comments?post=96191"}],"version-history":[{"count":0,"href":"https:\/\/gimnasticdetarragona.cat\/es\/wp-json\/wp\/v2\/posts\/96191\/revisions"}],"wp:featuredmedia":[{"embeddable":true,"href":"https:\/\/gimnasticdetarragona.cat\/es\/wp-json\/wp\/v2\/media\/96188"}],"wp:attachment":[{"href":"https:\/\/gimnasticdetarragona.cat\/es\/wp-json\/wp\/v2\/media?parent=96191"}],"wp:term":[{"taxonomy":"category","embeddable":true,"href":"https:\/\/gimnasticdetarragona.cat\/es\/wp-json\/wp\/v2\/categories?post=96191"},{"taxonomy":"post_tag","embeddable":true,"href":"https:\/\/gimnasticdetarragona.cat\/es\/wp-json\/wp\/v2\/tags?post=96191"}],"curies":[{"name":"wp","href":"https:\/\/api.w.org\/{rel}","templated":true}]}}