{"id":96215,"date":"2024-07-23T17:54:41","date_gmt":"2024-07-23T15:54:41","guid":{"rendered":"https:\/\/gimnasticdetarragona.cat\/carla-plana-bicampiona-deuropa\/"},"modified":"2024-07-23T20:09:02","modified_gmt":"2024-07-23T18:09:02","slug":"carla-plana-bicampiona-deuropa","status":"publish","type":"post","link":"https:\/\/gimnasticdetarragona.cat\/es\/carla-plana-bicampiona-deuropa\/","title":{"rendered":"Carla Plana, bicampeona de Europa"},"content":{"rendered":"\n<p>La deportista tarraconense Carla Plana, patinadora del Club Gimn\u00e0stic de Tarragona, ya se ha colgado dos medallas de oro en el Campeonato de Europa 2024 que se est\u00e1 disputando en Ostende, B\u00e9lgica.<\/p>\n\n\n\n<p>Ha estado en el fondo, sus pruebas reina, donde ha logrado ambos oros. La primera carrera fue el viernes, en los 5000m eliminaci\u00f3n, en los que a media carrera sufri\u00f3 una fuerte ca\u00edda grupal de la que se levant\u00f3, consiguiendo remontar hasta el grupo principal, y hacerse con la primera posici\u00f3n.<\/p>\n\n\n\n<p>El domingo corrieron los 5000 puntuaciones, donde volvi\u00f3 a imponerse; esta vez haciendo una gran labor de equipo con sus compa\u00f1eras de selecci\u00f3n, la asturiana Leyre Montiel (16\u00aa posici\u00f3n) y la navarra Paula Rodr\u00edguez, que logr\u00f3 la plata.<\/p>\n\n\n\n<p>La patinadora del N\u00e0stic por segundo a\u00f1o consecutivo est\u00e1 participando con todo el equipo de la Selecci\u00f3n Espa\u00f1ola en la cita europea, haciendo un gran papel y por el momento llev\u00e1ndose dos oros en su categor\u00eda, de los 4 que ha logrado el equipo espa\u00f1ol; los otros dos logrados por el senior Chevi Guzm\u00e1n.<\/p>\n\n\n\n<p>Cabe recordar que este a\u00f1o ya acumula 3 oros y una plata en los estatales en categor\u00eda juvenil y dos platas en junior (categor\u00eda superior a la suya) y que el a\u00f1o pasado logr\u00f3 una plata y un bronce en los Campeonatos de Europa en Francia.<\/p>\n\n\n\n<p>En estas primeras jornadas de la competici\u00f3n se han corrido las pruebas de pista, de las cuales Carla ha participado en 4. En la prueba de los 1000 m qued\u00f3 10a y en los relevos, por equipos, cruzando la meta en s\u00e9ptima posici\u00f3n.<\/p>\n\n\n\n<p>Tras el merecido descanso del lunes, este martes arrancaron las carreras en circuito donde volver\u00e1 a participar en las pruebas de fondo.<\/p>\n\n\n\n<p>Foto: Bernardo Senso (Federaci\u00f3n Espa\u00f1ola de Patinaje)<\/p>\n","protected":false},"excerpt":{"rendered":"<p>La deportista tarraconense Carla Plana, patinadora del Club Gimn\u00e0stic de Tarragona, ya se ha colgado dos medallas de oro en el Campeonato de Europa 2024 que se est\u00e1 disputando en Ostende, B\u00e9lgica. Ha estado en el fondo, sus pruebas reina, donde ha logrado ambos oros. La primera carrera fue el viernes, en los 5000m eliminaci\u00f3n, [&hellip;]<\/p>\n","protected":false},"author":7,"featured_media":96208,"comment_status":"open","ping_status":"open","sticky":false,"template":"","format":"standard","meta":{"_acf_changed":false,"footnotes":""},"categories":[113,133,128],"tags":[],"class_list":["post-96215","post","type-post","status-publish","format-standard","has-post-thumbnail","hentry","category-actualidad","category-patinaje","category-secciones-1"],"acf":[],"yoast_head":"<!-- This site is optimized with the Yoast SEO plugin v27.3 - https:\/\/yoast.com\/product\/yoast-seo-wordpress\/ -->\n<title>Carla Plana, bicampeona de Europa - Gimn\u00e0stic de Tarragona SAD<\/title>\n<meta name=\"robots\" content=\"index, follow, max-snippet:-1, max-image-preview:large, max-video-preview:-1\" \/>\n<link rel=\"canonical\" href=\"https:\/\/gimnasticdetarragona.cat\/es\/carla-plana-bicampiona-deuropa\/\" \/>\n<meta property=\"og:locale\" content=\"es_ES\" \/>\n<meta property=\"og:type\" content=\"article\" \/>\n<meta property=\"og:title\" content=\"Carla Plana, bicampeona de Europa - Gimn\u00e0stic de Tarragona SAD\" \/>\n<meta property=\"og:description\" content=\"La deportista tarraconense Carla Plana, patinadora del Club Gimn\u00e0stic de Tarragona, ya se ha colgado dos medallas de oro en el Campeonato de Europa 2024 que se est\u00e1 disputando en Ostende, B\u00e9lgica. Ha estado en el fondo, sus pruebas reina, donde ha logrado ambos oros. La primera carrera fue el viernes, en los 5000m eliminaci\u00f3n, [&hellip;]\" \/>\n<meta property=\"og:url\" content=\"https:\/\/gimnasticdetarragona.cat\/es\/carla-plana-bicampiona-deuropa\/\" \/>\n<meta property=\"og:site_name\" content=\"Gimn\u00e0stic de Tarragona SAD\" \/>\n<meta property=\"article:published_time\" content=\"2024-07-23T15:54:41+00:00\" \/>\n<meta property=\"article:modified_time\" content=\"2024-07-23T18:09:02+00:00\" \/>\n<meta property=\"og:image\" content=\"https:\/\/gimnasticdetarragona.cat\/wp-content\/uploads\/2024\/07\/WhatsApp-Image-2024-07-23-at-17.31.30.jpeg\" \/>\n\t<meta property=\"og:image:width\" content=\"1600\" \/>\n\t<meta property=\"og:image:height\" content=\"897\" \/>\n\t<meta property=\"og:image:type\" content=\"image\/jpeg\" \/>\n<meta name=\"author\" content=\"Comunicacion\" \/>\n<meta name=\"twitter:card\" content=\"summary_large_image\" \/>\n<meta name=\"twitter:creator\" content=\"@NASTICTARRAGONA\" \/>\n<meta name=\"twitter:site\" content=\"@NASTICTARRAGONA\" \/>\n<meta name=\"twitter:label1\" content=\"Escrito por\" \/>\n\t<meta name=\"twitter:data1\" content=\"Comunicacion\" \/>\n\t<meta name=\"twitter:label2\" content=\"Tiempo de lectura\" \/>\n\t<meta name=\"twitter:data2\" content=\"2 minutos\" \/>\n<script type=\"application\/ld+json\" class=\"yoast-schema-graph\">{\"@context\":\"https:\\\/\\\/schema.org\",\"@graph\":[{\"@type\":\"Article\",\"@id\":\"https:\\\/\\\/gimnasticdetarragona.cat\\\/es\\\/carla-plana-bicampiona-deuropa\\\/#article\",\"isPartOf\":{\"@id\":\"https:\\\/\\\/gimnasticdetarragona.cat\\\/es\\\/carla-plana-bicampiona-deuropa\\\/\"},\"author\":{\"name\":\"Comunicacion\",\"@id\":\"https:\\\/\\\/gimnasticdetarragona.cat\\\/es\\\/#\\\/schema\\\/person\\\/0a9b7103e7dd73640eb245c4aa4afb8d\"},\"headline\":\"Carla Plana, bicampeona de Europa\",\"datePublished\":\"2024-07-23T15:54:41+00:00\",\"dateModified\":\"2024-07-23T18:09:02+00:00\",\"mainEntityOfPage\":{\"@id\":\"https:\\\/\\\/gimnasticdetarragona.cat\\\/es\\\/carla-plana-bicampiona-deuropa\\\/\"},\"wordCount\":317,\"commentCount\":0,\"publisher\":{\"@id\":\"https:\\\/\\\/gimnasticdetarragona.cat\\\/es\\\/#organization\"},\"image\":{\"@id\":\"https:\\\/\\\/gimnasticdetarragona.cat\\\/es\\\/carla-plana-bicampiona-deuropa\\\/#primaryimage\"},\"thumbnailUrl\":\"https:\\\/\\\/gimnasticdetarragona.cat\\\/wp-content\\\/uploads\\\/2024\\\/07\\\/WhatsApp-Image-2024-07-23-at-17.31.30.jpeg\",\"articleSection\":[\"Actualidad\",\"Secci\u00f3n Patinaje\",\"Secciones\"],\"inLanguage\":\"es\"},{\"@type\":\"WebPage\",\"@id\":\"https:\\\/\\\/gimnasticdetarragona.cat\\\/es\\\/carla-plana-bicampiona-deuropa\\\/\",\"url\":\"https:\\\/\\\/gimnasticdetarragona.cat\\\/es\\\/carla-plana-bicampiona-deuropa\\\/\",\"name\":\"Carla Plana, bicampeona de Europa - Gimn\u00e0stic de Tarragona SAD\",\"isPartOf\":{\"@id\":\"https:\\\/\\\/gimnasticdetarragona.cat\\\/es\\\/#website\"},\"primaryImageOfPage\":{\"@id\":\"https:\\\/\\\/gimnasticdetarragona.cat\\\/es\\\/carla-plana-bicampiona-deuropa\\\/#primaryimage\"},\"image\":{\"@id\":\"https:\\\/\\\/gimnasticdetarragona.cat\\\/es\\\/carla-plana-bicampiona-deuropa\\\/#primaryimage\"},\"thumbnailUrl\":\"https:\\\/\\\/gimnasticdetarragona.cat\\\/wp-content\\\/uploads\\\/2024\\\/07\\\/WhatsApp-Image-2024-07-23-at-17.31.30.jpeg\",\"datePublished\":\"2024-07-23T15:54:41+00:00\",\"dateModified\":\"2024-07-23T18:09:02+00:00\",\"breadcrumb\":{\"@id\":\"https:\\\/\\\/gimnasticdetarragona.cat\\\/es\\\/carla-plana-bicampiona-deuropa\\\/#breadcrumb\"},\"inLanguage\":\"es\",\"potentialAction\":[{\"@type\":\"ReadAction\",\"target\":[\"https:\\\/\\\/gimnasticdetarragona.cat\\\/es\\\/carla-plana-bicampiona-deuropa\\\/\"]}]},{\"@type\":\"ImageObject\",\"inLanguage\":\"es\",\"@id\":\"https:\\\/\\\/gimnasticdetarragona.cat\\\/es\\\/carla-plana-bicampiona-deuropa\\\/#primaryimage\",\"url\":\"https:\\\/\\\/gimnasticdetarragona.cat\\\/wp-content\\\/uploads\\\/2024\\\/07\\\/WhatsApp-Image-2024-07-23-at-17.31.30.jpeg\",\"contentUrl\":\"https:\\\/\\\/gimnasticdetarragona.cat\\\/wp-content\\\/uploads\\\/2024\\\/07\\\/WhatsApp-Image-2024-07-23-at-17.31.30.jpeg\",\"width\":1600,\"height\":897},{\"@type\":\"BreadcrumbList\",\"@id\":\"https:\\\/\\\/gimnasticdetarragona.cat\\\/es\\\/carla-plana-bicampiona-deuropa\\\/#breadcrumb\",\"itemListElement\":[{\"@type\":\"ListItem\",\"position\":1,\"name\":\"Inici\",\"item\":\"https:\\\/\\\/gimnasticdetarragona.cat\\\/es\\\/nastic\\\/\"},{\"@type\":\"ListItem\",\"position\":2,\"name\":\"Carla Plana, bicampeona de Europa\"}]},{\"@type\":\"WebSite\",\"@id\":\"https:\\\/\\\/gimnasticdetarragona.cat\\\/es\\\/#website\",\"url\":\"https:\\\/\\\/gimnasticdetarragona.cat\\\/es\\\/\",\"name\":\"Gimn\u00e0stic de Tarragona SAD\",\"description\":\"Gimn\u00e0stic de Tarragona\",\"publisher\":{\"@id\":\"https:\\\/\\\/gimnasticdetarragona.cat\\\/es\\\/#organization\"},\"potentialAction\":[{\"@type\":\"SearchAction\",\"target\":{\"@type\":\"EntryPoint\",\"urlTemplate\":\"https:\\\/\\\/gimnasticdetarragona.cat\\\/es\\\/?s={search_term_string}\"},\"query-input\":{\"@type\":\"PropertyValueSpecification\",\"valueRequired\":true,\"valueName\":\"search_term_string\"}}],\"inLanguage\":\"es\"},{\"@type\":\"Organization\",\"@id\":\"https:\\\/\\\/gimnasticdetarragona.cat\\\/es\\\/#organization\",\"name\":\"GIMN\u00c0STIC DE TARRAGONA\",\"alternateName\":\"N\u00c0STIC\",\"url\":\"https:\\\/\\\/gimnasticdetarragona.cat\\\/es\\\/\",\"logo\":{\"@type\":\"ImageObject\",\"inLanguage\":\"es\",\"@id\":\"https:\\\/\\\/gimnasticdetarragona.cat\\\/es\\\/#\\\/schema\\\/logo\\\/image\\\/\",\"url\":\"https:\\\/\\\/gimnasticdetarragona.cat\\\/wp-content\\\/uploads\\\/2022\\\/06\\\/cropped-logo-gimnastic.png\",\"contentUrl\":\"https:\\\/\\\/gimnasticdetarragona.cat\\\/wp-content\\\/uploads\\\/2022\\\/06\\\/cropped-logo-gimnastic.png\",\"width\":224,\"height\":83,\"caption\":\"GIMN\u00c0STIC DE TARRAGONA\"},\"image\":{\"@id\":\"https:\\\/\\\/gimnasticdetarragona.cat\\\/es\\\/#\\\/schema\\\/logo\\\/image\\\/\"},\"sameAs\":[\"https:\\\/\\\/x.com\\\/NASTICTARRAGONA\",\"https:\\\/\\\/www.instagram.com\\\/nastictarragona\\\/\"]},{\"@type\":\"Person\",\"@id\":\"https:\\\/\\\/gimnasticdetarragona.cat\\\/es\\\/#\\\/schema\\\/person\\\/0a9b7103e7dd73640eb245c4aa4afb8d\",\"name\":\"Comunicacion\"}]}<\/script>\n<!-- \/ Yoast SEO plugin. -->","yoast_head_json":{"title":"Carla Plana, bicampeona de Europa - Gimn\u00e0stic de Tarragona SAD","robots":{"index":"index","follow":"follow","max-snippet":"max-snippet:-1","max-image-preview":"max-image-preview:large","max-video-preview":"max-video-preview:-1"},"canonical":"https:\/\/gimnasticdetarragona.cat\/es\/carla-plana-bicampiona-deuropa\/","og_locale":"es_ES","og_type":"article","og_title":"Carla Plana, bicampeona de Europa - Gimn\u00e0stic de Tarragona SAD","og_description":"La deportista tarraconense Carla Plana, patinadora del Club Gimn\u00e0stic de Tarragona, ya se ha colgado dos medallas de oro en el Campeonato de Europa 2024 que se est\u00e1 disputando en Ostende, B\u00e9lgica. Ha estado en el fondo, sus pruebas reina, donde ha logrado ambos oros. La primera carrera fue el viernes, en los 5000m eliminaci\u00f3n, [&hellip;]","og_url":"https:\/\/gimnasticdetarragona.cat\/es\/carla-plana-bicampiona-deuropa\/","og_site_name":"Gimn\u00e0stic de Tarragona SAD","article_published_time":"2024-07-23T15:54:41+00:00","article_modified_time":"2024-07-23T18:09:02+00:00","og_image":[{"width":1600,"height":897,"url":"https:\/\/gimnasticdetarragona.cat\/wp-content\/uploads\/2024\/07\/WhatsApp-Image-2024-07-23-at-17.31.30.jpeg","type":"image\/jpeg"}],"author":"Comunicacion","twitter_card":"summary_large_image","twitter_creator":"@NASTICTARRAGONA","twitter_site":"@NASTICTARRAGONA","twitter_misc":{"Escrito por":"Comunicacion","Tiempo de lectura":"2 minutos"},"schema":{"@context":"https:\/\/schema.org","@graph":[{"@type":"Article","@id":"https:\/\/gimnasticdetarragona.cat\/es\/carla-plana-bicampiona-deuropa\/#article","isPartOf":{"@id":"https:\/\/gimnasticdetarragona.cat\/es\/carla-plana-bicampiona-deuropa\/"},"author":{"name":"Comunicacion","@id":"https:\/\/gimnasticdetarragona.cat\/es\/#\/schema\/person\/0a9b7103e7dd73640eb245c4aa4afb8d"},"headline":"Carla Plana, bicampeona de Europa","datePublished":"2024-07-23T15:54:41+00:00","dateModified":"2024-07-23T18:09:02+00:00","mainEntityOfPage":{"@id":"https:\/\/gimnasticdetarragona.cat\/es\/carla-plana-bicampiona-deuropa\/"},"wordCount":317,"commentCount":0,"publisher":{"@id":"https:\/\/gimnasticdetarragona.cat\/es\/#organization"},"image":{"@id":"https:\/\/gimnasticdetarragona.cat\/es\/carla-plana-bicampiona-deuropa\/#primaryimage"},"thumbnailUrl":"https:\/\/gimnasticdetarragona.cat\/wp-content\/uploads\/2024\/07\/WhatsApp-Image-2024-07-23-at-17.31.30.jpeg","articleSection":["Actualidad","Secci\u00f3n Patinaje","Secciones"],"inLanguage":"es"},{"@type":"WebPage","@id":"https:\/\/gimnasticdetarragona.cat\/es\/carla-plana-bicampiona-deuropa\/","url":"https:\/\/gimnasticdetarragona.cat\/es\/carla-plana-bicampiona-deuropa\/","name":"Carla Plana, bicampeona de Europa - Gimn\u00e0stic de Tarragona SAD","isPartOf":{"@id":"https:\/\/gimnasticdetarragona.cat\/es\/#website"},"primaryImageOfPage":{"@id":"https:\/\/gimnasticdetarragona.cat\/es\/carla-plana-bicampiona-deuropa\/#primaryimage"},"image":{"@id":"https:\/\/gimnasticdetarragona.cat\/es\/carla-plana-bicampiona-deuropa\/#primaryimage"},"thumbnailUrl":"https:\/\/gimnasticdetarragona.cat\/wp-content\/uploads\/2024\/07\/WhatsApp-Image-2024-07-23-at-17.31.30.jpeg","datePublished":"2024-07-23T15:54:41+00:00","dateModified":"2024-07-23T18:09:02+00:00","breadcrumb":{"@id":"https:\/\/gimnasticdetarragona.cat\/es\/carla-plana-bicampiona-deuropa\/#breadcrumb"},"inLanguage":"es","potentialAction":[{"@type":"ReadAction","target":["https:\/\/gimnasticdetarragona.cat\/es\/carla-plana-bicampiona-deuropa\/"]}]},{"@type":"ImageObject","inLanguage":"es","@id":"https:\/\/gimnasticdetarragona.cat\/es\/carla-plana-bicampiona-deuropa\/#primaryimage","url":"https:\/\/gimnasticdetarragona.cat\/wp-content\/uploads\/2024\/07\/WhatsApp-Image-2024-07-23-at-17.31.30.jpeg","contentUrl":"https:\/\/gimnasticdetarragona.cat\/wp-content\/uploads\/2024\/07\/WhatsApp-Image-2024-07-23-at-17.31.30.jpeg","width":1600,"height":897},{"@type":"BreadcrumbList","@id":"https:\/\/gimnasticdetarragona.cat\/es\/carla-plana-bicampiona-deuropa\/#breadcrumb","itemListElement":[{"@type":"ListItem","position":1,"name":"Inici","item":"https:\/\/gimnasticdetarragona.cat\/es\/nastic\/"},{"@type":"ListItem","position":2,"name":"Carla Plana, bicampeona de Europa"}]},{"@type":"WebSite","@id":"https:\/\/gimnasticdetarragona.cat\/es\/#website","url":"https:\/\/gimnasticdetarragona.cat\/es\/","name":"Gimn\u00e0stic de Tarragona SAD","description":"Gimn\u00e0stic de Tarragona","publisher":{"@id":"https:\/\/gimnasticdetarragona.cat\/es\/#organization"},"potentialAction":[{"@type":"SearchAction","target":{"@type":"EntryPoint","urlTemplate":"https:\/\/gimnasticdetarragona.cat\/es\/?s={search_term_string}"},"query-input":{"@type":"PropertyValueSpecification","valueRequired":true,"valueName":"search_term_string"}}],"inLanguage":"es"},{"@type":"Organization","@id":"https:\/\/gimnasticdetarragona.cat\/es\/#organization","name":"GIMN\u00c0STIC DE TARRAGONA","alternateName":"N\u00c0STIC","url":"https:\/\/gimnasticdetarragona.cat\/es\/","logo":{"@type":"ImageObject","inLanguage":"es","@id":"https:\/\/gimnasticdetarragona.cat\/es\/#\/schema\/logo\/image\/","url":"https:\/\/gimnasticdetarragona.cat\/wp-content\/uploads\/2022\/06\/cropped-logo-gimnastic.png","contentUrl":"https:\/\/gimnasticdetarragona.cat\/wp-content\/uploads\/2022\/06\/cropped-logo-gimnastic.png","width":224,"height":83,"caption":"GIMN\u00c0STIC DE TARRAGONA"},"image":{"@id":"https:\/\/gimnasticdetarragona.cat\/es\/#\/schema\/logo\/image\/"},"sameAs":["https:\/\/x.com\/NASTICTARRAGONA","https:\/\/www.instagram.com\/nastictarragona\/"]},{"@type":"Person","@id":"https:\/\/gimnasticdetarragona.cat\/es\/#\/schema\/person\/0a9b7103e7dd73640eb245c4aa4afb8d","name":"Comunicacion"}]}},"_links":{"self":[{"href":"https:\/\/gimnasticdetarragona.cat\/es\/wp-json\/wp\/v2\/posts\/96215","targetHints":{"allow":["GET"]}}],"collection":[{"href":"https:\/\/gimnasticdetarragona.cat\/es\/wp-json\/wp\/v2\/posts"}],"about":[{"href":"https:\/\/gimnasticdetarragona.cat\/es\/wp-json\/wp\/v2\/types\/post"}],"author":[{"embeddable":true,"href":"https:\/\/gimnasticdetarragona.cat\/es\/wp-json\/wp\/v2\/users\/7"}],"replies":[{"embeddable":true,"href":"https:\/\/gimnasticdetarragona.cat\/es\/wp-json\/wp\/v2\/comments?post=96215"}],"version-history":[{"count":0,"href":"https:\/\/gimnasticdetarragona.cat\/es\/wp-json\/wp\/v2\/posts\/96215\/revisions"}],"wp:featuredmedia":[{"embeddable":true,"href":"https:\/\/gimnasticdetarragona.cat\/es\/wp-json\/wp\/v2\/media\/96208"}],"wp:attachment":[{"href":"https:\/\/gimnasticdetarragona.cat\/es\/wp-json\/wp\/v2\/media?parent=96215"}],"wp:term":[{"taxonomy":"category","embeddable":true,"href":"https:\/\/gimnasticdetarragona.cat\/es\/wp-json\/wp\/v2\/categories?post=96215"},{"taxonomy":"post_tag","embeddable":true,"href":"https:\/\/gimnasticdetarragona.cat\/es\/wp-json\/wp\/v2\/tags?post=96215"}],"curies":[{"name":"wp","href":"https:\/\/api.w.org\/{rel}","templated":true}]}}