{"id":96223,"date":"2024-07-24T11:28:42","date_gmt":"2024-07-24T09:28:42","guid":{"rendered":"https:\/\/gimnasticdetarragona.cat\/?p=96223"},"modified":"2024-07-24T11:33:13","modified_gmt":"2024-07-24T09:33:13","slug":"marc-alvarez-renueva-con-el-nastic-y-marcha-cedido-al-sd-tarazona","status":"publish","type":"post","link":"https:\/\/gimnasticdetarragona.cat\/es\/marc-alvarez-renueva-con-el-nastic-y-marcha-cedido-al-sd-tarazona\/","title":{"rendered":"Marc \u00c1lvarez renueva con el N\u00e0stic y marcha cedido al SD Tarazona"},"content":{"rendered":"\n<p>El Gimn\u00e0stic de Tarragona y Marc \u00c1lvarez han llegado a un acuerdo para ampliar su vinculaci\u00f3n contractual hasta junio de 2026. Adem\u00e1s, la entidad grana ha cerrado el acuerdo de cesi\u00f3n del jugador, hasta final de temporada, con la SD Tarazona.<\/p>\n\n\n\n<p>Despu\u00e9s de que el curso pasado \u00fanicamente pudiera jugar cuatro partidos oficiales por la lesi\u00f3n de larga duraci\u00f3n, el futbolista torrense seguir\u00e1 compitiendo en Primera Federaci\u00f3n para continuar su evoluci\u00f3n futbol\u00edstica. El joven jugador formado en el Planter Grana volver\u00e1 a Tarragona una vez finalice el presente curso deportivo.<\/p>\n\n\n\n<p>El Gimn\u00e0stic de Tarragona le desea a Marc \u00c1lvarez la mejor de las suertes, tanto a nivel personal como profesional, para esta nueva temporada 2024-2025 en la SD Tarazona.<\/p>\n\n\n\n<p><\/p>\n","protected":false},"excerpt":{"rendered":"<p>El Gimn\u00e0stic de Tarragona y Marc \u00c1lvarez han llegado a un acuerdo para ampliar su vinculaci\u00f3n contractual hasta junio de 2026. Adem\u00e1s, la entidad grana ha cerrado el acuerdo de cesi\u00f3n del jugador, hasta final de temporada, con la SD Tarazona. Despu\u00e9s de que el curso pasado \u00fanicamente pudiera jugar cuatro partidos oficiales por la [&hellip;]<\/p>\n","protected":false},"author":7,"featured_media":96221,"comment_status":"open","ping_status":"open","sticky":false,"template":"","format":"standard","meta":{"_acf_changed":false,"footnotes":""},"categories":[113,126],"tags":[],"class_list":["post-96223","post","type-post","status-publish","format-standard","has-post-thumbnail","hentry","category-actualidad","category-primer-equipo"],"acf":[],"yoast_head":"<!-- This site is optimized with the Yoast SEO plugin v27.3 - https:\/\/yoast.com\/product\/yoast-seo-wordpress\/ -->\n<title>Marc \u00c1lvarez renueva con el N\u00e0stic y marcha cedido al SD Tarazona - Gimn\u00e0stic de Tarragona SAD<\/title>\n<meta name=\"robots\" content=\"index, follow, max-snippet:-1, max-image-preview:large, max-video-preview:-1\" \/>\n<link rel=\"canonical\" href=\"https:\/\/gimnasticdetarragona.cat\/es\/marc-alvarez-renueva-con-el-nastic-y-marcha-cedido-al-sd-tarazona\/\" \/>\n<meta property=\"og:locale\" content=\"es_ES\" \/>\n<meta property=\"og:type\" content=\"article\" \/>\n<meta property=\"og:title\" content=\"Marc \u00c1lvarez renueva con el N\u00e0stic y marcha cedido al SD Tarazona - Gimn\u00e0stic de Tarragona SAD\" \/>\n<meta property=\"og:description\" content=\"El Gimn\u00e0stic de Tarragona y Marc \u00c1lvarez han llegado a un acuerdo para ampliar su vinculaci\u00f3n contractual hasta junio de 2026. Adem\u00e1s, la entidad grana ha cerrado el acuerdo de cesi\u00f3n del jugador, hasta final de temporada, con la SD Tarazona. Despu\u00e9s de que el curso pasado \u00fanicamente pudiera jugar cuatro partidos oficiales por la [&hellip;]\" \/>\n<meta property=\"og:url\" content=\"https:\/\/gimnasticdetarragona.cat\/es\/marc-alvarez-renueva-con-el-nastic-y-marcha-cedido-al-sd-tarazona\/\" \/>\n<meta property=\"og:site_name\" content=\"Gimn\u00e0stic de Tarragona SAD\" \/>\n<meta property=\"article:published_time\" content=\"2024-07-24T09:28:42+00:00\" \/>\n<meta property=\"article:modified_time\" content=\"2024-07-24T09:33:13+00:00\" \/>\n<meta property=\"og:image\" content=\"https:\/\/gimnasticdetarragona.cat\/wp-content\/uploads\/2024\/07\/JCB_7963-copia-scaled.jpg\" \/>\n\t<meta property=\"og:image:width\" content=\"2560\" \/>\n\t<meta property=\"og:image:height\" content=\"1706\" \/>\n\t<meta property=\"og:image:type\" content=\"image\/jpeg\" \/>\n<meta name=\"author\" content=\"Comunicacion\" \/>\n<meta name=\"twitter:card\" content=\"summary_large_image\" \/>\n<meta name=\"twitter:creator\" content=\"@NASTICTARRAGONA\" \/>\n<meta name=\"twitter:site\" content=\"@NASTICTARRAGONA\" \/>\n<meta name=\"twitter:label1\" content=\"Escrito por\" \/>\n\t<meta name=\"twitter:data1\" content=\"Comunicacion\" \/>\n\t<meta name=\"twitter:label2\" content=\"Tiempo de lectura\" \/>\n\t<meta name=\"twitter:data2\" content=\"1 minuto\" \/>\n<script type=\"application\/ld+json\" class=\"yoast-schema-graph\">{\"@context\":\"https:\\\/\\\/schema.org\",\"@graph\":[{\"@type\":\"Article\",\"@id\":\"https:\\\/\\\/gimnasticdetarragona.cat\\\/es\\\/marc-alvarez-renueva-con-el-nastic-y-marcha-cedido-al-sd-tarazona\\\/#article\",\"isPartOf\":{\"@id\":\"https:\\\/\\\/gimnasticdetarragona.cat\\\/es\\\/marc-alvarez-renueva-con-el-nastic-y-marcha-cedido-al-sd-tarazona\\\/\"},\"author\":{\"name\":\"Comunicacion\",\"@id\":\"https:\\\/\\\/gimnasticdetarragona.cat\\\/es\\\/#\\\/schema\\\/person\\\/0a9b7103e7dd73640eb245c4aa4afb8d\"},\"headline\":\"Marc \u00c1lvarez renueva con el N\u00e0stic y marcha cedido al SD Tarazona\",\"datePublished\":\"2024-07-24T09:28:42+00:00\",\"dateModified\":\"2024-07-24T09:33:13+00:00\",\"mainEntityOfPage\":{\"@id\":\"https:\\\/\\\/gimnasticdetarragona.cat\\\/es\\\/marc-alvarez-renueva-con-el-nastic-y-marcha-cedido-al-sd-tarazona\\\/\"},\"wordCount\":142,\"commentCount\":0,\"publisher\":{\"@id\":\"https:\\\/\\\/gimnasticdetarragona.cat\\\/es\\\/#organization\"},\"image\":{\"@id\":\"https:\\\/\\\/gimnasticdetarragona.cat\\\/es\\\/marc-alvarez-renueva-con-el-nastic-y-marcha-cedido-al-sd-tarazona\\\/#primaryimage\"},\"thumbnailUrl\":\"https:\\\/\\\/gimnasticdetarragona.cat\\\/wp-content\\\/uploads\\\/2024\\\/07\\\/JCB_7963-copia-scaled.jpg\",\"articleSection\":[\"Actualidad\",\"Primer Equipo\"],\"inLanguage\":\"es\"},{\"@type\":\"WebPage\",\"@id\":\"https:\\\/\\\/gimnasticdetarragona.cat\\\/es\\\/marc-alvarez-renueva-con-el-nastic-y-marcha-cedido-al-sd-tarazona\\\/\",\"url\":\"https:\\\/\\\/gimnasticdetarragona.cat\\\/es\\\/marc-alvarez-renueva-con-el-nastic-y-marcha-cedido-al-sd-tarazona\\\/\",\"name\":\"Marc \u00c1lvarez renueva con el N\u00e0stic y marcha cedido al SD Tarazona - Gimn\u00e0stic de Tarragona SAD\",\"isPartOf\":{\"@id\":\"https:\\\/\\\/gimnasticdetarragona.cat\\\/es\\\/#website\"},\"primaryImageOfPage\":{\"@id\":\"https:\\\/\\\/gimnasticdetarragona.cat\\\/es\\\/marc-alvarez-renueva-con-el-nastic-y-marcha-cedido-al-sd-tarazona\\\/#primaryimage\"},\"image\":{\"@id\":\"https:\\\/\\\/gimnasticdetarragona.cat\\\/es\\\/marc-alvarez-renueva-con-el-nastic-y-marcha-cedido-al-sd-tarazona\\\/#primaryimage\"},\"thumbnailUrl\":\"https:\\\/\\\/gimnasticdetarragona.cat\\\/wp-content\\\/uploads\\\/2024\\\/07\\\/JCB_7963-copia-scaled.jpg\",\"datePublished\":\"2024-07-24T09:28:42+00:00\",\"dateModified\":\"2024-07-24T09:33:13+00:00\",\"breadcrumb\":{\"@id\":\"https:\\\/\\\/gimnasticdetarragona.cat\\\/es\\\/marc-alvarez-renueva-con-el-nastic-y-marcha-cedido-al-sd-tarazona\\\/#breadcrumb\"},\"inLanguage\":\"es\",\"potentialAction\":[{\"@type\":\"ReadAction\",\"target\":[\"https:\\\/\\\/gimnasticdetarragona.cat\\\/es\\\/marc-alvarez-renueva-con-el-nastic-y-marcha-cedido-al-sd-tarazona\\\/\"]}]},{\"@type\":\"ImageObject\",\"inLanguage\":\"es\",\"@id\":\"https:\\\/\\\/gimnasticdetarragona.cat\\\/es\\\/marc-alvarez-renueva-con-el-nastic-y-marcha-cedido-al-sd-tarazona\\\/#primaryimage\",\"url\":\"https:\\\/\\\/gimnasticdetarragona.cat\\\/wp-content\\\/uploads\\\/2024\\\/07\\\/JCB_7963-copia-scaled.jpg\",\"contentUrl\":\"https:\\\/\\\/gimnasticdetarragona.cat\\\/wp-content\\\/uploads\\\/2024\\\/07\\\/JCB_7963-copia-scaled.jpg\",\"width\":2560,\"height\":1706},{\"@type\":\"BreadcrumbList\",\"@id\":\"https:\\\/\\\/gimnasticdetarragona.cat\\\/es\\\/marc-alvarez-renueva-con-el-nastic-y-marcha-cedido-al-sd-tarazona\\\/#breadcrumb\",\"itemListElement\":[{\"@type\":\"ListItem\",\"position\":1,\"name\":\"Inici\",\"item\":\"https:\\\/\\\/gimnasticdetarragona.cat\\\/es\\\/nastic\\\/\"},{\"@type\":\"ListItem\",\"position\":2,\"name\":\"Marc \u00c1lvarez renueva con el N\u00e0stic y marcha cedido al SD Tarazona\"}]},{\"@type\":\"WebSite\",\"@id\":\"https:\\\/\\\/gimnasticdetarragona.cat\\\/es\\\/#website\",\"url\":\"https:\\\/\\\/gimnasticdetarragona.cat\\\/es\\\/\",\"name\":\"Gimn\u00e0stic de Tarragona SAD\",\"description\":\"Gimn\u00e0stic de Tarragona\",\"publisher\":{\"@id\":\"https:\\\/\\\/gimnasticdetarragona.cat\\\/es\\\/#organization\"},\"potentialAction\":[{\"@type\":\"SearchAction\",\"target\":{\"@type\":\"EntryPoint\",\"urlTemplate\":\"https:\\\/\\\/gimnasticdetarragona.cat\\\/es\\\/?s={search_term_string}\"},\"query-input\":{\"@type\":\"PropertyValueSpecification\",\"valueRequired\":true,\"valueName\":\"search_term_string\"}}],\"inLanguage\":\"es\"},{\"@type\":\"Organization\",\"@id\":\"https:\\\/\\\/gimnasticdetarragona.cat\\\/es\\\/#organization\",\"name\":\"GIMN\u00c0STIC DE TARRAGONA\",\"alternateName\":\"N\u00c0STIC\",\"url\":\"https:\\\/\\\/gimnasticdetarragona.cat\\\/es\\\/\",\"logo\":{\"@type\":\"ImageObject\",\"inLanguage\":\"es\",\"@id\":\"https:\\\/\\\/gimnasticdetarragona.cat\\\/es\\\/#\\\/schema\\\/logo\\\/image\\\/\",\"url\":\"https:\\\/\\\/gimnasticdetarragona.cat\\\/wp-content\\\/uploads\\\/2022\\\/06\\\/cropped-logo-gimnastic.png\",\"contentUrl\":\"https:\\\/\\\/gimnasticdetarragona.cat\\\/wp-content\\\/uploads\\\/2022\\\/06\\\/cropped-logo-gimnastic.png\",\"width\":224,\"height\":83,\"caption\":\"GIMN\u00c0STIC DE TARRAGONA\"},\"image\":{\"@id\":\"https:\\\/\\\/gimnasticdetarragona.cat\\\/es\\\/#\\\/schema\\\/logo\\\/image\\\/\"},\"sameAs\":[\"https:\\\/\\\/x.com\\\/NASTICTARRAGONA\",\"https:\\\/\\\/www.instagram.com\\\/nastictarragona\\\/\"]},{\"@type\":\"Person\",\"@id\":\"https:\\\/\\\/gimnasticdetarragona.cat\\\/es\\\/#\\\/schema\\\/person\\\/0a9b7103e7dd73640eb245c4aa4afb8d\",\"name\":\"Comunicacion\"}]}<\/script>\n<!-- \/ Yoast SEO plugin. -->","yoast_head_json":{"title":"Marc \u00c1lvarez renueva con el N\u00e0stic y marcha cedido al SD Tarazona - Gimn\u00e0stic de Tarragona SAD","robots":{"index":"index","follow":"follow","max-snippet":"max-snippet:-1","max-image-preview":"max-image-preview:large","max-video-preview":"max-video-preview:-1"},"canonical":"https:\/\/gimnasticdetarragona.cat\/es\/marc-alvarez-renueva-con-el-nastic-y-marcha-cedido-al-sd-tarazona\/","og_locale":"es_ES","og_type":"article","og_title":"Marc \u00c1lvarez renueva con el N\u00e0stic y marcha cedido al SD Tarazona - Gimn\u00e0stic de Tarragona SAD","og_description":"El Gimn\u00e0stic de Tarragona y Marc \u00c1lvarez han llegado a un acuerdo para ampliar su vinculaci\u00f3n contractual hasta junio de 2026. Adem\u00e1s, la entidad grana ha cerrado el acuerdo de cesi\u00f3n del jugador, hasta final de temporada, con la SD Tarazona. Despu\u00e9s de que el curso pasado \u00fanicamente pudiera jugar cuatro partidos oficiales por la [&hellip;]","og_url":"https:\/\/gimnasticdetarragona.cat\/es\/marc-alvarez-renueva-con-el-nastic-y-marcha-cedido-al-sd-tarazona\/","og_site_name":"Gimn\u00e0stic de Tarragona SAD","article_published_time":"2024-07-24T09:28:42+00:00","article_modified_time":"2024-07-24T09:33:13+00:00","og_image":[{"width":2560,"height":1706,"url":"https:\/\/gimnasticdetarragona.cat\/wp-content\/uploads\/2024\/07\/JCB_7963-copia-scaled.jpg","type":"image\/jpeg"}],"author":"Comunicacion","twitter_card":"summary_large_image","twitter_creator":"@NASTICTARRAGONA","twitter_site":"@NASTICTARRAGONA","twitter_misc":{"Escrito por":"Comunicacion","Tiempo de lectura":"1 minuto"},"schema":{"@context":"https:\/\/schema.org","@graph":[{"@type":"Article","@id":"https:\/\/gimnasticdetarragona.cat\/es\/marc-alvarez-renueva-con-el-nastic-y-marcha-cedido-al-sd-tarazona\/#article","isPartOf":{"@id":"https:\/\/gimnasticdetarragona.cat\/es\/marc-alvarez-renueva-con-el-nastic-y-marcha-cedido-al-sd-tarazona\/"},"author":{"name":"Comunicacion","@id":"https:\/\/gimnasticdetarragona.cat\/es\/#\/schema\/person\/0a9b7103e7dd73640eb245c4aa4afb8d"},"headline":"Marc \u00c1lvarez renueva con el N\u00e0stic y marcha cedido al SD Tarazona","datePublished":"2024-07-24T09:28:42+00:00","dateModified":"2024-07-24T09:33:13+00:00","mainEntityOfPage":{"@id":"https:\/\/gimnasticdetarragona.cat\/es\/marc-alvarez-renueva-con-el-nastic-y-marcha-cedido-al-sd-tarazona\/"},"wordCount":142,"commentCount":0,"publisher":{"@id":"https:\/\/gimnasticdetarragona.cat\/es\/#organization"},"image":{"@id":"https:\/\/gimnasticdetarragona.cat\/es\/marc-alvarez-renueva-con-el-nastic-y-marcha-cedido-al-sd-tarazona\/#primaryimage"},"thumbnailUrl":"https:\/\/gimnasticdetarragona.cat\/wp-content\/uploads\/2024\/07\/JCB_7963-copia-scaled.jpg","articleSection":["Actualidad","Primer Equipo"],"inLanguage":"es"},{"@type":"WebPage","@id":"https:\/\/gimnasticdetarragona.cat\/es\/marc-alvarez-renueva-con-el-nastic-y-marcha-cedido-al-sd-tarazona\/","url":"https:\/\/gimnasticdetarragona.cat\/es\/marc-alvarez-renueva-con-el-nastic-y-marcha-cedido-al-sd-tarazona\/","name":"Marc \u00c1lvarez renueva con el N\u00e0stic y marcha cedido al SD Tarazona - Gimn\u00e0stic de Tarragona SAD","isPartOf":{"@id":"https:\/\/gimnasticdetarragona.cat\/es\/#website"},"primaryImageOfPage":{"@id":"https:\/\/gimnasticdetarragona.cat\/es\/marc-alvarez-renueva-con-el-nastic-y-marcha-cedido-al-sd-tarazona\/#primaryimage"},"image":{"@id":"https:\/\/gimnasticdetarragona.cat\/es\/marc-alvarez-renueva-con-el-nastic-y-marcha-cedido-al-sd-tarazona\/#primaryimage"},"thumbnailUrl":"https:\/\/gimnasticdetarragona.cat\/wp-content\/uploads\/2024\/07\/JCB_7963-copia-scaled.jpg","datePublished":"2024-07-24T09:28:42+00:00","dateModified":"2024-07-24T09:33:13+00:00","breadcrumb":{"@id":"https:\/\/gimnasticdetarragona.cat\/es\/marc-alvarez-renueva-con-el-nastic-y-marcha-cedido-al-sd-tarazona\/#breadcrumb"},"inLanguage":"es","potentialAction":[{"@type":"ReadAction","target":["https:\/\/gimnasticdetarragona.cat\/es\/marc-alvarez-renueva-con-el-nastic-y-marcha-cedido-al-sd-tarazona\/"]}]},{"@type":"ImageObject","inLanguage":"es","@id":"https:\/\/gimnasticdetarragona.cat\/es\/marc-alvarez-renueva-con-el-nastic-y-marcha-cedido-al-sd-tarazona\/#primaryimage","url":"https:\/\/gimnasticdetarragona.cat\/wp-content\/uploads\/2024\/07\/JCB_7963-copia-scaled.jpg","contentUrl":"https:\/\/gimnasticdetarragona.cat\/wp-content\/uploads\/2024\/07\/JCB_7963-copia-scaled.jpg","width":2560,"height":1706},{"@type":"BreadcrumbList","@id":"https:\/\/gimnasticdetarragona.cat\/es\/marc-alvarez-renueva-con-el-nastic-y-marcha-cedido-al-sd-tarazona\/#breadcrumb","itemListElement":[{"@type":"ListItem","position":1,"name":"Inici","item":"https:\/\/gimnasticdetarragona.cat\/es\/nastic\/"},{"@type":"ListItem","position":2,"name":"Marc \u00c1lvarez renueva con el N\u00e0stic y marcha cedido al SD Tarazona"}]},{"@type":"WebSite","@id":"https:\/\/gimnasticdetarragona.cat\/es\/#website","url":"https:\/\/gimnasticdetarragona.cat\/es\/","name":"Gimn\u00e0stic de Tarragona SAD","description":"Gimn\u00e0stic de Tarragona","publisher":{"@id":"https:\/\/gimnasticdetarragona.cat\/es\/#organization"},"potentialAction":[{"@type":"SearchAction","target":{"@type":"EntryPoint","urlTemplate":"https:\/\/gimnasticdetarragona.cat\/es\/?s={search_term_string}"},"query-input":{"@type":"PropertyValueSpecification","valueRequired":true,"valueName":"search_term_string"}}],"inLanguage":"es"},{"@type":"Organization","@id":"https:\/\/gimnasticdetarragona.cat\/es\/#organization","name":"GIMN\u00c0STIC DE TARRAGONA","alternateName":"N\u00c0STIC","url":"https:\/\/gimnasticdetarragona.cat\/es\/","logo":{"@type":"ImageObject","inLanguage":"es","@id":"https:\/\/gimnasticdetarragona.cat\/es\/#\/schema\/logo\/image\/","url":"https:\/\/gimnasticdetarragona.cat\/wp-content\/uploads\/2022\/06\/cropped-logo-gimnastic.png","contentUrl":"https:\/\/gimnasticdetarragona.cat\/wp-content\/uploads\/2022\/06\/cropped-logo-gimnastic.png","width":224,"height":83,"caption":"GIMN\u00c0STIC DE TARRAGONA"},"image":{"@id":"https:\/\/gimnasticdetarragona.cat\/es\/#\/schema\/logo\/image\/"},"sameAs":["https:\/\/x.com\/NASTICTARRAGONA","https:\/\/www.instagram.com\/nastictarragona\/"]},{"@type":"Person","@id":"https:\/\/gimnasticdetarragona.cat\/es\/#\/schema\/person\/0a9b7103e7dd73640eb245c4aa4afb8d","name":"Comunicacion"}]}},"_links":{"self":[{"href":"https:\/\/gimnasticdetarragona.cat\/es\/wp-json\/wp\/v2\/posts\/96223","targetHints":{"allow":["GET"]}}],"collection":[{"href":"https:\/\/gimnasticdetarragona.cat\/es\/wp-json\/wp\/v2\/posts"}],"about":[{"href":"https:\/\/gimnasticdetarragona.cat\/es\/wp-json\/wp\/v2\/types\/post"}],"author":[{"embeddable":true,"href":"https:\/\/gimnasticdetarragona.cat\/es\/wp-json\/wp\/v2\/users\/7"}],"replies":[{"embeddable":true,"href":"https:\/\/gimnasticdetarragona.cat\/es\/wp-json\/wp\/v2\/comments?post=96223"}],"version-history":[{"count":0,"href":"https:\/\/gimnasticdetarragona.cat\/es\/wp-json\/wp\/v2\/posts\/96223\/revisions"}],"wp:featuredmedia":[{"embeddable":true,"href":"https:\/\/gimnasticdetarragona.cat\/es\/wp-json\/wp\/v2\/media\/96221"}],"wp:attachment":[{"href":"https:\/\/gimnasticdetarragona.cat\/es\/wp-json\/wp\/v2\/media?parent=96223"}],"wp:term":[{"taxonomy":"category","embeddable":true,"href":"https:\/\/gimnasticdetarragona.cat\/es\/wp-json\/wp\/v2\/categories?post=96223"},{"taxonomy":"post_tag","embeddable":true,"href":"https:\/\/gimnasticdetarragona.cat\/es\/wp-json\/wp\/v2\/tags?post=96223"}],"curies":[{"name":"wp","href":"https:\/\/api.w.org\/{rel}","templated":true}]}}