{"id":96471,"date":"2024-08-29T17:58:43","date_gmt":"2024-08-29T15:58:43","guid":{"rendered":"https:\/\/gimnasticdetarragona.cat\/diumenge-els-nastiquers-tornaran-al-nou-estadi-costa-daurada\/"},"modified":"2024-08-29T18:13:30","modified_gmt":"2024-08-29T16:13:30","slug":"diumenge-els-nastiquers-tornaran-al-nou-estadi-costa-daurada","status":"publish","type":"post","link":"https:\/\/gimnasticdetarragona.cat\/es\/diumenge-els-nastiquers-tornaran-al-nou-estadi-costa-daurada\/","title":{"rendered":"El domingo, los nastiquers volver\u00e1n al Nou Estadi Costa Daurada"},"content":{"rendered":"\n<p>El Gimn\u00e0stic de Tarragona informa que hace unos minutos el juzgado central de lo contencioso-administrativo ha concedido las medidas cautelares solicitadas que permitir\u00e1n a todos los socios y aficionados disfrutar del N\u00e0stic \u2013 Sestao River en las gradas del Nou Estadi Costa Daurada (domingo, 01\/09, 18 h).<\/p>\n\n\n\n<p>La entidad grana y los servicios jur\u00eddicos han trabajado para hacer posible que el partido de la jornada 2, y los consecutivos que se disputen en el Templo, puedan contar con el apoyo de los aficionados grana. Los eventos de las \u00faltimas horas han sido:<\/p>\n\n\n\n<ul class=\"wp-block-list\">\n<li>El martes 27\/08, al mediod\u00eda, el TAD confirma la sanci\u00f3n en su integridad en la entidad grana.<\/li>\n\n\n\n<li>El mi\u00e9rcoles 28\/08, preparando el recurso con rapidez, el Gimn\u00e0stic de Tarragona, SAD solicita la cautelar\u00edsima mediante la v\u00eda ordinaria en el juzgado central de lo contencioso-administrativo.<\/li>\n\n\n\n<li>Hoy, jueves 29\/08, el juzgado central de lo contencioso-administrativo ha estimado el recurso aceptando la cautelar\u00edsima.<\/li>\n<\/ul>\n\n\n\n<p>De esta forma, la entidad grana cancela la pantalla gigante anunciada y todos los socios podr\u00e1n acceder con su abono 2024-2025. Adem\u00e1s se pondr\u00e1n entradas a la venta por los canales oficiales: online, punto de atenci\u00f3n al socio y taquillas (d\u00eda de partido).<\/p>\n","protected":false},"excerpt":{"rendered":"<p>El contencioso-administrativo concede la cautelar\u00edsima para restablecer la normalidad en los partidos en casa<\/p>\n","protected":false},"author":7,"featured_media":96469,"comment_status":"open","ping_status":"open","sticky":false,"template":"","format":"standard","meta":{"_acf_changed":false,"footnotes":""},"categories":[113,114,138],"tags":[],"class_list":["post-96471","post","type-post","status-publish","format-standard","has-post-thumbnail","hentry","category-actualidad","category-aficion","category-socio"],"acf":[],"yoast_head":"<!-- This site is optimized with the Yoast SEO plugin v27.3 - https:\/\/yoast.com\/product\/yoast-seo-wordpress\/ -->\n<title>El domingo, los nastiquers volver\u00e1n al Nou Estadi Costa Daurada - Gimn\u00e0stic de Tarragona SAD<\/title>\n<meta name=\"robots\" content=\"index, follow, max-snippet:-1, max-image-preview:large, max-video-preview:-1\" \/>\n<link rel=\"canonical\" href=\"https:\/\/gimnasticdetarragona.cat\/es\/diumenge-els-nastiquers-tornaran-al-nou-estadi-costa-daurada\/\" \/>\n<meta property=\"og:locale\" content=\"es_ES\" \/>\n<meta property=\"og:type\" content=\"article\" \/>\n<meta property=\"og:title\" content=\"El domingo, los nastiquers volver\u00e1n al Nou Estadi Costa Daurada - Gimn\u00e0stic de Tarragona SAD\" \/>\n<meta property=\"og:description\" content=\"El contencioso-administrativo concede la cautelar\u00edsima para restablecer la normalidad en los partidos en casa\" \/>\n<meta property=\"og:url\" content=\"https:\/\/gimnasticdetarragona.cat\/es\/diumenge-els-nastiquers-tornaran-al-nou-estadi-costa-daurada\/\" \/>\n<meta property=\"og:site_name\" content=\"Gimn\u00e0stic de Tarragona SAD\" \/>\n<meta property=\"article:published_time\" content=\"2024-08-29T15:58:43+00:00\" \/>\n<meta property=\"article:modified_time\" content=\"2024-08-29T16:13:30+00:00\" \/>\n<meta property=\"og:image\" content=\"https:\/\/gimnasticdetarragona.cat\/wp-content\/uploads\/2024\/08\/DSC_9709.jpg\" \/>\n\t<meta property=\"og:image:width\" content=\"1020\" \/>\n\t<meta property=\"og:image:height\" content=\"927\" \/>\n\t<meta property=\"og:image:type\" content=\"image\/jpeg\" \/>\n<meta name=\"author\" content=\"Comunicacion\" \/>\n<meta name=\"twitter:card\" content=\"summary_large_image\" \/>\n<meta name=\"twitter:creator\" content=\"@NASTICTARRAGONA\" \/>\n<meta name=\"twitter:site\" content=\"@NASTICTARRAGONA\" \/>\n<meta name=\"twitter:label1\" content=\"Escrito por\" \/>\n\t<meta name=\"twitter:data1\" content=\"Comunicacion\" \/>\n\t<meta name=\"twitter:label2\" content=\"Tiempo de lectura\" \/>\n\t<meta name=\"twitter:data2\" content=\"1 minuto\" \/>\n<script type=\"application\/ld+json\" class=\"yoast-schema-graph\">{\"@context\":\"https:\\\/\\\/schema.org\",\"@graph\":[{\"@type\":\"Article\",\"@id\":\"https:\\\/\\\/gimnasticdetarragona.cat\\\/es\\\/diumenge-els-nastiquers-tornaran-al-nou-estadi-costa-daurada\\\/#article\",\"isPartOf\":{\"@id\":\"https:\\\/\\\/gimnasticdetarragona.cat\\\/es\\\/diumenge-els-nastiquers-tornaran-al-nou-estadi-costa-daurada\\\/\"},\"author\":{\"name\":\"Comunicacion\",\"@id\":\"https:\\\/\\\/gimnasticdetarragona.cat\\\/es\\\/#\\\/schema\\\/person\\\/0a9b7103e7dd73640eb245c4aa4afb8d\"},\"headline\":\"El domingo, los nastiquers volver\u00e1n al Nou Estadi Costa Daurada\",\"datePublished\":\"2024-08-29T15:58:43+00:00\",\"dateModified\":\"2024-08-29T16:13:30+00:00\",\"mainEntityOfPage\":{\"@id\":\"https:\\\/\\\/gimnasticdetarragona.cat\\\/es\\\/diumenge-els-nastiquers-tornaran-al-nou-estadi-costa-daurada\\\/\"},\"wordCount\":215,\"commentCount\":0,\"publisher\":{\"@id\":\"https:\\\/\\\/gimnasticdetarragona.cat\\\/es\\\/#organization\"},\"image\":{\"@id\":\"https:\\\/\\\/gimnasticdetarragona.cat\\\/es\\\/diumenge-els-nastiquers-tornaran-al-nou-estadi-costa-daurada\\\/#primaryimage\"},\"thumbnailUrl\":\"https:\\\/\\\/gimnasticdetarragona.cat\\\/wp-content\\\/uploads\\\/2024\\\/08\\\/DSC_9709.jpg\",\"articleSection\":[\"Actualidad\",\"Afici\u00f3n\",\"Socio\"],\"inLanguage\":\"es\"},{\"@type\":\"WebPage\",\"@id\":\"https:\\\/\\\/gimnasticdetarragona.cat\\\/es\\\/diumenge-els-nastiquers-tornaran-al-nou-estadi-costa-daurada\\\/\",\"url\":\"https:\\\/\\\/gimnasticdetarragona.cat\\\/es\\\/diumenge-els-nastiquers-tornaran-al-nou-estadi-costa-daurada\\\/\",\"name\":\"El domingo, los nastiquers volver\u00e1n al Nou Estadi Costa Daurada - Gimn\u00e0stic de Tarragona SAD\",\"isPartOf\":{\"@id\":\"https:\\\/\\\/gimnasticdetarragona.cat\\\/es\\\/#website\"},\"primaryImageOfPage\":{\"@id\":\"https:\\\/\\\/gimnasticdetarragona.cat\\\/es\\\/diumenge-els-nastiquers-tornaran-al-nou-estadi-costa-daurada\\\/#primaryimage\"},\"image\":{\"@id\":\"https:\\\/\\\/gimnasticdetarragona.cat\\\/es\\\/diumenge-els-nastiquers-tornaran-al-nou-estadi-costa-daurada\\\/#primaryimage\"},\"thumbnailUrl\":\"https:\\\/\\\/gimnasticdetarragona.cat\\\/wp-content\\\/uploads\\\/2024\\\/08\\\/DSC_9709.jpg\",\"datePublished\":\"2024-08-29T15:58:43+00:00\",\"dateModified\":\"2024-08-29T16:13:30+00:00\",\"breadcrumb\":{\"@id\":\"https:\\\/\\\/gimnasticdetarragona.cat\\\/es\\\/diumenge-els-nastiquers-tornaran-al-nou-estadi-costa-daurada\\\/#breadcrumb\"},\"inLanguage\":\"es\",\"potentialAction\":[{\"@type\":\"ReadAction\",\"target\":[\"https:\\\/\\\/gimnasticdetarragona.cat\\\/es\\\/diumenge-els-nastiquers-tornaran-al-nou-estadi-costa-daurada\\\/\"]}]},{\"@type\":\"ImageObject\",\"inLanguage\":\"es\",\"@id\":\"https:\\\/\\\/gimnasticdetarragona.cat\\\/es\\\/diumenge-els-nastiquers-tornaran-al-nou-estadi-costa-daurada\\\/#primaryimage\",\"url\":\"https:\\\/\\\/gimnasticdetarragona.cat\\\/wp-content\\\/uploads\\\/2024\\\/08\\\/DSC_9709.jpg\",\"contentUrl\":\"https:\\\/\\\/gimnasticdetarragona.cat\\\/wp-content\\\/uploads\\\/2024\\\/08\\\/DSC_9709.jpg\",\"width\":1020,\"height\":927},{\"@type\":\"BreadcrumbList\",\"@id\":\"https:\\\/\\\/gimnasticdetarragona.cat\\\/es\\\/diumenge-els-nastiquers-tornaran-al-nou-estadi-costa-daurada\\\/#breadcrumb\",\"itemListElement\":[{\"@type\":\"ListItem\",\"position\":1,\"name\":\"Inici\",\"item\":\"https:\\\/\\\/gimnasticdetarragona.cat\\\/es\\\/nastic\\\/\"},{\"@type\":\"ListItem\",\"position\":2,\"name\":\"El domingo, los nastiquers volver\u00e1n al Nou Estadi Costa Daurada\"}]},{\"@type\":\"WebSite\",\"@id\":\"https:\\\/\\\/gimnasticdetarragona.cat\\\/es\\\/#website\",\"url\":\"https:\\\/\\\/gimnasticdetarragona.cat\\\/es\\\/\",\"name\":\"Gimn\u00e0stic de Tarragona SAD\",\"description\":\"Gimn\u00e0stic de Tarragona\",\"publisher\":{\"@id\":\"https:\\\/\\\/gimnasticdetarragona.cat\\\/es\\\/#organization\"},\"potentialAction\":[{\"@type\":\"SearchAction\",\"target\":{\"@type\":\"EntryPoint\",\"urlTemplate\":\"https:\\\/\\\/gimnasticdetarragona.cat\\\/es\\\/?s={search_term_string}\"},\"query-input\":{\"@type\":\"PropertyValueSpecification\",\"valueRequired\":true,\"valueName\":\"search_term_string\"}}],\"inLanguage\":\"es\"},{\"@type\":\"Organization\",\"@id\":\"https:\\\/\\\/gimnasticdetarragona.cat\\\/es\\\/#organization\",\"name\":\"GIMN\u00c0STIC DE TARRAGONA\",\"alternateName\":\"N\u00c0STIC\",\"url\":\"https:\\\/\\\/gimnasticdetarragona.cat\\\/es\\\/\",\"logo\":{\"@type\":\"ImageObject\",\"inLanguage\":\"es\",\"@id\":\"https:\\\/\\\/gimnasticdetarragona.cat\\\/es\\\/#\\\/schema\\\/logo\\\/image\\\/\",\"url\":\"https:\\\/\\\/gimnasticdetarragona.cat\\\/wp-content\\\/uploads\\\/2022\\\/06\\\/cropped-logo-gimnastic.png\",\"contentUrl\":\"https:\\\/\\\/gimnasticdetarragona.cat\\\/wp-content\\\/uploads\\\/2022\\\/06\\\/cropped-logo-gimnastic.png\",\"width\":224,\"height\":83,\"caption\":\"GIMN\u00c0STIC DE TARRAGONA\"},\"image\":{\"@id\":\"https:\\\/\\\/gimnasticdetarragona.cat\\\/es\\\/#\\\/schema\\\/logo\\\/image\\\/\"},\"sameAs\":[\"https:\\\/\\\/x.com\\\/NASTICTARRAGONA\",\"https:\\\/\\\/www.instagram.com\\\/nastictarragona\\\/\"]},{\"@type\":\"Person\",\"@id\":\"https:\\\/\\\/gimnasticdetarragona.cat\\\/es\\\/#\\\/schema\\\/person\\\/0a9b7103e7dd73640eb245c4aa4afb8d\",\"name\":\"Comunicacion\"}]}<\/script>\n<!-- \/ Yoast SEO plugin. -->","yoast_head_json":{"title":"El domingo, los nastiquers volver\u00e1n al Nou Estadi Costa Daurada - Gimn\u00e0stic de Tarragona SAD","robots":{"index":"index","follow":"follow","max-snippet":"max-snippet:-1","max-image-preview":"max-image-preview:large","max-video-preview":"max-video-preview:-1"},"canonical":"https:\/\/gimnasticdetarragona.cat\/es\/diumenge-els-nastiquers-tornaran-al-nou-estadi-costa-daurada\/","og_locale":"es_ES","og_type":"article","og_title":"El domingo, los nastiquers volver\u00e1n al Nou Estadi Costa Daurada - Gimn\u00e0stic de Tarragona SAD","og_description":"El contencioso-administrativo concede la cautelar\u00edsima para restablecer la normalidad en los partidos en casa","og_url":"https:\/\/gimnasticdetarragona.cat\/es\/diumenge-els-nastiquers-tornaran-al-nou-estadi-costa-daurada\/","og_site_name":"Gimn\u00e0stic de Tarragona SAD","article_published_time":"2024-08-29T15:58:43+00:00","article_modified_time":"2024-08-29T16:13:30+00:00","og_image":[{"width":1020,"height":927,"url":"https:\/\/gimnasticdetarragona.cat\/wp-content\/uploads\/2024\/08\/DSC_9709.jpg","type":"image\/jpeg"}],"author":"Comunicacion","twitter_card":"summary_large_image","twitter_creator":"@NASTICTARRAGONA","twitter_site":"@NASTICTARRAGONA","twitter_misc":{"Escrito por":"Comunicacion","Tiempo de lectura":"1 minuto"},"schema":{"@context":"https:\/\/schema.org","@graph":[{"@type":"Article","@id":"https:\/\/gimnasticdetarragona.cat\/es\/diumenge-els-nastiquers-tornaran-al-nou-estadi-costa-daurada\/#article","isPartOf":{"@id":"https:\/\/gimnasticdetarragona.cat\/es\/diumenge-els-nastiquers-tornaran-al-nou-estadi-costa-daurada\/"},"author":{"name":"Comunicacion","@id":"https:\/\/gimnasticdetarragona.cat\/es\/#\/schema\/person\/0a9b7103e7dd73640eb245c4aa4afb8d"},"headline":"El domingo, los nastiquers volver\u00e1n al Nou Estadi Costa Daurada","datePublished":"2024-08-29T15:58:43+00:00","dateModified":"2024-08-29T16:13:30+00:00","mainEntityOfPage":{"@id":"https:\/\/gimnasticdetarragona.cat\/es\/diumenge-els-nastiquers-tornaran-al-nou-estadi-costa-daurada\/"},"wordCount":215,"commentCount":0,"publisher":{"@id":"https:\/\/gimnasticdetarragona.cat\/es\/#organization"},"image":{"@id":"https:\/\/gimnasticdetarragona.cat\/es\/diumenge-els-nastiquers-tornaran-al-nou-estadi-costa-daurada\/#primaryimage"},"thumbnailUrl":"https:\/\/gimnasticdetarragona.cat\/wp-content\/uploads\/2024\/08\/DSC_9709.jpg","articleSection":["Actualidad","Afici\u00f3n","Socio"],"inLanguage":"es"},{"@type":"WebPage","@id":"https:\/\/gimnasticdetarragona.cat\/es\/diumenge-els-nastiquers-tornaran-al-nou-estadi-costa-daurada\/","url":"https:\/\/gimnasticdetarragona.cat\/es\/diumenge-els-nastiquers-tornaran-al-nou-estadi-costa-daurada\/","name":"El domingo, los nastiquers volver\u00e1n al Nou Estadi Costa Daurada - Gimn\u00e0stic de Tarragona SAD","isPartOf":{"@id":"https:\/\/gimnasticdetarragona.cat\/es\/#website"},"primaryImageOfPage":{"@id":"https:\/\/gimnasticdetarragona.cat\/es\/diumenge-els-nastiquers-tornaran-al-nou-estadi-costa-daurada\/#primaryimage"},"image":{"@id":"https:\/\/gimnasticdetarragona.cat\/es\/diumenge-els-nastiquers-tornaran-al-nou-estadi-costa-daurada\/#primaryimage"},"thumbnailUrl":"https:\/\/gimnasticdetarragona.cat\/wp-content\/uploads\/2024\/08\/DSC_9709.jpg","datePublished":"2024-08-29T15:58:43+00:00","dateModified":"2024-08-29T16:13:30+00:00","breadcrumb":{"@id":"https:\/\/gimnasticdetarragona.cat\/es\/diumenge-els-nastiquers-tornaran-al-nou-estadi-costa-daurada\/#breadcrumb"},"inLanguage":"es","potentialAction":[{"@type":"ReadAction","target":["https:\/\/gimnasticdetarragona.cat\/es\/diumenge-els-nastiquers-tornaran-al-nou-estadi-costa-daurada\/"]}]},{"@type":"ImageObject","inLanguage":"es","@id":"https:\/\/gimnasticdetarragona.cat\/es\/diumenge-els-nastiquers-tornaran-al-nou-estadi-costa-daurada\/#primaryimage","url":"https:\/\/gimnasticdetarragona.cat\/wp-content\/uploads\/2024\/08\/DSC_9709.jpg","contentUrl":"https:\/\/gimnasticdetarragona.cat\/wp-content\/uploads\/2024\/08\/DSC_9709.jpg","width":1020,"height":927},{"@type":"BreadcrumbList","@id":"https:\/\/gimnasticdetarragona.cat\/es\/diumenge-els-nastiquers-tornaran-al-nou-estadi-costa-daurada\/#breadcrumb","itemListElement":[{"@type":"ListItem","position":1,"name":"Inici","item":"https:\/\/gimnasticdetarragona.cat\/es\/nastic\/"},{"@type":"ListItem","position":2,"name":"El domingo, los nastiquers volver\u00e1n al Nou Estadi Costa Daurada"}]},{"@type":"WebSite","@id":"https:\/\/gimnasticdetarragona.cat\/es\/#website","url":"https:\/\/gimnasticdetarragona.cat\/es\/","name":"Gimn\u00e0stic de Tarragona SAD","description":"Gimn\u00e0stic de Tarragona","publisher":{"@id":"https:\/\/gimnasticdetarragona.cat\/es\/#organization"},"potentialAction":[{"@type":"SearchAction","target":{"@type":"EntryPoint","urlTemplate":"https:\/\/gimnasticdetarragona.cat\/es\/?s={search_term_string}"},"query-input":{"@type":"PropertyValueSpecification","valueRequired":true,"valueName":"search_term_string"}}],"inLanguage":"es"},{"@type":"Organization","@id":"https:\/\/gimnasticdetarragona.cat\/es\/#organization","name":"GIMN\u00c0STIC DE TARRAGONA","alternateName":"N\u00c0STIC","url":"https:\/\/gimnasticdetarragona.cat\/es\/","logo":{"@type":"ImageObject","inLanguage":"es","@id":"https:\/\/gimnasticdetarragona.cat\/es\/#\/schema\/logo\/image\/","url":"https:\/\/gimnasticdetarragona.cat\/wp-content\/uploads\/2022\/06\/cropped-logo-gimnastic.png","contentUrl":"https:\/\/gimnasticdetarragona.cat\/wp-content\/uploads\/2022\/06\/cropped-logo-gimnastic.png","width":224,"height":83,"caption":"GIMN\u00c0STIC DE TARRAGONA"},"image":{"@id":"https:\/\/gimnasticdetarragona.cat\/es\/#\/schema\/logo\/image\/"},"sameAs":["https:\/\/x.com\/NASTICTARRAGONA","https:\/\/www.instagram.com\/nastictarragona\/"]},{"@type":"Person","@id":"https:\/\/gimnasticdetarragona.cat\/es\/#\/schema\/person\/0a9b7103e7dd73640eb245c4aa4afb8d","name":"Comunicacion"}]}},"_links":{"self":[{"href":"https:\/\/gimnasticdetarragona.cat\/es\/wp-json\/wp\/v2\/posts\/96471","targetHints":{"allow":["GET"]}}],"collection":[{"href":"https:\/\/gimnasticdetarragona.cat\/es\/wp-json\/wp\/v2\/posts"}],"about":[{"href":"https:\/\/gimnasticdetarragona.cat\/es\/wp-json\/wp\/v2\/types\/post"}],"author":[{"embeddable":true,"href":"https:\/\/gimnasticdetarragona.cat\/es\/wp-json\/wp\/v2\/users\/7"}],"replies":[{"embeddable":true,"href":"https:\/\/gimnasticdetarragona.cat\/es\/wp-json\/wp\/v2\/comments?post=96471"}],"version-history":[{"count":0,"href":"https:\/\/gimnasticdetarragona.cat\/es\/wp-json\/wp\/v2\/posts\/96471\/revisions"}],"wp:featuredmedia":[{"embeddable":true,"href":"https:\/\/gimnasticdetarragona.cat\/es\/wp-json\/wp\/v2\/media\/96469"}],"wp:attachment":[{"href":"https:\/\/gimnasticdetarragona.cat\/es\/wp-json\/wp\/v2\/media?parent=96471"}],"wp:term":[{"taxonomy":"category","embeddable":true,"href":"https:\/\/gimnasticdetarragona.cat\/es\/wp-json\/wp\/v2\/categories?post=96471"},{"taxonomy":"post_tag","embeddable":true,"href":"https:\/\/gimnasticdetarragona.cat\/es\/wp-json\/wp\/v2\/tags?post=96471"}],"curies":[{"name":"wp","href":"https:\/\/api.w.org\/{rel}","templated":true}]}}