{"id":97142,"date":"2024-10-28T18:00:59","date_gmt":"2024-10-28T17:00:59","guid":{"rendered":"https:\/\/gimnasticdetarragona.cat\/be-my-referee-championship-fa-historia-despres-del-debut-darbitres-amb-discapacitat-intellectual\/"},"modified":"2024-10-28T18:07:10","modified_gmt":"2024-10-28T17:07:10","slug":"be-my-referee-championship-fa-historia-despres-del-debut-darbitres-amb-discapacitat-intellectual","status":"publish","type":"post","link":"https:\/\/gimnasticdetarragona.cat\/es\/be-my-referee-championship-fa-historia-despres-del-debut-darbitres-amb-discapacitat-intellectual\/","title":{"rendered":"Be My Referee Championship hace historia despu\u00e9s del debut de \u00e1rbitros con discapacidad intelectual"},"content":{"rendered":"\n<p>El Nou Estadi Costa Daurada fue el escenario de un campeonato hist\u00f3rico que marca un antes y un despu\u00e9s en el deporte inclusivo con la celebraci\u00f3n del primer <em>Be My Referee Championship<\/em>, torneo en el que \u00e1rbitros con discapacidad intelectual debutaron sobre un terreno de juego, demostrando su talento y su pasi\u00f3n.<\/p>\n\n\n\n<p>Los \u00e1rbitros, formados gracias a la colaboraci\u00f3n de \u00e1rbitros profesionales de la RFEF, protagonizaron esta jornada \u00fanica en la que, por primera vez, y con el apoyo de sus compa\u00f1eros, se encargaron de impartir justicia en el terreno de juego. La experiencia fue sin duda alguna inolvidable, tanto para los jugadores como para el p\u00fablico, que vivi\u00f3 de cerca la emoci\u00f3n de cada partido.<\/p>\n\n\n\n<p>El <em>Be My Referee Championship<\/em>, adem\u00e1s de destacar por su car\u00e1cter inclusivo, comport\u00f3 la participaci\u00f3n de grandes clubes como: Fundaci\u00f3n Real Madrid, Fundaci\u00f3 Bar\u00e7a, SD Huesca, Atl\u00e8tic Lleida, FC Internazionale Milano y el Gimn\u00e0stic de Tarragona ejerciendo de anfitri\u00f3n. Todos ellos fueron los encargados de hacer posible esta jornada.<\/p>\n\n\n\n<p>La competici\u00f3n se estructur\u00f3 en dos partidos de fase de grupos celebrados durante la ma\u00f1ana, culminando en una emocionante fase final por la tarde. El FC Internazionale Milano se hizo con la victoria, convirti\u00e9ndose en el primer campe\u00f3n de este torneo y llev\u00e1ndose un trofeo que simboliza el esp\u00edritu de uni\u00f3n y diversidad e inclusi\u00f3n en el deporte.<\/p>\n\n\n\n<p>El evento concluy\u00f3 con una emotiva ceremonia de clausura, en la que participaron las empresas colaboradoras Ohtels!, Carbonell Figueras, Europreven y la entidad grana. Durante el acto, se rindi\u00f3 un merecido homenaje a la labor de los \u00e1rbitros, que demostraron su capacidad y profesionalidad en cada partido, as\u00ed como todos los equipos participantes que, con su compromiso y esp\u00edritu deportivo, hicieron de \u00e9sta jornada un ejemplo de inclusi\u00f3n y respeto al f\u00fatbol.<\/p>\n\n\n\n<p>Esta iniciativa ha contado con el apoyo de Down Espa\u00f1a, Fundaci\u00f3n Mi Alex y AGF Genuine Experiences, y busca abrir oportunidades dentro del mundo del arbitraje para personas con discapacidad intelectual, promoviendo un f\u00fatbol m\u00e1s inclusivo y con m\u00e1s posibilidades de integraci\u00f3n en todas las facetas.<\/p>\n\n\n\n<p><\/p>\n","protected":false},"excerpt":{"rendered":"<p>El FC Internazionale Milano se proclama campe\u00f3n en esta primera edici\u00f3n celebrada en el Nou Estadi Costa Daurada<\/p>\n","protected":false},"author":7,"featured_media":97139,"comment_status":"open","ping_status":"open","sticky":false,"template":"","format":"standard","meta":{"_acf_changed":false,"footnotes":""},"categories":[113,118],"tags":[],"class_list":["post-97142","post","type-post","status-publish","format-standard","has-post-thumbnail","hentry","category-actualidad","category-genuine"],"acf":[],"yoast_head":"<!-- This site is optimized with the Yoast SEO plugin v27.3 - https:\/\/yoast.com\/product\/yoast-seo-wordpress\/ -->\n<title>Be My Referee Championship hace historia despu\u00e9s del debut de \u00e1rbitros con discapacidad intelectual - Gimn\u00e0stic de Tarragona SAD<\/title>\n<meta name=\"robots\" content=\"index, follow, max-snippet:-1, max-image-preview:large, max-video-preview:-1\" \/>\n<link rel=\"canonical\" href=\"https:\/\/gimnasticdetarragona.cat\/es\/be-my-referee-championship-fa-historia-despres-del-debut-darbitres-amb-discapacitat-intellectual\/\" \/>\n<meta property=\"og:locale\" content=\"es_ES\" \/>\n<meta property=\"og:type\" content=\"article\" \/>\n<meta property=\"og:title\" content=\"Be My Referee Championship hace historia despu\u00e9s del debut de \u00e1rbitros con discapacidad intelectual - Gimn\u00e0stic de Tarragona SAD\" \/>\n<meta property=\"og:description\" content=\"El FC Internazionale Milano se proclama campe\u00f3n en esta primera edici\u00f3n celebrada en el Nou Estadi Costa Daurada\" \/>\n<meta property=\"og:url\" content=\"https:\/\/gimnasticdetarragona.cat\/es\/be-my-referee-championship-fa-historia-despres-del-debut-darbitres-amb-discapacitat-intellectual\/\" \/>\n<meta property=\"og:site_name\" content=\"Gimn\u00e0stic de Tarragona SAD\" \/>\n<meta property=\"article:published_time\" content=\"2024-10-28T17:00:59+00:00\" \/>\n<meta property=\"article:modified_time\" content=\"2024-10-28T17:07:10+00:00\" \/>\n<meta property=\"og:image\" content=\"https:\/\/gimnasticdetarragona.cat\/wp-content\/uploads\/2024\/10\/2024-10-26-4175.jpg\" \/>\n\t<meta property=\"og:image:width\" content=\"1400\" \/>\n\t<meta property=\"og:image:height\" content=\"933\" \/>\n\t<meta property=\"og:image:type\" content=\"image\/jpeg\" \/>\n<meta name=\"author\" content=\"Comunicacion\" \/>\n<meta name=\"twitter:card\" content=\"summary_large_image\" \/>\n<meta name=\"twitter:creator\" content=\"@NASTICTARRAGONA\" \/>\n<meta name=\"twitter:site\" content=\"@NASTICTARRAGONA\" \/>\n<meta name=\"twitter:label1\" content=\"Escrito por\" \/>\n\t<meta name=\"twitter:data1\" content=\"Comunicacion\" \/>\n\t<meta name=\"twitter:label2\" content=\"Tiempo de lectura\" \/>\n\t<meta name=\"twitter:data2\" content=\"2 minutos\" \/>\n<script type=\"application\/ld+json\" class=\"yoast-schema-graph\">{\"@context\":\"https:\\\/\\\/schema.org\",\"@graph\":[{\"@type\":\"Article\",\"@id\":\"https:\\\/\\\/gimnasticdetarragona.cat\\\/es\\\/be-my-referee-championship-fa-historia-despres-del-debut-darbitres-amb-discapacitat-intellectual\\\/#article\",\"isPartOf\":{\"@id\":\"https:\\\/\\\/gimnasticdetarragona.cat\\\/es\\\/be-my-referee-championship-fa-historia-despres-del-debut-darbitres-amb-discapacitat-intellectual\\\/\"},\"author\":{\"name\":\"Comunicacion\",\"@id\":\"https:\\\/\\\/gimnasticdetarragona.cat\\\/es\\\/#\\\/schema\\\/person\\\/0a9b7103e7dd73640eb245c4aa4afb8d\"},\"headline\":\"Be My Referee Championship hace historia despu\u00e9s del debut de \u00e1rbitros con discapacidad intelectual\",\"datePublished\":\"2024-10-28T17:00:59+00:00\",\"dateModified\":\"2024-10-28T17:07:10+00:00\",\"mainEntityOfPage\":{\"@id\":\"https:\\\/\\\/gimnasticdetarragona.cat\\\/es\\\/be-my-referee-championship-fa-historia-despres-del-debut-darbitres-amb-discapacitat-intellectual\\\/\"},\"wordCount\":389,\"commentCount\":0,\"publisher\":{\"@id\":\"https:\\\/\\\/gimnasticdetarragona.cat\\\/es\\\/#organization\"},\"image\":{\"@id\":\"https:\\\/\\\/gimnasticdetarragona.cat\\\/es\\\/be-my-referee-championship-fa-historia-despres-del-debut-darbitres-amb-discapacitat-intellectual\\\/#primaryimage\"},\"thumbnailUrl\":\"https:\\\/\\\/gimnasticdetarragona.cat\\\/wp-content\\\/uploads\\\/2024\\\/10\\\/2024-10-26-4175.jpg\",\"articleSection\":[\"Actualidad\",\"Genuine\"],\"inLanguage\":\"es\"},{\"@type\":\"WebPage\",\"@id\":\"https:\\\/\\\/gimnasticdetarragona.cat\\\/es\\\/be-my-referee-championship-fa-historia-despres-del-debut-darbitres-amb-discapacitat-intellectual\\\/\",\"url\":\"https:\\\/\\\/gimnasticdetarragona.cat\\\/es\\\/be-my-referee-championship-fa-historia-despres-del-debut-darbitres-amb-discapacitat-intellectual\\\/\",\"name\":\"Be My Referee Championship hace historia despu\u00e9s del debut de \u00e1rbitros con discapacidad intelectual - Gimn\u00e0stic de Tarragona SAD\",\"isPartOf\":{\"@id\":\"https:\\\/\\\/gimnasticdetarragona.cat\\\/es\\\/#website\"},\"primaryImageOfPage\":{\"@id\":\"https:\\\/\\\/gimnasticdetarragona.cat\\\/es\\\/be-my-referee-championship-fa-historia-despres-del-debut-darbitres-amb-discapacitat-intellectual\\\/#primaryimage\"},\"image\":{\"@id\":\"https:\\\/\\\/gimnasticdetarragona.cat\\\/es\\\/be-my-referee-championship-fa-historia-despres-del-debut-darbitres-amb-discapacitat-intellectual\\\/#primaryimage\"},\"thumbnailUrl\":\"https:\\\/\\\/gimnasticdetarragona.cat\\\/wp-content\\\/uploads\\\/2024\\\/10\\\/2024-10-26-4175.jpg\",\"datePublished\":\"2024-10-28T17:00:59+00:00\",\"dateModified\":\"2024-10-28T17:07:10+00:00\",\"breadcrumb\":{\"@id\":\"https:\\\/\\\/gimnasticdetarragona.cat\\\/es\\\/be-my-referee-championship-fa-historia-despres-del-debut-darbitres-amb-discapacitat-intellectual\\\/#breadcrumb\"},\"inLanguage\":\"es\",\"potentialAction\":[{\"@type\":\"ReadAction\",\"target\":[\"https:\\\/\\\/gimnasticdetarragona.cat\\\/es\\\/be-my-referee-championship-fa-historia-despres-del-debut-darbitres-amb-discapacitat-intellectual\\\/\"]}]},{\"@type\":\"ImageObject\",\"inLanguage\":\"es\",\"@id\":\"https:\\\/\\\/gimnasticdetarragona.cat\\\/es\\\/be-my-referee-championship-fa-historia-despres-del-debut-darbitres-amb-discapacitat-intellectual\\\/#primaryimage\",\"url\":\"https:\\\/\\\/gimnasticdetarragona.cat\\\/wp-content\\\/uploads\\\/2024\\\/10\\\/2024-10-26-4175.jpg\",\"contentUrl\":\"https:\\\/\\\/gimnasticdetarragona.cat\\\/wp-content\\\/uploads\\\/2024\\\/10\\\/2024-10-26-4175.jpg\",\"width\":1400,\"height\":933},{\"@type\":\"BreadcrumbList\",\"@id\":\"https:\\\/\\\/gimnasticdetarragona.cat\\\/es\\\/be-my-referee-championship-fa-historia-despres-del-debut-darbitres-amb-discapacitat-intellectual\\\/#breadcrumb\",\"itemListElement\":[{\"@type\":\"ListItem\",\"position\":1,\"name\":\"Inici\",\"item\":\"https:\\\/\\\/gimnasticdetarragona.cat\\\/es\\\/nastic\\\/\"},{\"@type\":\"ListItem\",\"position\":2,\"name\":\"Be My Referee Championship hace historia despu\u00e9s del debut de \u00e1rbitros con discapacidad intelectual\"}]},{\"@type\":\"WebSite\",\"@id\":\"https:\\\/\\\/gimnasticdetarragona.cat\\\/es\\\/#website\",\"url\":\"https:\\\/\\\/gimnasticdetarragona.cat\\\/es\\\/\",\"name\":\"Gimn\u00e0stic de Tarragona SAD\",\"description\":\"Gimn\u00e0stic de Tarragona\",\"publisher\":{\"@id\":\"https:\\\/\\\/gimnasticdetarragona.cat\\\/es\\\/#organization\"},\"potentialAction\":[{\"@type\":\"SearchAction\",\"target\":{\"@type\":\"EntryPoint\",\"urlTemplate\":\"https:\\\/\\\/gimnasticdetarragona.cat\\\/es\\\/?s={search_term_string}\"},\"query-input\":{\"@type\":\"PropertyValueSpecification\",\"valueRequired\":true,\"valueName\":\"search_term_string\"}}],\"inLanguage\":\"es\"},{\"@type\":\"Organization\",\"@id\":\"https:\\\/\\\/gimnasticdetarragona.cat\\\/es\\\/#organization\",\"name\":\"GIMN\u00c0STIC DE TARRAGONA\",\"alternateName\":\"N\u00c0STIC\",\"url\":\"https:\\\/\\\/gimnasticdetarragona.cat\\\/es\\\/\",\"logo\":{\"@type\":\"ImageObject\",\"inLanguage\":\"es\",\"@id\":\"https:\\\/\\\/gimnasticdetarragona.cat\\\/es\\\/#\\\/schema\\\/logo\\\/image\\\/\",\"url\":\"https:\\\/\\\/gimnasticdetarragona.cat\\\/wp-content\\\/uploads\\\/2022\\\/06\\\/cropped-logo-gimnastic.png\",\"contentUrl\":\"https:\\\/\\\/gimnasticdetarragona.cat\\\/wp-content\\\/uploads\\\/2022\\\/06\\\/cropped-logo-gimnastic.png\",\"width\":224,\"height\":83,\"caption\":\"GIMN\u00c0STIC DE TARRAGONA\"},\"image\":{\"@id\":\"https:\\\/\\\/gimnasticdetarragona.cat\\\/es\\\/#\\\/schema\\\/logo\\\/image\\\/\"},\"sameAs\":[\"https:\\\/\\\/x.com\\\/NASTICTARRAGONA\",\"https:\\\/\\\/www.instagram.com\\\/nastictarragona\\\/\"]},{\"@type\":\"Person\",\"@id\":\"https:\\\/\\\/gimnasticdetarragona.cat\\\/es\\\/#\\\/schema\\\/person\\\/0a9b7103e7dd73640eb245c4aa4afb8d\",\"name\":\"Comunicacion\"}]}<\/script>\n<!-- \/ Yoast SEO plugin. -->","yoast_head_json":{"title":"Be My Referee Championship hace historia despu\u00e9s del debut de \u00e1rbitros con discapacidad intelectual - Gimn\u00e0stic de Tarragona SAD","robots":{"index":"index","follow":"follow","max-snippet":"max-snippet:-1","max-image-preview":"max-image-preview:large","max-video-preview":"max-video-preview:-1"},"canonical":"https:\/\/gimnasticdetarragona.cat\/es\/be-my-referee-championship-fa-historia-despres-del-debut-darbitres-amb-discapacitat-intellectual\/","og_locale":"es_ES","og_type":"article","og_title":"Be My Referee Championship hace historia despu\u00e9s del debut de \u00e1rbitros con discapacidad intelectual - Gimn\u00e0stic de Tarragona SAD","og_description":"El FC Internazionale Milano se proclama campe\u00f3n en esta primera edici\u00f3n celebrada en el Nou Estadi Costa Daurada","og_url":"https:\/\/gimnasticdetarragona.cat\/es\/be-my-referee-championship-fa-historia-despres-del-debut-darbitres-amb-discapacitat-intellectual\/","og_site_name":"Gimn\u00e0stic de Tarragona SAD","article_published_time":"2024-10-28T17:00:59+00:00","article_modified_time":"2024-10-28T17:07:10+00:00","og_image":[{"width":1400,"height":933,"url":"https:\/\/gimnasticdetarragona.cat\/wp-content\/uploads\/2024\/10\/2024-10-26-4175.jpg","type":"image\/jpeg"}],"author":"Comunicacion","twitter_card":"summary_large_image","twitter_creator":"@NASTICTARRAGONA","twitter_site":"@NASTICTARRAGONA","twitter_misc":{"Escrito por":"Comunicacion","Tiempo de lectura":"2 minutos"},"schema":{"@context":"https:\/\/schema.org","@graph":[{"@type":"Article","@id":"https:\/\/gimnasticdetarragona.cat\/es\/be-my-referee-championship-fa-historia-despres-del-debut-darbitres-amb-discapacitat-intellectual\/#article","isPartOf":{"@id":"https:\/\/gimnasticdetarragona.cat\/es\/be-my-referee-championship-fa-historia-despres-del-debut-darbitres-amb-discapacitat-intellectual\/"},"author":{"name":"Comunicacion","@id":"https:\/\/gimnasticdetarragona.cat\/es\/#\/schema\/person\/0a9b7103e7dd73640eb245c4aa4afb8d"},"headline":"Be My Referee Championship hace historia despu\u00e9s del debut de \u00e1rbitros con discapacidad intelectual","datePublished":"2024-10-28T17:00:59+00:00","dateModified":"2024-10-28T17:07:10+00:00","mainEntityOfPage":{"@id":"https:\/\/gimnasticdetarragona.cat\/es\/be-my-referee-championship-fa-historia-despres-del-debut-darbitres-amb-discapacitat-intellectual\/"},"wordCount":389,"commentCount":0,"publisher":{"@id":"https:\/\/gimnasticdetarragona.cat\/es\/#organization"},"image":{"@id":"https:\/\/gimnasticdetarragona.cat\/es\/be-my-referee-championship-fa-historia-despres-del-debut-darbitres-amb-discapacitat-intellectual\/#primaryimage"},"thumbnailUrl":"https:\/\/gimnasticdetarragona.cat\/wp-content\/uploads\/2024\/10\/2024-10-26-4175.jpg","articleSection":["Actualidad","Genuine"],"inLanguage":"es"},{"@type":"WebPage","@id":"https:\/\/gimnasticdetarragona.cat\/es\/be-my-referee-championship-fa-historia-despres-del-debut-darbitres-amb-discapacitat-intellectual\/","url":"https:\/\/gimnasticdetarragona.cat\/es\/be-my-referee-championship-fa-historia-despres-del-debut-darbitres-amb-discapacitat-intellectual\/","name":"Be My Referee Championship hace historia despu\u00e9s del debut de \u00e1rbitros con discapacidad intelectual - Gimn\u00e0stic de Tarragona SAD","isPartOf":{"@id":"https:\/\/gimnasticdetarragona.cat\/es\/#website"},"primaryImageOfPage":{"@id":"https:\/\/gimnasticdetarragona.cat\/es\/be-my-referee-championship-fa-historia-despres-del-debut-darbitres-amb-discapacitat-intellectual\/#primaryimage"},"image":{"@id":"https:\/\/gimnasticdetarragona.cat\/es\/be-my-referee-championship-fa-historia-despres-del-debut-darbitres-amb-discapacitat-intellectual\/#primaryimage"},"thumbnailUrl":"https:\/\/gimnasticdetarragona.cat\/wp-content\/uploads\/2024\/10\/2024-10-26-4175.jpg","datePublished":"2024-10-28T17:00:59+00:00","dateModified":"2024-10-28T17:07:10+00:00","breadcrumb":{"@id":"https:\/\/gimnasticdetarragona.cat\/es\/be-my-referee-championship-fa-historia-despres-del-debut-darbitres-amb-discapacitat-intellectual\/#breadcrumb"},"inLanguage":"es","potentialAction":[{"@type":"ReadAction","target":["https:\/\/gimnasticdetarragona.cat\/es\/be-my-referee-championship-fa-historia-despres-del-debut-darbitres-amb-discapacitat-intellectual\/"]}]},{"@type":"ImageObject","inLanguage":"es","@id":"https:\/\/gimnasticdetarragona.cat\/es\/be-my-referee-championship-fa-historia-despres-del-debut-darbitres-amb-discapacitat-intellectual\/#primaryimage","url":"https:\/\/gimnasticdetarragona.cat\/wp-content\/uploads\/2024\/10\/2024-10-26-4175.jpg","contentUrl":"https:\/\/gimnasticdetarragona.cat\/wp-content\/uploads\/2024\/10\/2024-10-26-4175.jpg","width":1400,"height":933},{"@type":"BreadcrumbList","@id":"https:\/\/gimnasticdetarragona.cat\/es\/be-my-referee-championship-fa-historia-despres-del-debut-darbitres-amb-discapacitat-intellectual\/#breadcrumb","itemListElement":[{"@type":"ListItem","position":1,"name":"Inici","item":"https:\/\/gimnasticdetarragona.cat\/es\/nastic\/"},{"@type":"ListItem","position":2,"name":"Be My Referee Championship hace historia despu\u00e9s del debut de \u00e1rbitros con discapacidad intelectual"}]},{"@type":"WebSite","@id":"https:\/\/gimnasticdetarragona.cat\/es\/#website","url":"https:\/\/gimnasticdetarragona.cat\/es\/","name":"Gimn\u00e0stic de Tarragona SAD","description":"Gimn\u00e0stic de Tarragona","publisher":{"@id":"https:\/\/gimnasticdetarragona.cat\/es\/#organization"},"potentialAction":[{"@type":"SearchAction","target":{"@type":"EntryPoint","urlTemplate":"https:\/\/gimnasticdetarragona.cat\/es\/?s={search_term_string}"},"query-input":{"@type":"PropertyValueSpecification","valueRequired":true,"valueName":"search_term_string"}}],"inLanguage":"es"},{"@type":"Organization","@id":"https:\/\/gimnasticdetarragona.cat\/es\/#organization","name":"GIMN\u00c0STIC DE TARRAGONA","alternateName":"N\u00c0STIC","url":"https:\/\/gimnasticdetarragona.cat\/es\/","logo":{"@type":"ImageObject","inLanguage":"es","@id":"https:\/\/gimnasticdetarragona.cat\/es\/#\/schema\/logo\/image\/","url":"https:\/\/gimnasticdetarragona.cat\/wp-content\/uploads\/2022\/06\/cropped-logo-gimnastic.png","contentUrl":"https:\/\/gimnasticdetarragona.cat\/wp-content\/uploads\/2022\/06\/cropped-logo-gimnastic.png","width":224,"height":83,"caption":"GIMN\u00c0STIC DE TARRAGONA"},"image":{"@id":"https:\/\/gimnasticdetarragona.cat\/es\/#\/schema\/logo\/image\/"},"sameAs":["https:\/\/x.com\/NASTICTARRAGONA","https:\/\/www.instagram.com\/nastictarragona\/"]},{"@type":"Person","@id":"https:\/\/gimnasticdetarragona.cat\/es\/#\/schema\/person\/0a9b7103e7dd73640eb245c4aa4afb8d","name":"Comunicacion"}]}},"_links":{"self":[{"href":"https:\/\/gimnasticdetarragona.cat\/es\/wp-json\/wp\/v2\/posts\/97142","targetHints":{"allow":["GET"]}}],"collection":[{"href":"https:\/\/gimnasticdetarragona.cat\/es\/wp-json\/wp\/v2\/posts"}],"about":[{"href":"https:\/\/gimnasticdetarragona.cat\/es\/wp-json\/wp\/v2\/types\/post"}],"author":[{"embeddable":true,"href":"https:\/\/gimnasticdetarragona.cat\/es\/wp-json\/wp\/v2\/users\/7"}],"replies":[{"embeddable":true,"href":"https:\/\/gimnasticdetarragona.cat\/es\/wp-json\/wp\/v2\/comments?post=97142"}],"version-history":[{"count":1,"href":"https:\/\/gimnasticdetarragona.cat\/es\/wp-json\/wp\/v2\/posts\/97142\/revisions"}],"predecessor-version":[{"id":97144,"href":"https:\/\/gimnasticdetarragona.cat\/es\/wp-json\/wp\/v2\/posts\/97142\/revisions\/97144"}],"wp:featuredmedia":[{"embeddable":true,"href":"https:\/\/gimnasticdetarragona.cat\/es\/wp-json\/wp\/v2\/media\/97139"}],"wp:attachment":[{"href":"https:\/\/gimnasticdetarragona.cat\/es\/wp-json\/wp\/v2\/media?parent=97142"}],"wp:term":[{"taxonomy":"category","embeddable":true,"href":"https:\/\/gimnasticdetarragona.cat\/es\/wp-json\/wp\/v2\/categories?post=97142"},{"taxonomy":"post_tag","embeddable":true,"href":"https:\/\/gimnasticdetarragona.cat\/es\/wp-json\/wp\/v2\/tags?post=97142"}],"curies":[{"name":"wp","href":"https:\/\/api.w.org\/{rel}","templated":true}]}}