{"id":97319,"date":"2024-11-11T17:55:53","date_gmt":"2024-11-11T16:55:53","guid":{"rendered":"https:\/\/gimnasticdetarragona.cat\/celebrat-el-41e-cros-nastic-ciutat-de-tarragona\/"},"modified":"2024-11-11T18:00:05","modified_gmt":"2024-11-11T17:00:05","slug":"celebrat-el-41e-cros-nastic-ciutat-de-tarragona","status":"publish","type":"post","link":"https:\/\/gimnasticdetarragona.cat\/es\/celebrat-el-41e-cros-nastic-ciutat-de-tarragona\/","title":{"rendered":"Celebrado el 41\u00ba Cros N\u00e0stic Ciutat de Tarragona"},"content":{"rendered":"\n<p>El Gimn\u00e0stic de Tarragona junto con la secci\u00f3n de Atletismo grana organizaron el 41\u00ba Cros N\u00e0stic Ciutat de Tarragona repitiendo el \u00e9xito de participaci\u00f3n, como en anteriores ediciones, convirtiendo la cita en un evento social y familiar de referencia. Nuevamente, en la cita celebrada ayer domingo 10 de noviembre, se superaron con creces el medio millar de deportistas de distintas edades y categor\u00edas que recorrieron las diferentes pruebas de distancia en el Anillo Mediterr\u00e1neo de Camp Clar.<\/p>\n\n\n\n<p>A las 9:45 horas se inici\u00f3 la Carrera Open de 5 km y, progresivamente, se sucedieron las salidas de los cadetes, hasta las categor\u00edas de las m\u00e1s peque\u00f1as y peque\u00f1os que compitieron en categor\u00eda mini, completando los 220 metros programados.<\/p>\n\n\n\n<p>En la Carrera Open, Oscar G\u00f3mez del CA Terres de l&#8217;Ebre se impuso en categor\u00eda masculina con un tiempo de 15 minutos y 38 segundos; por su parte, en la misma distancia, Laura Abella del CA Asc\u00f3 fue la primera en cruzar la meta en categor\u00eda femenina con un tiempo de 18&#8217;21.<\/p>\n\n\n\n<p>La jornada social y deportiva vio c\u00f3mo familias y tambi\u00e9n grupos de amigos tomaron parte de la carrera; nuevamente, cabe destacar el apoyo del Consell Esportiu del Tarragon\u00e8s y del Voluntariat Grana, fundamentales en su labor para hacer posible un evento de esta magnitud.<\/p>\n\n\n\n<p>La presente edici\u00f3n del Cros cont\u00f3 con la colaboraci\u00f3n del Consejo Esportiu del Tarragon\u00e8s, la Diputaci\u00f3 de Tarragona, el Patronat Municipal d&#8217;Esports de Tarragona y el Ajuntament de Tarragona. Aparte del patrocinio de Port de Tarragona, BIC Iberia y Adam Foods.<\/p>\n\n\n\n<p>Autoridades del consistorio tarraconense, con el alcalde Rub\u00e9n Vi\u00f1uales al frente, as\u00ed como representantes de los colaboradores y patrocinadores tambi\u00e9n se sumaron a la jornada haciendo la entrega de medallas por categor\u00edas.<\/p>\n\n\n\n<p>Adem\u00e1s de los 70 premiados que recibieron las distintas distinciones en el podio del Cros, todas las corredoras y corredores que completaron la carrera recibieron una mochila con productos de los patrocinadores. Mientras los j\u00f3venes deportistas en categor\u00eda escolar, tambi\u00e9n recibieron la medalla acreditativa.<\/p>\n","protected":false},"excerpt":{"rendered":"<p>M\u00e1s de 600 corredoras y corredores en la Anella Mediterr\u00e0nia <\/p>\n","protected":false},"author":7,"featured_media":97317,"comment_status":"open","ping_status":"open","sticky":false,"template":"","format":"standard","meta":{"_acf_changed":false,"footnotes":""},"categories":[113,115,130,127,128,139,141],"tags":[],"class_list":["post-97319","post","type-post","status-publish","format-standard","has-post-thumbnail","hentry","category-actualidad","category-agenda-social","category-seccion-atletismo","category-secciones","category-secciones-1","category-social","category-voluntariat-grana"],"acf":[],"yoast_head":"<!-- This site is optimized with the Yoast SEO plugin v27.3 - https:\/\/yoast.com\/product\/yoast-seo-wordpress\/ -->\n<title>Celebrado el 41\u00ba Cros N\u00e0stic Ciutat de Tarragona - Gimn\u00e0stic de Tarragona SAD<\/title>\n<meta name=\"robots\" content=\"index, follow, max-snippet:-1, max-image-preview:large, max-video-preview:-1\" \/>\n<link rel=\"canonical\" href=\"https:\/\/gimnasticdetarragona.cat\/es\/celebrat-el-41e-cros-nastic-ciutat-de-tarragona\/\" \/>\n<meta property=\"og:locale\" content=\"es_ES\" \/>\n<meta property=\"og:type\" content=\"article\" \/>\n<meta property=\"og:title\" content=\"Celebrado el 41\u00ba Cros N\u00e0stic Ciutat de Tarragona - Gimn\u00e0stic de Tarragona SAD\" \/>\n<meta property=\"og:description\" content=\"M\u00e1s de 600 corredoras y corredores en la Anella Mediterr\u00e0nia\" \/>\n<meta property=\"og:url\" content=\"https:\/\/gimnasticdetarragona.cat\/es\/celebrat-el-41e-cros-nastic-ciutat-de-tarragona\/\" \/>\n<meta property=\"og:site_name\" content=\"Gimn\u00e0stic de Tarragona SAD\" \/>\n<meta property=\"article:published_time\" content=\"2024-11-11T16:55:53+00:00\" \/>\n<meta property=\"article:modified_time\" content=\"2024-11-11T17:00:05+00:00\" \/>\n<meta property=\"og:image\" content=\"https:\/\/gimnasticdetarragona.cat\/wp-content\/uploads\/2024\/11\/WhatsApp-Image-2024-11-10-at-13.24.02-scaled.jpeg\" \/>\n\t<meta property=\"og:image:width\" content=\"2560\" \/>\n\t<meta property=\"og:image:height\" content=\"1346\" \/>\n\t<meta property=\"og:image:type\" content=\"image\/jpeg\" \/>\n<meta name=\"author\" content=\"Comunicacion\" \/>\n<meta name=\"twitter:card\" content=\"summary_large_image\" \/>\n<meta name=\"twitter:creator\" content=\"@NASTICTARRAGONA\" \/>\n<meta name=\"twitter:site\" content=\"@NASTICTARRAGONA\" \/>\n<meta name=\"twitter:label1\" content=\"Escrito por\" \/>\n\t<meta name=\"twitter:data1\" content=\"Comunicacion\" \/>\n\t<meta name=\"twitter:label2\" content=\"Tiempo de lectura\" \/>\n\t<meta name=\"twitter:data2\" content=\"2 minutos\" \/>\n<script type=\"application\/ld+json\" class=\"yoast-schema-graph\">{\"@context\":\"https:\\\/\\\/schema.org\",\"@graph\":[{\"@type\":\"Article\",\"@id\":\"https:\\\/\\\/gimnasticdetarragona.cat\\\/es\\\/celebrat-el-41e-cros-nastic-ciutat-de-tarragona\\\/#article\",\"isPartOf\":{\"@id\":\"https:\\\/\\\/gimnasticdetarragona.cat\\\/es\\\/celebrat-el-41e-cros-nastic-ciutat-de-tarragona\\\/\"},\"author\":{\"name\":\"Comunicacion\",\"@id\":\"https:\\\/\\\/gimnasticdetarragona.cat\\\/es\\\/#\\\/schema\\\/person\\\/0a9b7103e7dd73640eb245c4aa4afb8d\"},\"headline\":\"Celebrado el 41\u00ba Cros N\u00e0stic Ciutat de Tarragona\",\"datePublished\":\"2024-11-11T16:55:53+00:00\",\"dateModified\":\"2024-11-11T17:00:05+00:00\",\"mainEntityOfPage\":{\"@id\":\"https:\\\/\\\/gimnasticdetarragona.cat\\\/es\\\/celebrat-el-41e-cros-nastic-ciutat-de-tarragona\\\/\"},\"wordCount\":359,\"commentCount\":0,\"publisher\":{\"@id\":\"https:\\\/\\\/gimnasticdetarragona.cat\\\/es\\\/#organization\"},\"image\":{\"@id\":\"https:\\\/\\\/gimnasticdetarragona.cat\\\/es\\\/celebrat-el-41e-cros-nastic-ciutat-de-tarragona\\\/#primaryimage\"},\"thumbnailUrl\":\"https:\\\/\\\/gimnasticdetarragona.cat\\\/wp-content\\\/uploads\\\/2024\\\/11\\\/WhatsApp-Image-2024-11-10-at-13.24.02-scaled.jpeg\",\"articleSection\":[\"Actualidad\",\"Agenda Social\",\"Secci\u00f3n Atletismo\",\"Secciones\",\"Secciones\",\"Social\",\"Voluntariat Grana\"],\"inLanguage\":\"es\"},{\"@type\":\"WebPage\",\"@id\":\"https:\\\/\\\/gimnasticdetarragona.cat\\\/es\\\/celebrat-el-41e-cros-nastic-ciutat-de-tarragona\\\/\",\"url\":\"https:\\\/\\\/gimnasticdetarragona.cat\\\/es\\\/celebrat-el-41e-cros-nastic-ciutat-de-tarragona\\\/\",\"name\":\"Celebrado el 41\u00ba Cros N\u00e0stic Ciutat de Tarragona - Gimn\u00e0stic de Tarragona SAD\",\"isPartOf\":{\"@id\":\"https:\\\/\\\/gimnasticdetarragona.cat\\\/es\\\/#website\"},\"primaryImageOfPage\":{\"@id\":\"https:\\\/\\\/gimnasticdetarragona.cat\\\/es\\\/celebrat-el-41e-cros-nastic-ciutat-de-tarragona\\\/#primaryimage\"},\"image\":{\"@id\":\"https:\\\/\\\/gimnasticdetarragona.cat\\\/es\\\/celebrat-el-41e-cros-nastic-ciutat-de-tarragona\\\/#primaryimage\"},\"thumbnailUrl\":\"https:\\\/\\\/gimnasticdetarragona.cat\\\/wp-content\\\/uploads\\\/2024\\\/11\\\/WhatsApp-Image-2024-11-10-at-13.24.02-scaled.jpeg\",\"datePublished\":\"2024-11-11T16:55:53+00:00\",\"dateModified\":\"2024-11-11T17:00:05+00:00\",\"breadcrumb\":{\"@id\":\"https:\\\/\\\/gimnasticdetarragona.cat\\\/es\\\/celebrat-el-41e-cros-nastic-ciutat-de-tarragona\\\/#breadcrumb\"},\"inLanguage\":\"es\",\"potentialAction\":[{\"@type\":\"ReadAction\",\"target\":[\"https:\\\/\\\/gimnasticdetarragona.cat\\\/es\\\/celebrat-el-41e-cros-nastic-ciutat-de-tarragona\\\/\"]}]},{\"@type\":\"ImageObject\",\"inLanguage\":\"es\",\"@id\":\"https:\\\/\\\/gimnasticdetarragona.cat\\\/es\\\/celebrat-el-41e-cros-nastic-ciutat-de-tarragona\\\/#primaryimage\",\"url\":\"https:\\\/\\\/gimnasticdetarragona.cat\\\/wp-content\\\/uploads\\\/2024\\\/11\\\/WhatsApp-Image-2024-11-10-at-13.24.02-scaled.jpeg\",\"contentUrl\":\"https:\\\/\\\/gimnasticdetarragona.cat\\\/wp-content\\\/uploads\\\/2024\\\/11\\\/WhatsApp-Image-2024-11-10-at-13.24.02-scaled.jpeg\",\"width\":2560,\"height\":1346},{\"@type\":\"BreadcrumbList\",\"@id\":\"https:\\\/\\\/gimnasticdetarragona.cat\\\/es\\\/celebrat-el-41e-cros-nastic-ciutat-de-tarragona\\\/#breadcrumb\",\"itemListElement\":[{\"@type\":\"ListItem\",\"position\":1,\"name\":\"Inici\",\"item\":\"https:\\\/\\\/gimnasticdetarragona.cat\\\/es\\\/nastic\\\/\"},{\"@type\":\"ListItem\",\"position\":2,\"name\":\"Celebrado el 41\u00ba Cros N\u00e0stic Ciutat de Tarragona\"}]},{\"@type\":\"WebSite\",\"@id\":\"https:\\\/\\\/gimnasticdetarragona.cat\\\/es\\\/#website\",\"url\":\"https:\\\/\\\/gimnasticdetarragona.cat\\\/es\\\/\",\"name\":\"Gimn\u00e0stic de Tarragona SAD\",\"description\":\"Gimn\u00e0stic de Tarragona\",\"publisher\":{\"@id\":\"https:\\\/\\\/gimnasticdetarragona.cat\\\/es\\\/#organization\"},\"potentialAction\":[{\"@type\":\"SearchAction\",\"target\":{\"@type\":\"EntryPoint\",\"urlTemplate\":\"https:\\\/\\\/gimnasticdetarragona.cat\\\/es\\\/?s={search_term_string}\"},\"query-input\":{\"@type\":\"PropertyValueSpecification\",\"valueRequired\":true,\"valueName\":\"search_term_string\"}}],\"inLanguage\":\"es\"},{\"@type\":\"Organization\",\"@id\":\"https:\\\/\\\/gimnasticdetarragona.cat\\\/es\\\/#organization\",\"name\":\"GIMN\u00c0STIC DE TARRAGONA\",\"alternateName\":\"N\u00c0STIC\",\"url\":\"https:\\\/\\\/gimnasticdetarragona.cat\\\/es\\\/\",\"logo\":{\"@type\":\"ImageObject\",\"inLanguage\":\"es\",\"@id\":\"https:\\\/\\\/gimnasticdetarragona.cat\\\/es\\\/#\\\/schema\\\/logo\\\/image\\\/\",\"url\":\"https:\\\/\\\/gimnasticdetarragona.cat\\\/wp-content\\\/uploads\\\/2022\\\/06\\\/cropped-logo-gimnastic.png\",\"contentUrl\":\"https:\\\/\\\/gimnasticdetarragona.cat\\\/wp-content\\\/uploads\\\/2022\\\/06\\\/cropped-logo-gimnastic.png\",\"width\":224,\"height\":83,\"caption\":\"GIMN\u00c0STIC DE TARRAGONA\"},\"image\":{\"@id\":\"https:\\\/\\\/gimnasticdetarragona.cat\\\/es\\\/#\\\/schema\\\/logo\\\/image\\\/\"},\"sameAs\":[\"https:\\\/\\\/x.com\\\/NASTICTARRAGONA\",\"https:\\\/\\\/www.instagram.com\\\/nastictarragona\\\/\"]},{\"@type\":\"Person\",\"@id\":\"https:\\\/\\\/gimnasticdetarragona.cat\\\/es\\\/#\\\/schema\\\/person\\\/0a9b7103e7dd73640eb245c4aa4afb8d\",\"name\":\"Comunicacion\"}]}<\/script>\n<!-- \/ Yoast SEO plugin. -->","yoast_head_json":{"title":"Celebrado el 41\u00ba Cros N\u00e0stic Ciutat de Tarragona - Gimn\u00e0stic de Tarragona SAD","robots":{"index":"index","follow":"follow","max-snippet":"max-snippet:-1","max-image-preview":"max-image-preview:large","max-video-preview":"max-video-preview:-1"},"canonical":"https:\/\/gimnasticdetarragona.cat\/es\/celebrat-el-41e-cros-nastic-ciutat-de-tarragona\/","og_locale":"es_ES","og_type":"article","og_title":"Celebrado el 41\u00ba Cros N\u00e0stic Ciutat de Tarragona - Gimn\u00e0stic de Tarragona SAD","og_description":"M\u00e1s de 600 corredoras y corredores en la Anella Mediterr\u00e0nia","og_url":"https:\/\/gimnasticdetarragona.cat\/es\/celebrat-el-41e-cros-nastic-ciutat-de-tarragona\/","og_site_name":"Gimn\u00e0stic de Tarragona SAD","article_published_time":"2024-11-11T16:55:53+00:00","article_modified_time":"2024-11-11T17:00:05+00:00","og_image":[{"width":2560,"height":1346,"url":"https:\/\/gimnasticdetarragona.cat\/wp-content\/uploads\/2024\/11\/WhatsApp-Image-2024-11-10-at-13.24.02-scaled.jpeg","type":"image\/jpeg"}],"author":"Comunicacion","twitter_card":"summary_large_image","twitter_creator":"@NASTICTARRAGONA","twitter_site":"@NASTICTARRAGONA","twitter_misc":{"Escrito por":"Comunicacion","Tiempo de lectura":"2 minutos"},"schema":{"@context":"https:\/\/schema.org","@graph":[{"@type":"Article","@id":"https:\/\/gimnasticdetarragona.cat\/es\/celebrat-el-41e-cros-nastic-ciutat-de-tarragona\/#article","isPartOf":{"@id":"https:\/\/gimnasticdetarragona.cat\/es\/celebrat-el-41e-cros-nastic-ciutat-de-tarragona\/"},"author":{"name":"Comunicacion","@id":"https:\/\/gimnasticdetarragona.cat\/es\/#\/schema\/person\/0a9b7103e7dd73640eb245c4aa4afb8d"},"headline":"Celebrado el 41\u00ba Cros N\u00e0stic Ciutat de Tarragona","datePublished":"2024-11-11T16:55:53+00:00","dateModified":"2024-11-11T17:00:05+00:00","mainEntityOfPage":{"@id":"https:\/\/gimnasticdetarragona.cat\/es\/celebrat-el-41e-cros-nastic-ciutat-de-tarragona\/"},"wordCount":359,"commentCount":0,"publisher":{"@id":"https:\/\/gimnasticdetarragona.cat\/es\/#organization"},"image":{"@id":"https:\/\/gimnasticdetarragona.cat\/es\/celebrat-el-41e-cros-nastic-ciutat-de-tarragona\/#primaryimage"},"thumbnailUrl":"https:\/\/gimnasticdetarragona.cat\/wp-content\/uploads\/2024\/11\/WhatsApp-Image-2024-11-10-at-13.24.02-scaled.jpeg","articleSection":["Actualidad","Agenda Social","Secci\u00f3n Atletismo","Secciones","Secciones","Social","Voluntariat Grana"],"inLanguage":"es"},{"@type":"WebPage","@id":"https:\/\/gimnasticdetarragona.cat\/es\/celebrat-el-41e-cros-nastic-ciutat-de-tarragona\/","url":"https:\/\/gimnasticdetarragona.cat\/es\/celebrat-el-41e-cros-nastic-ciutat-de-tarragona\/","name":"Celebrado el 41\u00ba Cros N\u00e0stic Ciutat de Tarragona - Gimn\u00e0stic de Tarragona SAD","isPartOf":{"@id":"https:\/\/gimnasticdetarragona.cat\/es\/#website"},"primaryImageOfPage":{"@id":"https:\/\/gimnasticdetarragona.cat\/es\/celebrat-el-41e-cros-nastic-ciutat-de-tarragona\/#primaryimage"},"image":{"@id":"https:\/\/gimnasticdetarragona.cat\/es\/celebrat-el-41e-cros-nastic-ciutat-de-tarragona\/#primaryimage"},"thumbnailUrl":"https:\/\/gimnasticdetarragona.cat\/wp-content\/uploads\/2024\/11\/WhatsApp-Image-2024-11-10-at-13.24.02-scaled.jpeg","datePublished":"2024-11-11T16:55:53+00:00","dateModified":"2024-11-11T17:00:05+00:00","breadcrumb":{"@id":"https:\/\/gimnasticdetarragona.cat\/es\/celebrat-el-41e-cros-nastic-ciutat-de-tarragona\/#breadcrumb"},"inLanguage":"es","potentialAction":[{"@type":"ReadAction","target":["https:\/\/gimnasticdetarragona.cat\/es\/celebrat-el-41e-cros-nastic-ciutat-de-tarragona\/"]}]},{"@type":"ImageObject","inLanguage":"es","@id":"https:\/\/gimnasticdetarragona.cat\/es\/celebrat-el-41e-cros-nastic-ciutat-de-tarragona\/#primaryimage","url":"https:\/\/gimnasticdetarragona.cat\/wp-content\/uploads\/2024\/11\/WhatsApp-Image-2024-11-10-at-13.24.02-scaled.jpeg","contentUrl":"https:\/\/gimnasticdetarragona.cat\/wp-content\/uploads\/2024\/11\/WhatsApp-Image-2024-11-10-at-13.24.02-scaled.jpeg","width":2560,"height":1346},{"@type":"BreadcrumbList","@id":"https:\/\/gimnasticdetarragona.cat\/es\/celebrat-el-41e-cros-nastic-ciutat-de-tarragona\/#breadcrumb","itemListElement":[{"@type":"ListItem","position":1,"name":"Inici","item":"https:\/\/gimnasticdetarragona.cat\/es\/nastic\/"},{"@type":"ListItem","position":2,"name":"Celebrado el 41\u00ba Cros N\u00e0stic Ciutat de Tarragona"}]},{"@type":"WebSite","@id":"https:\/\/gimnasticdetarragona.cat\/es\/#website","url":"https:\/\/gimnasticdetarragona.cat\/es\/","name":"Gimn\u00e0stic de Tarragona SAD","description":"Gimn\u00e0stic de Tarragona","publisher":{"@id":"https:\/\/gimnasticdetarragona.cat\/es\/#organization"},"potentialAction":[{"@type":"SearchAction","target":{"@type":"EntryPoint","urlTemplate":"https:\/\/gimnasticdetarragona.cat\/es\/?s={search_term_string}"},"query-input":{"@type":"PropertyValueSpecification","valueRequired":true,"valueName":"search_term_string"}}],"inLanguage":"es"},{"@type":"Organization","@id":"https:\/\/gimnasticdetarragona.cat\/es\/#organization","name":"GIMN\u00c0STIC DE TARRAGONA","alternateName":"N\u00c0STIC","url":"https:\/\/gimnasticdetarragona.cat\/es\/","logo":{"@type":"ImageObject","inLanguage":"es","@id":"https:\/\/gimnasticdetarragona.cat\/es\/#\/schema\/logo\/image\/","url":"https:\/\/gimnasticdetarragona.cat\/wp-content\/uploads\/2022\/06\/cropped-logo-gimnastic.png","contentUrl":"https:\/\/gimnasticdetarragona.cat\/wp-content\/uploads\/2022\/06\/cropped-logo-gimnastic.png","width":224,"height":83,"caption":"GIMN\u00c0STIC DE TARRAGONA"},"image":{"@id":"https:\/\/gimnasticdetarragona.cat\/es\/#\/schema\/logo\/image\/"},"sameAs":["https:\/\/x.com\/NASTICTARRAGONA","https:\/\/www.instagram.com\/nastictarragona\/"]},{"@type":"Person","@id":"https:\/\/gimnasticdetarragona.cat\/es\/#\/schema\/person\/0a9b7103e7dd73640eb245c4aa4afb8d","name":"Comunicacion"}]}},"_links":{"self":[{"href":"https:\/\/gimnasticdetarragona.cat\/es\/wp-json\/wp\/v2\/posts\/97319","targetHints":{"allow":["GET"]}}],"collection":[{"href":"https:\/\/gimnasticdetarragona.cat\/es\/wp-json\/wp\/v2\/posts"}],"about":[{"href":"https:\/\/gimnasticdetarragona.cat\/es\/wp-json\/wp\/v2\/types\/post"}],"author":[{"embeddable":true,"href":"https:\/\/gimnasticdetarragona.cat\/es\/wp-json\/wp\/v2\/users\/7"}],"replies":[{"embeddable":true,"href":"https:\/\/gimnasticdetarragona.cat\/es\/wp-json\/wp\/v2\/comments?post=97319"}],"version-history":[{"count":2,"href":"https:\/\/gimnasticdetarragona.cat\/es\/wp-json\/wp\/v2\/posts\/97319\/revisions"}],"predecessor-version":[{"id":97321,"href":"https:\/\/gimnasticdetarragona.cat\/es\/wp-json\/wp\/v2\/posts\/97319\/revisions\/97321"}],"wp:featuredmedia":[{"embeddable":true,"href":"https:\/\/gimnasticdetarragona.cat\/es\/wp-json\/wp\/v2\/media\/97317"}],"wp:attachment":[{"href":"https:\/\/gimnasticdetarragona.cat\/es\/wp-json\/wp\/v2\/media?parent=97319"}],"wp:term":[{"taxonomy":"category","embeddable":true,"href":"https:\/\/gimnasticdetarragona.cat\/es\/wp-json\/wp\/v2\/categories?post=97319"},{"taxonomy":"post_tag","embeddable":true,"href":"https:\/\/gimnasticdetarragona.cat\/es\/wp-json\/wp\/v2\/tags?post=97319"}],"curies":[{"name":"wp","href":"https:\/\/api.w.org\/{rel}","templated":true}]}}