{"id":97409,"date":"2024-11-21T18:09:22","date_gmt":"2024-11-21T17:09:22","guid":{"rendered":"https:\/\/gimnasticdetarragona.cat\/lequip-genuine-i-el-voluntariat-grana-preparats-per-gaudir-de-laliga-genuine-24-25\/"},"modified":"2024-11-21T18:22:10","modified_gmt":"2024-11-21T17:22:10","slug":"lequip-genuine-i-el-voluntariat-grana-preparats-per-gaudir-de-laliga-genuine-24-25","status":"publish","type":"post","link":"https:\/\/gimnasticdetarragona.cat\/es\/lequip-genuine-i-el-voluntariat-grana-preparats-per-gaudir-de-laliga-genuine-24-25\/","title":{"rendered":"El equipo Genuine y el Voluntariat Grana, listos para disfrutar de LALIGA GENUINE 24\/25"},"content":{"rendered":"\n<p>En esta edici\u00f3n 24\/25, el Aula Magna del Campus Catalunya de la Universitat Rovira i Virgili ha sido el escenario escogido para la presentaci\u00f3n oficial de los jugadores, t\u00e9cnicos del N\u00e0stic Genuine y los m\u00e1s de 250 miembros del Voluntariat Grana BASF. Todos ellos acompa\u00f1ar\u00e1n a los m\u00e1s de 1.000 jugadores y t\u00e9cnicos, de los 47 equipos participantes, en la Fase Tarragona de LALIGA GENUINE, que esta temporada celebra su s\u00e9ptima edici\u00f3n de la competici\u00f3n.<\/p>\n\n\n\n<p>La jornada, presentada por la periodista Tere Ortega, ha contado con muchos participantes. Josep Pallar\u00e8s, rector de la URV; Llu\u00eds F\u00e0bregas, presidente ejecutivo del N\u00e0stic; y Olga de la Fuente, directora de la Fundaci\u00f3n LaLiga, han sido los encargados de dar la bienvenida a todos los presentes.<\/p>\n\n\n\n<p>Un a\u00f1o m\u00e1s, toda la plantilla del primer equipo grana no falt\u00f3 a la cita. El entrenador, Dani Vidal, y el primer capit\u00e1n, Joan Oriol, tambi\u00e9n han tenido unas palabras para todos los voluntarios de esta edici\u00f3n.<\/p>\n\n\n\n<p>En el escenario tambi\u00e9n han intervenido I\u00f1aki Alonso y Leticia Montoya, de la oficina de Protecci\u00f3n a la Infancia de LALIGA; y Xavier Ribera, director de comunicaci\u00f3n, relaciones institucionales y sostenibilidad de BASF en Espa\u00f1a y Portugal.<\/p>\n\n\n\n<p>El Voluntariat Grana BASF que participar\u00e1 en la Fase Tarragona de LaLiga Genuine 2024-2025 se compone por los siguientes colectivos y estudiantes de los centros: Col\u00b7legi Sant Pau Ap\u00f2stol, Institut Antoni Mart\u00ed Franqu\u00e8s, Col\u00b7legi Dominiques Tarragona, Col\u00b7legi Mare Nostrum, Institut Tarragona y Camp Joliu. El coordinador del Voluntariat Grana, Jordi Ruiz; la directora de AGF, Conxita Esteve; y uno de los voluntarios de LALIGA GENUINE, Adri\u00e0 Pujol, han sido los encargados de dar las indicaciones a seguir para este fin de semana.<\/p>\n\n\n\n<p>El equipo Genuine para esta fase estar\u00e1 compuesto por \u00c1lvaro Cano, Rub\u00e9n Almazan, Daniel Ferrer, David Descarrega, Jose Antonio Mateu, Sergi Camprubi, Oriol Clavaguera, Lucia Fernandez, Joan Josep Gonzales, Marta \u00c1lvarez, Cyro Almazan, Kevin Castell\u00f3, Aaron Oya, Didac Ch\u00e0fer, Edgar Torres y Jordi Rofes. Acompa\u00f1ados por los t\u00e9cnicos Rafel Magriny\u00e0, Isabel Fonseca, Santiago Giner y Manuel Garcia. \u00a0<\/p>\n\n\n\n<p>Recordamos que el viernes, a partir de las 19 horas, se realizar\u00e1 la ceremonia inaugural de LALIGA GENUINE 2024-2025 en el Nou Estadi Costa Daurada y todo el mundo est\u00e1 invitado. El N\u00e0stic y Tarragona ejercer\u00e1n de anfitriones una temporada m\u00e1s en el estreno de la competici\u00f3n.<\/p>\n\n\n\n<p>Los partidos se disputar\u00e1n en el F\u00fatbol Salou Sports Center en las jornadas de s\u00e1bado y domingo.<\/p>\n","protected":false},"excerpt":{"rendered":"<p>Acto de formaci\u00f3n en el Aula Magna del Campus Catalunya de la URV<\/p>\n","protected":false},"author":7,"featured_media":97407,"comment_status":"open","ping_status":"open","sticky":false,"template":"","format":"standard","meta":{"_acf_changed":false,"footnotes":""},"categories":[113,114,115,118,119,126,139,141],"tags":[],"class_list":["post-97409","post","type-post","status-publish","format-standard","has-post-thumbnail","hentry","category-actualidad","category-aficion","category-agenda-social","category-genuine","category-genuine-1","category-primer-equipo","category-social","category-voluntariat-grana"],"acf":[],"yoast_head":"<!-- This site is optimized with the Yoast SEO plugin v27.3 - https:\/\/yoast.com\/product\/yoast-seo-wordpress\/ -->\n<title>El equipo Genuine y el Voluntariat Grana, listos para disfrutar de LALIGA GENUINE 24\/25 - Gimn\u00e0stic de Tarragona SAD<\/title>\n<meta name=\"robots\" content=\"index, follow, max-snippet:-1, max-image-preview:large, max-video-preview:-1\" \/>\n<link rel=\"canonical\" href=\"https:\/\/gimnasticdetarragona.cat\/es\/lequip-genuine-i-el-voluntariat-grana-preparats-per-gaudir-de-laliga-genuine-24-25\/\" \/>\n<meta property=\"og:locale\" content=\"es_ES\" \/>\n<meta property=\"og:type\" content=\"article\" \/>\n<meta property=\"og:title\" content=\"El equipo Genuine y el Voluntariat Grana, listos para disfrutar de LALIGA GENUINE 24\/25 - Gimn\u00e0stic de Tarragona SAD\" \/>\n<meta property=\"og:description\" content=\"Acto de formaci\u00f3n en el Aula Magna del Campus Catalunya de la URV\" \/>\n<meta property=\"og:url\" content=\"https:\/\/gimnasticdetarragona.cat\/es\/lequip-genuine-i-el-voluntariat-grana-preparats-per-gaudir-de-laliga-genuine-24-25\/\" \/>\n<meta property=\"og:site_name\" content=\"Gimn\u00e0stic de Tarragona SAD\" \/>\n<meta property=\"article:published_time\" content=\"2024-11-21T17:09:22+00:00\" \/>\n<meta property=\"article:modified_time\" content=\"2024-11-21T17:22:10+00:00\" \/>\n<meta property=\"og:image\" content=\"https:\/\/gimnasticdetarragona.cat\/wp-content\/uploads\/2024\/11\/voluntariat-i-genuine-24-scaled.jpg\" \/>\n\t<meta property=\"og:image:width\" content=\"2560\" \/>\n\t<meta property=\"og:image:height\" content=\"1379\" \/>\n\t<meta property=\"og:image:type\" content=\"image\/jpeg\" \/>\n<meta name=\"author\" content=\"Comunicacion\" \/>\n<meta name=\"twitter:card\" content=\"summary_large_image\" \/>\n<meta name=\"twitter:creator\" content=\"@NASTICTARRAGONA\" \/>\n<meta name=\"twitter:site\" content=\"@NASTICTARRAGONA\" \/>\n<meta name=\"twitter:label1\" content=\"Escrito por\" \/>\n\t<meta name=\"twitter:data1\" content=\"Comunicacion\" \/>\n\t<meta name=\"twitter:label2\" content=\"Tiempo de lectura\" \/>\n\t<meta name=\"twitter:data2\" content=\"2 minutos\" \/>\n<script type=\"application\/ld+json\" class=\"yoast-schema-graph\">{\"@context\":\"https:\\\/\\\/schema.org\",\"@graph\":[{\"@type\":\"Article\",\"@id\":\"https:\\\/\\\/gimnasticdetarragona.cat\\\/es\\\/lequip-genuine-i-el-voluntariat-grana-preparats-per-gaudir-de-laliga-genuine-24-25\\\/#article\",\"isPartOf\":{\"@id\":\"https:\\\/\\\/gimnasticdetarragona.cat\\\/es\\\/lequip-genuine-i-el-voluntariat-grana-preparats-per-gaudir-de-laliga-genuine-24-25\\\/\"},\"author\":{\"name\":\"Comunicacion\",\"@id\":\"https:\\\/\\\/gimnasticdetarragona.cat\\\/es\\\/#\\\/schema\\\/person\\\/0a9b7103e7dd73640eb245c4aa4afb8d\"},\"headline\":\"El equipo Genuine y el Voluntariat Grana, listos para disfrutar de LALIGA GENUINE 24\\\/25\",\"datePublished\":\"2024-11-21T17:09:22+00:00\",\"dateModified\":\"2024-11-21T17:22:10+00:00\",\"mainEntityOfPage\":{\"@id\":\"https:\\\/\\\/gimnasticdetarragona.cat\\\/es\\\/lequip-genuine-i-el-voluntariat-grana-preparats-per-gaudir-de-laliga-genuine-24-25\\\/\"},\"wordCount\":450,\"commentCount\":0,\"publisher\":{\"@id\":\"https:\\\/\\\/gimnasticdetarragona.cat\\\/es\\\/#organization\"},\"image\":{\"@id\":\"https:\\\/\\\/gimnasticdetarragona.cat\\\/es\\\/lequip-genuine-i-el-voluntariat-grana-preparats-per-gaudir-de-laliga-genuine-24-25\\\/#primaryimage\"},\"thumbnailUrl\":\"https:\\\/\\\/gimnasticdetarragona.cat\\\/wp-content\\\/uploads\\\/2024\\\/11\\\/voluntariat-i-genuine-24-scaled.jpg\",\"articleSection\":[\"Actualidad\",\"Afici\u00f3n\",\"Agenda Social\",\"Genuine\",\"Genuine\",\"Primer Equipo\",\"Social\",\"Voluntariat Grana\"],\"inLanguage\":\"es\"},{\"@type\":\"WebPage\",\"@id\":\"https:\\\/\\\/gimnasticdetarragona.cat\\\/es\\\/lequip-genuine-i-el-voluntariat-grana-preparats-per-gaudir-de-laliga-genuine-24-25\\\/\",\"url\":\"https:\\\/\\\/gimnasticdetarragona.cat\\\/es\\\/lequip-genuine-i-el-voluntariat-grana-preparats-per-gaudir-de-laliga-genuine-24-25\\\/\",\"name\":\"El equipo Genuine y el Voluntariat Grana, listos para disfrutar de LALIGA GENUINE 24\\\/25 - Gimn\u00e0stic de Tarragona SAD\",\"isPartOf\":{\"@id\":\"https:\\\/\\\/gimnasticdetarragona.cat\\\/es\\\/#website\"},\"primaryImageOfPage\":{\"@id\":\"https:\\\/\\\/gimnasticdetarragona.cat\\\/es\\\/lequip-genuine-i-el-voluntariat-grana-preparats-per-gaudir-de-laliga-genuine-24-25\\\/#primaryimage\"},\"image\":{\"@id\":\"https:\\\/\\\/gimnasticdetarragona.cat\\\/es\\\/lequip-genuine-i-el-voluntariat-grana-preparats-per-gaudir-de-laliga-genuine-24-25\\\/#primaryimage\"},\"thumbnailUrl\":\"https:\\\/\\\/gimnasticdetarragona.cat\\\/wp-content\\\/uploads\\\/2024\\\/11\\\/voluntariat-i-genuine-24-scaled.jpg\",\"datePublished\":\"2024-11-21T17:09:22+00:00\",\"dateModified\":\"2024-11-21T17:22:10+00:00\",\"breadcrumb\":{\"@id\":\"https:\\\/\\\/gimnasticdetarragona.cat\\\/es\\\/lequip-genuine-i-el-voluntariat-grana-preparats-per-gaudir-de-laliga-genuine-24-25\\\/#breadcrumb\"},\"inLanguage\":\"es\",\"potentialAction\":[{\"@type\":\"ReadAction\",\"target\":[\"https:\\\/\\\/gimnasticdetarragona.cat\\\/es\\\/lequip-genuine-i-el-voluntariat-grana-preparats-per-gaudir-de-laliga-genuine-24-25\\\/\"]}]},{\"@type\":\"ImageObject\",\"inLanguage\":\"es\",\"@id\":\"https:\\\/\\\/gimnasticdetarragona.cat\\\/es\\\/lequip-genuine-i-el-voluntariat-grana-preparats-per-gaudir-de-laliga-genuine-24-25\\\/#primaryimage\",\"url\":\"https:\\\/\\\/gimnasticdetarragona.cat\\\/wp-content\\\/uploads\\\/2024\\\/11\\\/voluntariat-i-genuine-24-scaled.jpg\",\"contentUrl\":\"https:\\\/\\\/gimnasticdetarragona.cat\\\/wp-content\\\/uploads\\\/2024\\\/11\\\/voluntariat-i-genuine-24-scaled.jpg\",\"width\":2560,\"height\":1379},{\"@type\":\"BreadcrumbList\",\"@id\":\"https:\\\/\\\/gimnasticdetarragona.cat\\\/es\\\/lequip-genuine-i-el-voluntariat-grana-preparats-per-gaudir-de-laliga-genuine-24-25\\\/#breadcrumb\",\"itemListElement\":[{\"@type\":\"ListItem\",\"position\":1,\"name\":\"Inici\",\"item\":\"https:\\\/\\\/gimnasticdetarragona.cat\\\/es\\\/nastic\\\/\"},{\"@type\":\"ListItem\",\"position\":2,\"name\":\"El equipo Genuine y el Voluntariat Grana, listos para disfrutar de LALIGA GENUINE 24\\\/25\"}]},{\"@type\":\"WebSite\",\"@id\":\"https:\\\/\\\/gimnasticdetarragona.cat\\\/es\\\/#website\",\"url\":\"https:\\\/\\\/gimnasticdetarragona.cat\\\/es\\\/\",\"name\":\"Gimn\u00e0stic de Tarragona SAD\",\"description\":\"Gimn\u00e0stic de Tarragona\",\"publisher\":{\"@id\":\"https:\\\/\\\/gimnasticdetarragona.cat\\\/es\\\/#organization\"},\"potentialAction\":[{\"@type\":\"SearchAction\",\"target\":{\"@type\":\"EntryPoint\",\"urlTemplate\":\"https:\\\/\\\/gimnasticdetarragona.cat\\\/es\\\/?s={search_term_string}\"},\"query-input\":{\"@type\":\"PropertyValueSpecification\",\"valueRequired\":true,\"valueName\":\"search_term_string\"}}],\"inLanguage\":\"es\"},{\"@type\":\"Organization\",\"@id\":\"https:\\\/\\\/gimnasticdetarragona.cat\\\/es\\\/#organization\",\"name\":\"GIMN\u00c0STIC DE TARRAGONA\",\"alternateName\":\"N\u00c0STIC\",\"url\":\"https:\\\/\\\/gimnasticdetarragona.cat\\\/es\\\/\",\"logo\":{\"@type\":\"ImageObject\",\"inLanguage\":\"es\",\"@id\":\"https:\\\/\\\/gimnasticdetarragona.cat\\\/es\\\/#\\\/schema\\\/logo\\\/image\\\/\",\"url\":\"https:\\\/\\\/gimnasticdetarragona.cat\\\/wp-content\\\/uploads\\\/2022\\\/06\\\/cropped-logo-gimnastic.png\",\"contentUrl\":\"https:\\\/\\\/gimnasticdetarragona.cat\\\/wp-content\\\/uploads\\\/2022\\\/06\\\/cropped-logo-gimnastic.png\",\"width\":224,\"height\":83,\"caption\":\"GIMN\u00c0STIC DE TARRAGONA\"},\"image\":{\"@id\":\"https:\\\/\\\/gimnasticdetarragona.cat\\\/es\\\/#\\\/schema\\\/logo\\\/image\\\/\"},\"sameAs\":[\"https:\\\/\\\/x.com\\\/NASTICTARRAGONA\",\"https:\\\/\\\/www.instagram.com\\\/nastictarragona\\\/\"]},{\"@type\":\"Person\",\"@id\":\"https:\\\/\\\/gimnasticdetarragona.cat\\\/es\\\/#\\\/schema\\\/person\\\/0a9b7103e7dd73640eb245c4aa4afb8d\",\"name\":\"Comunicacion\"}]}<\/script>\n<!-- \/ Yoast SEO plugin. -->","yoast_head_json":{"title":"El equipo Genuine y el Voluntariat Grana, listos para disfrutar de LALIGA GENUINE 24\/25 - Gimn\u00e0stic de Tarragona SAD","robots":{"index":"index","follow":"follow","max-snippet":"max-snippet:-1","max-image-preview":"max-image-preview:large","max-video-preview":"max-video-preview:-1"},"canonical":"https:\/\/gimnasticdetarragona.cat\/es\/lequip-genuine-i-el-voluntariat-grana-preparats-per-gaudir-de-laliga-genuine-24-25\/","og_locale":"es_ES","og_type":"article","og_title":"El equipo Genuine y el Voluntariat Grana, listos para disfrutar de LALIGA GENUINE 24\/25 - Gimn\u00e0stic de Tarragona SAD","og_description":"Acto de formaci\u00f3n en el Aula Magna del Campus Catalunya de la URV","og_url":"https:\/\/gimnasticdetarragona.cat\/es\/lequip-genuine-i-el-voluntariat-grana-preparats-per-gaudir-de-laliga-genuine-24-25\/","og_site_name":"Gimn\u00e0stic de Tarragona SAD","article_published_time":"2024-11-21T17:09:22+00:00","article_modified_time":"2024-11-21T17:22:10+00:00","og_image":[{"width":2560,"height":1379,"url":"https:\/\/gimnasticdetarragona.cat\/wp-content\/uploads\/2024\/11\/voluntariat-i-genuine-24-scaled.jpg","type":"image\/jpeg"}],"author":"Comunicacion","twitter_card":"summary_large_image","twitter_creator":"@NASTICTARRAGONA","twitter_site":"@NASTICTARRAGONA","twitter_misc":{"Escrito por":"Comunicacion","Tiempo de lectura":"2 minutos"},"schema":{"@context":"https:\/\/schema.org","@graph":[{"@type":"Article","@id":"https:\/\/gimnasticdetarragona.cat\/es\/lequip-genuine-i-el-voluntariat-grana-preparats-per-gaudir-de-laliga-genuine-24-25\/#article","isPartOf":{"@id":"https:\/\/gimnasticdetarragona.cat\/es\/lequip-genuine-i-el-voluntariat-grana-preparats-per-gaudir-de-laliga-genuine-24-25\/"},"author":{"name":"Comunicacion","@id":"https:\/\/gimnasticdetarragona.cat\/es\/#\/schema\/person\/0a9b7103e7dd73640eb245c4aa4afb8d"},"headline":"El equipo Genuine y el Voluntariat Grana, listos para disfrutar de LALIGA GENUINE 24\/25","datePublished":"2024-11-21T17:09:22+00:00","dateModified":"2024-11-21T17:22:10+00:00","mainEntityOfPage":{"@id":"https:\/\/gimnasticdetarragona.cat\/es\/lequip-genuine-i-el-voluntariat-grana-preparats-per-gaudir-de-laliga-genuine-24-25\/"},"wordCount":450,"commentCount":0,"publisher":{"@id":"https:\/\/gimnasticdetarragona.cat\/es\/#organization"},"image":{"@id":"https:\/\/gimnasticdetarragona.cat\/es\/lequip-genuine-i-el-voluntariat-grana-preparats-per-gaudir-de-laliga-genuine-24-25\/#primaryimage"},"thumbnailUrl":"https:\/\/gimnasticdetarragona.cat\/wp-content\/uploads\/2024\/11\/voluntariat-i-genuine-24-scaled.jpg","articleSection":["Actualidad","Afici\u00f3n","Agenda Social","Genuine","Genuine","Primer Equipo","Social","Voluntariat Grana"],"inLanguage":"es"},{"@type":"WebPage","@id":"https:\/\/gimnasticdetarragona.cat\/es\/lequip-genuine-i-el-voluntariat-grana-preparats-per-gaudir-de-laliga-genuine-24-25\/","url":"https:\/\/gimnasticdetarragona.cat\/es\/lequip-genuine-i-el-voluntariat-grana-preparats-per-gaudir-de-laliga-genuine-24-25\/","name":"El equipo Genuine y el Voluntariat Grana, listos para disfrutar de LALIGA GENUINE 24\/25 - Gimn\u00e0stic de Tarragona SAD","isPartOf":{"@id":"https:\/\/gimnasticdetarragona.cat\/es\/#website"},"primaryImageOfPage":{"@id":"https:\/\/gimnasticdetarragona.cat\/es\/lequip-genuine-i-el-voluntariat-grana-preparats-per-gaudir-de-laliga-genuine-24-25\/#primaryimage"},"image":{"@id":"https:\/\/gimnasticdetarragona.cat\/es\/lequip-genuine-i-el-voluntariat-grana-preparats-per-gaudir-de-laliga-genuine-24-25\/#primaryimage"},"thumbnailUrl":"https:\/\/gimnasticdetarragona.cat\/wp-content\/uploads\/2024\/11\/voluntariat-i-genuine-24-scaled.jpg","datePublished":"2024-11-21T17:09:22+00:00","dateModified":"2024-11-21T17:22:10+00:00","breadcrumb":{"@id":"https:\/\/gimnasticdetarragona.cat\/es\/lequip-genuine-i-el-voluntariat-grana-preparats-per-gaudir-de-laliga-genuine-24-25\/#breadcrumb"},"inLanguage":"es","potentialAction":[{"@type":"ReadAction","target":["https:\/\/gimnasticdetarragona.cat\/es\/lequip-genuine-i-el-voluntariat-grana-preparats-per-gaudir-de-laliga-genuine-24-25\/"]}]},{"@type":"ImageObject","inLanguage":"es","@id":"https:\/\/gimnasticdetarragona.cat\/es\/lequip-genuine-i-el-voluntariat-grana-preparats-per-gaudir-de-laliga-genuine-24-25\/#primaryimage","url":"https:\/\/gimnasticdetarragona.cat\/wp-content\/uploads\/2024\/11\/voluntariat-i-genuine-24-scaled.jpg","contentUrl":"https:\/\/gimnasticdetarragona.cat\/wp-content\/uploads\/2024\/11\/voluntariat-i-genuine-24-scaled.jpg","width":2560,"height":1379},{"@type":"BreadcrumbList","@id":"https:\/\/gimnasticdetarragona.cat\/es\/lequip-genuine-i-el-voluntariat-grana-preparats-per-gaudir-de-laliga-genuine-24-25\/#breadcrumb","itemListElement":[{"@type":"ListItem","position":1,"name":"Inici","item":"https:\/\/gimnasticdetarragona.cat\/es\/nastic\/"},{"@type":"ListItem","position":2,"name":"El equipo Genuine y el Voluntariat Grana, listos para disfrutar de LALIGA GENUINE 24\/25"}]},{"@type":"WebSite","@id":"https:\/\/gimnasticdetarragona.cat\/es\/#website","url":"https:\/\/gimnasticdetarragona.cat\/es\/","name":"Gimn\u00e0stic de Tarragona SAD","description":"Gimn\u00e0stic de Tarragona","publisher":{"@id":"https:\/\/gimnasticdetarragona.cat\/es\/#organization"},"potentialAction":[{"@type":"SearchAction","target":{"@type":"EntryPoint","urlTemplate":"https:\/\/gimnasticdetarragona.cat\/es\/?s={search_term_string}"},"query-input":{"@type":"PropertyValueSpecification","valueRequired":true,"valueName":"search_term_string"}}],"inLanguage":"es"},{"@type":"Organization","@id":"https:\/\/gimnasticdetarragona.cat\/es\/#organization","name":"GIMN\u00c0STIC DE TARRAGONA","alternateName":"N\u00c0STIC","url":"https:\/\/gimnasticdetarragona.cat\/es\/","logo":{"@type":"ImageObject","inLanguage":"es","@id":"https:\/\/gimnasticdetarragona.cat\/es\/#\/schema\/logo\/image\/","url":"https:\/\/gimnasticdetarragona.cat\/wp-content\/uploads\/2022\/06\/cropped-logo-gimnastic.png","contentUrl":"https:\/\/gimnasticdetarragona.cat\/wp-content\/uploads\/2022\/06\/cropped-logo-gimnastic.png","width":224,"height":83,"caption":"GIMN\u00c0STIC DE TARRAGONA"},"image":{"@id":"https:\/\/gimnasticdetarragona.cat\/es\/#\/schema\/logo\/image\/"},"sameAs":["https:\/\/x.com\/NASTICTARRAGONA","https:\/\/www.instagram.com\/nastictarragona\/"]},{"@type":"Person","@id":"https:\/\/gimnasticdetarragona.cat\/es\/#\/schema\/person\/0a9b7103e7dd73640eb245c4aa4afb8d","name":"Comunicacion"}]}},"_links":{"self":[{"href":"https:\/\/gimnasticdetarragona.cat\/es\/wp-json\/wp\/v2\/posts\/97409","targetHints":{"allow":["GET"]}}],"collection":[{"href":"https:\/\/gimnasticdetarragona.cat\/es\/wp-json\/wp\/v2\/posts"}],"about":[{"href":"https:\/\/gimnasticdetarragona.cat\/es\/wp-json\/wp\/v2\/types\/post"}],"author":[{"embeddable":true,"href":"https:\/\/gimnasticdetarragona.cat\/es\/wp-json\/wp\/v2\/users\/7"}],"replies":[{"embeddable":true,"href":"https:\/\/gimnasticdetarragona.cat\/es\/wp-json\/wp\/v2\/comments?post=97409"}],"version-history":[{"count":3,"href":"https:\/\/gimnasticdetarragona.cat\/es\/wp-json\/wp\/v2\/posts\/97409\/revisions"}],"predecessor-version":[{"id":97414,"href":"https:\/\/gimnasticdetarragona.cat\/es\/wp-json\/wp\/v2\/posts\/97409\/revisions\/97414"}],"wp:featuredmedia":[{"embeddable":true,"href":"https:\/\/gimnasticdetarragona.cat\/es\/wp-json\/wp\/v2\/media\/97407"}],"wp:attachment":[{"href":"https:\/\/gimnasticdetarragona.cat\/es\/wp-json\/wp\/v2\/media?parent=97409"}],"wp:term":[{"taxonomy":"category","embeddable":true,"href":"https:\/\/gimnasticdetarragona.cat\/es\/wp-json\/wp\/v2\/categories?post=97409"},{"taxonomy":"post_tag","embeddable":true,"href":"https:\/\/gimnasticdetarragona.cat\/es\/wp-json\/wp\/v2\/tags?post=97409"}],"curies":[{"name":"wp","href":"https:\/\/api.w.org\/{rel}","templated":true}]}}