{"id":97620,"date":"2024-12-10T21:53:00","date_gmt":"2024-12-10T20:53:00","guid":{"rendered":"https:\/\/gimnasticdetarragona.cat\/celebrada-la-junta-general-daccionistes-2024-del-gimnastic-de-tarragona-sad\/"},"modified":"2024-12-12T14:03:42","modified_gmt":"2024-12-12T13:03:42","slug":"celebrada-la-junta-general-daccionistes-2024-del-gimnastic-de-tarragona-sad","status":"publish","type":"post","link":"https:\/\/gimnasticdetarragona.cat\/es\/celebrada-la-junta-general-daccionistes-2024-del-gimnastic-de-tarragona-sad\/","title":{"rendered":"Celebrada la Junta General de Accionistas 2024 del Gimn\u00e0stic de Tarragona, SAD"},"content":{"rendered":"\n<p>La sala Eutyches del Palacio Ferial y de Congresos de Tarragona ha repetido como escenario de la Junta General Ordinaria del Gimn\u00e0stic de Tarragona, SAD. En esta edici\u00f3n de 2024, el acto ha comenzado puntualmente a las 19 horas y ha tenido una duraci\u00f3n superior a los 90 minutos,<\/p>\n\n\n\n<p>Al inicio se ha homenajeado a los nastiqueros que esta temporada cumplen 50 a\u00f1os como socios del Gimn\u00e0stic de Tarragona, recogiendo la insignia de manos del presidente ejecutivo grana, Llu\u00eds F\u00e0bregas.<\/p>\n\n\n\n<p>El propio presidente del N\u00e0stic ha sido el encargado de realizar la introducci\u00f3n a la Junta con un informe de gesti\u00f3n donde ha repasado los hechos m\u00e1s importantes&nbsp;del \u00faltimo a\u00f1o en materia social, econ\u00f3mica y deportiva.<\/p>\n\n\n\n<p>En el aspecto social, F\u00e0bregas ha apuntado que actualmente la entidad tiene 7.662 socios, manifestando que \u00abestamos muy contentos de la respuesta y la fidelidad un a\u00f1o m\u00e1s\u00bb. Adem\u00e1s, ha agradecido la fidelidad de las empresas que nos acompa\u00f1an.<\/p>\n\n\n\n<p>En materia econ\u00f3mica el presidente del N\u00e0stic ha explicado que el cierre de la temporada 2023-2024 tiene un resultado negativo despu\u00e9s de impuestos y amortizaciones de 917.510,07 \u20ac y unas p\u00e9rdidas previstas de 876.308,91 \u20ac para la 2024-2025. Estas p\u00e9rdidas est\u00e1n soportadas con pr\u00e9stamos realizados por el Consejo de Administraci\u00f3n. Actualmente, el capital social de la entidad, despu\u00e9s de la ampliaci\u00f3n de capital suscrita en julio, es de 9.957.400\u20ac.<\/p>\n\n\n\n<p>F\u00e0bregas ha actualizado c\u00f3mo se reparte actualmente el accionariado en cifras redondeadas: El Consejo de Administraci\u00f3n tiene y representa un 80%, los peque\u00f1os accionistas un 10% y el 10% restante corresponde al Ayuntamiento de Tarragona.<\/p>\n\n\n\n<p>Posteriormente, el propio Llu\u00eds F\u00e0bregas, ha detallado partida a partida el balance de la temporada 2023-2024 y el presupuesto para la presente temporada 2024-2025.<\/p>\n\n\n\n<p>Por \u00faltimo, tras la aprobaci\u00f3n por mayor\u00eda del acta y el resumen de la Junta por parte del secretario, Javier Bala\u00f1a, el presidente grana ha deseado a todos los socios y accionistas unas felices fiestas de Navidad y un feliz A\u00f1o 2025. La Junta ha contado con el 89.60% de representaci\u00f3n del accionariado, un nuevo r\u00e9cord. Dentro de los ruegos y preguntas, el Consejo de Administraci\u00f3n ha respondido a todas las consultas, preocupaciones y mensajes de los accionistas presentes en la Sala Eutyches.<\/p>\n\n\n\n<p>Los puntos del orden del d\u00eda aprobados han sido:<\/p>\n\n\n\n<p>1.- Examen y en su caso, aprobaci\u00f3n del Informe de Gesti\u00f3n y de las Cuentas Anuales auditadas, as\u00ed como de la gesti\u00f3n del Consejo de Administraci\u00f3n y de la aplicaci\u00f3n del resultado correspondiente al ejercicio 2023\/2024.<\/p>\n\n\n\n<p>2.- Presentaci\u00f3n y aprobaci\u00f3n en su caso, del presupuesto para el ejercicio social 2024\/2025.<\/p>\n\n\n\n<p>3.- Modificar en su caso, el art\u00edculo 29 de los Estatutos Sociales, relativo a la remuneraci\u00f3n del \u00d3rgano de Administraci\u00f3n, en virtud de la calificaci\u00f3n efectuada por el Registrador Mercantil de Tarragona.<\/p>\n\n\n\n<p>4.- Ruegos y preguntas.<\/p>\n\n\n\n<p>5.- Lectura y aprobaci\u00f3n del acta de la Junta.<\/p>\n","protected":false},"excerpt":{"rendered":"<p>Aprobados por mayor\u00eda todos los puntos del Orden del D\u00eda<\/p>\n","protected":false},"author":7,"featured_media":97618,"comment_status":"open","ping_status":"open","sticky":false,"template":"","format":"standard","meta":{"_acf_changed":false,"footnotes":""},"categories":[113,114,116,120,138],"tags":[],"class_list":["post-97620","post","type-post","status-publish","format-standard","has-post-thumbnail","hentry","category-actualidad","category-aficion","category-club-empresa","category-historia","category-socio"],"acf":[],"yoast_head":"<!-- This site is optimized with the Yoast SEO plugin v27.3 - https:\/\/yoast.com\/product\/yoast-seo-wordpress\/ -->\n<title>Celebrada la Junta General de Accionistas 2024 del Gimn\u00e0stic de Tarragona, SAD - Gimn\u00e0stic de Tarragona SAD<\/title>\n<meta name=\"robots\" content=\"index, follow, max-snippet:-1, max-image-preview:large, max-video-preview:-1\" \/>\n<link rel=\"canonical\" href=\"https:\/\/gimnasticdetarragona.cat\/es\/celebrada-la-junta-general-daccionistes-2024-del-gimnastic-de-tarragona-sad\/\" \/>\n<meta property=\"og:locale\" content=\"es_ES\" \/>\n<meta property=\"og:type\" content=\"article\" \/>\n<meta property=\"og:title\" content=\"Celebrada la Junta General de Accionistas 2024 del Gimn\u00e0stic de Tarragona, SAD - Gimn\u00e0stic de Tarragona SAD\" \/>\n<meta property=\"og:description\" content=\"Aprobados por mayor\u00eda todos los puntos del Orden del D\u00eda\" \/>\n<meta property=\"og:url\" content=\"https:\/\/gimnasticdetarragona.cat\/es\/celebrada-la-junta-general-daccionistes-2024-del-gimnastic-de-tarragona-sad\/\" \/>\n<meta property=\"og:site_name\" content=\"Gimn\u00e0stic de Tarragona SAD\" \/>\n<meta property=\"article:published_time\" content=\"2024-12-10T20:53:00+00:00\" \/>\n<meta property=\"article:modified_time\" content=\"2024-12-12T13:03:42+00:00\" \/>\n<meta property=\"og:image\" content=\"https:\/\/gimnasticdetarragona.cat\/wp-content\/uploads\/2024\/12\/jga2024-scaled.jpg\" \/>\n\t<meta property=\"og:image:width\" content=\"2418\" \/>\n\t<meta property=\"og:image:height\" content=\"2560\" \/>\n\t<meta property=\"og:image:type\" content=\"image\/jpeg\" \/>\n<meta name=\"author\" content=\"Comunicacion\" \/>\n<meta name=\"twitter:card\" content=\"summary_large_image\" \/>\n<meta name=\"twitter:creator\" content=\"@NASTICTARRAGONA\" \/>\n<meta name=\"twitter:site\" content=\"@NASTICTARRAGONA\" \/>\n<meta name=\"twitter:label1\" content=\"Escrito por\" \/>\n\t<meta name=\"twitter:data1\" content=\"Comunicacion\" \/>\n\t<meta name=\"twitter:label2\" content=\"Tiempo de lectura\" \/>\n\t<meta name=\"twitter:data2\" content=\"3 minutos\" \/>\n<script type=\"application\/ld+json\" class=\"yoast-schema-graph\">{\"@context\":\"https:\\\/\\\/schema.org\",\"@graph\":[{\"@type\":\"Article\",\"@id\":\"https:\\\/\\\/gimnasticdetarragona.cat\\\/es\\\/celebrada-la-junta-general-daccionistes-2024-del-gimnastic-de-tarragona-sad\\\/#article\",\"isPartOf\":{\"@id\":\"https:\\\/\\\/gimnasticdetarragona.cat\\\/es\\\/celebrada-la-junta-general-daccionistes-2024-del-gimnastic-de-tarragona-sad\\\/\"},\"author\":{\"name\":\"Comunicacion\",\"@id\":\"https:\\\/\\\/gimnasticdetarragona.cat\\\/es\\\/#\\\/schema\\\/person\\\/0a9b7103e7dd73640eb245c4aa4afb8d\"},\"headline\":\"Celebrada la Junta General de Accionistas 2024 del Gimn\u00e0stic de Tarragona, SAD\",\"datePublished\":\"2024-12-10T20:53:00+00:00\",\"dateModified\":\"2024-12-12T13:03:42+00:00\",\"mainEntityOfPage\":{\"@id\":\"https:\\\/\\\/gimnasticdetarragona.cat\\\/es\\\/celebrada-la-junta-general-daccionistes-2024-del-gimnastic-de-tarragona-sad\\\/\"},\"wordCount\":520,\"commentCount\":0,\"publisher\":{\"@id\":\"https:\\\/\\\/gimnasticdetarragona.cat\\\/es\\\/#organization\"},\"image\":{\"@id\":\"https:\\\/\\\/gimnasticdetarragona.cat\\\/es\\\/celebrada-la-junta-general-daccionistes-2024-del-gimnastic-de-tarragona-sad\\\/#primaryimage\"},\"thumbnailUrl\":\"https:\\\/\\\/gimnasticdetarragona.cat\\\/wp-content\\\/uploads\\\/2024\\\/12\\\/jga2024-scaled.jpg\",\"articleSection\":[\"Actualidad\",\"Afici\u00f3n\",\"Club Empresa\",\"Historia\",\"Socio\"],\"inLanguage\":\"es\"},{\"@type\":\"WebPage\",\"@id\":\"https:\\\/\\\/gimnasticdetarragona.cat\\\/es\\\/celebrada-la-junta-general-daccionistes-2024-del-gimnastic-de-tarragona-sad\\\/\",\"url\":\"https:\\\/\\\/gimnasticdetarragona.cat\\\/es\\\/celebrada-la-junta-general-daccionistes-2024-del-gimnastic-de-tarragona-sad\\\/\",\"name\":\"Celebrada la Junta General de Accionistas 2024 del Gimn\u00e0stic de Tarragona, SAD - Gimn\u00e0stic de Tarragona SAD\",\"isPartOf\":{\"@id\":\"https:\\\/\\\/gimnasticdetarragona.cat\\\/es\\\/#website\"},\"primaryImageOfPage\":{\"@id\":\"https:\\\/\\\/gimnasticdetarragona.cat\\\/es\\\/celebrada-la-junta-general-daccionistes-2024-del-gimnastic-de-tarragona-sad\\\/#primaryimage\"},\"image\":{\"@id\":\"https:\\\/\\\/gimnasticdetarragona.cat\\\/es\\\/celebrada-la-junta-general-daccionistes-2024-del-gimnastic-de-tarragona-sad\\\/#primaryimage\"},\"thumbnailUrl\":\"https:\\\/\\\/gimnasticdetarragona.cat\\\/wp-content\\\/uploads\\\/2024\\\/12\\\/jga2024-scaled.jpg\",\"datePublished\":\"2024-12-10T20:53:00+00:00\",\"dateModified\":\"2024-12-12T13:03:42+00:00\",\"breadcrumb\":{\"@id\":\"https:\\\/\\\/gimnasticdetarragona.cat\\\/es\\\/celebrada-la-junta-general-daccionistes-2024-del-gimnastic-de-tarragona-sad\\\/#breadcrumb\"},\"inLanguage\":\"es\",\"potentialAction\":[{\"@type\":\"ReadAction\",\"target\":[\"https:\\\/\\\/gimnasticdetarragona.cat\\\/es\\\/celebrada-la-junta-general-daccionistes-2024-del-gimnastic-de-tarragona-sad\\\/\"]}]},{\"@type\":\"ImageObject\",\"inLanguage\":\"es\",\"@id\":\"https:\\\/\\\/gimnasticdetarragona.cat\\\/es\\\/celebrada-la-junta-general-daccionistes-2024-del-gimnastic-de-tarragona-sad\\\/#primaryimage\",\"url\":\"https:\\\/\\\/gimnasticdetarragona.cat\\\/wp-content\\\/uploads\\\/2024\\\/12\\\/jga2024-scaled.jpg\",\"contentUrl\":\"https:\\\/\\\/gimnasticdetarragona.cat\\\/wp-content\\\/uploads\\\/2024\\\/12\\\/jga2024-scaled.jpg\",\"width\":2418,\"height\":2560},{\"@type\":\"BreadcrumbList\",\"@id\":\"https:\\\/\\\/gimnasticdetarragona.cat\\\/es\\\/celebrada-la-junta-general-daccionistes-2024-del-gimnastic-de-tarragona-sad\\\/#breadcrumb\",\"itemListElement\":[{\"@type\":\"ListItem\",\"position\":1,\"name\":\"Inici\",\"item\":\"https:\\\/\\\/gimnasticdetarragona.cat\\\/es\\\/nastic\\\/\"},{\"@type\":\"ListItem\",\"position\":2,\"name\":\"Celebrada la Junta General de Accionistas 2024 del Gimn\u00e0stic de Tarragona, SAD\"}]},{\"@type\":\"WebSite\",\"@id\":\"https:\\\/\\\/gimnasticdetarragona.cat\\\/es\\\/#website\",\"url\":\"https:\\\/\\\/gimnasticdetarragona.cat\\\/es\\\/\",\"name\":\"Gimn\u00e0stic de Tarragona SAD\",\"description\":\"Gimn\u00e0stic de Tarragona\",\"publisher\":{\"@id\":\"https:\\\/\\\/gimnasticdetarragona.cat\\\/es\\\/#organization\"},\"potentialAction\":[{\"@type\":\"SearchAction\",\"target\":{\"@type\":\"EntryPoint\",\"urlTemplate\":\"https:\\\/\\\/gimnasticdetarragona.cat\\\/es\\\/?s={search_term_string}\"},\"query-input\":{\"@type\":\"PropertyValueSpecification\",\"valueRequired\":true,\"valueName\":\"search_term_string\"}}],\"inLanguage\":\"es\"},{\"@type\":\"Organization\",\"@id\":\"https:\\\/\\\/gimnasticdetarragona.cat\\\/es\\\/#organization\",\"name\":\"GIMN\u00c0STIC DE TARRAGONA\",\"alternateName\":\"N\u00c0STIC\",\"url\":\"https:\\\/\\\/gimnasticdetarragona.cat\\\/es\\\/\",\"logo\":{\"@type\":\"ImageObject\",\"inLanguage\":\"es\",\"@id\":\"https:\\\/\\\/gimnasticdetarragona.cat\\\/es\\\/#\\\/schema\\\/logo\\\/image\\\/\",\"url\":\"https:\\\/\\\/gimnasticdetarragona.cat\\\/wp-content\\\/uploads\\\/2022\\\/06\\\/cropped-logo-gimnastic.png\",\"contentUrl\":\"https:\\\/\\\/gimnasticdetarragona.cat\\\/wp-content\\\/uploads\\\/2022\\\/06\\\/cropped-logo-gimnastic.png\",\"width\":224,\"height\":83,\"caption\":\"GIMN\u00c0STIC DE TARRAGONA\"},\"image\":{\"@id\":\"https:\\\/\\\/gimnasticdetarragona.cat\\\/es\\\/#\\\/schema\\\/logo\\\/image\\\/\"},\"sameAs\":[\"https:\\\/\\\/x.com\\\/NASTICTARRAGONA\",\"https:\\\/\\\/www.instagram.com\\\/nastictarragona\\\/\"]},{\"@type\":\"Person\",\"@id\":\"https:\\\/\\\/gimnasticdetarragona.cat\\\/es\\\/#\\\/schema\\\/person\\\/0a9b7103e7dd73640eb245c4aa4afb8d\",\"name\":\"Comunicacion\"}]}<\/script>\n<!-- \/ Yoast SEO plugin. -->","yoast_head_json":{"title":"Celebrada la Junta General de Accionistas 2024 del Gimn\u00e0stic de Tarragona, SAD - Gimn\u00e0stic de Tarragona SAD","robots":{"index":"index","follow":"follow","max-snippet":"max-snippet:-1","max-image-preview":"max-image-preview:large","max-video-preview":"max-video-preview:-1"},"canonical":"https:\/\/gimnasticdetarragona.cat\/es\/celebrada-la-junta-general-daccionistes-2024-del-gimnastic-de-tarragona-sad\/","og_locale":"es_ES","og_type":"article","og_title":"Celebrada la Junta General de Accionistas 2024 del Gimn\u00e0stic de Tarragona, SAD - Gimn\u00e0stic de Tarragona SAD","og_description":"Aprobados por mayor\u00eda todos los puntos del Orden del D\u00eda","og_url":"https:\/\/gimnasticdetarragona.cat\/es\/celebrada-la-junta-general-daccionistes-2024-del-gimnastic-de-tarragona-sad\/","og_site_name":"Gimn\u00e0stic de Tarragona SAD","article_published_time":"2024-12-10T20:53:00+00:00","article_modified_time":"2024-12-12T13:03:42+00:00","og_image":[{"width":2418,"height":2560,"url":"https:\/\/gimnasticdetarragona.cat\/wp-content\/uploads\/2024\/12\/jga2024-scaled.jpg","type":"image\/jpeg"}],"author":"Comunicacion","twitter_card":"summary_large_image","twitter_creator":"@NASTICTARRAGONA","twitter_site":"@NASTICTARRAGONA","twitter_misc":{"Escrito por":"Comunicacion","Tiempo de lectura":"3 minutos"},"schema":{"@context":"https:\/\/schema.org","@graph":[{"@type":"Article","@id":"https:\/\/gimnasticdetarragona.cat\/es\/celebrada-la-junta-general-daccionistes-2024-del-gimnastic-de-tarragona-sad\/#article","isPartOf":{"@id":"https:\/\/gimnasticdetarragona.cat\/es\/celebrada-la-junta-general-daccionistes-2024-del-gimnastic-de-tarragona-sad\/"},"author":{"name":"Comunicacion","@id":"https:\/\/gimnasticdetarragona.cat\/es\/#\/schema\/person\/0a9b7103e7dd73640eb245c4aa4afb8d"},"headline":"Celebrada la Junta General de Accionistas 2024 del Gimn\u00e0stic de Tarragona, SAD","datePublished":"2024-12-10T20:53:00+00:00","dateModified":"2024-12-12T13:03:42+00:00","mainEntityOfPage":{"@id":"https:\/\/gimnasticdetarragona.cat\/es\/celebrada-la-junta-general-daccionistes-2024-del-gimnastic-de-tarragona-sad\/"},"wordCount":520,"commentCount":0,"publisher":{"@id":"https:\/\/gimnasticdetarragona.cat\/es\/#organization"},"image":{"@id":"https:\/\/gimnasticdetarragona.cat\/es\/celebrada-la-junta-general-daccionistes-2024-del-gimnastic-de-tarragona-sad\/#primaryimage"},"thumbnailUrl":"https:\/\/gimnasticdetarragona.cat\/wp-content\/uploads\/2024\/12\/jga2024-scaled.jpg","articleSection":["Actualidad","Afici\u00f3n","Club Empresa","Historia","Socio"],"inLanguage":"es"},{"@type":"WebPage","@id":"https:\/\/gimnasticdetarragona.cat\/es\/celebrada-la-junta-general-daccionistes-2024-del-gimnastic-de-tarragona-sad\/","url":"https:\/\/gimnasticdetarragona.cat\/es\/celebrada-la-junta-general-daccionistes-2024-del-gimnastic-de-tarragona-sad\/","name":"Celebrada la Junta General de Accionistas 2024 del Gimn\u00e0stic de Tarragona, SAD - Gimn\u00e0stic de Tarragona SAD","isPartOf":{"@id":"https:\/\/gimnasticdetarragona.cat\/es\/#website"},"primaryImageOfPage":{"@id":"https:\/\/gimnasticdetarragona.cat\/es\/celebrada-la-junta-general-daccionistes-2024-del-gimnastic-de-tarragona-sad\/#primaryimage"},"image":{"@id":"https:\/\/gimnasticdetarragona.cat\/es\/celebrada-la-junta-general-daccionistes-2024-del-gimnastic-de-tarragona-sad\/#primaryimage"},"thumbnailUrl":"https:\/\/gimnasticdetarragona.cat\/wp-content\/uploads\/2024\/12\/jga2024-scaled.jpg","datePublished":"2024-12-10T20:53:00+00:00","dateModified":"2024-12-12T13:03:42+00:00","breadcrumb":{"@id":"https:\/\/gimnasticdetarragona.cat\/es\/celebrada-la-junta-general-daccionistes-2024-del-gimnastic-de-tarragona-sad\/#breadcrumb"},"inLanguage":"es","potentialAction":[{"@type":"ReadAction","target":["https:\/\/gimnasticdetarragona.cat\/es\/celebrada-la-junta-general-daccionistes-2024-del-gimnastic-de-tarragona-sad\/"]}]},{"@type":"ImageObject","inLanguage":"es","@id":"https:\/\/gimnasticdetarragona.cat\/es\/celebrada-la-junta-general-daccionistes-2024-del-gimnastic-de-tarragona-sad\/#primaryimage","url":"https:\/\/gimnasticdetarragona.cat\/wp-content\/uploads\/2024\/12\/jga2024-scaled.jpg","contentUrl":"https:\/\/gimnasticdetarragona.cat\/wp-content\/uploads\/2024\/12\/jga2024-scaled.jpg","width":2418,"height":2560},{"@type":"BreadcrumbList","@id":"https:\/\/gimnasticdetarragona.cat\/es\/celebrada-la-junta-general-daccionistes-2024-del-gimnastic-de-tarragona-sad\/#breadcrumb","itemListElement":[{"@type":"ListItem","position":1,"name":"Inici","item":"https:\/\/gimnasticdetarragona.cat\/es\/nastic\/"},{"@type":"ListItem","position":2,"name":"Celebrada la Junta General de Accionistas 2024 del Gimn\u00e0stic de Tarragona, SAD"}]},{"@type":"WebSite","@id":"https:\/\/gimnasticdetarragona.cat\/es\/#website","url":"https:\/\/gimnasticdetarragona.cat\/es\/","name":"Gimn\u00e0stic de Tarragona SAD","description":"Gimn\u00e0stic de Tarragona","publisher":{"@id":"https:\/\/gimnasticdetarragona.cat\/es\/#organization"},"potentialAction":[{"@type":"SearchAction","target":{"@type":"EntryPoint","urlTemplate":"https:\/\/gimnasticdetarragona.cat\/es\/?s={search_term_string}"},"query-input":{"@type":"PropertyValueSpecification","valueRequired":true,"valueName":"search_term_string"}}],"inLanguage":"es"},{"@type":"Organization","@id":"https:\/\/gimnasticdetarragona.cat\/es\/#organization","name":"GIMN\u00c0STIC DE TARRAGONA","alternateName":"N\u00c0STIC","url":"https:\/\/gimnasticdetarragona.cat\/es\/","logo":{"@type":"ImageObject","inLanguage":"es","@id":"https:\/\/gimnasticdetarragona.cat\/es\/#\/schema\/logo\/image\/","url":"https:\/\/gimnasticdetarragona.cat\/wp-content\/uploads\/2022\/06\/cropped-logo-gimnastic.png","contentUrl":"https:\/\/gimnasticdetarragona.cat\/wp-content\/uploads\/2022\/06\/cropped-logo-gimnastic.png","width":224,"height":83,"caption":"GIMN\u00c0STIC DE TARRAGONA"},"image":{"@id":"https:\/\/gimnasticdetarragona.cat\/es\/#\/schema\/logo\/image\/"},"sameAs":["https:\/\/x.com\/NASTICTARRAGONA","https:\/\/www.instagram.com\/nastictarragona\/"]},{"@type":"Person","@id":"https:\/\/gimnasticdetarragona.cat\/es\/#\/schema\/person\/0a9b7103e7dd73640eb245c4aa4afb8d","name":"Comunicacion"}]}},"_links":{"self":[{"href":"https:\/\/gimnasticdetarragona.cat\/es\/wp-json\/wp\/v2\/posts\/97620","targetHints":{"allow":["GET"]}}],"collection":[{"href":"https:\/\/gimnasticdetarragona.cat\/es\/wp-json\/wp\/v2\/posts"}],"about":[{"href":"https:\/\/gimnasticdetarragona.cat\/es\/wp-json\/wp\/v2\/types\/post"}],"author":[{"embeddable":true,"href":"https:\/\/gimnasticdetarragona.cat\/es\/wp-json\/wp\/v2\/users\/7"}],"replies":[{"embeddable":true,"href":"https:\/\/gimnasticdetarragona.cat\/es\/wp-json\/wp\/v2\/comments?post=97620"}],"version-history":[{"count":2,"href":"https:\/\/gimnasticdetarragona.cat\/es\/wp-json\/wp\/v2\/posts\/97620\/revisions"}],"predecessor-version":[{"id":97622,"href":"https:\/\/gimnasticdetarragona.cat\/es\/wp-json\/wp\/v2\/posts\/97620\/revisions\/97622"}],"wp:featuredmedia":[{"embeddable":true,"href":"https:\/\/gimnasticdetarragona.cat\/es\/wp-json\/wp\/v2\/media\/97618"}],"wp:attachment":[{"href":"https:\/\/gimnasticdetarragona.cat\/es\/wp-json\/wp\/v2\/media?parent=97620"}],"wp:term":[{"taxonomy":"category","embeddable":true,"href":"https:\/\/gimnasticdetarragona.cat\/es\/wp-json\/wp\/v2\/categories?post=97620"},{"taxonomy":"post_tag","embeddable":true,"href":"https:\/\/gimnasticdetarragona.cat\/es\/wp-json\/wp\/v2\/tags?post=97620"}],"curies":[{"name":"wp","href":"https:\/\/api.w.org\/{rel}","templated":true}]}}