{"id":97758,"date":"2024-12-19T11:08:28","date_gmt":"2024-12-19T10:08:28","guid":{"rendered":"https:\/\/gimnasticdetarragona.cat\/repsol-i-nastic-mes-duna-decada-compartint-sinergies\/"},"modified":"2024-12-19T13:32:13","modified_gmt":"2024-12-19T12:32:13","slug":"repsol-i-nastic-mes-duna-decada-compartint-sinergies","status":"publish","type":"post","link":"https:\/\/gimnasticdetarragona.cat\/es\/repsol-i-nastic-mes-duna-decada-compartint-sinergies\/","title":{"rendered":"Repsol y N\u00e0stic, m\u00e1s de una d\u00e9cada compartiendo sinergias"},"content":{"rendered":"\n<p>Repsol y el Gimn\u00e0stic de Tarragona han anunciado hoy la renovaci\u00f3n de su convenio de colaboraci\u00f3n por otras dos temporadas, alargando una relaci\u00f3n que supera la d\u00e9cada. Este nuevo acuerdo sit\u00faa a la compa\u00f1\u00eda, una vez m\u00e1s, como uno de los principales patrocinadores del club grana y refuerza su compromiso con el deporte y el territorio.<\/p>\n\n\n\n<p>El acuerdo, que han firmado el director del Complejo Industrial de Repsol en Tarragona, Javier Sancho, y el presidente ejecutivo del N\u00e0stic, Llu\u00eds F\u00e0bregas, tiene vigencia para las temporadas 2024\/25 y 2025\/26 e incluye una aportaci\u00f3n econ\u00f3mica principalmente destinada al apoyo del f\u00fatbol base. Esto incluye los 37 equipos de la cantera, el proyecto Genuine y los primeros equipos masculino y femenino. Adem\u00e1s, los trabajadores de Repsol dispondr\u00e1n de entradas para asistir a los partidos del primer equipo en el Nou Estadi Costa Daurada.<\/p>\n\n\n\n<p>El acto de presentaci\u00f3n se ha celebrado en el Nou Estadi Costa Daurada con una fotograf\u00eda de grupo que ha simbolizado un \u201conce inicial\u201d, formado por cinco trabajadores del Complejo Industrial de Repsol en Tarragona (Sara Andr\u00e9s Manzano, Jos\u00e9 Tom\u00e1s Gonzalez, Antonio Luque , Laia Martino y Daniel Tubio); cinco jugadores del primer equipo masculino del N\u00e0stic (Marc Fern\u00e1ndez, Pablo Fern\u00e1ndez, Ander Gorostidi, Daniel Rebollo y \u00c1lex Jim\u00e9nez); y los representantes institucionales de ambas entidades, Javier Sancho y Llu\u00eds F\u00e0bregas.<\/p>\n\n\n\n<p>Durante el acto, Javier Sancho ha destacado:<\/p>\n\n\n\n<p><strong><em>\u201cEn los casi 50 a\u00f1os que Repsol lleva en el Camp de Tarragona, nos hemos esforzado por ser un actor comprometido con el territorio. Esta colaboraci\u00f3n con el N\u00e0stic es una de las muestras m\u00e1s significativas y antiguas. El deporte es un motor de h\u00e1bitos saludables y valores como el trabajo en equipo, el respeto y el esfuerzo, que compartimos plenamente con el N\u00e0stic.\u201d<\/em><\/strong><\/p>\n\n\n\n<p>Por su parte, Llu\u00eds F\u00e0bregas ha afirmado:<\/p>\n\n\n\n<p><strong><em>\u201cRepsol es mucho m\u00e1s que un patrocinador. Es un aliado comprometido con el club y con nuestro territorio, siempre a nuestro lado, en las buenas y en las malas. Este acuerdo no s\u00f3lo nos ayuda a seguir construyendo nuestro proyecto deportivo, sino tambi\u00e9n a transmitir valores y formar a personas a trav\u00e9s del f\u00fatbol.\u201d<\/em><\/strong><\/p>\n\n\n\n<p>Con esta renovaci\u00f3n, Repsol y el N\u00e0stic reafirman su colaboraci\u00f3n y su compromiso por seguir haciendo crecer el f\u00fatbol y los valores que promueven en el Camp de Tarragona.<\/p>\n\n\n\n<p><\/p>\n","protected":false},"excerpt":{"rendered":"<p>Ambas entidades renuevan su acuerdo de colaboraci\u00f3n hasta la temporada 2025\/2026.<\/p>\n","protected":false},"author":7,"featured_media":97756,"comment_status":"open","ping_status":"open","sticky":false,"template":"","format":"standard","meta":{"_acf_changed":false,"footnotes":""},"categories":[113,114,115,116],"tags":[],"class_list":["post-97758","post","type-post","status-publish","format-standard","has-post-thumbnail","hentry","category-actualidad","category-aficion","category-agenda-social","category-club-empresa"],"acf":[],"yoast_head":"<!-- This site is optimized with the Yoast SEO plugin v27.3 - https:\/\/yoast.com\/product\/yoast-seo-wordpress\/ -->\n<title>Repsol y N\u00e0stic, m\u00e1s de una d\u00e9cada compartiendo sinergias - Gimn\u00e0stic de Tarragona SAD<\/title>\n<meta name=\"robots\" content=\"index, follow, max-snippet:-1, max-image-preview:large, max-video-preview:-1\" \/>\n<link rel=\"canonical\" href=\"https:\/\/gimnasticdetarragona.cat\/es\/repsol-i-nastic-mes-duna-decada-compartint-sinergies\/\" \/>\n<meta property=\"og:locale\" content=\"es_ES\" \/>\n<meta property=\"og:type\" content=\"article\" \/>\n<meta property=\"og:title\" content=\"Repsol y N\u00e0stic, m\u00e1s de una d\u00e9cada compartiendo sinergias - Gimn\u00e0stic de Tarragona SAD\" \/>\n<meta property=\"og:description\" content=\"Ambas entidades renuevan su acuerdo de colaboraci\u00f3n hasta la temporada 2025\/2026.\" \/>\n<meta property=\"og:url\" content=\"https:\/\/gimnasticdetarragona.cat\/es\/repsol-i-nastic-mes-duna-decada-compartint-sinergies\/\" \/>\n<meta property=\"og:site_name\" content=\"Gimn\u00e0stic de Tarragona SAD\" \/>\n<meta property=\"article:published_time\" content=\"2024-12-19T10:08:28+00:00\" \/>\n<meta property=\"article:modified_time\" content=\"2024-12-19T12:32:13+00:00\" \/>\n<meta property=\"og:image\" content=\"https:\/\/gimnasticdetarragona.cat\/wp-content\/uploads\/2024\/12\/20241219-Repsol-00003-scaled.jpg\" \/>\n\t<meta property=\"og:image:width\" content=\"2560\" \/>\n\t<meta property=\"og:image:height\" content=\"1707\" \/>\n\t<meta property=\"og:image:type\" content=\"image\/jpeg\" \/>\n<meta name=\"author\" content=\"Comunicacion\" \/>\n<meta name=\"twitter:card\" content=\"summary_large_image\" \/>\n<meta name=\"twitter:creator\" content=\"@NASTICTARRAGONA\" \/>\n<meta name=\"twitter:site\" content=\"@NASTICTARRAGONA\" \/>\n<meta name=\"twitter:label1\" content=\"Escrito por\" \/>\n\t<meta name=\"twitter:data1\" content=\"Comunicacion\" \/>\n\t<meta name=\"twitter:label2\" content=\"Tiempo de lectura\" \/>\n\t<meta name=\"twitter:data2\" content=\"2 minutos\" \/>\n<script type=\"application\/ld+json\" class=\"yoast-schema-graph\">{\"@context\":\"https:\\\/\\\/schema.org\",\"@graph\":[{\"@type\":\"Article\",\"@id\":\"https:\\\/\\\/gimnasticdetarragona.cat\\\/es\\\/repsol-i-nastic-mes-duna-decada-compartint-sinergies\\\/#article\",\"isPartOf\":{\"@id\":\"https:\\\/\\\/gimnasticdetarragona.cat\\\/es\\\/repsol-i-nastic-mes-duna-decada-compartint-sinergies\\\/\"},\"author\":{\"name\":\"Comunicacion\",\"@id\":\"https:\\\/\\\/gimnasticdetarragona.cat\\\/es\\\/#\\\/schema\\\/person\\\/0a9b7103e7dd73640eb245c4aa4afb8d\"},\"headline\":\"Repsol y N\u00e0stic, m\u00e1s de una d\u00e9cada compartiendo sinergias\",\"datePublished\":\"2024-12-19T10:08:28+00:00\",\"dateModified\":\"2024-12-19T12:32:13+00:00\",\"mainEntityOfPage\":{\"@id\":\"https:\\\/\\\/gimnasticdetarragona.cat\\\/es\\\/repsol-i-nastic-mes-duna-decada-compartint-sinergies\\\/\"},\"wordCount\":431,\"commentCount\":0,\"publisher\":{\"@id\":\"https:\\\/\\\/gimnasticdetarragona.cat\\\/es\\\/#organization\"},\"image\":{\"@id\":\"https:\\\/\\\/gimnasticdetarragona.cat\\\/es\\\/repsol-i-nastic-mes-duna-decada-compartint-sinergies\\\/#primaryimage\"},\"thumbnailUrl\":\"https:\\\/\\\/gimnasticdetarragona.cat\\\/wp-content\\\/uploads\\\/2024\\\/12\\\/20241219-Repsol-00003-scaled.jpg\",\"articleSection\":[\"Actualidad\",\"Afici\u00f3n\",\"Agenda Social\",\"Club Empresa\"],\"inLanguage\":\"es\"},{\"@type\":\"WebPage\",\"@id\":\"https:\\\/\\\/gimnasticdetarragona.cat\\\/es\\\/repsol-i-nastic-mes-duna-decada-compartint-sinergies\\\/\",\"url\":\"https:\\\/\\\/gimnasticdetarragona.cat\\\/es\\\/repsol-i-nastic-mes-duna-decada-compartint-sinergies\\\/\",\"name\":\"Repsol y N\u00e0stic, m\u00e1s de una d\u00e9cada compartiendo sinergias - Gimn\u00e0stic de Tarragona SAD\",\"isPartOf\":{\"@id\":\"https:\\\/\\\/gimnasticdetarragona.cat\\\/es\\\/#website\"},\"primaryImageOfPage\":{\"@id\":\"https:\\\/\\\/gimnasticdetarragona.cat\\\/es\\\/repsol-i-nastic-mes-duna-decada-compartint-sinergies\\\/#primaryimage\"},\"image\":{\"@id\":\"https:\\\/\\\/gimnasticdetarragona.cat\\\/es\\\/repsol-i-nastic-mes-duna-decada-compartint-sinergies\\\/#primaryimage\"},\"thumbnailUrl\":\"https:\\\/\\\/gimnasticdetarragona.cat\\\/wp-content\\\/uploads\\\/2024\\\/12\\\/20241219-Repsol-00003-scaled.jpg\",\"datePublished\":\"2024-12-19T10:08:28+00:00\",\"dateModified\":\"2024-12-19T12:32:13+00:00\",\"breadcrumb\":{\"@id\":\"https:\\\/\\\/gimnasticdetarragona.cat\\\/es\\\/repsol-i-nastic-mes-duna-decada-compartint-sinergies\\\/#breadcrumb\"},\"inLanguage\":\"es\",\"potentialAction\":[{\"@type\":\"ReadAction\",\"target\":[\"https:\\\/\\\/gimnasticdetarragona.cat\\\/es\\\/repsol-i-nastic-mes-duna-decada-compartint-sinergies\\\/\"]}]},{\"@type\":\"ImageObject\",\"inLanguage\":\"es\",\"@id\":\"https:\\\/\\\/gimnasticdetarragona.cat\\\/es\\\/repsol-i-nastic-mes-duna-decada-compartint-sinergies\\\/#primaryimage\",\"url\":\"https:\\\/\\\/gimnasticdetarragona.cat\\\/wp-content\\\/uploads\\\/2024\\\/12\\\/20241219-Repsol-00003-scaled.jpg\",\"contentUrl\":\"https:\\\/\\\/gimnasticdetarragona.cat\\\/wp-content\\\/uploads\\\/2024\\\/12\\\/20241219-Repsol-00003-scaled.jpg\",\"width\":2560,\"height\":1707},{\"@type\":\"BreadcrumbList\",\"@id\":\"https:\\\/\\\/gimnasticdetarragona.cat\\\/es\\\/repsol-i-nastic-mes-duna-decada-compartint-sinergies\\\/#breadcrumb\",\"itemListElement\":[{\"@type\":\"ListItem\",\"position\":1,\"name\":\"Inici\",\"item\":\"https:\\\/\\\/gimnasticdetarragona.cat\\\/es\\\/nastic\\\/\"},{\"@type\":\"ListItem\",\"position\":2,\"name\":\"Repsol y N\u00e0stic, m\u00e1s de una d\u00e9cada compartiendo sinergias\"}]},{\"@type\":\"WebSite\",\"@id\":\"https:\\\/\\\/gimnasticdetarragona.cat\\\/es\\\/#website\",\"url\":\"https:\\\/\\\/gimnasticdetarragona.cat\\\/es\\\/\",\"name\":\"Gimn\u00e0stic de Tarragona SAD\",\"description\":\"Gimn\u00e0stic de Tarragona\",\"publisher\":{\"@id\":\"https:\\\/\\\/gimnasticdetarragona.cat\\\/es\\\/#organization\"},\"potentialAction\":[{\"@type\":\"SearchAction\",\"target\":{\"@type\":\"EntryPoint\",\"urlTemplate\":\"https:\\\/\\\/gimnasticdetarragona.cat\\\/es\\\/?s={search_term_string}\"},\"query-input\":{\"@type\":\"PropertyValueSpecification\",\"valueRequired\":true,\"valueName\":\"search_term_string\"}}],\"inLanguage\":\"es\"},{\"@type\":\"Organization\",\"@id\":\"https:\\\/\\\/gimnasticdetarragona.cat\\\/es\\\/#organization\",\"name\":\"GIMN\u00c0STIC DE TARRAGONA\",\"alternateName\":\"N\u00c0STIC\",\"url\":\"https:\\\/\\\/gimnasticdetarragona.cat\\\/es\\\/\",\"logo\":{\"@type\":\"ImageObject\",\"inLanguage\":\"es\",\"@id\":\"https:\\\/\\\/gimnasticdetarragona.cat\\\/es\\\/#\\\/schema\\\/logo\\\/image\\\/\",\"url\":\"https:\\\/\\\/gimnasticdetarragona.cat\\\/wp-content\\\/uploads\\\/2022\\\/06\\\/cropped-logo-gimnastic.png\",\"contentUrl\":\"https:\\\/\\\/gimnasticdetarragona.cat\\\/wp-content\\\/uploads\\\/2022\\\/06\\\/cropped-logo-gimnastic.png\",\"width\":224,\"height\":83,\"caption\":\"GIMN\u00c0STIC DE TARRAGONA\"},\"image\":{\"@id\":\"https:\\\/\\\/gimnasticdetarragona.cat\\\/es\\\/#\\\/schema\\\/logo\\\/image\\\/\"},\"sameAs\":[\"https:\\\/\\\/x.com\\\/NASTICTARRAGONA\",\"https:\\\/\\\/www.instagram.com\\\/nastictarragona\\\/\"]},{\"@type\":\"Person\",\"@id\":\"https:\\\/\\\/gimnasticdetarragona.cat\\\/es\\\/#\\\/schema\\\/person\\\/0a9b7103e7dd73640eb245c4aa4afb8d\",\"name\":\"Comunicacion\"}]}<\/script>\n<!-- \/ Yoast SEO plugin. -->","yoast_head_json":{"title":"Repsol y N\u00e0stic, m\u00e1s de una d\u00e9cada compartiendo sinergias - Gimn\u00e0stic de Tarragona SAD","robots":{"index":"index","follow":"follow","max-snippet":"max-snippet:-1","max-image-preview":"max-image-preview:large","max-video-preview":"max-video-preview:-1"},"canonical":"https:\/\/gimnasticdetarragona.cat\/es\/repsol-i-nastic-mes-duna-decada-compartint-sinergies\/","og_locale":"es_ES","og_type":"article","og_title":"Repsol y N\u00e0stic, m\u00e1s de una d\u00e9cada compartiendo sinergias - Gimn\u00e0stic de Tarragona SAD","og_description":"Ambas entidades renuevan su acuerdo de colaboraci\u00f3n hasta la temporada 2025\/2026.","og_url":"https:\/\/gimnasticdetarragona.cat\/es\/repsol-i-nastic-mes-duna-decada-compartint-sinergies\/","og_site_name":"Gimn\u00e0stic de Tarragona SAD","article_published_time":"2024-12-19T10:08:28+00:00","article_modified_time":"2024-12-19T12:32:13+00:00","og_image":[{"width":2560,"height":1707,"url":"https:\/\/gimnasticdetarragona.cat\/wp-content\/uploads\/2024\/12\/20241219-Repsol-00003-scaled.jpg","type":"image\/jpeg"}],"author":"Comunicacion","twitter_card":"summary_large_image","twitter_creator":"@NASTICTARRAGONA","twitter_site":"@NASTICTARRAGONA","twitter_misc":{"Escrito por":"Comunicacion","Tiempo de lectura":"2 minutos"},"schema":{"@context":"https:\/\/schema.org","@graph":[{"@type":"Article","@id":"https:\/\/gimnasticdetarragona.cat\/es\/repsol-i-nastic-mes-duna-decada-compartint-sinergies\/#article","isPartOf":{"@id":"https:\/\/gimnasticdetarragona.cat\/es\/repsol-i-nastic-mes-duna-decada-compartint-sinergies\/"},"author":{"name":"Comunicacion","@id":"https:\/\/gimnasticdetarragona.cat\/es\/#\/schema\/person\/0a9b7103e7dd73640eb245c4aa4afb8d"},"headline":"Repsol y N\u00e0stic, m\u00e1s de una d\u00e9cada compartiendo sinergias","datePublished":"2024-12-19T10:08:28+00:00","dateModified":"2024-12-19T12:32:13+00:00","mainEntityOfPage":{"@id":"https:\/\/gimnasticdetarragona.cat\/es\/repsol-i-nastic-mes-duna-decada-compartint-sinergies\/"},"wordCount":431,"commentCount":0,"publisher":{"@id":"https:\/\/gimnasticdetarragona.cat\/es\/#organization"},"image":{"@id":"https:\/\/gimnasticdetarragona.cat\/es\/repsol-i-nastic-mes-duna-decada-compartint-sinergies\/#primaryimage"},"thumbnailUrl":"https:\/\/gimnasticdetarragona.cat\/wp-content\/uploads\/2024\/12\/20241219-Repsol-00003-scaled.jpg","articleSection":["Actualidad","Afici\u00f3n","Agenda Social","Club Empresa"],"inLanguage":"es"},{"@type":"WebPage","@id":"https:\/\/gimnasticdetarragona.cat\/es\/repsol-i-nastic-mes-duna-decada-compartint-sinergies\/","url":"https:\/\/gimnasticdetarragona.cat\/es\/repsol-i-nastic-mes-duna-decada-compartint-sinergies\/","name":"Repsol y N\u00e0stic, m\u00e1s de una d\u00e9cada compartiendo sinergias - Gimn\u00e0stic de Tarragona SAD","isPartOf":{"@id":"https:\/\/gimnasticdetarragona.cat\/es\/#website"},"primaryImageOfPage":{"@id":"https:\/\/gimnasticdetarragona.cat\/es\/repsol-i-nastic-mes-duna-decada-compartint-sinergies\/#primaryimage"},"image":{"@id":"https:\/\/gimnasticdetarragona.cat\/es\/repsol-i-nastic-mes-duna-decada-compartint-sinergies\/#primaryimage"},"thumbnailUrl":"https:\/\/gimnasticdetarragona.cat\/wp-content\/uploads\/2024\/12\/20241219-Repsol-00003-scaled.jpg","datePublished":"2024-12-19T10:08:28+00:00","dateModified":"2024-12-19T12:32:13+00:00","breadcrumb":{"@id":"https:\/\/gimnasticdetarragona.cat\/es\/repsol-i-nastic-mes-duna-decada-compartint-sinergies\/#breadcrumb"},"inLanguage":"es","potentialAction":[{"@type":"ReadAction","target":["https:\/\/gimnasticdetarragona.cat\/es\/repsol-i-nastic-mes-duna-decada-compartint-sinergies\/"]}]},{"@type":"ImageObject","inLanguage":"es","@id":"https:\/\/gimnasticdetarragona.cat\/es\/repsol-i-nastic-mes-duna-decada-compartint-sinergies\/#primaryimage","url":"https:\/\/gimnasticdetarragona.cat\/wp-content\/uploads\/2024\/12\/20241219-Repsol-00003-scaled.jpg","contentUrl":"https:\/\/gimnasticdetarragona.cat\/wp-content\/uploads\/2024\/12\/20241219-Repsol-00003-scaled.jpg","width":2560,"height":1707},{"@type":"BreadcrumbList","@id":"https:\/\/gimnasticdetarragona.cat\/es\/repsol-i-nastic-mes-duna-decada-compartint-sinergies\/#breadcrumb","itemListElement":[{"@type":"ListItem","position":1,"name":"Inici","item":"https:\/\/gimnasticdetarragona.cat\/es\/nastic\/"},{"@type":"ListItem","position":2,"name":"Repsol y N\u00e0stic, m\u00e1s de una d\u00e9cada compartiendo sinergias"}]},{"@type":"WebSite","@id":"https:\/\/gimnasticdetarragona.cat\/es\/#website","url":"https:\/\/gimnasticdetarragona.cat\/es\/","name":"Gimn\u00e0stic de Tarragona SAD","description":"Gimn\u00e0stic de Tarragona","publisher":{"@id":"https:\/\/gimnasticdetarragona.cat\/es\/#organization"},"potentialAction":[{"@type":"SearchAction","target":{"@type":"EntryPoint","urlTemplate":"https:\/\/gimnasticdetarragona.cat\/es\/?s={search_term_string}"},"query-input":{"@type":"PropertyValueSpecification","valueRequired":true,"valueName":"search_term_string"}}],"inLanguage":"es"},{"@type":"Organization","@id":"https:\/\/gimnasticdetarragona.cat\/es\/#organization","name":"GIMN\u00c0STIC DE TARRAGONA","alternateName":"N\u00c0STIC","url":"https:\/\/gimnasticdetarragona.cat\/es\/","logo":{"@type":"ImageObject","inLanguage":"es","@id":"https:\/\/gimnasticdetarragona.cat\/es\/#\/schema\/logo\/image\/","url":"https:\/\/gimnasticdetarragona.cat\/wp-content\/uploads\/2022\/06\/cropped-logo-gimnastic.png","contentUrl":"https:\/\/gimnasticdetarragona.cat\/wp-content\/uploads\/2022\/06\/cropped-logo-gimnastic.png","width":224,"height":83,"caption":"GIMN\u00c0STIC DE TARRAGONA"},"image":{"@id":"https:\/\/gimnasticdetarragona.cat\/es\/#\/schema\/logo\/image\/"},"sameAs":["https:\/\/x.com\/NASTICTARRAGONA","https:\/\/www.instagram.com\/nastictarragona\/"]},{"@type":"Person","@id":"https:\/\/gimnasticdetarragona.cat\/es\/#\/schema\/person\/0a9b7103e7dd73640eb245c4aa4afb8d","name":"Comunicacion"}]}},"_links":{"self":[{"href":"https:\/\/gimnasticdetarragona.cat\/es\/wp-json\/wp\/v2\/posts\/97758","targetHints":{"allow":["GET"]}}],"collection":[{"href":"https:\/\/gimnasticdetarragona.cat\/es\/wp-json\/wp\/v2\/posts"}],"about":[{"href":"https:\/\/gimnasticdetarragona.cat\/es\/wp-json\/wp\/v2\/types\/post"}],"author":[{"embeddable":true,"href":"https:\/\/gimnasticdetarragona.cat\/es\/wp-json\/wp\/v2\/users\/7"}],"replies":[{"embeddable":true,"href":"https:\/\/gimnasticdetarragona.cat\/es\/wp-json\/wp\/v2\/comments?post=97758"}],"version-history":[{"count":2,"href":"https:\/\/gimnasticdetarragona.cat\/es\/wp-json\/wp\/v2\/posts\/97758\/revisions"}],"predecessor-version":[{"id":97760,"href":"https:\/\/gimnasticdetarragona.cat\/es\/wp-json\/wp\/v2\/posts\/97758\/revisions\/97760"}],"wp:featuredmedia":[{"embeddable":true,"href":"https:\/\/gimnasticdetarragona.cat\/es\/wp-json\/wp\/v2\/media\/97756"}],"wp:attachment":[{"href":"https:\/\/gimnasticdetarragona.cat\/es\/wp-json\/wp\/v2\/media?parent=97758"}],"wp:term":[{"taxonomy":"category","embeddable":true,"href":"https:\/\/gimnasticdetarragona.cat\/es\/wp-json\/wp\/v2\/categories?post=97758"},{"taxonomy":"post_tag","embeddable":true,"href":"https:\/\/gimnasticdetarragona.cat\/es\/wp-json\/wp\/v2\/tags?post=97758"}],"curies":[{"name":"wp","href":"https:\/\/api.w.org\/{rel}","templated":true}]}}