{"id":97959,"date":"2025-01-22T18:26:46","date_gmt":"2025-01-22T17:26:46","guid":{"rendered":"https:\/\/gimnasticdetarragona.cat\/?p=97959"},"modified":"2025-01-22T18:29:15","modified_gmt":"2025-01-22T17:29:15","slug":"borja-granero-nuevo-central-en-el-eje-de-la-defensa","status":"publish","type":"post","link":"https:\/\/gimnasticdetarragona.cat\/es\/borja-granero-nuevo-central-en-el-eje-de-la-defensa\/","title":{"rendered":"Borja Granero, nuevo central en el eje de la defensa"},"content":{"rendered":"\n<p>El defensa central Borja Granero Ni\u00f1erola (Valencia, 30 de junio de 1990) firma un contrato con el Gimn\u00e0stic de Tarragona hasta el 30 de junio de 2025, m\u00e1s una temporada opcional.<\/p>\n\n\n\n<p>El jugador llega a Tarragona despu\u00e9s de finalizar su vinculaci\u00f3n con el CD Alcoyano, entidad donde ha disputado 18 partidos ligueros en el grupo II de la Primera Federaci\u00f3n en este primer tramo de la temporada.<\/p>\n\n\n\n<p>El central se form\u00f3 en las categor\u00edas inferiores del Valencia CF y acumula 16 temporadas ininterrumpidamente entre 2\u00aa Divisi\u00f3n A y Primera Federaci\u00f3n \/ 2\u00aa Divisi\u00f3n B, sumando m\u00e1s de 370 partidos oficiales. En su trayectoria destacan los dos ascensos a la categor\u00eda de plata con el Racing de Santander (2013\/2014) y el CD Castell\u00f3n (2023\/2024).<\/p>\n\n\n\n<p>En su dilatada carrera profesional tambi\u00e9n ha defendido los escudos del Recreativo de Huelva y Extremadura UD, en LaLiga Hypermotion; y Villajoyosa, RC Deportivo de la Coru\u00f1a y CD Alcoyano en la categor\u00eda de bronce del f\u00fatbol nacional.<\/p>\n\n\n\n<p>La tercera incorporaci\u00f3n del mercado de fichajes de invierno destaca por su liderazgo en la retaguardia, mostr\u00e1ndose contundente en el juego a\u00e9reo y tambi\u00e9n en las disputas con sus rivales. Su calidad con la pierna izquierda y capacidad asociativa le permite tambi\u00e9n ocupar la posici\u00f3n de pivote defensivo, sumando as\u00ed polivalencia y car\u00e1cter al esquema t\u00e1ctico de Dani Vidal.<\/p>\n\n\n\n<p>El jugador se integrar\u00e1 en la din\u00e1mica del primer equipo en la sesi\u00f3n de ma\u00f1ana, jueves, a las 10.30 horas, en las instalaciones del Nou Estadi Costa Daurada. En los pr\u00f3ximos d\u00edas se anunciar\u00e1 la fecha de su presentaci\u00f3n oficial.<\/p>\n","protected":false},"excerpt":{"rendered":"<p>Firma de grana hasta el 30 de junio de 2025, m\u00e1s una campa\u00f1a opcional<\/p>\n","protected":false},"author":7,"featured_media":97958,"comment_status":"open","ping_status":"open","sticky":false,"template":"","format":"standard","meta":{"_acf_changed":false,"footnotes":""},"categories":[113,126],"tags":[],"class_list":["post-97959","post","type-post","status-publish","format-standard","has-post-thumbnail","hentry","category-actualidad","category-primer-equipo"],"acf":[],"yoast_head":"<!-- This site is optimized with the Yoast SEO plugin v27.3 - https:\/\/yoast.com\/product\/yoast-seo-wordpress\/ -->\n<title>Borja Granero, nuevo central en el eje de la defensa - Gimn\u00e0stic de Tarragona SAD<\/title>\n<meta name=\"robots\" content=\"index, follow, max-snippet:-1, max-image-preview:large, max-video-preview:-1\" \/>\n<link rel=\"canonical\" href=\"https:\/\/gimnasticdetarragona.cat\/es\/borja-granero-nuevo-central-en-el-eje-de-la-defensa\/\" \/>\n<meta property=\"og:locale\" content=\"es_ES\" \/>\n<meta property=\"og:type\" content=\"article\" \/>\n<meta property=\"og:title\" content=\"Borja Granero, nuevo central en el eje de la defensa - Gimn\u00e0stic de Tarragona SAD\" \/>\n<meta property=\"og:description\" content=\"Firma de grana hasta el 30 de junio de 2025, m\u00e1s una campa\u00f1a opcional\" \/>\n<meta property=\"og:url\" content=\"https:\/\/gimnasticdetarragona.cat\/es\/borja-granero-nuevo-central-en-el-eje-de-la-defensa\/\" \/>\n<meta property=\"og:site_name\" content=\"Gimn\u00e0stic de Tarragona SAD\" \/>\n<meta property=\"article:published_time\" content=\"2025-01-22T17:26:46+00:00\" \/>\n<meta property=\"article:modified_time\" content=\"2025-01-22T17:29:15+00:00\" \/>\n<meta property=\"og:image\" content=\"https:\/\/gimnasticdetarragona.cat\/wp-content\/uploads\/2025\/01\/WhatsApp-Image-2025-01-22-at-14.51.54.jpeg\" \/>\n\t<meta property=\"og:image:width\" content=\"1189\" \/>\n\t<meta property=\"og:image:height\" content=\"1189\" \/>\n\t<meta property=\"og:image:type\" content=\"image\/jpeg\" \/>\n<meta name=\"author\" content=\"Comunicacion\" \/>\n<meta name=\"twitter:card\" content=\"summary_large_image\" \/>\n<meta name=\"twitter:creator\" content=\"@NASTICTARRAGONA\" \/>\n<meta name=\"twitter:site\" content=\"@NASTICTARRAGONA\" \/>\n<meta name=\"twitter:label1\" content=\"Escrito por\" \/>\n\t<meta name=\"twitter:data1\" content=\"Comunicacion\" \/>\n\t<meta name=\"twitter:label2\" content=\"Tiempo de lectura\" \/>\n\t<meta name=\"twitter:data2\" content=\"1 minuto\" \/>\n<script type=\"application\/ld+json\" class=\"yoast-schema-graph\">{\"@context\":\"https:\\\/\\\/schema.org\",\"@graph\":[{\"@type\":\"Article\",\"@id\":\"https:\\\/\\\/gimnasticdetarragona.cat\\\/es\\\/borja-granero-nuevo-central-en-el-eje-de-la-defensa\\\/#article\",\"isPartOf\":{\"@id\":\"https:\\\/\\\/gimnasticdetarragona.cat\\\/es\\\/borja-granero-nuevo-central-en-el-eje-de-la-defensa\\\/\"},\"author\":{\"name\":\"Comunicacion\",\"@id\":\"https:\\\/\\\/gimnasticdetarragona.cat\\\/es\\\/#\\\/schema\\\/person\\\/0a9b7103e7dd73640eb245c4aa4afb8d\"},\"headline\":\"Borja Granero, nuevo central en el eje de la defensa\",\"datePublished\":\"2025-01-22T17:26:46+00:00\",\"dateModified\":\"2025-01-22T17:29:15+00:00\",\"mainEntityOfPage\":{\"@id\":\"https:\\\/\\\/gimnasticdetarragona.cat\\\/es\\\/borja-granero-nuevo-central-en-el-eje-de-la-defensa\\\/\"},\"wordCount\":288,\"commentCount\":0,\"publisher\":{\"@id\":\"https:\\\/\\\/gimnasticdetarragona.cat\\\/es\\\/#organization\"},\"image\":{\"@id\":\"https:\\\/\\\/gimnasticdetarragona.cat\\\/es\\\/borja-granero-nuevo-central-en-el-eje-de-la-defensa\\\/#primaryimage\"},\"thumbnailUrl\":\"https:\\\/\\\/gimnasticdetarragona.cat\\\/wp-content\\\/uploads\\\/2025\\\/01\\\/WhatsApp-Image-2025-01-22-at-14.51.54.jpeg\",\"articleSection\":[\"Actualidad\",\"Primer Equipo\"],\"inLanguage\":\"es\"},{\"@type\":\"WebPage\",\"@id\":\"https:\\\/\\\/gimnasticdetarragona.cat\\\/es\\\/borja-granero-nuevo-central-en-el-eje-de-la-defensa\\\/\",\"url\":\"https:\\\/\\\/gimnasticdetarragona.cat\\\/es\\\/borja-granero-nuevo-central-en-el-eje-de-la-defensa\\\/\",\"name\":\"Borja Granero, nuevo central en el eje de la defensa - Gimn\u00e0stic de Tarragona SAD\",\"isPartOf\":{\"@id\":\"https:\\\/\\\/gimnasticdetarragona.cat\\\/es\\\/#website\"},\"primaryImageOfPage\":{\"@id\":\"https:\\\/\\\/gimnasticdetarragona.cat\\\/es\\\/borja-granero-nuevo-central-en-el-eje-de-la-defensa\\\/#primaryimage\"},\"image\":{\"@id\":\"https:\\\/\\\/gimnasticdetarragona.cat\\\/es\\\/borja-granero-nuevo-central-en-el-eje-de-la-defensa\\\/#primaryimage\"},\"thumbnailUrl\":\"https:\\\/\\\/gimnasticdetarragona.cat\\\/wp-content\\\/uploads\\\/2025\\\/01\\\/WhatsApp-Image-2025-01-22-at-14.51.54.jpeg\",\"datePublished\":\"2025-01-22T17:26:46+00:00\",\"dateModified\":\"2025-01-22T17:29:15+00:00\",\"breadcrumb\":{\"@id\":\"https:\\\/\\\/gimnasticdetarragona.cat\\\/es\\\/borja-granero-nuevo-central-en-el-eje-de-la-defensa\\\/#breadcrumb\"},\"inLanguage\":\"es\",\"potentialAction\":[{\"@type\":\"ReadAction\",\"target\":[\"https:\\\/\\\/gimnasticdetarragona.cat\\\/es\\\/borja-granero-nuevo-central-en-el-eje-de-la-defensa\\\/\"]}]},{\"@type\":\"ImageObject\",\"inLanguage\":\"es\",\"@id\":\"https:\\\/\\\/gimnasticdetarragona.cat\\\/es\\\/borja-granero-nuevo-central-en-el-eje-de-la-defensa\\\/#primaryimage\",\"url\":\"https:\\\/\\\/gimnasticdetarragona.cat\\\/wp-content\\\/uploads\\\/2025\\\/01\\\/WhatsApp-Image-2025-01-22-at-14.51.54.jpeg\",\"contentUrl\":\"https:\\\/\\\/gimnasticdetarragona.cat\\\/wp-content\\\/uploads\\\/2025\\\/01\\\/WhatsApp-Image-2025-01-22-at-14.51.54.jpeg\",\"width\":1189,\"height\":1189},{\"@type\":\"BreadcrumbList\",\"@id\":\"https:\\\/\\\/gimnasticdetarragona.cat\\\/es\\\/borja-granero-nuevo-central-en-el-eje-de-la-defensa\\\/#breadcrumb\",\"itemListElement\":[{\"@type\":\"ListItem\",\"position\":1,\"name\":\"Inici\",\"item\":\"https:\\\/\\\/gimnasticdetarragona.cat\\\/es\\\/nastic\\\/\"},{\"@type\":\"ListItem\",\"position\":2,\"name\":\"Borja Granero, nuevo central en el eje de la defensa\"}]},{\"@type\":\"WebSite\",\"@id\":\"https:\\\/\\\/gimnasticdetarragona.cat\\\/es\\\/#website\",\"url\":\"https:\\\/\\\/gimnasticdetarragona.cat\\\/es\\\/\",\"name\":\"Gimn\u00e0stic de Tarragona SAD\",\"description\":\"Gimn\u00e0stic de Tarragona\",\"publisher\":{\"@id\":\"https:\\\/\\\/gimnasticdetarragona.cat\\\/es\\\/#organization\"},\"potentialAction\":[{\"@type\":\"SearchAction\",\"target\":{\"@type\":\"EntryPoint\",\"urlTemplate\":\"https:\\\/\\\/gimnasticdetarragona.cat\\\/es\\\/?s={search_term_string}\"},\"query-input\":{\"@type\":\"PropertyValueSpecification\",\"valueRequired\":true,\"valueName\":\"search_term_string\"}}],\"inLanguage\":\"es\"},{\"@type\":\"Organization\",\"@id\":\"https:\\\/\\\/gimnasticdetarragona.cat\\\/es\\\/#organization\",\"name\":\"GIMN\u00c0STIC DE TARRAGONA\",\"alternateName\":\"N\u00c0STIC\",\"url\":\"https:\\\/\\\/gimnasticdetarragona.cat\\\/es\\\/\",\"logo\":{\"@type\":\"ImageObject\",\"inLanguage\":\"es\",\"@id\":\"https:\\\/\\\/gimnasticdetarragona.cat\\\/es\\\/#\\\/schema\\\/logo\\\/image\\\/\",\"url\":\"https:\\\/\\\/gimnasticdetarragona.cat\\\/wp-content\\\/uploads\\\/2022\\\/06\\\/cropped-logo-gimnastic.png\",\"contentUrl\":\"https:\\\/\\\/gimnasticdetarragona.cat\\\/wp-content\\\/uploads\\\/2022\\\/06\\\/cropped-logo-gimnastic.png\",\"width\":224,\"height\":83,\"caption\":\"GIMN\u00c0STIC DE TARRAGONA\"},\"image\":{\"@id\":\"https:\\\/\\\/gimnasticdetarragona.cat\\\/es\\\/#\\\/schema\\\/logo\\\/image\\\/\"},\"sameAs\":[\"https:\\\/\\\/x.com\\\/NASTICTARRAGONA\",\"https:\\\/\\\/www.instagram.com\\\/nastictarragona\\\/\"]},{\"@type\":\"Person\",\"@id\":\"https:\\\/\\\/gimnasticdetarragona.cat\\\/es\\\/#\\\/schema\\\/person\\\/0a9b7103e7dd73640eb245c4aa4afb8d\",\"name\":\"Comunicacion\"}]}<\/script>\n<!-- \/ Yoast SEO plugin. -->","yoast_head_json":{"title":"Borja Granero, nuevo central en el eje de la defensa - Gimn\u00e0stic de Tarragona SAD","robots":{"index":"index","follow":"follow","max-snippet":"max-snippet:-1","max-image-preview":"max-image-preview:large","max-video-preview":"max-video-preview:-1"},"canonical":"https:\/\/gimnasticdetarragona.cat\/es\/borja-granero-nuevo-central-en-el-eje-de-la-defensa\/","og_locale":"es_ES","og_type":"article","og_title":"Borja Granero, nuevo central en el eje de la defensa - Gimn\u00e0stic de Tarragona SAD","og_description":"Firma de grana hasta el 30 de junio de 2025, m\u00e1s una campa\u00f1a opcional","og_url":"https:\/\/gimnasticdetarragona.cat\/es\/borja-granero-nuevo-central-en-el-eje-de-la-defensa\/","og_site_name":"Gimn\u00e0stic de Tarragona SAD","article_published_time":"2025-01-22T17:26:46+00:00","article_modified_time":"2025-01-22T17:29:15+00:00","og_image":[{"width":1189,"height":1189,"url":"https:\/\/gimnasticdetarragona.cat\/wp-content\/uploads\/2025\/01\/WhatsApp-Image-2025-01-22-at-14.51.54.jpeg","type":"image\/jpeg"}],"author":"Comunicacion","twitter_card":"summary_large_image","twitter_creator":"@NASTICTARRAGONA","twitter_site":"@NASTICTARRAGONA","twitter_misc":{"Escrito por":"Comunicacion","Tiempo de lectura":"1 minuto"},"schema":{"@context":"https:\/\/schema.org","@graph":[{"@type":"Article","@id":"https:\/\/gimnasticdetarragona.cat\/es\/borja-granero-nuevo-central-en-el-eje-de-la-defensa\/#article","isPartOf":{"@id":"https:\/\/gimnasticdetarragona.cat\/es\/borja-granero-nuevo-central-en-el-eje-de-la-defensa\/"},"author":{"name":"Comunicacion","@id":"https:\/\/gimnasticdetarragona.cat\/es\/#\/schema\/person\/0a9b7103e7dd73640eb245c4aa4afb8d"},"headline":"Borja Granero, nuevo central en el eje de la defensa","datePublished":"2025-01-22T17:26:46+00:00","dateModified":"2025-01-22T17:29:15+00:00","mainEntityOfPage":{"@id":"https:\/\/gimnasticdetarragona.cat\/es\/borja-granero-nuevo-central-en-el-eje-de-la-defensa\/"},"wordCount":288,"commentCount":0,"publisher":{"@id":"https:\/\/gimnasticdetarragona.cat\/es\/#organization"},"image":{"@id":"https:\/\/gimnasticdetarragona.cat\/es\/borja-granero-nuevo-central-en-el-eje-de-la-defensa\/#primaryimage"},"thumbnailUrl":"https:\/\/gimnasticdetarragona.cat\/wp-content\/uploads\/2025\/01\/WhatsApp-Image-2025-01-22-at-14.51.54.jpeg","articleSection":["Actualidad","Primer Equipo"],"inLanguage":"es"},{"@type":"WebPage","@id":"https:\/\/gimnasticdetarragona.cat\/es\/borja-granero-nuevo-central-en-el-eje-de-la-defensa\/","url":"https:\/\/gimnasticdetarragona.cat\/es\/borja-granero-nuevo-central-en-el-eje-de-la-defensa\/","name":"Borja Granero, nuevo central en el eje de la defensa - Gimn\u00e0stic de Tarragona SAD","isPartOf":{"@id":"https:\/\/gimnasticdetarragona.cat\/es\/#website"},"primaryImageOfPage":{"@id":"https:\/\/gimnasticdetarragona.cat\/es\/borja-granero-nuevo-central-en-el-eje-de-la-defensa\/#primaryimage"},"image":{"@id":"https:\/\/gimnasticdetarragona.cat\/es\/borja-granero-nuevo-central-en-el-eje-de-la-defensa\/#primaryimage"},"thumbnailUrl":"https:\/\/gimnasticdetarragona.cat\/wp-content\/uploads\/2025\/01\/WhatsApp-Image-2025-01-22-at-14.51.54.jpeg","datePublished":"2025-01-22T17:26:46+00:00","dateModified":"2025-01-22T17:29:15+00:00","breadcrumb":{"@id":"https:\/\/gimnasticdetarragona.cat\/es\/borja-granero-nuevo-central-en-el-eje-de-la-defensa\/#breadcrumb"},"inLanguage":"es","potentialAction":[{"@type":"ReadAction","target":["https:\/\/gimnasticdetarragona.cat\/es\/borja-granero-nuevo-central-en-el-eje-de-la-defensa\/"]}]},{"@type":"ImageObject","inLanguage":"es","@id":"https:\/\/gimnasticdetarragona.cat\/es\/borja-granero-nuevo-central-en-el-eje-de-la-defensa\/#primaryimage","url":"https:\/\/gimnasticdetarragona.cat\/wp-content\/uploads\/2025\/01\/WhatsApp-Image-2025-01-22-at-14.51.54.jpeg","contentUrl":"https:\/\/gimnasticdetarragona.cat\/wp-content\/uploads\/2025\/01\/WhatsApp-Image-2025-01-22-at-14.51.54.jpeg","width":1189,"height":1189},{"@type":"BreadcrumbList","@id":"https:\/\/gimnasticdetarragona.cat\/es\/borja-granero-nuevo-central-en-el-eje-de-la-defensa\/#breadcrumb","itemListElement":[{"@type":"ListItem","position":1,"name":"Inici","item":"https:\/\/gimnasticdetarragona.cat\/es\/nastic\/"},{"@type":"ListItem","position":2,"name":"Borja Granero, nuevo central en el eje de la defensa"}]},{"@type":"WebSite","@id":"https:\/\/gimnasticdetarragona.cat\/es\/#website","url":"https:\/\/gimnasticdetarragona.cat\/es\/","name":"Gimn\u00e0stic de Tarragona SAD","description":"Gimn\u00e0stic de Tarragona","publisher":{"@id":"https:\/\/gimnasticdetarragona.cat\/es\/#organization"},"potentialAction":[{"@type":"SearchAction","target":{"@type":"EntryPoint","urlTemplate":"https:\/\/gimnasticdetarragona.cat\/es\/?s={search_term_string}"},"query-input":{"@type":"PropertyValueSpecification","valueRequired":true,"valueName":"search_term_string"}}],"inLanguage":"es"},{"@type":"Organization","@id":"https:\/\/gimnasticdetarragona.cat\/es\/#organization","name":"GIMN\u00c0STIC DE TARRAGONA","alternateName":"N\u00c0STIC","url":"https:\/\/gimnasticdetarragona.cat\/es\/","logo":{"@type":"ImageObject","inLanguage":"es","@id":"https:\/\/gimnasticdetarragona.cat\/es\/#\/schema\/logo\/image\/","url":"https:\/\/gimnasticdetarragona.cat\/wp-content\/uploads\/2022\/06\/cropped-logo-gimnastic.png","contentUrl":"https:\/\/gimnasticdetarragona.cat\/wp-content\/uploads\/2022\/06\/cropped-logo-gimnastic.png","width":224,"height":83,"caption":"GIMN\u00c0STIC DE TARRAGONA"},"image":{"@id":"https:\/\/gimnasticdetarragona.cat\/es\/#\/schema\/logo\/image\/"},"sameAs":["https:\/\/x.com\/NASTICTARRAGONA","https:\/\/www.instagram.com\/nastictarragona\/"]},{"@type":"Person","@id":"https:\/\/gimnasticdetarragona.cat\/es\/#\/schema\/person\/0a9b7103e7dd73640eb245c4aa4afb8d","name":"Comunicacion"}]}},"_links":{"self":[{"href":"https:\/\/gimnasticdetarragona.cat\/es\/wp-json\/wp\/v2\/posts\/97959","targetHints":{"allow":["GET"]}}],"collection":[{"href":"https:\/\/gimnasticdetarragona.cat\/es\/wp-json\/wp\/v2\/posts"}],"about":[{"href":"https:\/\/gimnasticdetarragona.cat\/es\/wp-json\/wp\/v2\/types\/post"}],"author":[{"embeddable":true,"href":"https:\/\/gimnasticdetarragona.cat\/es\/wp-json\/wp\/v2\/users\/7"}],"replies":[{"embeddable":true,"href":"https:\/\/gimnasticdetarragona.cat\/es\/wp-json\/wp\/v2\/comments?post=97959"}],"version-history":[{"count":1,"href":"https:\/\/gimnasticdetarragona.cat\/es\/wp-json\/wp\/v2\/posts\/97959\/revisions"}],"predecessor-version":[{"id":97960,"href":"https:\/\/gimnasticdetarragona.cat\/es\/wp-json\/wp\/v2\/posts\/97959\/revisions\/97960"}],"wp:featuredmedia":[{"embeddable":true,"href":"https:\/\/gimnasticdetarragona.cat\/es\/wp-json\/wp\/v2\/media\/97958"}],"wp:attachment":[{"href":"https:\/\/gimnasticdetarragona.cat\/es\/wp-json\/wp\/v2\/media?parent=97959"}],"wp:term":[{"taxonomy":"category","embeddable":true,"href":"https:\/\/gimnasticdetarragona.cat\/es\/wp-json\/wp\/v2\/categories?post=97959"},{"taxonomy":"post_tag","embeddable":true,"href":"https:\/\/gimnasticdetarragona.cat\/es\/wp-json\/wp\/v2\/tags?post=97959"}],"curies":[{"name":"wp","href":"https:\/\/api.w.org\/{rel}","templated":true}]}}