{"id":98051,"date":"2025-02-03T13:58:45","date_gmt":"2025-02-03T12:58:45","guid":{"rendered":"https:\/\/gimnasticdetarragona.cat\/?p=98051"},"modified":"2025-02-05T13:58:03","modified_gmt":"2025-02-05T12:58:03","slug":"desplacament-per-gaudir-de-losasuna-promesas-nastic","status":"publish","type":"post","link":"https:\/\/gimnasticdetarragona.cat\/es\/desplacament-per-gaudir-de-losasuna-promesas-nastic\/","title":{"rendered":"Desplazamiento para disfrutar del Osasuna Promesas \u2013 N\u00e0stic"},"content":{"rendered":"\n<p>El CA Osasuna ha facilitado un total de 100 entradas para el partido de la jornada 23. De \u00e9stas, 54 se destinar\u00e1n al autocar y las 46 restantes se podr\u00e1n adquirir individualmente. La entidad navarra no ha previsto la venta de entradas en taquilla.<\/p>\n\n\n\n<p>Dos opciones para acompa\u00f1ar al equipo:<\/p>\n\n\n\n<ul class=\"wp-block-list\">\n<li><strong>Con Athlos Sports Travel: entrada + desplazamiento en autocar por 50\u20ac\u00a0<\/strong><a href=\"https:\/\/ti2naw7lyibp5uda-85516452184.shopifypreview.com\/products\/entrada-i-viatge-en-autobus-per-veure-el-partit-osasuna-promesas-vs-gimnastic-de-tarragona\">(<\/a><a href=\"https:\/\/shop.athlostravel.com\/products\/entrada-i-viatge-en-autobus-per-veure-el-partit-osasuna-promesas-vs-gimnastic-de-tarragona\">Compra ya disponible online<\/a><a href=\"https:\/\/ti2naw7lyibp5uda-85516452184.shopifypreview.com\/products\/entrada-i-viatge-en-autobus-per-veure-el-partit-osasuna-promesas-vs-gimnastic-de-tarragona\">)<\/a>\u00a0(Los menores entre 0 y 14 a\u00f1os: 35\u20ac). La entrada del partido se facilitar\u00e1 en el mismo autocar.<\/li>\n<\/ul>\n\n\n\n<ul class=\"wp-block-list\">\n<li><strong>Entrada individual por 15\u20ac&nbsp;<\/strong>(Venta presencial, a partir de esta tarde, en el punto de atenci\u00f3n al socio del Nou Estadi Costa Daurada). Los menores de 14 a\u00f1os no necesitan entrada.<\/li>\n<\/ul>\n\n\n\n<p><\/p>\n\n\n\n<p>El horario de atenci\u00f3n al socio para esta semana es de lunes a viernes, de 10 a 13:30 y de 17 a 19 horas.<\/p>\n\n\n\n<p>El duelo se disputar\u00e1 este domingo 09\/02, a partir de las 12 horas, en las instalaciones de Tajonar. La salida del autocar est\u00e1 programada para el mismo domingo en los siguientes horarios:<\/p>\n\n\n\n<ul class=\"wp-block-list\">\n<li>6h (Av. Catalunya, Camp de Mart)<\/li>\n\n\n\n<li>6.15h (Instalaciones del Nou Estadi Costa Daurada)<\/li>\n<\/ul>\n\n\n\n<p><\/p>\n\n\n\n<p>Tanto en la compra f\u00edsica como online ser\u00e1 necesario facilitar los datos personales. La vuelta se efectuar\u00e1 al finalizar el partido y la entrada se facilitar\u00e1 en la salida del autocar. La promoci\u00f3n estar\u00e1 vigente hasta agotar existencias.<\/p>\n\n\n\n<p>Athlos Sports Travel se reserva el derecho de modificar las condiciones del desplazamiento. Para cualquier duda contactar en el n\u00famero de WhatsApp del N\u00e0stic 675.541.041<\/p>\n","protected":false},"excerpt":{"rendered":"<p>Domingo, a las 12h, en las instalaciones de Tajonar<\/p>\n","protected":false},"author":7,"featured_media":98049,"comment_status":"open","ping_status":"open","sticky":false,"template":"","format":"standard","meta":{"_acf_changed":false,"footnotes":""},"categories":[113,114,125,138],"tags":[],"class_list":["post-98051","post","type-post","status-publish","format-standard","has-post-thumbnail","hentry","category-actualidad","category-aficion","category-penas","category-socio"],"acf":[],"yoast_head":"<!-- This site is optimized with the Yoast SEO plugin v27.3 - https:\/\/yoast.com\/product\/yoast-seo-wordpress\/ -->\n<title>Desplazamiento para disfrutar del Osasuna Promesas \u2013 N\u00e0stic - Gimn\u00e0stic de Tarragona SAD<\/title>\n<meta name=\"robots\" content=\"index, follow, max-snippet:-1, max-image-preview:large, max-video-preview:-1\" \/>\n<link rel=\"canonical\" href=\"https:\/\/gimnasticdetarragona.cat\/es\/desplacament-per-gaudir-de-losasuna-promesas-nastic\/\" \/>\n<meta property=\"og:locale\" content=\"es_ES\" \/>\n<meta property=\"og:type\" content=\"article\" \/>\n<meta property=\"og:title\" content=\"Desplazamiento para disfrutar del Osasuna Promesas \u2013 N\u00e0stic - Gimn\u00e0stic de Tarragona SAD\" \/>\n<meta property=\"og:description\" content=\"Domingo, a las 12h, en las instalaciones de Tajonar\" \/>\n<meta property=\"og:url\" content=\"https:\/\/gimnasticdetarragona.cat\/es\/desplacament-per-gaudir-de-losasuna-promesas-nastic\/\" \/>\n<meta property=\"og:site_name\" content=\"Gimn\u00e0stic de Tarragona SAD\" \/>\n<meta property=\"article:published_time\" content=\"2025-02-03T12:58:45+00:00\" \/>\n<meta property=\"article:modified_time\" content=\"2025-02-05T12:58:03+00:00\" \/>\n<meta property=\"og:image\" content=\"https:\/\/gimnasticdetarragona.cat\/wp-content\/uploads\/2025\/02\/DSC_8043.jpg\" \/>\n\t<meta property=\"og:image:width\" content=\"1500\" \/>\n\t<meta property=\"og:image:height\" content=\"1000\" \/>\n\t<meta property=\"og:image:type\" content=\"image\/jpeg\" \/>\n<meta name=\"author\" content=\"Comunicacion\" \/>\n<meta name=\"twitter:card\" content=\"summary_large_image\" \/>\n<meta name=\"twitter:creator\" content=\"@NASTICTARRAGONA\" \/>\n<meta name=\"twitter:site\" content=\"@NASTICTARRAGONA\" \/>\n<meta name=\"twitter:label1\" content=\"Escrito por\" \/>\n\t<meta name=\"twitter:data1\" content=\"Comunicacion\" \/>\n\t<meta name=\"twitter:label2\" content=\"Tiempo de lectura\" \/>\n\t<meta name=\"twitter:data2\" content=\"1 minuto\" \/>\n<script type=\"application\/ld+json\" class=\"yoast-schema-graph\">{\"@context\":\"https:\\\/\\\/schema.org\",\"@graph\":[{\"@type\":\"Article\",\"@id\":\"https:\\\/\\\/gimnasticdetarragona.cat\\\/es\\\/desplacament-per-gaudir-de-losasuna-promesas-nastic\\\/#article\",\"isPartOf\":{\"@id\":\"https:\\\/\\\/gimnasticdetarragona.cat\\\/es\\\/desplacament-per-gaudir-de-losasuna-promesas-nastic\\\/\"},\"author\":{\"name\":\"Comunicacion\",\"@id\":\"https:\\\/\\\/gimnasticdetarragona.cat\\\/es\\\/#\\\/schema\\\/person\\\/0a9b7103e7dd73640eb245c4aa4afb8d\"},\"headline\":\"Desplazamiento para disfrutar del Osasuna Promesas \u2013 N\u00e0stic\",\"datePublished\":\"2025-02-03T12:58:45+00:00\",\"dateModified\":\"2025-02-05T12:58:03+00:00\",\"mainEntityOfPage\":{\"@id\":\"https:\\\/\\\/gimnasticdetarragona.cat\\\/es\\\/desplacament-per-gaudir-de-losasuna-promesas-nastic\\\/\"},\"wordCount\":248,\"commentCount\":0,\"publisher\":{\"@id\":\"https:\\\/\\\/gimnasticdetarragona.cat\\\/es\\\/#organization\"},\"image\":{\"@id\":\"https:\\\/\\\/gimnasticdetarragona.cat\\\/es\\\/desplacament-per-gaudir-de-losasuna-promesas-nastic\\\/#primaryimage\"},\"thumbnailUrl\":\"https:\\\/\\\/gimnasticdetarragona.cat\\\/wp-content\\\/uploads\\\/2025\\\/02\\\/DSC_8043.jpg\",\"articleSection\":[\"Actualidad\",\"Afici\u00f3n\",\"Pe\u00f1as\",\"Socio\"],\"inLanguage\":\"es\"},{\"@type\":\"WebPage\",\"@id\":\"https:\\\/\\\/gimnasticdetarragona.cat\\\/es\\\/desplacament-per-gaudir-de-losasuna-promesas-nastic\\\/\",\"url\":\"https:\\\/\\\/gimnasticdetarragona.cat\\\/es\\\/desplacament-per-gaudir-de-losasuna-promesas-nastic\\\/\",\"name\":\"Desplazamiento para disfrutar del Osasuna Promesas \u2013 N\u00e0stic - Gimn\u00e0stic de Tarragona SAD\",\"isPartOf\":{\"@id\":\"https:\\\/\\\/gimnasticdetarragona.cat\\\/es\\\/#website\"},\"primaryImageOfPage\":{\"@id\":\"https:\\\/\\\/gimnasticdetarragona.cat\\\/es\\\/desplacament-per-gaudir-de-losasuna-promesas-nastic\\\/#primaryimage\"},\"image\":{\"@id\":\"https:\\\/\\\/gimnasticdetarragona.cat\\\/es\\\/desplacament-per-gaudir-de-losasuna-promesas-nastic\\\/#primaryimage\"},\"thumbnailUrl\":\"https:\\\/\\\/gimnasticdetarragona.cat\\\/wp-content\\\/uploads\\\/2025\\\/02\\\/DSC_8043.jpg\",\"datePublished\":\"2025-02-03T12:58:45+00:00\",\"dateModified\":\"2025-02-05T12:58:03+00:00\",\"breadcrumb\":{\"@id\":\"https:\\\/\\\/gimnasticdetarragona.cat\\\/es\\\/desplacament-per-gaudir-de-losasuna-promesas-nastic\\\/#breadcrumb\"},\"inLanguage\":\"es\",\"potentialAction\":[{\"@type\":\"ReadAction\",\"target\":[\"https:\\\/\\\/gimnasticdetarragona.cat\\\/es\\\/desplacament-per-gaudir-de-losasuna-promesas-nastic\\\/\"]}]},{\"@type\":\"ImageObject\",\"inLanguage\":\"es\",\"@id\":\"https:\\\/\\\/gimnasticdetarragona.cat\\\/es\\\/desplacament-per-gaudir-de-losasuna-promesas-nastic\\\/#primaryimage\",\"url\":\"https:\\\/\\\/gimnasticdetarragona.cat\\\/wp-content\\\/uploads\\\/2025\\\/02\\\/DSC_8043.jpg\",\"contentUrl\":\"https:\\\/\\\/gimnasticdetarragona.cat\\\/wp-content\\\/uploads\\\/2025\\\/02\\\/DSC_8043.jpg\",\"width\":1500,\"height\":1000},{\"@type\":\"BreadcrumbList\",\"@id\":\"https:\\\/\\\/gimnasticdetarragona.cat\\\/es\\\/desplacament-per-gaudir-de-losasuna-promesas-nastic\\\/#breadcrumb\",\"itemListElement\":[{\"@type\":\"ListItem\",\"position\":1,\"name\":\"Inici\",\"item\":\"https:\\\/\\\/gimnasticdetarragona.cat\\\/es\\\/nastic\\\/\"},{\"@type\":\"ListItem\",\"position\":2,\"name\":\"Desplazamiento para disfrutar del Osasuna Promesas \u2013 N\u00e0stic\"}]},{\"@type\":\"WebSite\",\"@id\":\"https:\\\/\\\/gimnasticdetarragona.cat\\\/es\\\/#website\",\"url\":\"https:\\\/\\\/gimnasticdetarragona.cat\\\/es\\\/\",\"name\":\"Gimn\u00e0stic de Tarragona SAD\",\"description\":\"Gimn\u00e0stic de Tarragona\",\"publisher\":{\"@id\":\"https:\\\/\\\/gimnasticdetarragona.cat\\\/es\\\/#organization\"},\"potentialAction\":[{\"@type\":\"SearchAction\",\"target\":{\"@type\":\"EntryPoint\",\"urlTemplate\":\"https:\\\/\\\/gimnasticdetarragona.cat\\\/es\\\/?s={search_term_string}\"},\"query-input\":{\"@type\":\"PropertyValueSpecification\",\"valueRequired\":true,\"valueName\":\"search_term_string\"}}],\"inLanguage\":\"es\"},{\"@type\":\"Organization\",\"@id\":\"https:\\\/\\\/gimnasticdetarragona.cat\\\/es\\\/#organization\",\"name\":\"GIMN\u00c0STIC DE TARRAGONA\",\"alternateName\":\"N\u00c0STIC\",\"url\":\"https:\\\/\\\/gimnasticdetarragona.cat\\\/es\\\/\",\"logo\":{\"@type\":\"ImageObject\",\"inLanguage\":\"es\",\"@id\":\"https:\\\/\\\/gimnasticdetarragona.cat\\\/es\\\/#\\\/schema\\\/logo\\\/image\\\/\",\"url\":\"https:\\\/\\\/gimnasticdetarragona.cat\\\/wp-content\\\/uploads\\\/2022\\\/06\\\/cropped-logo-gimnastic.png\",\"contentUrl\":\"https:\\\/\\\/gimnasticdetarragona.cat\\\/wp-content\\\/uploads\\\/2022\\\/06\\\/cropped-logo-gimnastic.png\",\"width\":224,\"height\":83,\"caption\":\"GIMN\u00c0STIC DE TARRAGONA\"},\"image\":{\"@id\":\"https:\\\/\\\/gimnasticdetarragona.cat\\\/es\\\/#\\\/schema\\\/logo\\\/image\\\/\"},\"sameAs\":[\"https:\\\/\\\/x.com\\\/NASTICTARRAGONA\",\"https:\\\/\\\/www.instagram.com\\\/nastictarragona\\\/\"]},{\"@type\":\"Person\",\"@id\":\"https:\\\/\\\/gimnasticdetarragona.cat\\\/es\\\/#\\\/schema\\\/person\\\/0a9b7103e7dd73640eb245c4aa4afb8d\",\"name\":\"Comunicacion\"}]}<\/script>\n<!-- \/ Yoast SEO plugin. -->","yoast_head_json":{"title":"Desplazamiento para disfrutar del Osasuna Promesas \u2013 N\u00e0stic - Gimn\u00e0stic de Tarragona SAD","robots":{"index":"index","follow":"follow","max-snippet":"max-snippet:-1","max-image-preview":"max-image-preview:large","max-video-preview":"max-video-preview:-1"},"canonical":"https:\/\/gimnasticdetarragona.cat\/es\/desplacament-per-gaudir-de-losasuna-promesas-nastic\/","og_locale":"es_ES","og_type":"article","og_title":"Desplazamiento para disfrutar del Osasuna Promesas \u2013 N\u00e0stic - Gimn\u00e0stic de Tarragona SAD","og_description":"Domingo, a las 12h, en las instalaciones de Tajonar","og_url":"https:\/\/gimnasticdetarragona.cat\/es\/desplacament-per-gaudir-de-losasuna-promesas-nastic\/","og_site_name":"Gimn\u00e0stic de Tarragona SAD","article_published_time":"2025-02-03T12:58:45+00:00","article_modified_time":"2025-02-05T12:58:03+00:00","og_image":[{"width":1500,"height":1000,"url":"https:\/\/gimnasticdetarragona.cat\/wp-content\/uploads\/2025\/02\/DSC_8043.jpg","type":"image\/jpeg"}],"author":"Comunicacion","twitter_card":"summary_large_image","twitter_creator":"@NASTICTARRAGONA","twitter_site":"@NASTICTARRAGONA","twitter_misc":{"Escrito por":"Comunicacion","Tiempo de lectura":"1 minuto"},"schema":{"@context":"https:\/\/schema.org","@graph":[{"@type":"Article","@id":"https:\/\/gimnasticdetarragona.cat\/es\/desplacament-per-gaudir-de-losasuna-promesas-nastic\/#article","isPartOf":{"@id":"https:\/\/gimnasticdetarragona.cat\/es\/desplacament-per-gaudir-de-losasuna-promesas-nastic\/"},"author":{"name":"Comunicacion","@id":"https:\/\/gimnasticdetarragona.cat\/es\/#\/schema\/person\/0a9b7103e7dd73640eb245c4aa4afb8d"},"headline":"Desplazamiento para disfrutar del Osasuna Promesas \u2013 N\u00e0stic","datePublished":"2025-02-03T12:58:45+00:00","dateModified":"2025-02-05T12:58:03+00:00","mainEntityOfPage":{"@id":"https:\/\/gimnasticdetarragona.cat\/es\/desplacament-per-gaudir-de-losasuna-promesas-nastic\/"},"wordCount":248,"commentCount":0,"publisher":{"@id":"https:\/\/gimnasticdetarragona.cat\/es\/#organization"},"image":{"@id":"https:\/\/gimnasticdetarragona.cat\/es\/desplacament-per-gaudir-de-losasuna-promesas-nastic\/#primaryimage"},"thumbnailUrl":"https:\/\/gimnasticdetarragona.cat\/wp-content\/uploads\/2025\/02\/DSC_8043.jpg","articleSection":["Actualidad","Afici\u00f3n","Pe\u00f1as","Socio"],"inLanguage":"es"},{"@type":"WebPage","@id":"https:\/\/gimnasticdetarragona.cat\/es\/desplacament-per-gaudir-de-losasuna-promesas-nastic\/","url":"https:\/\/gimnasticdetarragona.cat\/es\/desplacament-per-gaudir-de-losasuna-promesas-nastic\/","name":"Desplazamiento para disfrutar del Osasuna Promesas \u2013 N\u00e0stic - Gimn\u00e0stic de Tarragona SAD","isPartOf":{"@id":"https:\/\/gimnasticdetarragona.cat\/es\/#website"},"primaryImageOfPage":{"@id":"https:\/\/gimnasticdetarragona.cat\/es\/desplacament-per-gaudir-de-losasuna-promesas-nastic\/#primaryimage"},"image":{"@id":"https:\/\/gimnasticdetarragona.cat\/es\/desplacament-per-gaudir-de-losasuna-promesas-nastic\/#primaryimage"},"thumbnailUrl":"https:\/\/gimnasticdetarragona.cat\/wp-content\/uploads\/2025\/02\/DSC_8043.jpg","datePublished":"2025-02-03T12:58:45+00:00","dateModified":"2025-02-05T12:58:03+00:00","breadcrumb":{"@id":"https:\/\/gimnasticdetarragona.cat\/es\/desplacament-per-gaudir-de-losasuna-promesas-nastic\/#breadcrumb"},"inLanguage":"es","potentialAction":[{"@type":"ReadAction","target":["https:\/\/gimnasticdetarragona.cat\/es\/desplacament-per-gaudir-de-losasuna-promesas-nastic\/"]}]},{"@type":"ImageObject","inLanguage":"es","@id":"https:\/\/gimnasticdetarragona.cat\/es\/desplacament-per-gaudir-de-losasuna-promesas-nastic\/#primaryimage","url":"https:\/\/gimnasticdetarragona.cat\/wp-content\/uploads\/2025\/02\/DSC_8043.jpg","contentUrl":"https:\/\/gimnasticdetarragona.cat\/wp-content\/uploads\/2025\/02\/DSC_8043.jpg","width":1500,"height":1000},{"@type":"BreadcrumbList","@id":"https:\/\/gimnasticdetarragona.cat\/es\/desplacament-per-gaudir-de-losasuna-promesas-nastic\/#breadcrumb","itemListElement":[{"@type":"ListItem","position":1,"name":"Inici","item":"https:\/\/gimnasticdetarragona.cat\/es\/nastic\/"},{"@type":"ListItem","position":2,"name":"Desplazamiento para disfrutar del Osasuna Promesas \u2013 N\u00e0stic"}]},{"@type":"WebSite","@id":"https:\/\/gimnasticdetarragona.cat\/es\/#website","url":"https:\/\/gimnasticdetarragona.cat\/es\/","name":"Gimn\u00e0stic de Tarragona SAD","description":"Gimn\u00e0stic de Tarragona","publisher":{"@id":"https:\/\/gimnasticdetarragona.cat\/es\/#organization"},"potentialAction":[{"@type":"SearchAction","target":{"@type":"EntryPoint","urlTemplate":"https:\/\/gimnasticdetarragona.cat\/es\/?s={search_term_string}"},"query-input":{"@type":"PropertyValueSpecification","valueRequired":true,"valueName":"search_term_string"}}],"inLanguage":"es"},{"@type":"Organization","@id":"https:\/\/gimnasticdetarragona.cat\/es\/#organization","name":"GIMN\u00c0STIC DE TARRAGONA","alternateName":"N\u00c0STIC","url":"https:\/\/gimnasticdetarragona.cat\/es\/","logo":{"@type":"ImageObject","inLanguage":"es","@id":"https:\/\/gimnasticdetarragona.cat\/es\/#\/schema\/logo\/image\/","url":"https:\/\/gimnasticdetarragona.cat\/wp-content\/uploads\/2022\/06\/cropped-logo-gimnastic.png","contentUrl":"https:\/\/gimnasticdetarragona.cat\/wp-content\/uploads\/2022\/06\/cropped-logo-gimnastic.png","width":224,"height":83,"caption":"GIMN\u00c0STIC DE TARRAGONA"},"image":{"@id":"https:\/\/gimnasticdetarragona.cat\/es\/#\/schema\/logo\/image\/"},"sameAs":["https:\/\/x.com\/NASTICTARRAGONA","https:\/\/www.instagram.com\/nastictarragona\/"]},{"@type":"Person","@id":"https:\/\/gimnasticdetarragona.cat\/es\/#\/schema\/person\/0a9b7103e7dd73640eb245c4aa4afb8d","name":"Comunicacion"}]}},"_links":{"self":[{"href":"https:\/\/gimnasticdetarragona.cat\/es\/wp-json\/wp\/v2\/posts\/98051","targetHints":{"allow":["GET"]}}],"collection":[{"href":"https:\/\/gimnasticdetarragona.cat\/es\/wp-json\/wp\/v2\/posts"}],"about":[{"href":"https:\/\/gimnasticdetarragona.cat\/es\/wp-json\/wp\/v2\/types\/post"}],"author":[{"embeddable":true,"href":"https:\/\/gimnasticdetarragona.cat\/es\/wp-json\/wp\/v2\/users\/7"}],"replies":[{"embeddable":true,"href":"https:\/\/gimnasticdetarragona.cat\/es\/wp-json\/wp\/v2\/comments?post=98051"}],"version-history":[{"count":8,"href":"https:\/\/gimnasticdetarragona.cat\/es\/wp-json\/wp\/v2\/posts\/98051\/revisions"}],"predecessor-version":[{"id":98094,"href":"https:\/\/gimnasticdetarragona.cat\/es\/wp-json\/wp\/v2\/posts\/98051\/revisions\/98094"}],"wp:featuredmedia":[{"embeddable":true,"href":"https:\/\/gimnasticdetarragona.cat\/es\/wp-json\/wp\/v2\/media\/98049"}],"wp:attachment":[{"href":"https:\/\/gimnasticdetarragona.cat\/es\/wp-json\/wp\/v2\/media?parent=98051"}],"wp:term":[{"taxonomy":"category","embeddable":true,"href":"https:\/\/gimnasticdetarragona.cat\/es\/wp-json\/wp\/v2\/categories?post=98051"},{"taxonomy":"post_tag","embeddable":true,"href":"https:\/\/gimnasticdetarragona.cat\/es\/wp-json\/wp\/v2\/tags?post=98051"}],"curies":[{"name":"wp","href":"https:\/\/api.w.org\/{rel}","templated":true}]}}