{"id":98108,"date":"2025-02-05T18:59:56","date_gmt":"2025-02-05T17:59:56","guid":{"rendered":"https:\/\/gimnasticdetarragona.cat\/borja-granero-i-roberto-torres-ja-vesteixen-de-grana\/"},"modified":"2025-02-05T19:05:13","modified_gmt":"2025-02-05T18:05:13","slug":"borja-granero-i-roberto-torres-ja-vesteixen-de-grana","status":"publish","type":"post","link":"https:\/\/gimnasticdetarragona.cat\/es\/borja-granero-i-roberto-torres-ja-vesteixen-de-grana\/","title":{"rendered":"Borja Granero y Roberto Torres ya visten de grana"},"content":{"rendered":"\n<p>El Gimn\u00e0stic de Tarragona ha presentado los dos \u00faltimos refuerzos del mercado de fichajes de invierno.<\/p>\n\n\n\n<p>El presidente ejecutivo grana, Llu\u00eds F\u00e0bregas, ha sido el encargado de dar la bienvenida al central Borja Granero y al centrocampista Roberto Torres.<\/p>\n\n\n\n<p>Los futbolistas han mostrado su satisfacci\u00f3n por llegar al N\u00e0stic ya Tarragona, agradeciendo el esfuerzo de la entidad.<\/p>\n\n\n\n<p>Borja ha explicado que \u00abes un club que siempre me ha llamado la atenci\u00f3n ya que mi padre (Jos\u00e9 Carlos Granero, entrenador) estuvo aqu\u00ed hace much\u00edsimos a\u00f1os\u00bb. Tambi\u00e9n ha a\u00f1adido que \u00abEl N\u00e0stic ha sido muy directo y claro conmigo.\u00bb<\/p>\n\n\n\n<p>Por su parte, Roberto Torres ha manifestado que \u00abhe escogido venir aqu\u00ed porque creo que es un lugar apropiado para m\u00ed\u2026 ha priorizado venir a un club que normalmente ha estado en 2a Divisi\u00f3n A y creo que tenemos un futuro por delante muy bonito.\u00bb<\/p>\n\n\n\n<p>Posteriormente, el director deportivo, Javier Sanz, junto al presidente ejecutivo, ha hecho el balance del mercado de fichajes finalizado el lunes por la noche.<\/p>\n\n\n\n<p>Al finalizar la atenci\u00f3n a los medios de comunicaci\u00f3n, ambos jugadores se han vestido de corto con la equipaci\u00f3n t\u00e9cnica para realizar las fotograf\u00edas protocolarias para los medios gr\u00e1ficos sobre el c\u00e9sped del Nou Estadi Costa Daurada.<\/p>\n\n\n\n<p><\/p>\n","protected":false},"excerpt":{"rendered":"<p>Las \u00faltimas incorporaciones, en el Templo<\/p>\n","protected":false},"author":7,"featured_media":98106,"comment_status":"open","ping_status":"open","sticky":false,"template":"","format":"standard","meta":{"_acf_changed":false,"footnotes":""},"categories":[113,126],"tags":[],"class_list":["post-98108","post","type-post","status-publish","format-standard","has-post-thumbnail","hentry","category-actualidad","category-primer-equipo"],"acf":[],"yoast_head":"<!-- This site is optimized with the Yoast SEO plugin v27.3 - https:\/\/yoast.com\/product\/yoast-seo-wordpress\/ -->\n<title>Borja Granero y Roberto Torres ya visten de grana - Gimn\u00e0stic de Tarragona SAD<\/title>\n<meta name=\"robots\" content=\"index, follow, max-snippet:-1, max-image-preview:large, max-video-preview:-1\" \/>\n<link rel=\"canonical\" href=\"https:\/\/gimnasticdetarragona.cat\/es\/borja-granero-i-roberto-torres-ja-vesteixen-de-grana\/\" \/>\n<meta property=\"og:locale\" content=\"es_ES\" \/>\n<meta property=\"og:type\" content=\"article\" \/>\n<meta property=\"og:title\" content=\"Borja Granero y Roberto Torres ya visten de grana - Gimn\u00e0stic de Tarragona SAD\" \/>\n<meta property=\"og:description\" content=\"Las \u00faltimas incorporaciones, en el Templo\" \/>\n<meta property=\"og:url\" content=\"https:\/\/gimnasticdetarragona.cat\/es\/borja-granero-i-roberto-torres-ja-vesteixen-de-grana\/\" \/>\n<meta property=\"og:site_name\" content=\"Gimn\u00e0stic de Tarragona SAD\" \/>\n<meta property=\"article:published_time\" content=\"2025-02-05T17:59:56+00:00\" \/>\n<meta property=\"article:modified_time\" content=\"2025-02-05T18:05:13+00:00\" \/>\n<meta property=\"og:image\" content=\"https:\/\/gimnasticdetarragona.cat\/wp-content\/uploads\/2025\/02\/IMG_9987-scaled.jpg\" \/>\n\t<meta property=\"og:image:width\" content=\"2560\" \/>\n\t<meta property=\"og:image:height\" content=\"1549\" \/>\n\t<meta property=\"og:image:type\" content=\"image\/jpeg\" \/>\n<meta name=\"author\" content=\"Comunicacion\" \/>\n<meta name=\"twitter:card\" content=\"summary_large_image\" \/>\n<meta name=\"twitter:creator\" content=\"@NASTICTARRAGONA\" \/>\n<meta name=\"twitter:site\" content=\"@NASTICTARRAGONA\" \/>\n<meta name=\"twitter:label1\" content=\"Escrito por\" \/>\n\t<meta name=\"twitter:data1\" content=\"Comunicacion\" \/>\n\t<meta name=\"twitter:label2\" content=\"Tiempo de lectura\" \/>\n\t<meta name=\"twitter:data2\" content=\"1 minuto\" \/>\n<script type=\"application\/ld+json\" class=\"yoast-schema-graph\">{\"@context\":\"https:\\\/\\\/schema.org\",\"@graph\":[{\"@type\":\"Article\",\"@id\":\"https:\\\/\\\/gimnasticdetarragona.cat\\\/es\\\/borja-granero-i-roberto-torres-ja-vesteixen-de-grana\\\/#article\",\"isPartOf\":{\"@id\":\"https:\\\/\\\/gimnasticdetarragona.cat\\\/es\\\/borja-granero-i-roberto-torres-ja-vesteixen-de-grana\\\/\"},\"author\":{\"name\":\"Comunicacion\",\"@id\":\"https:\\\/\\\/gimnasticdetarragona.cat\\\/es\\\/#\\\/schema\\\/person\\\/0a9b7103e7dd73640eb245c4aa4afb8d\"},\"headline\":\"Borja Granero y Roberto Torres ya visten de grana\",\"datePublished\":\"2025-02-05T17:59:56+00:00\",\"dateModified\":\"2025-02-05T18:05:13+00:00\",\"mainEntityOfPage\":{\"@id\":\"https:\\\/\\\/gimnasticdetarragona.cat\\\/es\\\/borja-granero-i-roberto-torres-ja-vesteixen-de-grana\\\/\"},\"wordCount\":231,\"commentCount\":0,\"publisher\":{\"@id\":\"https:\\\/\\\/gimnasticdetarragona.cat\\\/es\\\/#organization\"},\"image\":{\"@id\":\"https:\\\/\\\/gimnasticdetarragona.cat\\\/es\\\/borja-granero-i-roberto-torres-ja-vesteixen-de-grana\\\/#primaryimage\"},\"thumbnailUrl\":\"https:\\\/\\\/gimnasticdetarragona.cat\\\/wp-content\\\/uploads\\\/2025\\\/02\\\/IMG_9987-scaled.jpg\",\"articleSection\":[\"Actualidad\",\"Primer Equipo\"],\"inLanguage\":\"es\"},{\"@type\":\"WebPage\",\"@id\":\"https:\\\/\\\/gimnasticdetarragona.cat\\\/es\\\/borja-granero-i-roberto-torres-ja-vesteixen-de-grana\\\/\",\"url\":\"https:\\\/\\\/gimnasticdetarragona.cat\\\/es\\\/borja-granero-i-roberto-torres-ja-vesteixen-de-grana\\\/\",\"name\":\"Borja Granero y Roberto Torres ya visten de grana - Gimn\u00e0stic de Tarragona SAD\",\"isPartOf\":{\"@id\":\"https:\\\/\\\/gimnasticdetarragona.cat\\\/es\\\/#website\"},\"primaryImageOfPage\":{\"@id\":\"https:\\\/\\\/gimnasticdetarragona.cat\\\/es\\\/borja-granero-i-roberto-torres-ja-vesteixen-de-grana\\\/#primaryimage\"},\"image\":{\"@id\":\"https:\\\/\\\/gimnasticdetarragona.cat\\\/es\\\/borja-granero-i-roberto-torres-ja-vesteixen-de-grana\\\/#primaryimage\"},\"thumbnailUrl\":\"https:\\\/\\\/gimnasticdetarragona.cat\\\/wp-content\\\/uploads\\\/2025\\\/02\\\/IMG_9987-scaled.jpg\",\"datePublished\":\"2025-02-05T17:59:56+00:00\",\"dateModified\":\"2025-02-05T18:05:13+00:00\",\"breadcrumb\":{\"@id\":\"https:\\\/\\\/gimnasticdetarragona.cat\\\/es\\\/borja-granero-i-roberto-torres-ja-vesteixen-de-grana\\\/#breadcrumb\"},\"inLanguage\":\"es\",\"potentialAction\":[{\"@type\":\"ReadAction\",\"target\":[\"https:\\\/\\\/gimnasticdetarragona.cat\\\/es\\\/borja-granero-i-roberto-torres-ja-vesteixen-de-grana\\\/\"]}]},{\"@type\":\"ImageObject\",\"inLanguage\":\"es\",\"@id\":\"https:\\\/\\\/gimnasticdetarragona.cat\\\/es\\\/borja-granero-i-roberto-torres-ja-vesteixen-de-grana\\\/#primaryimage\",\"url\":\"https:\\\/\\\/gimnasticdetarragona.cat\\\/wp-content\\\/uploads\\\/2025\\\/02\\\/IMG_9987-scaled.jpg\",\"contentUrl\":\"https:\\\/\\\/gimnasticdetarragona.cat\\\/wp-content\\\/uploads\\\/2025\\\/02\\\/IMG_9987-scaled.jpg\",\"width\":2560,\"height\":1549},{\"@type\":\"BreadcrumbList\",\"@id\":\"https:\\\/\\\/gimnasticdetarragona.cat\\\/es\\\/borja-granero-i-roberto-torres-ja-vesteixen-de-grana\\\/#breadcrumb\",\"itemListElement\":[{\"@type\":\"ListItem\",\"position\":1,\"name\":\"Inici\",\"item\":\"https:\\\/\\\/gimnasticdetarragona.cat\\\/es\\\/nastic\\\/\"},{\"@type\":\"ListItem\",\"position\":2,\"name\":\"Borja Granero y Roberto Torres ya visten de grana\"}]},{\"@type\":\"WebSite\",\"@id\":\"https:\\\/\\\/gimnasticdetarragona.cat\\\/es\\\/#website\",\"url\":\"https:\\\/\\\/gimnasticdetarragona.cat\\\/es\\\/\",\"name\":\"Gimn\u00e0stic de Tarragona SAD\",\"description\":\"Gimn\u00e0stic de Tarragona\",\"publisher\":{\"@id\":\"https:\\\/\\\/gimnasticdetarragona.cat\\\/es\\\/#organization\"},\"potentialAction\":[{\"@type\":\"SearchAction\",\"target\":{\"@type\":\"EntryPoint\",\"urlTemplate\":\"https:\\\/\\\/gimnasticdetarragona.cat\\\/es\\\/?s={search_term_string}\"},\"query-input\":{\"@type\":\"PropertyValueSpecification\",\"valueRequired\":true,\"valueName\":\"search_term_string\"}}],\"inLanguage\":\"es\"},{\"@type\":\"Organization\",\"@id\":\"https:\\\/\\\/gimnasticdetarragona.cat\\\/es\\\/#organization\",\"name\":\"GIMN\u00c0STIC DE TARRAGONA\",\"alternateName\":\"N\u00c0STIC\",\"url\":\"https:\\\/\\\/gimnasticdetarragona.cat\\\/es\\\/\",\"logo\":{\"@type\":\"ImageObject\",\"inLanguage\":\"es\",\"@id\":\"https:\\\/\\\/gimnasticdetarragona.cat\\\/es\\\/#\\\/schema\\\/logo\\\/image\\\/\",\"url\":\"https:\\\/\\\/gimnasticdetarragona.cat\\\/wp-content\\\/uploads\\\/2022\\\/06\\\/cropped-logo-gimnastic.png\",\"contentUrl\":\"https:\\\/\\\/gimnasticdetarragona.cat\\\/wp-content\\\/uploads\\\/2022\\\/06\\\/cropped-logo-gimnastic.png\",\"width\":224,\"height\":83,\"caption\":\"GIMN\u00c0STIC DE TARRAGONA\"},\"image\":{\"@id\":\"https:\\\/\\\/gimnasticdetarragona.cat\\\/es\\\/#\\\/schema\\\/logo\\\/image\\\/\"},\"sameAs\":[\"https:\\\/\\\/x.com\\\/NASTICTARRAGONA\",\"https:\\\/\\\/www.instagram.com\\\/nastictarragona\\\/\"]},{\"@type\":\"Person\",\"@id\":\"https:\\\/\\\/gimnasticdetarragona.cat\\\/es\\\/#\\\/schema\\\/person\\\/0a9b7103e7dd73640eb245c4aa4afb8d\",\"name\":\"Comunicacion\"}]}<\/script>\n<!-- \/ Yoast SEO plugin. -->","yoast_head_json":{"title":"Borja Granero y Roberto Torres ya visten de grana - Gimn\u00e0stic de Tarragona SAD","robots":{"index":"index","follow":"follow","max-snippet":"max-snippet:-1","max-image-preview":"max-image-preview:large","max-video-preview":"max-video-preview:-1"},"canonical":"https:\/\/gimnasticdetarragona.cat\/es\/borja-granero-i-roberto-torres-ja-vesteixen-de-grana\/","og_locale":"es_ES","og_type":"article","og_title":"Borja Granero y Roberto Torres ya visten de grana - Gimn\u00e0stic de Tarragona SAD","og_description":"Las \u00faltimas incorporaciones, en el Templo","og_url":"https:\/\/gimnasticdetarragona.cat\/es\/borja-granero-i-roberto-torres-ja-vesteixen-de-grana\/","og_site_name":"Gimn\u00e0stic de Tarragona SAD","article_published_time":"2025-02-05T17:59:56+00:00","article_modified_time":"2025-02-05T18:05:13+00:00","og_image":[{"width":2560,"height":1549,"url":"https:\/\/gimnasticdetarragona.cat\/wp-content\/uploads\/2025\/02\/IMG_9987-scaled.jpg","type":"image\/jpeg"}],"author":"Comunicacion","twitter_card":"summary_large_image","twitter_creator":"@NASTICTARRAGONA","twitter_site":"@NASTICTARRAGONA","twitter_misc":{"Escrito por":"Comunicacion","Tiempo de lectura":"1 minuto"},"schema":{"@context":"https:\/\/schema.org","@graph":[{"@type":"Article","@id":"https:\/\/gimnasticdetarragona.cat\/es\/borja-granero-i-roberto-torres-ja-vesteixen-de-grana\/#article","isPartOf":{"@id":"https:\/\/gimnasticdetarragona.cat\/es\/borja-granero-i-roberto-torres-ja-vesteixen-de-grana\/"},"author":{"name":"Comunicacion","@id":"https:\/\/gimnasticdetarragona.cat\/es\/#\/schema\/person\/0a9b7103e7dd73640eb245c4aa4afb8d"},"headline":"Borja Granero y Roberto Torres ya visten de grana","datePublished":"2025-02-05T17:59:56+00:00","dateModified":"2025-02-05T18:05:13+00:00","mainEntityOfPage":{"@id":"https:\/\/gimnasticdetarragona.cat\/es\/borja-granero-i-roberto-torres-ja-vesteixen-de-grana\/"},"wordCount":231,"commentCount":0,"publisher":{"@id":"https:\/\/gimnasticdetarragona.cat\/es\/#organization"},"image":{"@id":"https:\/\/gimnasticdetarragona.cat\/es\/borja-granero-i-roberto-torres-ja-vesteixen-de-grana\/#primaryimage"},"thumbnailUrl":"https:\/\/gimnasticdetarragona.cat\/wp-content\/uploads\/2025\/02\/IMG_9987-scaled.jpg","articleSection":["Actualidad","Primer Equipo"],"inLanguage":"es"},{"@type":"WebPage","@id":"https:\/\/gimnasticdetarragona.cat\/es\/borja-granero-i-roberto-torres-ja-vesteixen-de-grana\/","url":"https:\/\/gimnasticdetarragona.cat\/es\/borja-granero-i-roberto-torres-ja-vesteixen-de-grana\/","name":"Borja Granero y Roberto Torres ya visten de grana - Gimn\u00e0stic de Tarragona SAD","isPartOf":{"@id":"https:\/\/gimnasticdetarragona.cat\/es\/#website"},"primaryImageOfPage":{"@id":"https:\/\/gimnasticdetarragona.cat\/es\/borja-granero-i-roberto-torres-ja-vesteixen-de-grana\/#primaryimage"},"image":{"@id":"https:\/\/gimnasticdetarragona.cat\/es\/borja-granero-i-roberto-torres-ja-vesteixen-de-grana\/#primaryimage"},"thumbnailUrl":"https:\/\/gimnasticdetarragona.cat\/wp-content\/uploads\/2025\/02\/IMG_9987-scaled.jpg","datePublished":"2025-02-05T17:59:56+00:00","dateModified":"2025-02-05T18:05:13+00:00","breadcrumb":{"@id":"https:\/\/gimnasticdetarragona.cat\/es\/borja-granero-i-roberto-torres-ja-vesteixen-de-grana\/#breadcrumb"},"inLanguage":"es","potentialAction":[{"@type":"ReadAction","target":["https:\/\/gimnasticdetarragona.cat\/es\/borja-granero-i-roberto-torres-ja-vesteixen-de-grana\/"]}]},{"@type":"ImageObject","inLanguage":"es","@id":"https:\/\/gimnasticdetarragona.cat\/es\/borja-granero-i-roberto-torres-ja-vesteixen-de-grana\/#primaryimage","url":"https:\/\/gimnasticdetarragona.cat\/wp-content\/uploads\/2025\/02\/IMG_9987-scaled.jpg","contentUrl":"https:\/\/gimnasticdetarragona.cat\/wp-content\/uploads\/2025\/02\/IMG_9987-scaled.jpg","width":2560,"height":1549},{"@type":"BreadcrumbList","@id":"https:\/\/gimnasticdetarragona.cat\/es\/borja-granero-i-roberto-torres-ja-vesteixen-de-grana\/#breadcrumb","itemListElement":[{"@type":"ListItem","position":1,"name":"Inici","item":"https:\/\/gimnasticdetarragona.cat\/es\/nastic\/"},{"@type":"ListItem","position":2,"name":"Borja Granero y Roberto Torres ya visten de grana"}]},{"@type":"WebSite","@id":"https:\/\/gimnasticdetarragona.cat\/es\/#website","url":"https:\/\/gimnasticdetarragona.cat\/es\/","name":"Gimn\u00e0stic de Tarragona SAD","description":"Gimn\u00e0stic de Tarragona","publisher":{"@id":"https:\/\/gimnasticdetarragona.cat\/es\/#organization"},"potentialAction":[{"@type":"SearchAction","target":{"@type":"EntryPoint","urlTemplate":"https:\/\/gimnasticdetarragona.cat\/es\/?s={search_term_string}"},"query-input":{"@type":"PropertyValueSpecification","valueRequired":true,"valueName":"search_term_string"}}],"inLanguage":"es"},{"@type":"Organization","@id":"https:\/\/gimnasticdetarragona.cat\/es\/#organization","name":"GIMN\u00c0STIC DE TARRAGONA","alternateName":"N\u00c0STIC","url":"https:\/\/gimnasticdetarragona.cat\/es\/","logo":{"@type":"ImageObject","inLanguage":"es","@id":"https:\/\/gimnasticdetarragona.cat\/es\/#\/schema\/logo\/image\/","url":"https:\/\/gimnasticdetarragona.cat\/wp-content\/uploads\/2022\/06\/cropped-logo-gimnastic.png","contentUrl":"https:\/\/gimnasticdetarragona.cat\/wp-content\/uploads\/2022\/06\/cropped-logo-gimnastic.png","width":224,"height":83,"caption":"GIMN\u00c0STIC DE TARRAGONA"},"image":{"@id":"https:\/\/gimnasticdetarragona.cat\/es\/#\/schema\/logo\/image\/"},"sameAs":["https:\/\/x.com\/NASTICTARRAGONA","https:\/\/www.instagram.com\/nastictarragona\/"]},{"@type":"Person","@id":"https:\/\/gimnasticdetarragona.cat\/es\/#\/schema\/person\/0a9b7103e7dd73640eb245c4aa4afb8d","name":"Comunicacion"}]}},"_links":{"self":[{"href":"https:\/\/gimnasticdetarragona.cat\/es\/wp-json\/wp\/v2\/posts\/98108","targetHints":{"allow":["GET"]}}],"collection":[{"href":"https:\/\/gimnasticdetarragona.cat\/es\/wp-json\/wp\/v2\/posts"}],"about":[{"href":"https:\/\/gimnasticdetarragona.cat\/es\/wp-json\/wp\/v2\/types\/post"}],"author":[{"embeddable":true,"href":"https:\/\/gimnasticdetarragona.cat\/es\/wp-json\/wp\/v2\/users\/7"}],"replies":[{"embeddable":true,"href":"https:\/\/gimnasticdetarragona.cat\/es\/wp-json\/wp\/v2\/comments?post=98108"}],"version-history":[{"count":1,"href":"https:\/\/gimnasticdetarragona.cat\/es\/wp-json\/wp\/v2\/posts\/98108\/revisions"}],"predecessor-version":[{"id":98110,"href":"https:\/\/gimnasticdetarragona.cat\/es\/wp-json\/wp\/v2\/posts\/98108\/revisions\/98110"}],"wp:featuredmedia":[{"embeddable":true,"href":"https:\/\/gimnasticdetarragona.cat\/es\/wp-json\/wp\/v2\/media\/98106"}],"wp:attachment":[{"href":"https:\/\/gimnasticdetarragona.cat\/es\/wp-json\/wp\/v2\/media?parent=98108"}],"wp:term":[{"taxonomy":"category","embeddable":true,"href":"https:\/\/gimnasticdetarragona.cat\/es\/wp-json\/wp\/v2\/categories?post=98108"},{"taxonomy":"post_tag","embeddable":true,"href":"https:\/\/gimnasticdetarragona.cat\/es\/wp-json\/wp\/v2\/tags?post=98108"}],"curies":[{"name":"wp","href":"https:\/\/api.w.org\/{rel}","templated":true}]}}