{"id":98158,"date":"2025-02-12T17:57:07","date_gmt":"2025-02-12T16:57:07","guid":{"rendered":"https:\/\/gimnasticdetarragona.cat\/?p=98158"},"modified":"2025-02-12T18:02:09","modified_gmt":"2025-02-12T17:02:09","slug":"compossar-es-converteix-en-col%c2%b7laborador-oficial-del-nastic","status":"publish","type":"post","link":"https:\/\/gimnasticdetarragona.cat\/es\/compossar-es-converteix-en-col%c2%b7laborador-oficial-del-nastic\/","title":{"rendered":"Compossar se convierte en colaborador oficial del N\u00e0stic"},"content":{"rendered":"\n<p>Compossar, empresa l\u00edder en soluciones gr\u00e1ficas integrales, firma un nuevo acuerdo de colaboraci\u00f3n con el Gimn\u00e0stic de Tarragona, en uno de los proyectos m\u00e1s destacados de su trayectoria. En esta nueva alianza se incluye la fabricaci\u00f3n y la instalaci\u00f3n del nuevo videomarcador del Nou Estadi Costa Daurada, as\u00ed como un patrocinio para las pr\u00f3ximas tres temporadas.<\/p>\n\n\n\n<p>El gerente de Compossar, Narc\u00eds Ortega, y el presidente ejecutivo del Gimn\u00e0stic de Tarragona, Llu\u00eds F\u00e0bregas, han escenificado este nuevo acuerdo sobre el c\u00e9sped del Temple grana y con el nuevo videomarcador ilustrando la vinculaci\u00f3n entre ambas entidades tarraconenses.<\/p>\n\n\n\n<p>Este s\u00e1bado, en el duelo entre el N\u00e0stic y el Bilbao Athletic, los socios y aficionados nastiquers podr\u00e1n disfrutar por primera vez de las nuevas prestaciones y calidad que ofrece la pantalla de 1151 x 576 p\u00edxeles y 768 x 384 cent\u00edmetros.<\/p>\n\n\n\n<h3 class=\"wp-block-heading\"><strong>Un videomarcador de \u00faltima generaci\u00f3n<\/strong><\/h3>\n\n\n\n<p>El nuevo videomarcador moderniza las instalaciones del Nou Estadi Costa Daurada y mejora la experiencia de los aficionados con una calidad de imagen superior. Su resoluci\u00f3n y eficiencia energ\u00e9tica han experimentado una mejora del 800%, consiguiendo una imagen mucho m\u00e1s n\u00edtida y un consumo optimizado que lo hace nueve veces m\u00e1s eficiente que la pantalla anterior. Adem\u00e1s, su alta tasa de refresco garantiza una visualizaci\u00f3n n\u00edtida, tanto en v\u00eddeo como en fotograf\u00eda.<\/p>\n\n\n\n<p>El proyecto ha experimentado un retraso respecto al plazo inicial previsto, ya que se ha optado por esperar la incorporaci\u00f3n de una actualizaci\u00f3n tecnol\u00f3gica que ha permitido mejorar a\u00fan m\u00e1s el rendimiento de la pantalla. Esta decisi\u00f3n responde a la voluntad de ofrecer un producto m\u00e1s avanzado y garantizar la mejor experiencia visual posible.<\/p>\n\n\n\n<h3 class=\"wp-block-heading\"><strong>Innovaci\u00f3n y fabricaci\u00f3n local<\/strong><\/h3>\n\n\n\n<p>En los \u00faltimos a\u00f1os Compossar se ha especializado en la fabricaci\u00f3n e instalaci\u00f3n de pantallas LED, desarrollando proyectos a medida para clientes de toda Espa\u00f1a. Este videomarcador sigue un modelo de producci\u00f3n integrado que combina tecnolog\u00eda global y fabricaci\u00f3n local para garantizar su m\u00e1ximo rendimiento y fiabilidad.<\/p>\n\n\n\n<p>Los componentes electr\u00f3nicos se fabrican en Shenzhen, uno de los principales centros mundiales de producci\u00f3n tecnol\u00f3gica. Por otra parte, la estructura, el ensamblaje y la programaci\u00f3n se llevan a cabo en Tarragona, donde Compossar dispone de maquinaria metal\u00fargica avanzada y cabinas de pintura propias. Este control total del proceso de fabricaci\u00f3n asegura un alto nivel de calidad y confiabilidad en cada proyecto.<\/p>\n\n\n\n<p>Adem\u00e1s, el hecho de que Compossar tenga su base en Tarragona ofrece una ventaja clave en t\u00e9rminos de mantenimiento, permitiendo intervenciones r\u00e1pidas en caso necesario y garantizando un soporte t\u00e9cnico eficiente e inmediato.<\/p>\n\n\n\n<h3 class=\"wp-block-heading\"><strong>Compromiso con la ciudad y el club<\/strong><\/h3>\n\n\n\n<p>Esta colaboraci\u00f3n reafirma el compromiso de Compossar con la innovaci\u00f3n, la sostenibilidad y el apoyo a la comunidad local. Con esta alianza con el N\u00e0stic, la empresa apuesta por la tecnolog\u00eda de vanguardia en el mundo del deporte y refuerza su v\u00ednculo con la ciudad, contribuyendo a la mejora de las instalaciones y la experiencia de los aficionados.<\/p>\n\n\n\n<p>Con este proyecto, Compossar y el N\u00e0stic inician una nueva etapa juntos, uniendo tradici\u00f3n e innovaci\u00f3n para hacer del Nou Estadi Costa Daurada un referente tecnol\u00f3gico y visual.<\/p>\n\n\n\n<p><\/p>\n","protected":false},"excerpt":{"rendered":"<p>El nuevo videomarcador se estrenar\u00e1 este s\u00e1bado ante el Bilbao Athletic<\/p>\n","protected":false},"author":7,"featured_media":98156,"comment_status":"open","ping_status":"open","sticky":false,"template":"","format":"standard","meta":{"_acf_changed":false,"footnotes":""},"categories":[113,114,120,125,139,138],"tags":[],"class_list":["post-98158","post","type-post","status-publish","format-standard","has-post-thumbnail","hentry","category-actualidad","category-aficion","category-historia","category-penas","category-social","category-socio"],"acf":[],"yoast_head":"<!-- This site is optimized with the Yoast SEO plugin v27.3 - https:\/\/yoast.com\/product\/yoast-seo-wordpress\/ -->\n<title>Compossar se convierte en colaborador oficial del N\u00e0stic - Gimn\u00e0stic de Tarragona SAD<\/title>\n<meta name=\"robots\" content=\"index, follow, max-snippet:-1, max-image-preview:large, max-video-preview:-1\" \/>\n<link rel=\"canonical\" href=\"https:\/\/gimnasticdetarragona.cat\/es\/compossar-es-converteix-en-col\u00b7laborador-oficial-del-nastic\/\" \/>\n<meta property=\"og:locale\" content=\"es_ES\" \/>\n<meta property=\"og:type\" content=\"article\" \/>\n<meta property=\"og:title\" content=\"Compossar se convierte en colaborador oficial del N\u00e0stic - Gimn\u00e0stic de Tarragona SAD\" \/>\n<meta property=\"og:description\" content=\"El nuevo videomarcador se estrenar\u00e1 este s\u00e1bado ante el Bilbao Athletic\" \/>\n<meta property=\"og:url\" content=\"https:\/\/gimnasticdetarragona.cat\/es\/compossar-es-converteix-en-col\u00b7laborador-oficial-del-nastic\/\" \/>\n<meta property=\"og:site_name\" content=\"Gimn\u00e0stic de Tarragona SAD\" \/>\n<meta property=\"article:published_time\" content=\"2025-02-12T16:57:07+00:00\" \/>\n<meta property=\"article:modified_time\" content=\"2025-02-12T17:02:09+00:00\" \/>\n<meta property=\"og:image\" content=\"https:\/\/gimnasticdetarragona.cat\/wp-content\/uploads\/2025\/02\/IMG_1107-scaled.jpg\" \/>\n\t<meta property=\"og:image:width\" content=\"2560\" \/>\n\t<meta property=\"og:image:height\" content=\"1707\" \/>\n\t<meta property=\"og:image:type\" content=\"image\/jpeg\" \/>\n<meta name=\"author\" content=\"Comunicacion\" \/>\n<meta name=\"twitter:card\" content=\"summary_large_image\" \/>\n<meta name=\"twitter:creator\" content=\"@NASTICTARRAGONA\" \/>\n<meta name=\"twitter:site\" content=\"@NASTICTARRAGONA\" \/>\n<meta name=\"twitter:label1\" content=\"Escrito por\" \/>\n\t<meta name=\"twitter:data1\" content=\"Comunicacion\" \/>\n\t<meta name=\"twitter:label2\" content=\"Tiempo de lectura\" \/>\n\t<meta name=\"twitter:data2\" content=\"3 minutos\" \/>\n<script type=\"application\/ld+json\" class=\"yoast-schema-graph\">{\"@context\":\"https:\\\/\\\/schema.org\",\"@graph\":[{\"@type\":\"Article\",\"@id\":\"https:\\\/\\\/gimnasticdetarragona.cat\\\/es\\\/compossar-es-converteix-en-col%c2%b7laborador-oficial-del-nastic\\\/#article\",\"isPartOf\":{\"@id\":\"https:\\\/\\\/gimnasticdetarragona.cat\\\/es\\\/compossar-es-converteix-en-col%c2%b7laborador-oficial-del-nastic\\\/\"},\"author\":{\"name\":\"Comunicacion\",\"@id\":\"https:\\\/\\\/gimnasticdetarragona.cat\\\/es\\\/#\\\/schema\\\/person\\\/0a9b7103e7dd73640eb245c4aa4afb8d\"},\"headline\":\"Compossar se convierte en colaborador oficial del N\u00e0stic\",\"datePublished\":\"2025-02-12T16:57:07+00:00\",\"dateModified\":\"2025-02-12T17:02:09+00:00\",\"mainEntityOfPage\":{\"@id\":\"https:\\\/\\\/gimnasticdetarragona.cat\\\/es\\\/compossar-es-converteix-en-col%c2%b7laborador-oficial-del-nastic\\\/\"},\"wordCount\":577,\"commentCount\":0,\"publisher\":{\"@id\":\"https:\\\/\\\/gimnasticdetarragona.cat\\\/es\\\/#organization\"},\"image\":{\"@id\":\"https:\\\/\\\/gimnasticdetarragona.cat\\\/es\\\/compossar-es-converteix-en-col%c2%b7laborador-oficial-del-nastic\\\/#primaryimage\"},\"thumbnailUrl\":\"https:\\\/\\\/gimnasticdetarragona.cat\\\/wp-content\\\/uploads\\\/2025\\\/02\\\/IMG_1107-scaled.jpg\",\"articleSection\":[\"Actualidad\",\"Afici\u00f3n\",\"Historia\",\"Pe\u00f1as\",\"Social\",\"Socio\"],\"inLanguage\":\"es\"},{\"@type\":\"WebPage\",\"@id\":\"https:\\\/\\\/gimnasticdetarragona.cat\\\/es\\\/compossar-es-converteix-en-col%c2%b7laborador-oficial-del-nastic\\\/\",\"url\":\"https:\\\/\\\/gimnasticdetarragona.cat\\\/es\\\/compossar-es-converteix-en-col%c2%b7laborador-oficial-del-nastic\\\/\",\"name\":\"Compossar se convierte en colaborador oficial del N\u00e0stic - Gimn\u00e0stic de Tarragona SAD\",\"isPartOf\":{\"@id\":\"https:\\\/\\\/gimnasticdetarragona.cat\\\/es\\\/#website\"},\"primaryImageOfPage\":{\"@id\":\"https:\\\/\\\/gimnasticdetarragona.cat\\\/es\\\/compossar-es-converteix-en-col%c2%b7laborador-oficial-del-nastic\\\/#primaryimage\"},\"image\":{\"@id\":\"https:\\\/\\\/gimnasticdetarragona.cat\\\/es\\\/compossar-es-converteix-en-col%c2%b7laborador-oficial-del-nastic\\\/#primaryimage\"},\"thumbnailUrl\":\"https:\\\/\\\/gimnasticdetarragona.cat\\\/wp-content\\\/uploads\\\/2025\\\/02\\\/IMG_1107-scaled.jpg\",\"datePublished\":\"2025-02-12T16:57:07+00:00\",\"dateModified\":\"2025-02-12T17:02:09+00:00\",\"breadcrumb\":{\"@id\":\"https:\\\/\\\/gimnasticdetarragona.cat\\\/es\\\/compossar-es-converteix-en-col%c2%b7laborador-oficial-del-nastic\\\/#breadcrumb\"},\"inLanguage\":\"es\",\"potentialAction\":[{\"@type\":\"ReadAction\",\"target\":[\"https:\\\/\\\/gimnasticdetarragona.cat\\\/es\\\/compossar-es-converteix-en-col%c2%b7laborador-oficial-del-nastic\\\/\"]}]},{\"@type\":\"ImageObject\",\"inLanguage\":\"es\",\"@id\":\"https:\\\/\\\/gimnasticdetarragona.cat\\\/es\\\/compossar-es-converteix-en-col%c2%b7laborador-oficial-del-nastic\\\/#primaryimage\",\"url\":\"https:\\\/\\\/gimnasticdetarragona.cat\\\/wp-content\\\/uploads\\\/2025\\\/02\\\/IMG_1107-scaled.jpg\",\"contentUrl\":\"https:\\\/\\\/gimnasticdetarragona.cat\\\/wp-content\\\/uploads\\\/2025\\\/02\\\/IMG_1107-scaled.jpg\",\"width\":2560,\"height\":1707},{\"@type\":\"BreadcrumbList\",\"@id\":\"https:\\\/\\\/gimnasticdetarragona.cat\\\/es\\\/compossar-es-converteix-en-col%c2%b7laborador-oficial-del-nastic\\\/#breadcrumb\",\"itemListElement\":[{\"@type\":\"ListItem\",\"position\":1,\"name\":\"Inici\",\"item\":\"https:\\\/\\\/gimnasticdetarragona.cat\\\/es\\\/nastic\\\/\"},{\"@type\":\"ListItem\",\"position\":2,\"name\":\"Compossar se convierte en colaborador oficial del N\u00e0stic\"}]},{\"@type\":\"WebSite\",\"@id\":\"https:\\\/\\\/gimnasticdetarragona.cat\\\/es\\\/#website\",\"url\":\"https:\\\/\\\/gimnasticdetarragona.cat\\\/es\\\/\",\"name\":\"Gimn\u00e0stic de Tarragona SAD\",\"description\":\"Gimn\u00e0stic de Tarragona\",\"publisher\":{\"@id\":\"https:\\\/\\\/gimnasticdetarragona.cat\\\/es\\\/#organization\"},\"potentialAction\":[{\"@type\":\"SearchAction\",\"target\":{\"@type\":\"EntryPoint\",\"urlTemplate\":\"https:\\\/\\\/gimnasticdetarragona.cat\\\/es\\\/?s={search_term_string}\"},\"query-input\":{\"@type\":\"PropertyValueSpecification\",\"valueRequired\":true,\"valueName\":\"search_term_string\"}}],\"inLanguage\":\"es\"},{\"@type\":\"Organization\",\"@id\":\"https:\\\/\\\/gimnasticdetarragona.cat\\\/es\\\/#organization\",\"name\":\"GIMN\u00c0STIC DE TARRAGONA\",\"alternateName\":\"N\u00c0STIC\",\"url\":\"https:\\\/\\\/gimnasticdetarragona.cat\\\/es\\\/\",\"logo\":{\"@type\":\"ImageObject\",\"inLanguage\":\"es\",\"@id\":\"https:\\\/\\\/gimnasticdetarragona.cat\\\/es\\\/#\\\/schema\\\/logo\\\/image\\\/\",\"url\":\"https:\\\/\\\/gimnasticdetarragona.cat\\\/wp-content\\\/uploads\\\/2022\\\/06\\\/cropped-logo-gimnastic.png\",\"contentUrl\":\"https:\\\/\\\/gimnasticdetarragona.cat\\\/wp-content\\\/uploads\\\/2022\\\/06\\\/cropped-logo-gimnastic.png\",\"width\":224,\"height\":83,\"caption\":\"GIMN\u00c0STIC DE TARRAGONA\"},\"image\":{\"@id\":\"https:\\\/\\\/gimnasticdetarragona.cat\\\/es\\\/#\\\/schema\\\/logo\\\/image\\\/\"},\"sameAs\":[\"https:\\\/\\\/x.com\\\/NASTICTARRAGONA\",\"https:\\\/\\\/www.instagram.com\\\/nastictarragona\\\/\"]},{\"@type\":\"Person\",\"@id\":\"https:\\\/\\\/gimnasticdetarragona.cat\\\/es\\\/#\\\/schema\\\/person\\\/0a9b7103e7dd73640eb245c4aa4afb8d\",\"name\":\"Comunicacion\"}]}<\/script>\n<!-- \/ Yoast SEO plugin. -->","yoast_head_json":{"title":"Compossar se convierte en colaborador oficial del N\u00e0stic - Gimn\u00e0stic de Tarragona SAD","robots":{"index":"index","follow":"follow","max-snippet":"max-snippet:-1","max-image-preview":"max-image-preview:large","max-video-preview":"max-video-preview:-1"},"canonical":"https:\/\/gimnasticdetarragona.cat\/es\/compossar-es-converteix-en-col\u00b7laborador-oficial-del-nastic\/","og_locale":"es_ES","og_type":"article","og_title":"Compossar se convierte en colaborador oficial del N\u00e0stic - Gimn\u00e0stic de Tarragona SAD","og_description":"El nuevo videomarcador se estrenar\u00e1 este s\u00e1bado ante el Bilbao Athletic","og_url":"https:\/\/gimnasticdetarragona.cat\/es\/compossar-es-converteix-en-col\u00b7laborador-oficial-del-nastic\/","og_site_name":"Gimn\u00e0stic de Tarragona SAD","article_published_time":"2025-02-12T16:57:07+00:00","article_modified_time":"2025-02-12T17:02:09+00:00","og_image":[{"width":2560,"height":1707,"url":"https:\/\/gimnasticdetarragona.cat\/wp-content\/uploads\/2025\/02\/IMG_1107-scaled.jpg","type":"image\/jpeg"}],"author":"Comunicacion","twitter_card":"summary_large_image","twitter_creator":"@NASTICTARRAGONA","twitter_site":"@NASTICTARRAGONA","twitter_misc":{"Escrito por":"Comunicacion","Tiempo de lectura":"3 minutos"},"schema":{"@context":"https:\/\/schema.org","@graph":[{"@type":"Article","@id":"https:\/\/gimnasticdetarragona.cat\/es\/compossar-es-converteix-en-col%c2%b7laborador-oficial-del-nastic\/#article","isPartOf":{"@id":"https:\/\/gimnasticdetarragona.cat\/es\/compossar-es-converteix-en-col%c2%b7laborador-oficial-del-nastic\/"},"author":{"name":"Comunicacion","@id":"https:\/\/gimnasticdetarragona.cat\/es\/#\/schema\/person\/0a9b7103e7dd73640eb245c4aa4afb8d"},"headline":"Compossar se convierte en colaborador oficial del N\u00e0stic","datePublished":"2025-02-12T16:57:07+00:00","dateModified":"2025-02-12T17:02:09+00:00","mainEntityOfPage":{"@id":"https:\/\/gimnasticdetarragona.cat\/es\/compossar-es-converteix-en-col%c2%b7laborador-oficial-del-nastic\/"},"wordCount":577,"commentCount":0,"publisher":{"@id":"https:\/\/gimnasticdetarragona.cat\/es\/#organization"},"image":{"@id":"https:\/\/gimnasticdetarragona.cat\/es\/compossar-es-converteix-en-col%c2%b7laborador-oficial-del-nastic\/#primaryimage"},"thumbnailUrl":"https:\/\/gimnasticdetarragona.cat\/wp-content\/uploads\/2025\/02\/IMG_1107-scaled.jpg","articleSection":["Actualidad","Afici\u00f3n","Historia","Pe\u00f1as","Social","Socio"],"inLanguage":"es"},{"@type":"WebPage","@id":"https:\/\/gimnasticdetarragona.cat\/es\/compossar-es-converteix-en-col%c2%b7laborador-oficial-del-nastic\/","url":"https:\/\/gimnasticdetarragona.cat\/es\/compossar-es-converteix-en-col%c2%b7laborador-oficial-del-nastic\/","name":"Compossar se convierte en colaborador oficial del N\u00e0stic - Gimn\u00e0stic de Tarragona SAD","isPartOf":{"@id":"https:\/\/gimnasticdetarragona.cat\/es\/#website"},"primaryImageOfPage":{"@id":"https:\/\/gimnasticdetarragona.cat\/es\/compossar-es-converteix-en-col%c2%b7laborador-oficial-del-nastic\/#primaryimage"},"image":{"@id":"https:\/\/gimnasticdetarragona.cat\/es\/compossar-es-converteix-en-col%c2%b7laborador-oficial-del-nastic\/#primaryimage"},"thumbnailUrl":"https:\/\/gimnasticdetarragona.cat\/wp-content\/uploads\/2025\/02\/IMG_1107-scaled.jpg","datePublished":"2025-02-12T16:57:07+00:00","dateModified":"2025-02-12T17:02:09+00:00","breadcrumb":{"@id":"https:\/\/gimnasticdetarragona.cat\/es\/compossar-es-converteix-en-col%c2%b7laborador-oficial-del-nastic\/#breadcrumb"},"inLanguage":"es","potentialAction":[{"@type":"ReadAction","target":["https:\/\/gimnasticdetarragona.cat\/es\/compossar-es-converteix-en-col%c2%b7laborador-oficial-del-nastic\/"]}]},{"@type":"ImageObject","inLanguage":"es","@id":"https:\/\/gimnasticdetarragona.cat\/es\/compossar-es-converteix-en-col%c2%b7laborador-oficial-del-nastic\/#primaryimage","url":"https:\/\/gimnasticdetarragona.cat\/wp-content\/uploads\/2025\/02\/IMG_1107-scaled.jpg","contentUrl":"https:\/\/gimnasticdetarragona.cat\/wp-content\/uploads\/2025\/02\/IMG_1107-scaled.jpg","width":2560,"height":1707},{"@type":"BreadcrumbList","@id":"https:\/\/gimnasticdetarragona.cat\/es\/compossar-es-converteix-en-col%c2%b7laborador-oficial-del-nastic\/#breadcrumb","itemListElement":[{"@type":"ListItem","position":1,"name":"Inici","item":"https:\/\/gimnasticdetarragona.cat\/es\/nastic\/"},{"@type":"ListItem","position":2,"name":"Compossar se convierte en colaborador oficial del N\u00e0stic"}]},{"@type":"WebSite","@id":"https:\/\/gimnasticdetarragona.cat\/es\/#website","url":"https:\/\/gimnasticdetarragona.cat\/es\/","name":"Gimn\u00e0stic de Tarragona SAD","description":"Gimn\u00e0stic de Tarragona","publisher":{"@id":"https:\/\/gimnasticdetarragona.cat\/es\/#organization"},"potentialAction":[{"@type":"SearchAction","target":{"@type":"EntryPoint","urlTemplate":"https:\/\/gimnasticdetarragona.cat\/es\/?s={search_term_string}"},"query-input":{"@type":"PropertyValueSpecification","valueRequired":true,"valueName":"search_term_string"}}],"inLanguage":"es"},{"@type":"Organization","@id":"https:\/\/gimnasticdetarragona.cat\/es\/#organization","name":"GIMN\u00c0STIC DE TARRAGONA","alternateName":"N\u00c0STIC","url":"https:\/\/gimnasticdetarragona.cat\/es\/","logo":{"@type":"ImageObject","inLanguage":"es","@id":"https:\/\/gimnasticdetarragona.cat\/es\/#\/schema\/logo\/image\/","url":"https:\/\/gimnasticdetarragona.cat\/wp-content\/uploads\/2022\/06\/cropped-logo-gimnastic.png","contentUrl":"https:\/\/gimnasticdetarragona.cat\/wp-content\/uploads\/2022\/06\/cropped-logo-gimnastic.png","width":224,"height":83,"caption":"GIMN\u00c0STIC DE TARRAGONA"},"image":{"@id":"https:\/\/gimnasticdetarragona.cat\/es\/#\/schema\/logo\/image\/"},"sameAs":["https:\/\/x.com\/NASTICTARRAGONA","https:\/\/www.instagram.com\/nastictarragona\/"]},{"@type":"Person","@id":"https:\/\/gimnasticdetarragona.cat\/es\/#\/schema\/person\/0a9b7103e7dd73640eb245c4aa4afb8d","name":"Comunicacion"}]}},"_links":{"self":[{"href":"https:\/\/gimnasticdetarragona.cat\/es\/wp-json\/wp\/v2\/posts\/98158","targetHints":{"allow":["GET"]}}],"collection":[{"href":"https:\/\/gimnasticdetarragona.cat\/es\/wp-json\/wp\/v2\/posts"}],"about":[{"href":"https:\/\/gimnasticdetarragona.cat\/es\/wp-json\/wp\/v2\/types\/post"}],"author":[{"embeddable":true,"href":"https:\/\/gimnasticdetarragona.cat\/es\/wp-json\/wp\/v2\/users\/7"}],"replies":[{"embeddable":true,"href":"https:\/\/gimnasticdetarragona.cat\/es\/wp-json\/wp\/v2\/comments?post=98158"}],"version-history":[{"count":2,"href":"https:\/\/gimnasticdetarragona.cat\/es\/wp-json\/wp\/v2\/posts\/98158\/revisions"}],"predecessor-version":[{"id":98160,"href":"https:\/\/gimnasticdetarragona.cat\/es\/wp-json\/wp\/v2\/posts\/98158\/revisions\/98160"}],"wp:featuredmedia":[{"embeddable":true,"href":"https:\/\/gimnasticdetarragona.cat\/es\/wp-json\/wp\/v2\/media\/98156"}],"wp:attachment":[{"href":"https:\/\/gimnasticdetarragona.cat\/es\/wp-json\/wp\/v2\/media?parent=98158"}],"wp:term":[{"taxonomy":"category","embeddable":true,"href":"https:\/\/gimnasticdetarragona.cat\/es\/wp-json\/wp\/v2\/categories?post=98158"},{"taxonomy":"post_tag","embeddable":true,"href":"https:\/\/gimnasticdetarragona.cat\/es\/wp-json\/wp\/v2\/tags?post=98158"}],"curies":[{"name":"wp","href":"https:\/\/api.w.org\/{rel}","templated":true}]}}