{"id":98664,"date":"2025-03-28T18:28:20","date_gmt":"2025-03-28T17:28:20","guid":{"rendered":"https:\/\/gimnasticdetarragona.cat\/parlem-telecom-tambe-shi-suma-al-nastic-sd-ponferradina\/"},"modified":"2025-03-28T18:42:33","modified_gmt":"2025-03-28T17:42:33","slug":"parlem-telecom-tambe-shi-suma-al-nastic-sd-ponferradina","status":"publish","type":"post","link":"https:\/\/gimnasticdetarragona.cat\/es\/parlem-telecom-tambe-shi-suma-al-nastic-sd-ponferradina\/","title":{"rendered":"Parlem Telecom tambi\u00e9n se suma al N\u00e0stic \u2013 SD Ponferradina"},"content":{"rendered":"\n<p>El patrocinador grana Parlem Telecom realizar\u00e1 nuevas acciones con los socios y aficionados del Gimn\u00e0stic de Tarragona. Este domingo, antes y en la media parte del duelo ante el SD Ponferradina en el Nou Estadi Costa Daurada, todos los nastiquers presentes podr\u00e1n disfrutar de nuevas activaciones:<\/p>\n\n\n\n<p><strong><em>FAN ZONE<\/em><\/strong><\/p>\n\n\n\n<ul class=\"wp-block-list\">\n<li>Zona\u00a0<em>chill out<\/em> con <em>power banks<\/em>\u00a0y m\u00fasica ambiente.\u00a0<\/li>\n\n\n\n<li>Sorteo de una <strong>VIP MATCHDAY EXPERIENCE para dos personas<\/strong>: dos entradas VIP para un partido en casa y la oportunidad de ver un calentamiento del equipo a pie de c\u00e9sped. En la media parte del partido se anunciar\u00e1 el afortunado\/a por megafon\u00eda.<\/li>\n\n\n\n<li><strong>Tres participantes<\/strong> competir\u00e1n por sumar puntos a una <strong>lona de precisi\u00f3n<\/strong>, en una de las porter\u00edas del Nou Estadi Costa Daurada. Quien gane se llevar\u00e1 un tote bag con productos de Parlem y N\u00e0stic.<\/li>\n\n\n\n<li>Para participar en los sorteos, antes del partido habr\u00e1 que inscribirse en la <em>call truck<\/em> de Parlem Telecom, ubicada en las inmediaciones del Temple.<\/li>\n\n\n\n<li>El sorteo s\u00f3lo estar\u00e1 activo mientras dure la <em>Fan Zone<\/em>, a partir de las 10.30 horas y hasta el inicio del partido.<\/li>\n<\/ul>\n\n\n\n<p><\/p>\n","protected":false},"excerpt":{"rendered":"<p>Fan Zone, sorteo y acci\u00f3n en el c\u00e9sped en tiempo de descanso<\/p>\n","protected":false},"author":7,"featured_media":98662,"comment_status":"closed","ping_status":"closed","sticky":false,"template":"","format":"standard","meta":{"_acf_changed":false,"footnotes":""},"categories":[113,114,116,125,139,138],"tags":[],"class_list":["post-98664","post","type-post","status-publish","format-standard","has-post-thumbnail","hentry","category-actualidad","category-aficion","category-club-empresa","category-penas","category-social","category-socio"],"acf":[],"yoast_head":"<!-- This site is optimized with the Yoast SEO plugin v27.3 - https:\/\/yoast.com\/product\/yoast-seo-wordpress\/ -->\n<title>Parlem Telecom tambi\u00e9n se suma al N\u00e0stic \u2013 SD Ponferradina - Gimn\u00e0stic de Tarragona SAD<\/title>\n<meta name=\"robots\" content=\"index, follow, max-snippet:-1, max-image-preview:large, max-video-preview:-1\" \/>\n<link rel=\"canonical\" href=\"https:\/\/gimnasticdetarragona.cat\/es\/parlem-telecom-tambe-shi-suma-al-nastic-sd-ponferradina\/\" \/>\n<meta property=\"og:locale\" content=\"es_ES\" \/>\n<meta property=\"og:type\" content=\"article\" \/>\n<meta property=\"og:title\" content=\"Parlem Telecom tambi\u00e9n se suma al N\u00e0stic \u2013 SD Ponferradina - Gimn\u00e0stic de Tarragona SAD\" \/>\n<meta property=\"og:description\" content=\"Fan Zone, sorteo y acci\u00f3n en el c\u00e9sped en tiempo de descanso\" \/>\n<meta property=\"og:url\" content=\"https:\/\/gimnasticdetarragona.cat\/es\/parlem-telecom-tambe-shi-suma-al-nastic-sd-ponferradina\/\" \/>\n<meta property=\"og:site_name\" content=\"Gimn\u00e0stic de Tarragona SAD\" \/>\n<meta property=\"article:published_time\" content=\"2025-03-28T17:28:20+00:00\" \/>\n<meta property=\"article:modified_time\" content=\"2025-03-28T17:42:33+00:00\" \/>\n<meta property=\"og:image\" content=\"https:\/\/gimnasticdetarragona.cat\/wp-content\/uploads\/2025\/03\/tocada_34-scaled.jpg\" \/>\n\t<meta property=\"og:image:width\" content=\"2560\" \/>\n\t<meta property=\"og:image:height\" content=\"1707\" \/>\n\t<meta property=\"og:image:type\" content=\"image\/jpeg\" \/>\n<meta name=\"author\" content=\"Comunicacion\" \/>\n<meta name=\"twitter:card\" content=\"summary_large_image\" \/>\n<meta name=\"twitter:creator\" content=\"@NASTICTARRAGONA\" \/>\n<meta name=\"twitter:site\" content=\"@NASTICTARRAGONA\" \/>\n<meta name=\"twitter:label1\" content=\"Escrito por\" \/>\n\t<meta name=\"twitter:data1\" content=\"Comunicacion\" \/>\n\t<meta name=\"twitter:label2\" content=\"Tiempo de lectura\" \/>\n\t<meta name=\"twitter:data2\" content=\"1 minuto\" \/>\n<script type=\"application\/ld+json\" class=\"yoast-schema-graph\">{\"@context\":\"https:\\\/\\\/schema.org\",\"@graph\":[{\"@type\":\"Article\",\"@id\":\"https:\\\/\\\/gimnasticdetarragona.cat\\\/es\\\/parlem-telecom-tambe-shi-suma-al-nastic-sd-ponferradina\\\/#article\",\"isPartOf\":{\"@id\":\"https:\\\/\\\/gimnasticdetarragona.cat\\\/es\\\/parlem-telecom-tambe-shi-suma-al-nastic-sd-ponferradina\\\/\"},\"author\":{\"name\":\"Comunicacion\",\"@id\":\"https:\\\/\\\/gimnasticdetarragona.cat\\\/es\\\/#\\\/schema\\\/person\\\/0a9b7103e7dd73640eb245c4aa4afb8d\"},\"headline\":\"Parlem Telecom tambi\u00e9n se suma al N\u00e0stic \u2013 SD Ponferradina\",\"datePublished\":\"2025-03-28T17:28:20+00:00\",\"dateModified\":\"2025-03-28T17:42:33+00:00\",\"mainEntityOfPage\":{\"@id\":\"https:\\\/\\\/gimnasticdetarragona.cat\\\/es\\\/parlem-telecom-tambe-shi-suma-al-nastic-sd-ponferradina\\\/\"},\"wordCount\":200,\"publisher\":{\"@id\":\"https:\\\/\\\/gimnasticdetarragona.cat\\\/es\\\/#organization\"},\"image\":{\"@id\":\"https:\\\/\\\/gimnasticdetarragona.cat\\\/es\\\/parlem-telecom-tambe-shi-suma-al-nastic-sd-ponferradina\\\/#primaryimage\"},\"thumbnailUrl\":\"https:\\\/\\\/gimnasticdetarragona.cat\\\/wp-content\\\/uploads\\\/2025\\\/03\\\/tocada_34-scaled.jpg\",\"articleSection\":[\"Actualidad\",\"Afici\u00f3n\",\"Club Empresa\",\"Pe\u00f1as\",\"Social\",\"Socio\"],\"inLanguage\":\"es\"},{\"@type\":\"WebPage\",\"@id\":\"https:\\\/\\\/gimnasticdetarragona.cat\\\/es\\\/parlem-telecom-tambe-shi-suma-al-nastic-sd-ponferradina\\\/\",\"url\":\"https:\\\/\\\/gimnasticdetarragona.cat\\\/es\\\/parlem-telecom-tambe-shi-suma-al-nastic-sd-ponferradina\\\/\",\"name\":\"Parlem Telecom tambi\u00e9n se suma al N\u00e0stic \u2013 SD Ponferradina - Gimn\u00e0stic de Tarragona SAD\",\"isPartOf\":{\"@id\":\"https:\\\/\\\/gimnasticdetarragona.cat\\\/es\\\/#website\"},\"primaryImageOfPage\":{\"@id\":\"https:\\\/\\\/gimnasticdetarragona.cat\\\/es\\\/parlem-telecom-tambe-shi-suma-al-nastic-sd-ponferradina\\\/#primaryimage\"},\"image\":{\"@id\":\"https:\\\/\\\/gimnasticdetarragona.cat\\\/es\\\/parlem-telecom-tambe-shi-suma-al-nastic-sd-ponferradina\\\/#primaryimage\"},\"thumbnailUrl\":\"https:\\\/\\\/gimnasticdetarragona.cat\\\/wp-content\\\/uploads\\\/2025\\\/03\\\/tocada_34-scaled.jpg\",\"datePublished\":\"2025-03-28T17:28:20+00:00\",\"dateModified\":\"2025-03-28T17:42:33+00:00\",\"breadcrumb\":{\"@id\":\"https:\\\/\\\/gimnasticdetarragona.cat\\\/es\\\/parlem-telecom-tambe-shi-suma-al-nastic-sd-ponferradina\\\/#breadcrumb\"},\"inLanguage\":\"es\",\"potentialAction\":[{\"@type\":\"ReadAction\",\"target\":[\"https:\\\/\\\/gimnasticdetarragona.cat\\\/es\\\/parlem-telecom-tambe-shi-suma-al-nastic-sd-ponferradina\\\/\"]}]},{\"@type\":\"ImageObject\",\"inLanguage\":\"es\",\"@id\":\"https:\\\/\\\/gimnasticdetarragona.cat\\\/es\\\/parlem-telecom-tambe-shi-suma-al-nastic-sd-ponferradina\\\/#primaryimage\",\"url\":\"https:\\\/\\\/gimnasticdetarragona.cat\\\/wp-content\\\/uploads\\\/2025\\\/03\\\/tocada_34-scaled.jpg\",\"contentUrl\":\"https:\\\/\\\/gimnasticdetarragona.cat\\\/wp-content\\\/uploads\\\/2025\\\/03\\\/tocada_34-scaled.jpg\",\"width\":2560,\"height\":1707},{\"@type\":\"BreadcrumbList\",\"@id\":\"https:\\\/\\\/gimnasticdetarragona.cat\\\/es\\\/parlem-telecom-tambe-shi-suma-al-nastic-sd-ponferradina\\\/#breadcrumb\",\"itemListElement\":[{\"@type\":\"ListItem\",\"position\":1,\"name\":\"Inici\",\"item\":\"https:\\\/\\\/gimnasticdetarragona.cat\\\/es\\\/nastic\\\/\"},{\"@type\":\"ListItem\",\"position\":2,\"name\":\"Parlem Telecom tambi\u00e9n se suma al N\u00e0stic \u2013 SD Ponferradina\"}]},{\"@type\":\"WebSite\",\"@id\":\"https:\\\/\\\/gimnasticdetarragona.cat\\\/es\\\/#website\",\"url\":\"https:\\\/\\\/gimnasticdetarragona.cat\\\/es\\\/\",\"name\":\"Gimn\u00e0stic de Tarragona SAD\",\"description\":\"Gimn\u00e0stic de Tarragona\",\"publisher\":{\"@id\":\"https:\\\/\\\/gimnasticdetarragona.cat\\\/es\\\/#organization\"},\"potentialAction\":[{\"@type\":\"SearchAction\",\"target\":{\"@type\":\"EntryPoint\",\"urlTemplate\":\"https:\\\/\\\/gimnasticdetarragona.cat\\\/es\\\/?s={search_term_string}\"},\"query-input\":{\"@type\":\"PropertyValueSpecification\",\"valueRequired\":true,\"valueName\":\"search_term_string\"}}],\"inLanguage\":\"es\"},{\"@type\":\"Organization\",\"@id\":\"https:\\\/\\\/gimnasticdetarragona.cat\\\/es\\\/#organization\",\"name\":\"GIMN\u00c0STIC DE TARRAGONA\",\"alternateName\":\"N\u00c0STIC\",\"url\":\"https:\\\/\\\/gimnasticdetarragona.cat\\\/es\\\/\",\"logo\":{\"@type\":\"ImageObject\",\"inLanguage\":\"es\",\"@id\":\"https:\\\/\\\/gimnasticdetarragona.cat\\\/es\\\/#\\\/schema\\\/logo\\\/image\\\/\",\"url\":\"https:\\\/\\\/gimnasticdetarragona.cat\\\/wp-content\\\/uploads\\\/2022\\\/06\\\/cropped-logo-gimnastic.png\",\"contentUrl\":\"https:\\\/\\\/gimnasticdetarragona.cat\\\/wp-content\\\/uploads\\\/2022\\\/06\\\/cropped-logo-gimnastic.png\",\"width\":224,\"height\":83,\"caption\":\"GIMN\u00c0STIC DE TARRAGONA\"},\"image\":{\"@id\":\"https:\\\/\\\/gimnasticdetarragona.cat\\\/es\\\/#\\\/schema\\\/logo\\\/image\\\/\"},\"sameAs\":[\"https:\\\/\\\/x.com\\\/NASTICTARRAGONA\",\"https:\\\/\\\/www.instagram.com\\\/nastictarragona\\\/\"]},{\"@type\":\"Person\",\"@id\":\"https:\\\/\\\/gimnasticdetarragona.cat\\\/es\\\/#\\\/schema\\\/person\\\/0a9b7103e7dd73640eb245c4aa4afb8d\",\"name\":\"Comunicacion\"}]}<\/script>\n<!-- \/ Yoast SEO plugin. -->","yoast_head_json":{"title":"Parlem Telecom tambi\u00e9n se suma al N\u00e0stic \u2013 SD Ponferradina - Gimn\u00e0stic de Tarragona SAD","robots":{"index":"index","follow":"follow","max-snippet":"max-snippet:-1","max-image-preview":"max-image-preview:large","max-video-preview":"max-video-preview:-1"},"canonical":"https:\/\/gimnasticdetarragona.cat\/es\/parlem-telecom-tambe-shi-suma-al-nastic-sd-ponferradina\/","og_locale":"es_ES","og_type":"article","og_title":"Parlem Telecom tambi\u00e9n se suma al N\u00e0stic \u2013 SD Ponferradina - Gimn\u00e0stic de Tarragona SAD","og_description":"Fan Zone, sorteo y acci\u00f3n en el c\u00e9sped en tiempo de descanso","og_url":"https:\/\/gimnasticdetarragona.cat\/es\/parlem-telecom-tambe-shi-suma-al-nastic-sd-ponferradina\/","og_site_name":"Gimn\u00e0stic de Tarragona SAD","article_published_time":"2025-03-28T17:28:20+00:00","article_modified_time":"2025-03-28T17:42:33+00:00","og_image":[{"width":2560,"height":1707,"url":"https:\/\/gimnasticdetarragona.cat\/wp-content\/uploads\/2025\/03\/tocada_34-scaled.jpg","type":"image\/jpeg"}],"author":"Comunicacion","twitter_card":"summary_large_image","twitter_creator":"@NASTICTARRAGONA","twitter_site":"@NASTICTARRAGONA","twitter_misc":{"Escrito por":"Comunicacion","Tiempo de lectura":"1 minuto"},"schema":{"@context":"https:\/\/schema.org","@graph":[{"@type":"Article","@id":"https:\/\/gimnasticdetarragona.cat\/es\/parlem-telecom-tambe-shi-suma-al-nastic-sd-ponferradina\/#article","isPartOf":{"@id":"https:\/\/gimnasticdetarragona.cat\/es\/parlem-telecom-tambe-shi-suma-al-nastic-sd-ponferradina\/"},"author":{"name":"Comunicacion","@id":"https:\/\/gimnasticdetarragona.cat\/es\/#\/schema\/person\/0a9b7103e7dd73640eb245c4aa4afb8d"},"headline":"Parlem Telecom tambi\u00e9n se suma al N\u00e0stic \u2013 SD Ponferradina","datePublished":"2025-03-28T17:28:20+00:00","dateModified":"2025-03-28T17:42:33+00:00","mainEntityOfPage":{"@id":"https:\/\/gimnasticdetarragona.cat\/es\/parlem-telecom-tambe-shi-suma-al-nastic-sd-ponferradina\/"},"wordCount":200,"publisher":{"@id":"https:\/\/gimnasticdetarragona.cat\/es\/#organization"},"image":{"@id":"https:\/\/gimnasticdetarragona.cat\/es\/parlem-telecom-tambe-shi-suma-al-nastic-sd-ponferradina\/#primaryimage"},"thumbnailUrl":"https:\/\/gimnasticdetarragona.cat\/wp-content\/uploads\/2025\/03\/tocada_34-scaled.jpg","articleSection":["Actualidad","Afici\u00f3n","Club Empresa","Pe\u00f1as","Social","Socio"],"inLanguage":"es"},{"@type":"WebPage","@id":"https:\/\/gimnasticdetarragona.cat\/es\/parlem-telecom-tambe-shi-suma-al-nastic-sd-ponferradina\/","url":"https:\/\/gimnasticdetarragona.cat\/es\/parlem-telecom-tambe-shi-suma-al-nastic-sd-ponferradina\/","name":"Parlem Telecom tambi\u00e9n se suma al N\u00e0stic \u2013 SD Ponferradina - Gimn\u00e0stic de Tarragona SAD","isPartOf":{"@id":"https:\/\/gimnasticdetarragona.cat\/es\/#website"},"primaryImageOfPage":{"@id":"https:\/\/gimnasticdetarragona.cat\/es\/parlem-telecom-tambe-shi-suma-al-nastic-sd-ponferradina\/#primaryimage"},"image":{"@id":"https:\/\/gimnasticdetarragona.cat\/es\/parlem-telecom-tambe-shi-suma-al-nastic-sd-ponferradina\/#primaryimage"},"thumbnailUrl":"https:\/\/gimnasticdetarragona.cat\/wp-content\/uploads\/2025\/03\/tocada_34-scaled.jpg","datePublished":"2025-03-28T17:28:20+00:00","dateModified":"2025-03-28T17:42:33+00:00","breadcrumb":{"@id":"https:\/\/gimnasticdetarragona.cat\/es\/parlem-telecom-tambe-shi-suma-al-nastic-sd-ponferradina\/#breadcrumb"},"inLanguage":"es","potentialAction":[{"@type":"ReadAction","target":["https:\/\/gimnasticdetarragona.cat\/es\/parlem-telecom-tambe-shi-suma-al-nastic-sd-ponferradina\/"]}]},{"@type":"ImageObject","inLanguage":"es","@id":"https:\/\/gimnasticdetarragona.cat\/es\/parlem-telecom-tambe-shi-suma-al-nastic-sd-ponferradina\/#primaryimage","url":"https:\/\/gimnasticdetarragona.cat\/wp-content\/uploads\/2025\/03\/tocada_34-scaled.jpg","contentUrl":"https:\/\/gimnasticdetarragona.cat\/wp-content\/uploads\/2025\/03\/tocada_34-scaled.jpg","width":2560,"height":1707},{"@type":"BreadcrumbList","@id":"https:\/\/gimnasticdetarragona.cat\/es\/parlem-telecom-tambe-shi-suma-al-nastic-sd-ponferradina\/#breadcrumb","itemListElement":[{"@type":"ListItem","position":1,"name":"Inici","item":"https:\/\/gimnasticdetarragona.cat\/es\/nastic\/"},{"@type":"ListItem","position":2,"name":"Parlem Telecom tambi\u00e9n se suma al N\u00e0stic \u2013 SD Ponferradina"}]},{"@type":"WebSite","@id":"https:\/\/gimnasticdetarragona.cat\/es\/#website","url":"https:\/\/gimnasticdetarragona.cat\/es\/","name":"Gimn\u00e0stic de Tarragona SAD","description":"Gimn\u00e0stic de Tarragona","publisher":{"@id":"https:\/\/gimnasticdetarragona.cat\/es\/#organization"},"potentialAction":[{"@type":"SearchAction","target":{"@type":"EntryPoint","urlTemplate":"https:\/\/gimnasticdetarragona.cat\/es\/?s={search_term_string}"},"query-input":{"@type":"PropertyValueSpecification","valueRequired":true,"valueName":"search_term_string"}}],"inLanguage":"es"},{"@type":"Organization","@id":"https:\/\/gimnasticdetarragona.cat\/es\/#organization","name":"GIMN\u00c0STIC DE TARRAGONA","alternateName":"N\u00c0STIC","url":"https:\/\/gimnasticdetarragona.cat\/es\/","logo":{"@type":"ImageObject","inLanguage":"es","@id":"https:\/\/gimnasticdetarragona.cat\/es\/#\/schema\/logo\/image\/","url":"https:\/\/gimnasticdetarragona.cat\/wp-content\/uploads\/2022\/06\/cropped-logo-gimnastic.png","contentUrl":"https:\/\/gimnasticdetarragona.cat\/wp-content\/uploads\/2022\/06\/cropped-logo-gimnastic.png","width":224,"height":83,"caption":"GIMN\u00c0STIC DE TARRAGONA"},"image":{"@id":"https:\/\/gimnasticdetarragona.cat\/es\/#\/schema\/logo\/image\/"},"sameAs":["https:\/\/x.com\/NASTICTARRAGONA","https:\/\/www.instagram.com\/nastictarragona\/"]},{"@type":"Person","@id":"https:\/\/gimnasticdetarragona.cat\/es\/#\/schema\/person\/0a9b7103e7dd73640eb245c4aa4afb8d","name":"Comunicacion"}]}},"_links":{"self":[{"href":"https:\/\/gimnasticdetarragona.cat\/es\/wp-json\/wp\/v2\/posts\/98664","targetHints":{"allow":["GET"]}}],"collection":[{"href":"https:\/\/gimnasticdetarragona.cat\/es\/wp-json\/wp\/v2\/posts"}],"about":[{"href":"https:\/\/gimnasticdetarragona.cat\/es\/wp-json\/wp\/v2\/types\/post"}],"author":[{"embeddable":true,"href":"https:\/\/gimnasticdetarragona.cat\/es\/wp-json\/wp\/v2\/users\/7"}],"replies":[{"embeddable":true,"href":"https:\/\/gimnasticdetarragona.cat\/es\/wp-json\/wp\/v2\/comments?post=98664"}],"version-history":[{"count":1,"href":"https:\/\/gimnasticdetarragona.cat\/es\/wp-json\/wp\/v2\/posts\/98664\/revisions"}],"predecessor-version":[{"id":98666,"href":"https:\/\/gimnasticdetarragona.cat\/es\/wp-json\/wp\/v2\/posts\/98664\/revisions\/98666"}],"wp:featuredmedia":[{"embeddable":true,"href":"https:\/\/gimnasticdetarragona.cat\/es\/wp-json\/wp\/v2\/media\/98662"}],"wp:attachment":[{"href":"https:\/\/gimnasticdetarragona.cat\/es\/wp-json\/wp\/v2\/media?parent=98664"}],"wp:term":[{"taxonomy":"category","embeddable":true,"href":"https:\/\/gimnasticdetarragona.cat\/es\/wp-json\/wp\/v2\/categories?post=98664"},{"taxonomy":"post_tag","embeddable":true,"href":"https:\/\/gimnasticdetarragona.cat\/es\/wp-json\/wp\/v2\/tags?post=98664"}],"curies":[{"name":"wp","href":"https:\/\/api.w.org\/{rel}","templated":true}]}}