{"id":98932,"date":"2025-05-05T18:43:57","date_gmt":"2025-05-05T16:43:57","guid":{"rendered":"https:\/\/gimnasticdetarragona.cat\/promocio-pel-nastic-cd-lugo\/"},"modified":"2025-05-05T19:02:49","modified_gmt":"2025-05-05T17:02:49","slug":"promocio-pel-nastic-cd-lugo","status":"publish","type":"post","link":"https:\/\/gimnasticdetarragona.cat\/es\/promocio-pel-nastic-cd-lugo\/","title":{"rendered":"Promoci\u00f3n para el N\u00e0stic \u2013 CD Lugo"},"content":{"rendered":"\n<ul class=\"wp-block-list\">\n<li><strong>Hasta un m\u00e1ximo de 4 entradas por socio, al precio de 5 \u20ac cada una, de la zona en la que est\u00e9 abonado*<\/strong><\/li>\n\n\n\n<li><strong>Ya disponible <a href=\"https:\/\/tickets.oneboxtds.com\/entradesnastic\/select\/2448453?viewCode=V_GimnasticdeTarragona\">online<\/a> y presencialmente en el punto de atenci\u00f3n al socio<\/strong><\/li>\n<\/ul>\n\n\n\n<p><\/p>\n\n\n\n<p>El Gimn\u00e0stic de Tarragona realizar\u00e1 diversas acciones para el duelo ante el CD Lugo de este s\u00e1bado, a las 18 h, en el Nou Estadi Costa Daurada; una de ellas, ofrecer la posibilidad de que todos los abonados 24\/25 puedan venir acompa\u00f1ados de familiares y amigos con entradas a precio reducido.<\/p>\n\n\n\n<p>La promoci\u00f3n estar\u00e1 vigente desde hoy y hasta el d\u00eda de partido, de manera <a href=\"https:\/\/tickets.oneboxtds.com\/entradesnastic\/select\/2448453?viewCode=V_GimnasticdeTarragona\">online<\/a> y tambi\u00e9n presencial en el punto de atenci\u00f3n al socio del Nou Estadi Costa Daurada.<\/p>\n\n\n\n<p>El horario de atenci\u00f3n al socio es de lunes a viernes, de 10 a 13:30 y de 17 a 19 horas. Mientras que este s\u00e1bado, desde las 16 horas. La entidad se reserva el derecho de modificar las condiciones de la promoci\u00f3n.<\/p>\n\n\n\n<p>*<em>Esta promoci\u00f3n est\u00e1 limitada al aforo de cada una de las zonas. En caso de completarse la zona, el socio podr\u00e1 seguir benefici\u00e1ndose de la misma promoci\u00f3n en otro de los sectores del Templo. Online se aplicar\u00e1 1.90\u20ac en el coste de gesti\u00f3n.<\/em><\/p>\n","protected":false},"excerpt":{"rendered":"<p>Los socios podr\u00e1n adquirir entradas a 5\u20ac <\/p>\n","protected":false},"author":7,"featured_media":98928,"comment_status":"closed","ping_status":"closed","sticky":false,"template":"","format":"standard","meta":{"_acf_changed":false,"footnotes":""},"categories":[113,114,125,126,138],"tags":[],"class_list":["post-98932","post","type-post","status-publish","format-standard","has-post-thumbnail","hentry","category-actualidad","category-aficion","category-penas","category-primer-equipo","category-socio"],"acf":[],"yoast_head":"<!-- This site is optimized with the Yoast SEO plugin v27.3 - https:\/\/yoast.com\/product\/yoast-seo-wordpress\/ -->\n<title>Promoci\u00f3n para el N\u00e0stic \u2013 CD Lugo - Gimn\u00e0stic de Tarragona SAD<\/title>\n<meta name=\"robots\" content=\"index, follow, max-snippet:-1, max-image-preview:large, max-video-preview:-1\" \/>\n<link rel=\"canonical\" href=\"https:\/\/gimnasticdetarragona.cat\/es\/promocio-pel-nastic-cd-lugo\/\" \/>\n<meta property=\"og:locale\" content=\"es_ES\" \/>\n<meta property=\"og:type\" content=\"article\" \/>\n<meta property=\"og:title\" content=\"Promoci\u00f3n para el N\u00e0stic \u2013 CD Lugo - Gimn\u00e0stic de Tarragona SAD\" \/>\n<meta property=\"og:description\" content=\"Los socios podr\u00e1n adquirir entradas a 5\u20ac\" \/>\n<meta property=\"og:url\" content=\"https:\/\/gimnasticdetarragona.cat\/es\/promocio-pel-nastic-cd-lugo\/\" \/>\n<meta property=\"og:site_name\" content=\"Gimn\u00e0stic de Tarragona SAD\" \/>\n<meta property=\"article:published_time\" content=\"2025-05-05T16:43:57+00:00\" \/>\n<meta property=\"article:modified_time\" content=\"2025-05-05T17:02:49+00:00\" \/>\n<meta property=\"og:image\" content=\"https:\/\/gimnasticdetarragona.cat\/wp-content\/uploads\/2025\/05\/DSC_4269.jpg\" \/>\n\t<meta property=\"og:image:width\" content=\"1500\" \/>\n\t<meta property=\"og:image:height\" content=\"1000\" \/>\n\t<meta property=\"og:image:type\" content=\"image\/jpeg\" \/>\n<meta name=\"author\" content=\"Comunicacion\" \/>\n<meta name=\"twitter:card\" content=\"summary_large_image\" \/>\n<meta name=\"twitter:creator\" content=\"@NASTICTARRAGONA\" \/>\n<meta name=\"twitter:site\" content=\"@NASTICTARRAGONA\" \/>\n<meta name=\"twitter:label1\" content=\"Escrito por\" \/>\n\t<meta name=\"twitter:data1\" content=\"Comunicacion\" \/>\n\t<meta name=\"twitter:label2\" content=\"Tiempo de lectura\" \/>\n\t<meta name=\"twitter:data2\" content=\"1 minuto\" \/>\n<script type=\"application\/ld+json\" class=\"yoast-schema-graph\">{\"@context\":\"https:\\\/\\\/schema.org\",\"@graph\":[{\"@type\":\"Article\",\"@id\":\"https:\\\/\\\/gimnasticdetarragona.cat\\\/es\\\/promocio-pel-nastic-cd-lugo\\\/#article\",\"isPartOf\":{\"@id\":\"https:\\\/\\\/gimnasticdetarragona.cat\\\/es\\\/promocio-pel-nastic-cd-lugo\\\/\"},\"author\":{\"name\":\"Comunicacion\",\"@id\":\"https:\\\/\\\/gimnasticdetarragona.cat\\\/es\\\/#\\\/schema\\\/person\\\/0a9b7103e7dd73640eb245c4aa4afb8d\"},\"headline\":\"Promoci\u00f3n para el N\u00e0stic \u2013 CD Lugo\",\"datePublished\":\"2025-05-05T16:43:57+00:00\",\"dateModified\":\"2025-05-05T17:02:49+00:00\",\"mainEntityOfPage\":{\"@id\":\"https:\\\/\\\/gimnasticdetarragona.cat\\\/es\\\/promocio-pel-nastic-cd-lugo\\\/\"},\"wordCount\":214,\"publisher\":{\"@id\":\"https:\\\/\\\/gimnasticdetarragona.cat\\\/es\\\/#organization\"},\"image\":{\"@id\":\"https:\\\/\\\/gimnasticdetarragona.cat\\\/es\\\/promocio-pel-nastic-cd-lugo\\\/#primaryimage\"},\"thumbnailUrl\":\"https:\\\/\\\/gimnasticdetarragona.cat\\\/wp-content\\\/uploads\\\/2025\\\/05\\\/DSC_4269.jpg\",\"articleSection\":[\"Actualidad\",\"Afici\u00f3n\",\"Pe\u00f1as\",\"Primer Equipo\",\"Socio\"],\"inLanguage\":\"es\"},{\"@type\":\"WebPage\",\"@id\":\"https:\\\/\\\/gimnasticdetarragona.cat\\\/es\\\/promocio-pel-nastic-cd-lugo\\\/\",\"url\":\"https:\\\/\\\/gimnasticdetarragona.cat\\\/es\\\/promocio-pel-nastic-cd-lugo\\\/\",\"name\":\"Promoci\u00f3n para el N\u00e0stic \u2013 CD Lugo - Gimn\u00e0stic de Tarragona SAD\",\"isPartOf\":{\"@id\":\"https:\\\/\\\/gimnasticdetarragona.cat\\\/es\\\/#website\"},\"primaryImageOfPage\":{\"@id\":\"https:\\\/\\\/gimnasticdetarragona.cat\\\/es\\\/promocio-pel-nastic-cd-lugo\\\/#primaryimage\"},\"image\":{\"@id\":\"https:\\\/\\\/gimnasticdetarragona.cat\\\/es\\\/promocio-pel-nastic-cd-lugo\\\/#primaryimage\"},\"thumbnailUrl\":\"https:\\\/\\\/gimnasticdetarragona.cat\\\/wp-content\\\/uploads\\\/2025\\\/05\\\/DSC_4269.jpg\",\"datePublished\":\"2025-05-05T16:43:57+00:00\",\"dateModified\":\"2025-05-05T17:02:49+00:00\",\"breadcrumb\":{\"@id\":\"https:\\\/\\\/gimnasticdetarragona.cat\\\/es\\\/promocio-pel-nastic-cd-lugo\\\/#breadcrumb\"},\"inLanguage\":\"es\",\"potentialAction\":[{\"@type\":\"ReadAction\",\"target\":[\"https:\\\/\\\/gimnasticdetarragona.cat\\\/es\\\/promocio-pel-nastic-cd-lugo\\\/\"]}]},{\"@type\":\"ImageObject\",\"inLanguage\":\"es\",\"@id\":\"https:\\\/\\\/gimnasticdetarragona.cat\\\/es\\\/promocio-pel-nastic-cd-lugo\\\/#primaryimage\",\"url\":\"https:\\\/\\\/gimnasticdetarragona.cat\\\/wp-content\\\/uploads\\\/2025\\\/05\\\/DSC_4269.jpg\",\"contentUrl\":\"https:\\\/\\\/gimnasticdetarragona.cat\\\/wp-content\\\/uploads\\\/2025\\\/05\\\/DSC_4269.jpg\",\"width\":1500,\"height\":1000},{\"@type\":\"BreadcrumbList\",\"@id\":\"https:\\\/\\\/gimnasticdetarragona.cat\\\/es\\\/promocio-pel-nastic-cd-lugo\\\/#breadcrumb\",\"itemListElement\":[{\"@type\":\"ListItem\",\"position\":1,\"name\":\"Inici\",\"item\":\"https:\\\/\\\/gimnasticdetarragona.cat\\\/es\\\/nastic\\\/\"},{\"@type\":\"ListItem\",\"position\":2,\"name\":\"Promoci\u00f3n para el N\u00e0stic \u2013 CD Lugo\"}]},{\"@type\":\"WebSite\",\"@id\":\"https:\\\/\\\/gimnasticdetarragona.cat\\\/es\\\/#website\",\"url\":\"https:\\\/\\\/gimnasticdetarragona.cat\\\/es\\\/\",\"name\":\"Gimn\u00e0stic de Tarragona SAD\",\"description\":\"Gimn\u00e0stic de Tarragona\",\"publisher\":{\"@id\":\"https:\\\/\\\/gimnasticdetarragona.cat\\\/es\\\/#organization\"},\"potentialAction\":[{\"@type\":\"SearchAction\",\"target\":{\"@type\":\"EntryPoint\",\"urlTemplate\":\"https:\\\/\\\/gimnasticdetarragona.cat\\\/es\\\/?s={search_term_string}\"},\"query-input\":{\"@type\":\"PropertyValueSpecification\",\"valueRequired\":true,\"valueName\":\"search_term_string\"}}],\"inLanguage\":\"es\"},{\"@type\":\"Organization\",\"@id\":\"https:\\\/\\\/gimnasticdetarragona.cat\\\/es\\\/#organization\",\"name\":\"GIMN\u00c0STIC DE TARRAGONA\",\"alternateName\":\"N\u00c0STIC\",\"url\":\"https:\\\/\\\/gimnasticdetarragona.cat\\\/es\\\/\",\"logo\":{\"@type\":\"ImageObject\",\"inLanguage\":\"es\",\"@id\":\"https:\\\/\\\/gimnasticdetarragona.cat\\\/es\\\/#\\\/schema\\\/logo\\\/image\\\/\",\"url\":\"https:\\\/\\\/gimnasticdetarragona.cat\\\/wp-content\\\/uploads\\\/2022\\\/06\\\/cropped-logo-gimnastic.png\",\"contentUrl\":\"https:\\\/\\\/gimnasticdetarragona.cat\\\/wp-content\\\/uploads\\\/2022\\\/06\\\/cropped-logo-gimnastic.png\",\"width\":224,\"height\":83,\"caption\":\"GIMN\u00c0STIC DE TARRAGONA\"},\"image\":{\"@id\":\"https:\\\/\\\/gimnasticdetarragona.cat\\\/es\\\/#\\\/schema\\\/logo\\\/image\\\/\"},\"sameAs\":[\"https:\\\/\\\/x.com\\\/NASTICTARRAGONA\",\"https:\\\/\\\/www.instagram.com\\\/nastictarragona\\\/\"]},{\"@type\":\"Person\",\"@id\":\"https:\\\/\\\/gimnasticdetarragona.cat\\\/es\\\/#\\\/schema\\\/person\\\/0a9b7103e7dd73640eb245c4aa4afb8d\",\"name\":\"Comunicacion\"}]}<\/script>\n<!-- \/ Yoast SEO plugin. -->","yoast_head_json":{"title":"Promoci\u00f3n para el N\u00e0stic \u2013 CD Lugo - Gimn\u00e0stic de Tarragona SAD","robots":{"index":"index","follow":"follow","max-snippet":"max-snippet:-1","max-image-preview":"max-image-preview:large","max-video-preview":"max-video-preview:-1"},"canonical":"https:\/\/gimnasticdetarragona.cat\/es\/promocio-pel-nastic-cd-lugo\/","og_locale":"es_ES","og_type":"article","og_title":"Promoci\u00f3n para el N\u00e0stic \u2013 CD Lugo - Gimn\u00e0stic de Tarragona SAD","og_description":"Los socios podr\u00e1n adquirir entradas a 5\u20ac","og_url":"https:\/\/gimnasticdetarragona.cat\/es\/promocio-pel-nastic-cd-lugo\/","og_site_name":"Gimn\u00e0stic de Tarragona SAD","article_published_time":"2025-05-05T16:43:57+00:00","article_modified_time":"2025-05-05T17:02:49+00:00","og_image":[{"width":1500,"height":1000,"url":"https:\/\/gimnasticdetarragona.cat\/wp-content\/uploads\/2025\/05\/DSC_4269.jpg","type":"image\/jpeg"}],"author":"Comunicacion","twitter_card":"summary_large_image","twitter_creator":"@NASTICTARRAGONA","twitter_site":"@NASTICTARRAGONA","twitter_misc":{"Escrito por":"Comunicacion","Tiempo de lectura":"1 minuto"},"schema":{"@context":"https:\/\/schema.org","@graph":[{"@type":"Article","@id":"https:\/\/gimnasticdetarragona.cat\/es\/promocio-pel-nastic-cd-lugo\/#article","isPartOf":{"@id":"https:\/\/gimnasticdetarragona.cat\/es\/promocio-pel-nastic-cd-lugo\/"},"author":{"name":"Comunicacion","@id":"https:\/\/gimnasticdetarragona.cat\/es\/#\/schema\/person\/0a9b7103e7dd73640eb245c4aa4afb8d"},"headline":"Promoci\u00f3n para el N\u00e0stic \u2013 CD Lugo","datePublished":"2025-05-05T16:43:57+00:00","dateModified":"2025-05-05T17:02:49+00:00","mainEntityOfPage":{"@id":"https:\/\/gimnasticdetarragona.cat\/es\/promocio-pel-nastic-cd-lugo\/"},"wordCount":214,"publisher":{"@id":"https:\/\/gimnasticdetarragona.cat\/es\/#organization"},"image":{"@id":"https:\/\/gimnasticdetarragona.cat\/es\/promocio-pel-nastic-cd-lugo\/#primaryimage"},"thumbnailUrl":"https:\/\/gimnasticdetarragona.cat\/wp-content\/uploads\/2025\/05\/DSC_4269.jpg","articleSection":["Actualidad","Afici\u00f3n","Pe\u00f1as","Primer Equipo","Socio"],"inLanguage":"es"},{"@type":"WebPage","@id":"https:\/\/gimnasticdetarragona.cat\/es\/promocio-pel-nastic-cd-lugo\/","url":"https:\/\/gimnasticdetarragona.cat\/es\/promocio-pel-nastic-cd-lugo\/","name":"Promoci\u00f3n para el N\u00e0stic \u2013 CD Lugo - Gimn\u00e0stic de Tarragona SAD","isPartOf":{"@id":"https:\/\/gimnasticdetarragona.cat\/es\/#website"},"primaryImageOfPage":{"@id":"https:\/\/gimnasticdetarragona.cat\/es\/promocio-pel-nastic-cd-lugo\/#primaryimage"},"image":{"@id":"https:\/\/gimnasticdetarragona.cat\/es\/promocio-pel-nastic-cd-lugo\/#primaryimage"},"thumbnailUrl":"https:\/\/gimnasticdetarragona.cat\/wp-content\/uploads\/2025\/05\/DSC_4269.jpg","datePublished":"2025-05-05T16:43:57+00:00","dateModified":"2025-05-05T17:02:49+00:00","breadcrumb":{"@id":"https:\/\/gimnasticdetarragona.cat\/es\/promocio-pel-nastic-cd-lugo\/#breadcrumb"},"inLanguage":"es","potentialAction":[{"@type":"ReadAction","target":["https:\/\/gimnasticdetarragona.cat\/es\/promocio-pel-nastic-cd-lugo\/"]}]},{"@type":"ImageObject","inLanguage":"es","@id":"https:\/\/gimnasticdetarragona.cat\/es\/promocio-pel-nastic-cd-lugo\/#primaryimage","url":"https:\/\/gimnasticdetarragona.cat\/wp-content\/uploads\/2025\/05\/DSC_4269.jpg","contentUrl":"https:\/\/gimnasticdetarragona.cat\/wp-content\/uploads\/2025\/05\/DSC_4269.jpg","width":1500,"height":1000},{"@type":"BreadcrumbList","@id":"https:\/\/gimnasticdetarragona.cat\/es\/promocio-pel-nastic-cd-lugo\/#breadcrumb","itemListElement":[{"@type":"ListItem","position":1,"name":"Inici","item":"https:\/\/gimnasticdetarragona.cat\/es\/nastic\/"},{"@type":"ListItem","position":2,"name":"Promoci\u00f3n para el N\u00e0stic \u2013 CD Lugo"}]},{"@type":"WebSite","@id":"https:\/\/gimnasticdetarragona.cat\/es\/#website","url":"https:\/\/gimnasticdetarragona.cat\/es\/","name":"Gimn\u00e0stic de Tarragona SAD","description":"Gimn\u00e0stic de Tarragona","publisher":{"@id":"https:\/\/gimnasticdetarragona.cat\/es\/#organization"},"potentialAction":[{"@type":"SearchAction","target":{"@type":"EntryPoint","urlTemplate":"https:\/\/gimnasticdetarragona.cat\/es\/?s={search_term_string}"},"query-input":{"@type":"PropertyValueSpecification","valueRequired":true,"valueName":"search_term_string"}}],"inLanguage":"es"},{"@type":"Organization","@id":"https:\/\/gimnasticdetarragona.cat\/es\/#organization","name":"GIMN\u00c0STIC DE TARRAGONA","alternateName":"N\u00c0STIC","url":"https:\/\/gimnasticdetarragona.cat\/es\/","logo":{"@type":"ImageObject","inLanguage":"es","@id":"https:\/\/gimnasticdetarragona.cat\/es\/#\/schema\/logo\/image\/","url":"https:\/\/gimnasticdetarragona.cat\/wp-content\/uploads\/2022\/06\/cropped-logo-gimnastic.png","contentUrl":"https:\/\/gimnasticdetarragona.cat\/wp-content\/uploads\/2022\/06\/cropped-logo-gimnastic.png","width":224,"height":83,"caption":"GIMN\u00c0STIC DE TARRAGONA"},"image":{"@id":"https:\/\/gimnasticdetarragona.cat\/es\/#\/schema\/logo\/image\/"},"sameAs":["https:\/\/x.com\/NASTICTARRAGONA","https:\/\/www.instagram.com\/nastictarragona\/"]},{"@type":"Person","@id":"https:\/\/gimnasticdetarragona.cat\/es\/#\/schema\/person\/0a9b7103e7dd73640eb245c4aa4afb8d","name":"Comunicacion"}]}},"_links":{"self":[{"href":"https:\/\/gimnasticdetarragona.cat\/es\/wp-json\/wp\/v2\/posts\/98932","targetHints":{"allow":["GET"]}}],"collection":[{"href":"https:\/\/gimnasticdetarragona.cat\/es\/wp-json\/wp\/v2\/posts"}],"about":[{"href":"https:\/\/gimnasticdetarragona.cat\/es\/wp-json\/wp\/v2\/types\/post"}],"author":[{"embeddable":true,"href":"https:\/\/gimnasticdetarragona.cat\/es\/wp-json\/wp\/v2\/users\/7"}],"replies":[{"embeddable":true,"href":"https:\/\/gimnasticdetarragona.cat\/es\/wp-json\/wp\/v2\/comments?post=98932"}],"version-history":[{"count":1,"href":"https:\/\/gimnasticdetarragona.cat\/es\/wp-json\/wp\/v2\/posts\/98932\/revisions"}],"predecessor-version":[{"id":98934,"href":"https:\/\/gimnasticdetarragona.cat\/es\/wp-json\/wp\/v2\/posts\/98932\/revisions\/98934"}],"wp:featuredmedia":[{"embeddable":true,"href":"https:\/\/gimnasticdetarragona.cat\/es\/wp-json\/wp\/v2\/media\/98928"}],"wp:attachment":[{"href":"https:\/\/gimnasticdetarragona.cat\/es\/wp-json\/wp\/v2\/media?parent=98932"}],"wp:term":[{"taxonomy":"category","embeddable":true,"href":"https:\/\/gimnasticdetarragona.cat\/es\/wp-json\/wp\/v2\/categories?post=98932"},{"taxonomy":"post_tag","embeddable":true,"href":"https:\/\/gimnasticdetarragona.cat\/es\/wp-json\/wp\/v2\/tags?post=98932"}],"curies":[{"name":"wp","href":"https:\/\/api.w.org\/{rel}","templated":true}]}}