{"id":99111,"date":"2025-05-22T13:53:50","date_gmt":"2025-05-22T11:53:50","guid":{"rendered":"https:\/\/gimnasticdetarragona.cat\/jornades-de-portes-obertes-del-futbol-base-2025-2026\/"},"modified":"2025-05-22T16:46:31","modified_gmt":"2025-05-22T14:46:31","slug":"jornades-de-portes-obertes-del-futbol-base-2025-2026","status":"publish","type":"post","link":"https:\/\/gimnasticdetarragona.cat\/es\/jornades-de-portes-obertes-del-futbol-base-2025-2026\/","title":{"rendered":"Jornadas de puertas abiertas del f\u00fatbol base 2025-2026"},"content":{"rendered":"\n<p>Los ni\u00f1os y ni\u00f1as nacidos\/as entre 2010 y 2018 podr\u00e1n participar en las sesiones de entrenamiento que se realizar\u00e1n el martes 3 y el mi\u00e9rcoles 4 de junio en la Ciutat Esportiva Gimn\u00e0stic de Tarragona. Las jornadas se realizar\u00e1n bajo la supervisi\u00f3n de la coordinaci\u00f3n del f\u00fatbol base.<\/p>\n\n\n\n<p>Previamente, es necesario realizar la inscripci\u00f3n rellenando el <strong><a href=\"https:\/\/docs.google.com\/forms\/d\/e\/1FAIpQLSdLO1IBDLu9XD15AxzBXmZVnfPbXehFCmOaX-2z5XajrDByCg\/viewform\">formulario<\/a><\/strong>.<\/p>\n\n\n\n<p>Las dos jornadas programadas en vistas al pr\u00f3ximo curso deportivo 2025-2026 se realizar\u00e1n por categor\u00edas en las instalaciones grana en los siguientes horarios:<\/p>\n\n\n\n<p>\u2013 De 17.30 a 19h: nacidos del 2014 al 2018.<\/p>\n\n\n\n<p>\u2013 De 19 a 20.30h: nacidos del 2010 al 2013.<\/p>\n\n\n\n<p>Para los ni\u00f1os y ni\u00f1as nacidos en 2020, no se har\u00e1n puertas abiertas, habr\u00e1 que enviar un correo a <a href=\"mailto:futbolbase@gimnasticdetarragona.cat\">futbolbase@gimnasticdetarragona.cat<\/a> para realizar la reserva de plaza.<\/p>\n\n\n\n<p>Para la correcta realizaci\u00f3n de las pruebas, los j\u00f3venes jugadores tendr\u00e1n que vestir indumentaria deportiva y calzado de f\u00fatbol. Las sesiones son t\u00e9cnicas y din\u00e1micas, realizando la totalidad de los ejercicios con pelota.<\/p>\n","protected":false},"excerpt":{"rendered":"<p>Los d\u00edas 3 y 4 de junio en la Ciutat Esportiva Gimn\u00e0stic de Tarragona<\/p>\n","protected":false},"author":7,"featured_media":99109,"comment_status":"closed","ping_status":"closed","sticky":false,"template":"","format":"standard","meta":{"_acf_changed":false,"footnotes":""},"categories":[113,117],"tags":[],"class_list":["post-99111","post","type-post","status-publish","format-standard","has-post-thumbnail","hentry","category-actualidad","category-futbol-base"],"acf":[],"yoast_head":"<!-- This site is optimized with the Yoast SEO plugin v27.3 - https:\/\/yoast.com\/product\/yoast-seo-wordpress\/ -->\n<title>Jornadas de puertas abiertas del f\u00fatbol base 2025-2026 - Gimn\u00e0stic de Tarragona SAD<\/title>\n<meta name=\"robots\" content=\"index, follow, max-snippet:-1, max-image-preview:large, max-video-preview:-1\" \/>\n<link rel=\"canonical\" href=\"https:\/\/gimnasticdetarragona.cat\/es\/jornades-de-portes-obertes-del-futbol-base-2025-2026\/\" \/>\n<meta property=\"og:locale\" content=\"es_ES\" \/>\n<meta property=\"og:type\" content=\"article\" \/>\n<meta property=\"og:title\" content=\"Jornadas de puertas abiertas del f\u00fatbol base 2025-2026 - Gimn\u00e0stic de Tarragona SAD\" \/>\n<meta property=\"og:description\" content=\"Los d\u00edas 3 y 4 de junio en la Ciutat Esportiva Gimn\u00e0stic de Tarragona\" \/>\n<meta property=\"og:url\" content=\"https:\/\/gimnasticdetarragona.cat\/es\/jornades-de-portes-obertes-del-futbol-base-2025-2026\/\" \/>\n<meta property=\"og:site_name\" content=\"Gimn\u00e0stic de Tarragona SAD\" \/>\n<meta property=\"article:published_time\" content=\"2025-05-22T11:53:50+00:00\" \/>\n<meta property=\"article:modified_time\" content=\"2025-05-22T14:46:31+00:00\" \/>\n<meta property=\"og:image\" content=\"https:\/\/gimnasticdetarragona.cat\/wp-content\/uploads\/2025\/05\/WhatsApp-Image-2025-05-21-at-12.10.31.jpeg\" \/>\n\t<meta property=\"og:image:width\" content=\"1131\" \/>\n\t<meta property=\"og:image:height\" content=\"1600\" \/>\n\t<meta property=\"og:image:type\" content=\"image\/jpeg\" \/>\n<meta name=\"author\" content=\"Comunicacion\" \/>\n<meta name=\"twitter:card\" content=\"summary_large_image\" \/>\n<meta name=\"twitter:creator\" content=\"@NASTICTARRAGONA\" \/>\n<meta name=\"twitter:site\" content=\"@NASTICTARRAGONA\" \/>\n<meta name=\"twitter:label1\" content=\"Escrito por\" \/>\n\t<meta name=\"twitter:data1\" content=\"Comunicacion\" \/>\n\t<meta name=\"twitter:label2\" content=\"Tiempo de lectura\" \/>\n\t<meta name=\"twitter:data2\" content=\"1 minuto\" \/>\n<script type=\"application\/ld+json\" class=\"yoast-schema-graph\">{\"@context\":\"https:\\\/\\\/schema.org\",\"@graph\":[{\"@type\":\"Article\",\"@id\":\"https:\\\/\\\/gimnasticdetarragona.cat\\\/es\\\/jornades-de-portes-obertes-del-futbol-base-2025-2026\\\/#article\",\"isPartOf\":{\"@id\":\"https:\\\/\\\/gimnasticdetarragona.cat\\\/es\\\/jornades-de-portes-obertes-del-futbol-base-2025-2026\\\/\"},\"author\":{\"name\":\"Comunicacion\",\"@id\":\"https:\\\/\\\/gimnasticdetarragona.cat\\\/es\\\/#\\\/schema\\\/person\\\/0a9b7103e7dd73640eb245c4aa4afb8d\"},\"headline\":\"Jornadas de puertas abiertas del f\u00fatbol base 2025-2026\",\"datePublished\":\"2025-05-22T11:53:50+00:00\",\"dateModified\":\"2025-05-22T14:46:31+00:00\",\"mainEntityOfPage\":{\"@id\":\"https:\\\/\\\/gimnasticdetarragona.cat\\\/es\\\/jornades-de-portes-obertes-del-futbol-base-2025-2026\\\/\"},\"wordCount\":181,\"publisher\":{\"@id\":\"https:\\\/\\\/gimnasticdetarragona.cat\\\/es\\\/#organization\"},\"image\":{\"@id\":\"https:\\\/\\\/gimnasticdetarragona.cat\\\/es\\\/jornades-de-portes-obertes-del-futbol-base-2025-2026\\\/#primaryimage\"},\"thumbnailUrl\":\"https:\\\/\\\/gimnasticdetarragona.cat\\\/wp-content\\\/uploads\\\/2025\\\/05\\\/WhatsApp-Image-2025-05-21-at-12.10.31.jpeg\",\"articleSection\":[\"Actualidad\",\"F\u00fatbol Base\"],\"inLanguage\":\"es\"},{\"@type\":\"WebPage\",\"@id\":\"https:\\\/\\\/gimnasticdetarragona.cat\\\/es\\\/jornades-de-portes-obertes-del-futbol-base-2025-2026\\\/\",\"url\":\"https:\\\/\\\/gimnasticdetarragona.cat\\\/es\\\/jornades-de-portes-obertes-del-futbol-base-2025-2026\\\/\",\"name\":\"Jornadas de puertas abiertas del f\u00fatbol base 2025-2026 - Gimn\u00e0stic de Tarragona SAD\",\"isPartOf\":{\"@id\":\"https:\\\/\\\/gimnasticdetarragona.cat\\\/es\\\/#website\"},\"primaryImageOfPage\":{\"@id\":\"https:\\\/\\\/gimnasticdetarragona.cat\\\/es\\\/jornades-de-portes-obertes-del-futbol-base-2025-2026\\\/#primaryimage\"},\"image\":{\"@id\":\"https:\\\/\\\/gimnasticdetarragona.cat\\\/es\\\/jornades-de-portes-obertes-del-futbol-base-2025-2026\\\/#primaryimage\"},\"thumbnailUrl\":\"https:\\\/\\\/gimnasticdetarragona.cat\\\/wp-content\\\/uploads\\\/2025\\\/05\\\/WhatsApp-Image-2025-05-21-at-12.10.31.jpeg\",\"datePublished\":\"2025-05-22T11:53:50+00:00\",\"dateModified\":\"2025-05-22T14:46:31+00:00\",\"breadcrumb\":{\"@id\":\"https:\\\/\\\/gimnasticdetarragona.cat\\\/es\\\/jornades-de-portes-obertes-del-futbol-base-2025-2026\\\/#breadcrumb\"},\"inLanguage\":\"es\",\"potentialAction\":[{\"@type\":\"ReadAction\",\"target\":[\"https:\\\/\\\/gimnasticdetarragona.cat\\\/es\\\/jornades-de-portes-obertes-del-futbol-base-2025-2026\\\/\"]}]},{\"@type\":\"ImageObject\",\"inLanguage\":\"es\",\"@id\":\"https:\\\/\\\/gimnasticdetarragona.cat\\\/es\\\/jornades-de-portes-obertes-del-futbol-base-2025-2026\\\/#primaryimage\",\"url\":\"https:\\\/\\\/gimnasticdetarragona.cat\\\/wp-content\\\/uploads\\\/2025\\\/05\\\/WhatsApp-Image-2025-05-21-at-12.10.31.jpeg\",\"contentUrl\":\"https:\\\/\\\/gimnasticdetarragona.cat\\\/wp-content\\\/uploads\\\/2025\\\/05\\\/WhatsApp-Image-2025-05-21-at-12.10.31.jpeg\",\"width\":1131,\"height\":1600},{\"@type\":\"BreadcrumbList\",\"@id\":\"https:\\\/\\\/gimnasticdetarragona.cat\\\/es\\\/jornades-de-portes-obertes-del-futbol-base-2025-2026\\\/#breadcrumb\",\"itemListElement\":[{\"@type\":\"ListItem\",\"position\":1,\"name\":\"Inici\",\"item\":\"https:\\\/\\\/gimnasticdetarragona.cat\\\/es\\\/nastic\\\/\"},{\"@type\":\"ListItem\",\"position\":2,\"name\":\"Jornadas de puertas abiertas del f\u00fatbol base 2025-2026\"}]},{\"@type\":\"WebSite\",\"@id\":\"https:\\\/\\\/gimnasticdetarragona.cat\\\/es\\\/#website\",\"url\":\"https:\\\/\\\/gimnasticdetarragona.cat\\\/es\\\/\",\"name\":\"Gimn\u00e0stic de Tarragona SAD\",\"description\":\"Gimn\u00e0stic de Tarragona\",\"publisher\":{\"@id\":\"https:\\\/\\\/gimnasticdetarragona.cat\\\/es\\\/#organization\"},\"potentialAction\":[{\"@type\":\"SearchAction\",\"target\":{\"@type\":\"EntryPoint\",\"urlTemplate\":\"https:\\\/\\\/gimnasticdetarragona.cat\\\/es\\\/?s={search_term_string}\"},\"query-input\":{\"@type\":\"PropertyValueSpecification\",\"valueRequired\":true,\"valueName\":\"search_term_string\"}}],\"inLanguage\":\"es\"},{\"@type\":\"Organization\",\"@id\":\"https:\\\/\\\/gimnasticdetarragona.cat\\\/es\\\/#organization\",\"name\":\"GIMN\u00c0STIC DE TARRAGONA\",\"alternateName\":\"N\u00c0STIC\",\"url\":\"https:\\\/\\\/gimnasticdetarragona.cat\\\/es\\\/\",\"logo\":{\"@type\":\"ImageObject\",\"inLanguage\":\"es\",\"@id\":\"https:\\\/\\\/gimnasticdetarragona.cat\\\/es\\\/#\\\/schema\\\/logo\\\/image\\\/\",\"url\":\"https:\\\/\\\/gimnasticdetarragona.cat\\\/wp-content\\\/uploads\\\/2022\\\/06\\\/cropped-logo-gimnastic.png\",\"contentUrl\":\"https:\\\/\\\/gimnasticdetarragona.cat\\\/wp-content\\\/uploads\\\/2022\\\/06\\\/cropped-logo-gimnastic.png\",\"width\":224,\"height\":83,\"caption\":\"GIMN\u00c0STIC DE TARRAGONA\"},\"image\":{\"@id\":\"https:\\\/\\\/gimnasticdetarragona.cat\\\/es\\\/#\\\/schema\\\/logo\\\/image\\\/\"},\"sameAs\":[\"https:\\\/\\\/x.com\\\/NASTICTARRAGONA\",\"https:\\\/\\\/www.instagram.com\\\/nastictarragona\\\/\"]},{\"@type\":\"Person\",\"@id\":\"https:\\\/\\\/gimnasticdetarragona.cat\\\/es\\\/#\\\/schema\\\/person\\\/0a9b7103e7dd73640eb245c4aa4afb8d\",\"name\":\"Comunicacion\"}]}<\/script>\n<!-- \/ Yoast SEO plugin. -->","yoast_head_json":{"title":"Jornadas de puertas abiertas del f\u00fatbol base 2025-2026 - Gimn\u00e0stic de Tarragona SAD","robots":{"index":"index","follow":"follow","max-snippet":"max-snippet:-1","max-image-preview":"max-image-preview:large","max-video-preview":"max-video-preview:-1"},"canonical":"https:\/\/gimnasticdetarragona.cat\/es\/jornades-de-portes-obertes-del-futbol-base-2025-2026\/","og_locale":"es_ES","og_type":"article","og_title":"Jornadas de puertas abiertas del f\u00fatbol base 2025-2026 - Gimn\u00e0stic de Tarragona SAD","og_description":"Los d\u00edas 3 y 4 de junio en la Ciutat Esportiva Gimn\u00e0stic de Tarragona","og_url":"https:\/\/gimnasticdetarragona.cat\/es\/jornades-de-portes-obertes-del-futbol-base-2025-2026\/","og_site_name":"Gimn\u00e0stic de Tarragona SAD","article_published_time":"2025-05-22T11:53:50+00:00","article_modified_time":"2025-05-22T14:46:31+00:00","og_image":[{"width":1131,"height":1600,"url":"https:\/\/gimnasticdetarragona.cat\/wp-content\/uploads\/2025\/05\/WhatsApp-Image-2025-05-21-at-12.10.31.jpeg","type":"image\/jpeg"}],"author":"Comunicacion","twitter_card":"summary_large_image","twitter_creator":"@NASTICTARRAGONA","twitter_site":"@NASTICTARRAGONA","twitter_misc":{"Escrito por":"Comunicacion","Tiempo de lectura":"1 minuto"},"schema":{"@context":"https:\/\/schema.org","@graph":[{"@type":"Article","@id":"https:\/\/gimnasticdetarragona.cat\/es\/jornades-de-portes-obertes-del-futbol-base-2025-2026\/#article","isPartOf":{"@id":"https:\/\/gimnasticdetarragona.cat\/es\/jornades-de-portes-obertes-del-futbol-base-2025-2026\/"},"author":{"name":"Comunicacion","@id":"https:\/\/gimnasticdetarragona.cat\/es\/#\/schema\/person\/0a9b7103e7dd73640eb245c4aa4afb8d"},"headline":"Jornadas de puertas abiertas del f\u00fatbol base 2025-2026","datePublished":"2025-05-22T11:53:50+00:00","dateModified":"2025-05-22T14:46:31+00:00","mainEntityOfPage":{"@id":"https:\/\/gimnasticdetarragona.cat\/es\/jornades-de-portes-obertes-del-futbol-base-2025-2026\/"},"wordCount":181,"publisher":{"@id":"https:\/\/gimnasticdetarragona.cat\/es\/#organization"},"image":{"@id":"https:\/\/gimnasticdetarragona.cat\/es\/jornades-de-portes-obertes-del-futbol-base-2025-2026\/#primaryimage"},"thumbnailUrl":"https:\/\/gimnasticdetarragona.cat\/wp-content\/uploads\/2025\/05\/WhatsApp-Image-2025-05-21-at-12.10.31.jpeg","articleSection":["Actualidad","F\u00fatbol Base"],"inLanguage":"es"},{"@type":"WebPage","@id":"https:\/\/gimnasticdetarragona.cat\/es\/jornades-de-portes-obertes-del-futbol-base-2025-2026\/","url":"https:\/\/gimnasticdetarragona.cat\/es\/jornades-de-portes-obertes-del-futbol-base-2025-2026\/","name":"Jornadas de puertas abiertas del f\u00fatbol base 2025-2026 - Gimn\u00e0stic de Tarragona SAD","isPartOf":{"@id":"https:\/\/gimnasticdetarragona.cat\/es\/#website"},"primaryImageOfPage":{"@id":"https:\/\/gimnasticdetarragona.cat\/es\/jornades-de-portes-obertes-del-futbol-base-2025-2026\/#primaryimage"},"image":{"@id":"https:\/\/gimnasticdetarragona.cat\/es\/jornades-de-portes-obertes-del-futbol-base-2025-2026\/#primaryimage"},"thumbnailUrl":"https:\/\/gimnasticdetarragona.cat\/wp-content\/uploads\/2025\/05\/WhatsApp-Image-2025-05-21-at-12.10.31.jpeg","datePublished":"2025-05-22T11:53:50+00:00","dateModified":"2025-05-22T14:46:31+00:00","breadcrumb":{"@id":"https:\/\/gimnasticdetarragona.cat\/es\/jornades-de-portes-obertes-del-futbol-base-2025-2026\/#breadcrumb"},"inLanguage":"es","potentialAction":[{"@type":"ReadAction","target":["https:\/\/gimnasticdetarragona.cat\/es\/jornades-de-portes-obertes-del-futbol-base-2025-2026\/"]}]},{"@type":"ImageObject","inLanguage":"es","@id":"https:\/\/gimnasticdetarragona.cat\/es\/jornades-de-portes-obertes-del-futbol-base-2025-2026\/#primaryimage","url":"https:\/\/gimnasticdetarragona.cat\/wp-content\/uploads\/2025\/05\/WhatsApp-Image-2025-05-21-at-12.10.31.jpeg","contentUrl":"https:\/\/gimnasticdetarragona.cat\/wp-content\/uploads\/2025\/05\/WhatsApp-Image-2025-05-21-at-12.10.31.jpeg","width":1131,"height":1600},{"@type":"BreadcrumbList","@id":"https:\/\/gimnasticdetarragona.cat\/es\/jornades-de-portes-obertes-del-futbol-base-2025-2026\/#breadcrumb","itemListElement":[{"@type":"ListItem","position":1,"name":"Inici","item":"https:\/\/gimnasticdetarragona.cat\/es\/nastic\/"},{"@type":"ListItem","position":2,"name":"Jornadas de puertas abiertas del f\u00fatbol base 2025-2026"}]},{"@type":"WebSite","@id":"https:\/\/gimnasticdetarragona.cat\/es\/#website","url":"https:\/\/gimnasticdetarragona.cat\/es\/","name":"Gimn\u00e0stic de Tarragona SAD","description":"Gimn\u00e0stic de Tarragona","publisher":{"@id":"https:\/\/gimnasticdetarragona.cat\/es\/#organization"},"potentialAction":[{"@type":"SearchAction","target":{"@type":"EntryPoint","urlTemplate":"https:\/\/gimnasticdetarragona.cat\/es\/?s={search_term_string}"},"query-input":{"@type":"PropertyValueSpecification","valueRequired":true,"valueName":"search_term_string"}}],"inLanguage":"es"},{"@type":"Organization","@id":"https:\/\/gimnasticdetarragona.cat\/es\/#organization","name":"GIMN\u00c0STIC DE TARRAGONA","alternateName":"N\u00c0STIC","url":"https:\/\/gimnasticdetarragona.cat\/es\/","logo":{"@type":"ImageObject","inLanguage":"es","@id":"https:\/\/gimnasticdetarragona.cat\/es\/#\/schema\/logo\/image\/","url":"https:\/\/gimnasticdetarragona.cat\/wp-content\/uploads\/2022\/06\/cropped-logo-gimnastic.png","contentUrl":"https:\/\/gimnasticdetarragona.cat\/wp-content\/uploads\/2022\/06\/cropped-logo-gimnastic.png","width":224,"height":83,"caption":"GIMN\u00c0STIC DE TARRAGONA"},"image":{"@id":"https:\/\/gimnasticdetarragona.cat\/es\/#\/schema\/logo\/image\/"},"sameAs":["https:\/\/x.com\/NASTICTARRAGONA","https:\/\/www.instagram.com\/nastictarragona\/"]},{"@type":"Person","@id":"https:\/\/gimnasticdetarragona.cat\/es\/#\/schema\/person\/0a9b7103e7dd73640eb245c4aa4afb8d","name":"Comunicacion"}]}},"_links":{"self":[{"href":"https:\/\/gimnasticdetarragona.cat\/es\/wp-json\/wp\/v2\/posts\/99111","targetHints":{"allow":["GET"]}}],"collection":[{"href":"https:\/\/gimnasticdetarragona.cat\/es\/wp-json\/wp\/v2\/posts"}],"about":[{"href":"https:\/\/gimnasticdetarragona.cat\/es\/wp-json\/wp\/v2\/types\/post"}],"author":[{"embeddable":true,"href":"https:\/\/gimnasticdetarragona.cat\/es\/wp-json\/wp\/v2\/users\/7"}],"replies":[{"embeddable":true,"href":"https:\/\/gimnasticdetarragona.cat\/es\/wp-json\/wp\/v2\/comments?post=99111"}],"version-history":[{"count":1,"href":"https:\/\/gimnasticdetarragona.cat\/es\/wp-json\/wp\/v2\/posts\/99111\/revisions"}],"predecessor-version":[{"id":99113,"href":"https:\/\/gimnasticdetarragona.cat\/es\/wp-json\/wp\/v2\/posts\/99111\/revisions\/99113"}],"wp:featuredmedia":[{"embeddable":true,"href":"https:\/\/gimnasticdetarragona.cat\/es\/wp-json\/wp\/v2\/media\/99109"}],"wp:attachment":[{"href":"https:\/\/gimnasticdetarragona.cat\/es\/wp-json\/wp\/v2\/media?parent=99111"}],"wp:term":[{"taxonomy":"category","embeddable":true,"href":"https:\/\/gimnasticdetarragona.cat\/es\/wp-json\/wp\/v2\/categories?post=99111"},{"taxonomy":"post_tag","embeddable":true,"href":"https:\/\/gimnasticdetarragona.cat\/es\/wp-json\/wp\/v2\/tags?post=99111"}],"curies":[{"name":"wp","href":"https:\/\/api.w.org\/{rel}","templated":true}]}}