{"id":99184,"date":"2025-05-27T19:56:00","date_gmt":"2025-05-27T17:56:00","guid":{"rendered":"https:\/\/gimnasticdetarragona.cat\/?p=99184"},"modified":"2025-05-28T11:30:13","modified_gmt":"2025-05-28T09:30:13","slug":"desplazamiento-a-murcia","status":"publish","type":"post","link":"https:\/\/gimnasticdetarragona.cat\/es\/desplazamiento-a-murcia\/","title":{"rendered":"Desplazamiento a Murcia"},"content":{"rendered":"\n<p>El Gimn\u00e0stic de Tarragona dispone de 1.000 entradas de afici\u00f3n visitante tras el acuerdo entre los clubs.<br>Dos opciones para acompa\u00f1ar al equipo:<\/p>\n\n\n\n<ol start=\"1\" class=\"wp-block-list\">\n<li><strong>Entrada individual por 15\u20ac<\/strong>\u00a0(Venta presencial en el punto de atenci\u00f3n al socio del Nou Estadi Costa Daurada). Los menores de entre 0 y 4 a\u00f1os no necesitan entrada.<\/li>\n<\/ol>\n\n\n\n<p>El horario de atenci\u00f3n al socio es de lunes a viernes, de 10 a 13:30 y de 17 a 19 horas.<\/p>\n\n\n\n<ol start=\"2\" class=\"wp-block-list\">\n<li><strong>Con Athlos Sports Travel:<\/strong> <strong>entrada + desplazamiento en autocar por 60 \u20ac<\/strong> (<a href=\"https:\/\/athlostravel.mygocu.com\/grupos\/viajes\/8845?codigo=GIMNASTIC-MURCIA\">Compra disponible<\/a>). La entrada del partido se facilitar\u00e1 en el mismo autocar.<\/li>\n<\/ol>\n\n\n\n<p><\/p>\n\n\n\n<p>El duelo se disputar\u00e1 el pr\u00f3ximo s\u00e1bado, 7 de junio, en el Estadio Enrique Roca. Tanto en la compra f\u00edsica como online ser\u00e1 necesario facilitar los datos personales.<\/p>\n\n\n\n<p>La salida del autocar est\u00e1 programada para el mismo s\u00e1bado en los siguientes horarios:<\/p>\n\n\n\n<ul class=\"wp-block-list\">\n<li>10.45 h (Av. Catalunya, Camp de Mart)<\/li>\n\n\n\n<li>11 h (Instalaciones del Nou Estadi Costa Daurada)<\/li>\n<\/ul>\n\n\n\n<p>La vuelta se efectuar\u00e1 al finalizar el partido. La promoci\u00f3n estar\u00e1 vigente hasta agotar existencias.<\/p>\n\n\n\n<p>Athlos Sports Travel se reserva el derecho de modificar las condiciones del desplazamiento. Para cualquier duda contactar al n\u00famero de WhatsApp del N\u00e0stic 675.541.041<\/p>\n\n\n\n<p><\/p>\n","protected":false},"excerpt":{"rendered":"<p>Entrada + autocar por 60 \u20ac<\/p>\n","protected":false},"author":7,"featured_media":99182,"comment_status":"closed","ping_status":"closed","sticky":false,"template":"","format":"standard","meta":{"_acf_changed":false,"footnotes":""},"categories":[113,114,125,126,138],"tags":[],"class_list":["post-99184","post","type-post","status-publish","format-standard","has-post-thumbnail","hentry","category-actualidad","category-aficion","category-penas","category-primer-equipo","category-socio"],"acf":[],"yoast_head":"<!-- This site is optimized with the Yoast SEO plugin v27.3 - https:\/\/yoast.com\/product\/yoast-seo-wordpress\/ -->\n<title>Desplazamiento a Murcia - Gimn\u00e0stic de Tarragona SAD<\/title>\n<meta name=\"robots\" content=\"index, follow, max-snippet:-1, max-image-preview:large, max-video-preview:-1\" \/>\n<link rel=\"canonical\" href=\"https:\/\/gimnasticdetarragona.cat\/es\/desplazamiento-a-murcia\/\" \/>\n<meta property=\"og:locale\" content=\"es_ES\" \/>\n<meta property=\"og:type\" content=\"article\" \/>\n<meta property=\"og:title\" content=\"Desplazamiento a Murcia - Gimn\u00e0stic de Tarragona SAD\" \/>\n<meta property=\"og:description\" content=\"Entrada + autocar por 60 \u20ac\" \/>\n<meta property=\"og:url\" content=\"https:\/\/gimnasticdetarragona.cat\/es\/desplazamiento-a-murcia\/\" \/>\n<meta property=\"og:site_name\" content=\"Gimn\u00e0stic de Tarragona SAD\" \/>\n<meta property=\"article:published_time\" content=\"2025-05-27T17:56:00+00:00\" \/>\n<meta property=\"article:modified_time\" content=\"2025-05-28T09:30:13+00:00\" \/>\n<meta property=\"og:image\" content=\"https:\/\/gimnasticdetarragona.cat\/wp-content\/uploads\/2025\/05\/tocada_19-scaled.jpg\" \/>\n\t<meta property=\"og:image:width\" content=\"2560\" \/>\n\t<meta property=\"og:image:height\" content=\"1707\" \/>\n\t<meta property=\"og:image:type\" content=\"image\/jpeg\" \/>\n<meta name=\"author\" content=\"Comunicacion\" \/>\n<meta name=\"twitter:card\" content=\"summary_large_image\" \/>\n<meta name=\"twitter:creator\" content=\"@NASTICTARRAGONA\" \/>\n<meta name=\"twitter:site\" content=\"@NASTICTARRAGONA\" \/>\n<meta name=\"twitter:label1\" content=\"Escrito por\" \/>\n\t<meta name=\"twitter:data1\" content=\"Comunicacion\" \/>\n\t<meta name=\"twitter:label2\" content=\"Tiempo de lectura\" \/>\n\t<meta name=\"twitter:data2\" content=\"1 minuto\" \/>\n<script type=\"application\/ld+json\" class=\"yoast-schema-graph\">{\"@context\":\"https:\\\/\\\/schema.org\",\"@graph\":[{\"@type\":\"Article\",\"@id\":\"https:\\\/\\\/gimnasticdetarragona.cat\\\/es\\\/desplazamiento-a-murcia\\\/#article\",\"isPartOf\":{\"@id\":\"https:\\\/\\\/gimnasticdetarragona.cat\\\/es\\\/desplazamiento-a-murcia\\\/\"},\"author\":{\"name\":\"Comunicacion\",\"@id\":\"https:\\\/\\\/gimnasticdetarragona.cat\\\/es\\\/#\\\/schema\\\/person\\\/0a9b7103e7dd73640eb245c4aa4afb8d\"},\"headline\":\"Desplazamiento a Murcia\",\"datePublished\":\"2025-05-27T17:56:00+00:00\",\"dateModified\":\"2025-05-28T09:30:13+00:00\",\"mainEntityOfPage\":{\"@id\":\"https:\\\/\\\/gimnasticdetarragona.cat\\\/es\\\/desplazamiento-a-murcia\\\/\"},\"wordCount\":194,\"publisher\":{\"@id\":\"https:\\\/\\\/gimnasticdetarragona.cat\\\/es\\\/#organization\"},\"image\":{\"@id\":\"https:\\\/\\\/gimnasticdetarragona.cat\\\/es\\\/desplazamiento-a-murcia\\\/#primaryimage\"},\"thumbnailUrl\":\"https:\\\/\\\/gimnasticdetarragona.cat\\\/wp-content\\\/uploads\\\/2025\\\/05\\\/tocada_19-scaled.jpg\",\"articleSection\":[\"Actualidad\",\"Afici\u00f3n\",\"Pe\u00f1as\",\"Primer Equipo\",\"Socio\"],\"inLanguage\":\"es\"},{\"@type\":\"WebPage\",\"@id\":\"https:\\\/\\\/gimnasticdetarragona.cat\\\/es\\\/desplazamiento-a-murcia\\\/\",\"url\":\"https:\\\/\\\/gimnasticdetarragona.cat\\\/es\\\/desplazamiento-a-murcia\\\/\",\"name\":\"Desplazamiento a Murcia - Gimn\u00e0stic de Tarragona SAD\",\"isPartOf\":{\"@id\":\"https:\\\/\\\/gimnasticdetarragona.cat\\\/es\\\/#website\"},\"primaryImageOfPage\":{\"@id\":\"https:\\\/\\\/gimnasticdetarragona.cat\\\/es\\\/desplazamiento-a-murcia\\\/#primaryimage\"},\"image\":{\"@id\":\"https:\\\/\\\/gimnasticdetarragona.cat\\\/es\\\/desplazamiento-a-murcia\\\/#primaryimage\"},\"thumbnailUrl\":\"https:\\\/\\\/gimnasticdetarragona.cat\\\/wp-content\\\/uploads\\\/2025\\\/05\\\/tocada_19-scaled.jpg\",\"datePublished\":\"2025-05-27T17:56:00+00:00\",\"dateModified\":\"2025-05-28T09:30:13+00:00\",\"breadcrumb\":{\"@id\":\"https:\\\/\\\/gimnasticdetarragona.cat\\\/es\\\/desplazamiento-a-murcia\\\/#breadcrumb\"},\"inLanguage\":\"es\",\"potentialAction\":[{\"@type\":\"ReadAction\",\"target\":[\"https:\\\/\\\/gimnasticdetarragona.cat\\\/es\\\/desplazamiento-a-murcia\\\/\"]}]},{\"@type\":\"ImageObject\",\"inLanguage\":\"es\",\"@id\":\"https:\\\/\\\/gimnasticdetarragona.cat\\\/es\\\/desplazamiento-a-murcia\\\/#primaryimage\",\"url\":\"https:\\\/\\\/gimnasticdetarragona.cat\\\/wp-content\\\/uploads\\\/2025\\\/05\\\/tocada_19-scaled.jpg\",\"contentUrl\":\"https:\\\/\\\/gimnasticdetarragona.cat\\\/wp-content\\\/uploads\\\/2025\\\/05\\\/tocada_19-scaled.jpg\",\"width\":2560,\"height\":1707},{\"@type\":\"BreadcrumbList\",\"@id\":\"https:\\\/\\\/gimnasticdetarragona.cat\\\/es\\\/desplazamiento-a-murcia\\\/#breadcrumb\",\"itemListElement\":[{\"@type\":\"ListItem\",\"position\":1,\"name\":\"Inici\",\"item\":\"https:\\\/\\\/gimnasticdetarragona.cat\\\/es\\\/nastic\\\/\"},{\"@type\":\"ListItem\",\"position\":2,\"name\":\"Desplazamiento a Murcia\"}]},{\"@type\":\"WebSite\",\"@id\":\"https:\\\/\\\/gimnasticdetarragona.cat\\\/es\\\/#website\",\"url\":\"https:\\\/\\\/gimnasticdetarragona.cat\\\/es\\\/\",\"name\":\"Gimn\u00e0stic de Tarragona SAD\",\"description\":\"Gimn\u00e0stic de Tarragona\",\"publisher\":{\"@id\":\"https:\\\/\\\/gimnasticdetarragona.cat\\\/es\\\/#organization\"},\"potentialAction\":[{\"@type\":\"SearchAction\",\"target\":{\"@type\":\"EntryPoint\",\"urlTemplate\":\"https:\\\/\\\/gimnasticdetarragona.cat\\\/es\\\/?s={search_term_string}\"},\"query-input\":{\"@type\":\"PropertyValueSpecification\",\"valueRequired\":true,\"valueName\":\"search_term_string\"}}],\"inLanguage\":\"es\"},{\"@type\":\"Organization\",\"@id\":\"https:\\\/\\\/gimnasticdetarragona.cat\\\/es\\\/#organization\",\"name\":\"GIMN\u00c0STIC DE TARRAGONA\",\"alternateName\":\"N\u00c0STIC\",\"url\":\"https:\\\/\\\/gimnasticdetarragona.cat\\\/es\\\/\",\"logo\":{\"@type\":\"ImageObject\",\"inLanguage\":\"es\",\"@id\":\"https:\\\/\\\/gimnasticdetarragona.cat\\\/es\\\/#\\\/schema\\\/logo\\\/image\\\/\",\"url\":\"https:\\\/\\\/gimnasticdetarragona.cat\\\/wp-content\\\/uploads\\\/2022\\\/06\\\/cropped-logo-gimnastic.png\",\"contentUrl\":\"https:\\\/\\\/gimnasticdetarragona.cat\\\/wp-content\\\/uploads\\\/2022\\\/06\\\/cropped-logo-gimnastic.png\",\"width\":224,\"height\":83,\"caption\":\"GIMN\u00c0STIC DE TARRAGONA\"},\"image\":{\"@id\":\"https:\\\/\\\/gimnasticdetarragona.cat\\\/es\\\/#\\\/schema\\\/logo\\\/image\\\/\"},\"sameAs\":[\"https:\\\/\\\/x.com\\\/NASTICTARRAGONA\",\"https:\\\/\\\/www.instagram.com\\\/nastictarragona\\\/\"]},{\"@type\":\"Person\",\"@id\":\"https:\\\/\\\/gimnasticdetarragona.cat\\\/es\\\/#\\\/schema\\\/person\\\/0a9b7103e7dd73640eb245c4aa4afb8d\",\"name\":\"Comunicacion\"}]}<\/script>\n<!-- \/ Yoast SEO plugin. -->","yoast_head_json":{"title":"Desplazamiento a Murcia - Gimn\u00e0stic de Tarragona SAD","robots":{"index":"index","follow":"follow","max-snippet":"max-snippet:-1","max-image-preview":"max-image-preview:large","max-video-preview":"max-video-preview:-1"},"canonical":"https:\/\/gimnasticdetarragona.cat\/es\/desplazamiento-a-murcia\/","og_locale":"es_ES","og_type":"article","og_title":"Desplazamiento a Murcia - Gimn\u00e0stic de Tarragona SAD","og_description":"Entrada + autocar por 60 \u20ac","og_url":"https:\/\/gimnasticdetarragona.cat\/es\/desplazamiento-a-murcia\/","og_site_name":"Gimn\u00e0stic de Tarragona SAD","article_published_time":"2025-05-27T17:56:00+00:00","article_modified_time":"2025-05-28T09:30:13+00:00","og_image":[{"width":2560,"height":1707,"url":"https:\/\/gimnasticdetarragona.cat\/wp-content\/uploads\/2025\/05\/tocada_19-scaled.jpg","type":"image\/jpeg"}],"author":"Comunicacion","twitter_card":"summary_large_image","twitter_creator":"@NASTICTARRAGONA","twitter_site":"@NASTICTARRAGONA","twitter_misc":{"Escrito por":"Comunicacion","Tiempo de lectura":"1 minuto"},"schema":{"@context":"https:\/\/schema.org","@graph":[{"@type":"Article","@id":"https:\/\/gimnasticdetarragona.cat\/es\/desplazamiento-a-murcia\/#article","isPartOf":{"@id":"https:\/\/gimnasticdetarragona.cat\/es\/desplazamiento-a-murcia\/"},"author":{"name":"Comunicacion","@id":"https:\/\/gimnasticdetarragona.cat\/es\/#\/schema\/person\/0a9b7103e7dd73640eb245c4aa4afb8d"},"headline":"Desplazamiento a Murcia","datePublished":"2025-05-27T17:56:00+00:00","dateModified":"2025-05-28T09:30:13+00:00","mainEntityOfPage":{"@id":"https:\/\/gimnasticdetarragona.cat\/es\/desplazamiento-a-murcia\/"},"wordCount":194,"publisher":{"@id":"https:\/\/gimnasticdetarragona.cat\/es\/#organization"},"image":{"@id":"https:\/\/gimnasticdetarragona.cat\/es\/desplazamiento-a-murcia\/#primaryimage"},"thumbnailUrl":"https:\/\/gimnasticdetarragona.cat\/wp-content\/uploads\/2025\/05\/tocada_19-scaled.jpg","articleSection":["Actualidad","Afici\u00f3n","Pe\u00f1as","Primer Equipo","Socio"],"inLanguage":"es"},{"@type":"WebPage","@id":"https:\/\/gimnasticdetarragona.cat\/es\/desplazamiento-a-murcia\/","url":"https:\/\/gimnasticdetarragona.cat\/es\/desplazamiento-a-murcia\/","name":"Desplazamiento a Murcia - Gimn\u00e0stic de Tarragona SAD","isPartOf":{"@id":"https:\/\/gimnasticdetarragona.cat\/es\/#website"},"primaryImageOfPage":{"@id":"https:\/\/gimnasticdetarragona.cat\/es\/desplazamiento-a-murcia\/#primaryimage"},"image":{"@id":"https:\/\/gimnasticdetarragona.cat\/es\/desplazamiento-a-murcia\/#primaryimage"},"thumbnailUrl":"https:\/\/gimnasticdetarragona.cat\/wp-content\/uploads\/2025\/05\/tocada_19-scaled.jpg","datePublished":"2025-05-27T17:56:00+00:00","dateModified":"2025-05-28T09:30:13+00:00","breadcrumb":{"@id":"https:\/\/gimnasticdetarragona.cat\/es\/desplazamiento-a-murcia\/#breadcrumb"},"inLanguage":"es","potentialAction":[{"@type":"ReadAction","target":["https:\/\/gimnasticdetarragona.cat\/es\/desplazamiento-a-murcia\/"]}]},{"@type":"ImageObject","inLanguage":"es","@id":"https:\/\/gimnasticdetarragona.cat\/es\/desplazamiento-a-murcia\/#primaryimage","url":"https:\/\/gimnasticdetarragona.cat\/wp-content\/uploads\/2025\/05\/tocada_19-scaled.jpg","contentUrl":"https:\/\/gimnasticdetarragona.cat\/wp-content\/uploads\/2025\/05\/tocada_19-scaled.jpg","width":2560,"height":1707},{"@type":"BreadcrumbList","@id":"https:\/\/gimnasticdetarragona.cat\/es\/desplazamiento-a-murcia\/#breadcrumb","itemListElement":[{"@type":"ListItem","position":1,"name":"Inici","item":"https:\/\/gimnasticdetarragona.cat\/es\/nastic\/"},{"@type":"ListItem","position":2,"name":"Desplazamiento a Murcia"}]},{"@type":"WebSite","@id":"https:\/\/gimnasticdetarragona.cat\/es\/#website","url":"https:\/\/gimnasticdetarragona.cat\/es\/","name":"Gimn\u00e0stic de Tarragona SAD","description":"Gimn\u00e0stic de Tarragona","publisher":{"@id":"https:\/\/gimnasticdetarragona.cat\/es\/#organization"},"potentialAction":[{"@type":"SearchAction","target":{"@type":"EntryPoint","urlTemplate":"https:\/\/gimnasticdetarragona.cat\/es\/?s={search_term_string}"},"query-input":{"@type":"PropertyValueSpecification","valueRequired":true,"valueName":"search_term_string"}}],"inLanguage":"es"},{"@type":"Organization","@id":"https:\/\/gimnasticdetarragona.cat\/es\/#organization","name":"GIMN\u00c0STIC DE TARRAGONA","alternateName":"N\u00c0STIC","url":"https:\/\/gimnasticdetarragona.cat\/es\/","logo":{"@type":"ImageObject","inLanguage":"es","@id":"https:\/\/gimnasticdetarragona.cat\/es\/#\/schema\/logo\/image\/","url":"https:\/\/gimnasticdetarragona.cat\/wp-content\/uploads\/2022\/06\/cropped-logo-gimnastic.png","contentUrl":"https:\/\/gimnasticdetarragona.cat\/wp-content\/uploads\/2022\/06\/cropped-logo-gimnastic.png","width":224,"height":83,"caption":"GIMN\u00c0STIC DE TARRAGONA"},"image":{"@id":"https:\/\/gimnasticdetarragona.cat\/es\/#\/schema\/logo\/image\/"},"sameAs":["https:\/\/x.com\/NASTICTARRAGONA","https:\/\/www.instagram.com\/nastictarragona\/"]},{"@type":"Person","@id":"https:\/\/gimnasticdetarragona.cat\/es\/#\/schema\/person\/0a9b7103e7dd73640eb245c4aa4afb8d","name":"Comunicacion"}]}},"_links":{"self":[{"href":"https:\/\/gimnasticdetarragona.cat\/es\/wp-json\/wp\/v2\/posts\/99184","targetHints":{"allow":["GET"]}}],"collection":[{"href":"https:\/\/gimnasticdetarragona.cat\/es\/wp-json\/wp\/v2\/posts"}],"about":[{"href":"https:\/\/gimnasticdetarragona.cat\/es\/wp-json\/wp\/v2\/types\/post"}],"author":[{"embeddable":true,"href":"https:\/\/gimnasticdetarragona.cat\/es\/wp-json\/wp\/v2\/users\/7"}],"replies":[{"embeddable":true,"href":"https:\/\/gimnasticdetarragona.cat\/es\/wp-json\/wp\/v2\/comments?post=99184"}],"version-history":[{"count":4,"href":"https:\/\/gimnasticdetarragona.cat\/es\/wp-json\/wp\/v2\/posts\/99184\/revisions"}],"predecessor-version":[{"id":99205,"href":"https:\/\/gimnasticdetarragona.cat\/es\/wp-json\/wp\/v2\/posts\/99184\/revisions\/99205"}],"wp:featuredmedia":[{"embeddable":true,"href":"https:\/\/gimnasticdetarragona.cat\/es\/wp-json\/wp\/v2\/media\/99182"}],"wp:attachment":[{"href":"https:\/\/gimnasticdetarragona.cat\/es\/wp-json\/wp\/v2\/media?parent=99184"}],"wp:term":[{"taxonomy":"category","embeddable":true,"href":"https:\/\/gimnasticdetarragona.cat\/es\/wp-json\/wp\/v2\/categories?post=99184"},{"taxonomy":"post_tag","embeddable":true,"href":"https:\/\/gimnasticdetarragona.cat\/es\/wp-json\/wp\/v2\/tags?post=99184"}],"curies":[{"name":"wp","href":"https:\/\/api.w.org\/{rel}","templated":true}]}}