{"id":99237,"date":"2025-05-30T20:35:14","date_gmt":"2025-05-30T18:35:14","guid":{"rendered":"https:\/\/gimnasticdetarragona.cat\/?p=99237"},"modified":"2025-05-30T20:40:30","modified_gmt":"2025-05-30T18:40:30","slug":"informacion-para-el-nastic-real-murcia-cf","status":"publish","type":"post","link":"https:\/\/gimnasticdetarragona.cat\/es\/informacion-para-el-nastic-real-murcia-cf\/","title":{"rendered":"Informaci\u00f3n para el N\u00e0stic \u2013 Real Murcia CF"},"content":{"rendered":"\n<p>El Gimn\u00e0stic de Tarragona comunica las novedades e informaciones adicionales para la semifinal del play-off de ascenso a Segunda Divisi\u00f3n A que se disputar\u00e1 ma\u00f1ana, s\u00e1bado, entre N\u00e0stic y el Real Murcia CF, a las 18.30 h, en el Nou Estadi Costa Daurada:<\/p>\n\n\n\n<ul class=\"wp-block-list\">\n<li>Los <strong>parkings<\/strong> abrir\u00e1n puertas a las <strong>16 horas<\/strong>.<\/li>\n\n\n\n<li>Los\u00a0<strong>accesos\u00a0<\/strong>del Estadio se abrir\u00e1n a partir de las\u00a0<strong>17 horas<\/strong>.<\/li>\n\n\n\n<li>A las <strong>17 h,<\/strong> aproximadamente, llegada del equipo en el <strong>autocar oficial<\/strong> a las instalaciones. Los jugadores entraran caminando desde el monolito de los 100 a\u00f1os.<\/li>\n\n\n\n<li>Por la\u00a0<strong>Puerta 0<\/strong>\u00a0acceder\u00e1 la <strong>afici\u00f3n del N\u00c0STIC<\/strong>\u00a0que se ubicar\u00e1 en\u00a0<strong>Preferente Superior\u00a0<\/strong>y parte de la de Gol Norte.<\/li>\n\n\n\n<li>Por la\u00a0<strong>Puerta 1<\/strong>\u00a0acceder\u00e1 \u00fanicamente la <strong>afici\u00f3n rival<\/strong>\u00a0(Preferente Superior).<\/li>\n\n\n\n<li>Se puede requerir el <strong>DNI\/documento acreditativo<\/strong> en los accesos.<\/li>\n\n\n\n<li>Una vez se abandonen las instalaciones del Estadio, <strong>no se podr\u00e1 volver a acceder<\/strong> al recinto.<\/li>\n<\/ul>\n\n\n\n<p>El Gimn\u00e0stic de Tarragona ha reforzado ampliamente al personal de seguridad privada por este partido y est\u00e1 previsto un gran despliegue de cuerpos de seguridad (Mossos d&#8217;Esquadra).<\/p>\n\n\n\n<p>NOTA: Los aficionados del Real Murcia CF se ubicar\u00e1n en la zona delimitada en la Preferente Superior.<\/p>\n\n\n\n<p>Por otra parte, la Guardia Urbana de Tarragona recomienda:<\/p>\n\n\n\n<ul class=\"wp-block-list\">\n<li>Se ruega la utilizaci\u00f3n del <strong>transporte p\u00fablico<\/strong> urbano.<\/li>\n\n\n\n<li>Se aconseja el <strong>desplazamiento a pie<\/strong>, cuando sea posible.<\/li>\n\n\n\n<li>Cuando sea necesario el traslado en veh\u00edculo particular, se recomienda el <strong>uso compartido de los veh\u00edculos<\/strong> por la capacidad limitada de los aparcamientos en el entorno.<\/li>\n\n\n\n<li>Hay que fomentar el <strong>desplazamiento con veh\u00edculos de dos ruedas<\/strong>, disponiendo de una zona de estacionamiento detr\u00e1s de las instalaciones de la ITV.<\/li>\n\n\n\n<li>Se pide que el desplazamiento sea con suficiente antelaci\u00f3n para evitar el colapso de las v\u00edas del entorno debido al problema de capacidad del mismo, <strong>evitando la llegada en hora punta<\/strong>.<\/li>\n\n\n\n<li>En el momento de observar retenciones en los accesos al entorno de las instalaciones, posiblemente sea producida para que la oferta de estacionamientos ya sea pr\u00e1cticamente inexistente, por lo que <strong>se aconseja desviarse para encontrar zonas de aparcamiento en zonas m\u00e1s alejadas del campo del N\u00e0stic<\/strong>, ya que en caso contrario el colector Arrabassada, calle adyacentes de la V\u00eda augusta, Joan Fuster\u2026<\/li>\n\n\n\n<li>Una vez est\u00e9n llenos los <strong>parking de tierra<\/strong> del entorno de las instalaciones, los servicios de la Guardia Urbana de Tarragona <strong>cortar\u00e1n los accesos<\/strong> al Valle de la Arrabassada y del Camino de la Budellera.<\/li>\n\n\n\n<li>Se pide que se <strong>respeten las zonas peatonales,<\/strong> plazas, aceras, paseos, pasos de peatones\u2026 para garantizar su seguridad del peat\u00f3n, as\u00ed como en las <strong>salidas de vados, reservas de PMR, o en aquellos espacios que puedan obstaculizar la circulaci\u00f3n<\/strong> del resto de veh\u00edculos. Es un momento de gozar, sin perjudicar a terceros.<\/li>\n<\/ul>\n\n\n\n<p>Evidentemente, la movilidad generada en un partido del play-off produce atascos, cortes y desv\u00edos en el tr\u00e1fico, problemas por la disponibilidad de aparcamientos, la saturaci\u00f3n de las v\u00edas en horas punta\u2026 Circunstancias que afectan a la fluidez y la seguridad de la circulaci\u00f3n en las v\u00edas cercanas al N\u00e0stic, por lo que se pide la <strong>colaboraci\u00f3n de los socios y aficionados.<\/strong><\/p>\n\n\n\n<p><\/p>\n","protected":false},"excerpt":{"rendered":"<p>Recomendaciones y consejos para el duelo de ma\u00f1ana en el Nou Estadi Costa Daurada<\/p>\n","protected":false},"author":7,"featured_media":99235,"comment_status":"closed","ping_status":"closed","sticky":false,"template":"","format":"standard","meta":{"_acf_changed":false,"footnotes":""},"categories":[113,114,125,126,138],"tags":[],"class_list":["post-99237","post","type-post","status-publish","format-standard","has-post-thumbnail","hentry","category-actualidad","category-aficion","category-penas","category-primer-equipo","category-socio"],"acf":[],"yoast_head":"<!-- This site is optimized with the Yoast SEO plugin v27.3 - https:\/\/yoast.com\/product\/yoast-seo-wordpress\/ -->\n<title>Informaci\u00f3n para el N\u00e0stic \u2013 Real Murcia CF - Gimn\u00e0stic de Tarragona SAD<\/title>\n<meta name=\"robots\" content=\"index, follow, max-snippet:-1, max-image-preview:large, max-video-preview:-1\" \/>\n<link rel=\"canonical\" href=\"https:\/\/gimnasticdetarragona.cat\/es\/informacion-para-el-nastic-real-murcia-cf\/\" \/>\n<meta property=\"og:locale\" content=\"es_ES\" \/>\n<meta property=\"og:type\" content=\"article\" \/>\n<meta property=\"og:title\" content=\"Informaci\u00f3n para el N\u00e0stic \u2013 Real Murcia CF - Gimn\u00e0stic de Tarragona SAD\" \/>\n<meta property=\"og:description\" content=\"Recomendaciones y consejos para el duelo de ma\u00f1ana en el Nou Estadi Costa Daurada\" \/>\n<meta property=\"og:url\" content=\"https:\/\/gimnasticdetarragona.cat\/es\/informacion-para-el-nastic-real-murcia-cf\/\" \/>\n<meta property=\"og:site_name\" content=\"Gimn\u00e0stic de Tarragona SAD\" \/>\n<meta property=\"article:published_time\" content=\"2025-05-30T18:35:14+00:00\" \/>\n<meta property=\"article:modified_time\" content=\"2025-05-30T18:40:30+00:00\" \/>\n<meta property=\"og:image\" content=\"https:\/\/gimnasticdetarragona.cat\/wp-content\/uploads\/2025\/05\/tocada_1-scaled.jpg\" \/>\n\t<meta property=\"og:image:width\" content=\"2560\" \/>\n\t<meta property=\"og:image:height\" content=\"2175\" \/>\n\t<meta property=\"og:image:type\" content=\"image\/jpeg\" \/>\n<meta name=\"author\" content=\"Comunicacion\" \/>\n<meta name=\"twitter:card\" content=\"summary_large_image\" \/>\n<meta name=\"twitter:creator\" content=\"@NASTICTARRAGONA\" \/>\n<meta name=\"twitter:site\" content=\"@NASTICTARRAGONA\" \/>\n<meta name=\"twitter:label1\" content=\"Escrito por\" \/>\n\t<meta name=\"twitter:data1\" content=\"Comunicacion\" \/>\n\t<meta name=\"twitter:label2\" content=\"Tiempo de lectura\" \/>\n\t<meta name=\"twitter:data2\" content=\"3 minutos\" \/>\n<script type=\"application\/ld+json\" class=\"yoast-schema-graph\">{\"@context\":\"https:\\\/\\\/schema.org\",\"@graph\":[{\"@type\":\"Article\",\"@id\":\"https:\\\/\\\/gimnasticdetarragona.cat\\\/es\\\/informacion-para-el-nastic-real-murcia-cf\\\/#article\",\"isPartOf\":{\"@id\":\"https:\\\/\\\/gimnasticdetarragona.cat\\\/es\\\/informacion-para-el-nastic-real-murcia-cf\\\/\"},\"author\":{\"name\":\"Comunicacion\",\"@id\":\"https:\\\/\\\/gimnasticdetarragona.cat\\\/es\\\/#\\\/schema\\\/person\\\/0a9b7103e7dd73640eb245c4aa4afb8d\"},\"headline\":\"Informaci\u00f3n para el N\u00e0stic \u2013 Real Murcia CF\",\"datePublished\":\"2025-05-30T18:35:14+00:00\",\"dateModified\":\"2025-05-30T18:40:30+00:00\",\"mainEntityOfPage\":{\"@id\":\"https:\\\/\\\/gimnasticdetarragona.cat\\\/es\\\/informacion-para-el-nastic-real-murcia-cf\\\/\"},\"wordCount\":549,\"publisher\":{\"@id\":\"https:\\\/\\\/gimnasticdetarragona.cat\\\/es\\\/#organization\"},\"image\":{\"@id\":\"https:\\\/\\\/gimnasticdetarragona.cat\\\/es\\\/informacion-para-el-nastic-real-murcia-cf\\\/#primaryimage\"},\"thumbnailUrl\":\"https:\\\/\\\/gimnasticdetarragona.cat\\\/wp-content\\\/uploads\\\/2025\\\/05\\\/tocada_1-scaled.jpg\",\"articleSection\":[\"Actualidad\",\"Afici\u00f3n\",\"Pe\u00f1as\",\"Primer Equipo\",\"Socio\"],\"inLanguage\":\"es\"},{\"@type\":\"WebPage\",\"@id\":\"https:\\\/\\\/gimnasticdetarragona.cat\\\/es\\\/informacion-para-el-nastic-real-murcia-cf\\\/\",\"url\":\"https:\\\/\\\/gimnasticdetarragona.cat\\\/es\\\/informacion-para-el-nastic-real-murcia-cf\\\/\",\"name\":\"Informaci\u00f3n para el N\u00e0stic \u2013 Real Murcia CF - Gimn\u00e0stic de Tarragona SAD\",\"isPartOf\":{\"@id\":\"https:\\\/\\\/gimnasticdetarragona.cat\\\/es\\\/#website\"},\"primaryImageOfPage\":{\"@id\":\"https:\\\/\\\/gimnasticdetarragona.cat\\\/es\\\/informacion-para-el-nastic-real-murcia-cf\\\/#primaryimage\"},\"image\":{\"@id\":\"https:\\\/\\\/gimnasticdetarragona.cat\\\/es\\\/informacion-para-el-nastic-real-murcia-cf\\\/#primaryimage\"},\"thumbnailUrl\":\"https:\\\/\\\/gimnasticdetarragona.cat\\\/wp-content\\\/uploads\\\/2025\\\/05\\\/tocada_1-scaled.jpg\",\"datePublished\":\"2025-05-30T18:35:14+00:00\",\"dateModified\":\"2025-05-30T18:40:30+00:00\",\"breadcrumb\":{\"@id\":\"https:\\\/\\\/gimnasticdetarragona.cat\\\/es\\\/informacion-para-el-nastic-real-murcia-cf\\\/#breadcrumb\"},\"inLanguage\":\"es\",\"potentialAction\":[{\"@type\":\"ReadAction\",\"target\":[\"https:\\\/\\\/gimnasticdetarragona.cat\\\/es\\\/informacion-para-el-nastic-real-murcia-cf\\\/\"]}]},{\"@type\":\"ImageObject\",\"inLanguage\":\"es\",\"@id\":\"https:\\\/\\\/gimnasticdetarragona.cat\\\/es\\\/informacion-para-el-nastic-real-murcia-cf\\\/#primaryimage\",\"url\":\"https:\\\/\\\/gimnasticdetarragona.cat\\\/wp-content\\\/uploads\\\/2025\\\/05\\\/tocada_1-scaled.jpg\",\"contentUrl\":\"https:\\\/\\\/gimnasticdetarragona.cat\\\/wp-content\\\/uploads\\\/2025\\\/05\\\/tocada_1-scaled.jpg\",\"width\":2560,\"height\":2175},{\"@type\":\"BreadcrumbList\",\"@id\":\"https:\\\/\\\/gimnasticdetarragona.cat\\\/es\\\/informacion-para-el-nastic-real-murcia-cf\\\/#breadcrumb\",\"itemListElement\":[{\"@type\":\"ListItem\",\"position\":1,\"name\":\"Inici\",\"item\":\"https:\\\/\\\/gimnasticdetarragona.cat\\\/es\\\/nastic\\\/\"},{\"@type\":\"ListItem\",\"position\":2,\"name\":\"Informaci\u00f3n para el N\u00e0stic \u2013 Real Murcia CF\"}]},{\"@type\":\"WebSite\",\"@id\":\"https:\\\/\\\/gimnasticdetarragona.cat\\\/es\\\/#website\",\"url\":\"https:\\\/\\\/gimnasticdetarragona.cat\\\/es\\\/\",\"name\":\"Gimn\u00e0stic de Tarragona SAD\",\"description\":\"Gimn\u00e0stic de Tarragona\",\"publisher\":{\"@id\":\"https:\\\/\\\/gimnasticdetarragona.cat\\\/es\\\/#organization\"},\"potentialAction\":[{\"@type\":\"SearchAction\",\"target\":{\"@type\":\"EntryPoint\",\"urlTemplate\":\"https:\\\/\\\/gimnasticdetarragona.cat\\\/es\\\/?s={search_term_string}\"},\"query-input\":{\"@type\":\"PropertyValueSpecification\",\"valueRequired\":true,\"valueName\":\"search_term_string\"}}],\"inLanguage\":\"es\"},{\"@type\":\"Organization\",\"@id\":\"https:\\\/\\\/gimnasticdetarragona.cat\\\/es\\\/#organization\",\"name\":\"GIMN\u00c0STIC DE TARRAGONA\",\"alternateName\":\"N\u00c0STIC\",\"url\":\"https:\\\/\\\/gimnasticdetarragona.cat\\\/es\\\/\",\"logo\":{\"@type\":\"ImageObject\",\"inLanguage\":\"es\",\"@id\":\"https:\\\/\\\/gimnasticdetarragona.cat\\\/es\\\/#\\\/schema\\\/logo\\\/image\\\/\",\"url\":\"https:\\\/\\\/gimnasticdetarragona.cat\\\/wp-content\\\/uploads\\\/2022\\\/06\\\/cropped-logo-gimnastic.png\",\"contentUrl\":\"https:\\\/\\\/gimnasticdetarragona.cat\\\/wp-content\\\/uploads\\\/2022\\\/06\\\/cropped-logo-gimnastic.png\",\"width\":224,\"height\":83,\"caption\":\"GIMN\u00c0STIC DE TARRAGONA\"},\"image\":{\"@id\":\"https:\\\/\\\/gimnasticdetarragona.cat\\\/es\\\/#\\\/schema\\\/logo\\\/image\\\/\"},\"sameAs\":[\"https:\\\/\\\/x.com\\\/NASTICTARRAGONA\",\"https:\\\/\\\/www.instagram.com\\\/nastictarragona\\\/\"]},{\"@type\":\"Person\",\"@id\":\"https:\\\/\\\/gimnasticdetarragona.cat\\\/es\\\/#\\\/schema\\\/person\\\/0a9b7103e7dd73640eb245c4aa4afb8d\",\"name\":\"Comunicacion\"}]}<\/script>\n<!-- \/ Yoast SEO plugin. -->","yoast_head_json":{"title":"Informaci\u00f3n para el N\u00e0stic \u2013 Real Murcia CF - Gimn\u00e0stic de Tarragona SAD","robots":{"index":"index","follow":"follow","max-snippet":"max-snippet:-1","max-image-preview":"max-image-preview:large","max-video-preview":"max-video-preview:-1"},"canonical":"https:\/\/gimnasticdetarragona.cat\/es\/informacion-para-el-nastic-real-murcia-cf\/","og_locale":"es_ES","og_type":"article","og_title":"Informaci\u00f3n para el N\u00e0stic \u2013 Real Murcia CF - Gimn\u00e0stic de Tarragona SAD","og_description":"Recomendaciones y consejos para el duelo de ma\u00f1ana en el Nou Estadi Costa Daurada","og_url":"https:\/\/gimnasticdetarragona.cat\/es\/informacion-para-el-nastic-real-murcia-cf\/","og_site_name":"Gimn\u00e0stic de Tarragona SAD","article_published_time":"2025-05-30T18:35:14+00:00","article_modified_time":"2025-05-30T18:40:30+00:00","og_image":[{"width":2560,"height":2175,"url":"https:\/\/gimnasticdetarragona.cat\/wp-content\/uploads\/2025\/05\/tocada_1-scaled.jpg","type":"image\/jpeg"}],"author":"Comunicacion","twitter_card":"summary_large_image","twitter_creator":"@NASTICTARRAGONA","twitter_site":"@NASTICTARRAGONA","twitter_misc":{"Escrito por":"Comunicacion","Tiempo de lectura":"3 minutos"},"schema":{"@context":"https:\/\/schema.org","@graph":[{"@type":"Article","@id":"https:\/\/gimnasticdetarragona.cat\/es\/informacion-para-el-nastic-real-murcia-cf\/#article","isPartOf":{"@id":"https:\/\/gimnasticdetarragona.cat\/es\/informacion-para-el-nastic-real-murcia-cf\/"},"author":{"name":"Comunicacion","@id":"https:\/\/gimnasticdetarragona.cat\/es\/#\/schema\/person\/0a9b7103e7dd73640eb245c4aa4afb8d"},"headline":"Informaci\u00f3n para el N\u00e0stic \u2013 Real Murcia CF","datePublished":"2025-05-30T18:35:14+00:00","dateModified":"2025-05-30T18:40:30+00:00","mainEntityOfPage":{"@id":"https:\/\/gimnasticdetarragona.cat\/es\/informacion-para-el-nastic-real-murcia-cf\/"},"wordCount":549,"publisher":{"@id":"https:\/\/gimnasticdetarragona.cat\/es\/#organization"},"image":{"@id":"https:\/\/gimnasticdetarragona.cat\/es\/informacion-para-el-nastic-real-murcia-cf\/#primaryimage"},"thumbnailUrl":"https:\/\/gimnasticdetarragona.cat\/wp-content\/uploads\/2025\/05\/tocada_1-scaled.jpg","articleSection":["Actualidad","Afici\u00f3n","Pe\u00f1as","Primer Equipo","Socio"],"inLanguage":"es"},{"@type":"WebPage","@id":"https:\/\/gimnasticdetarragona.cat\/es\/informacion-para-el-nastic-real-murcia-cf\/","url":"https:\/\/gimnasticdetarragona.cat\/es\/informacion-para-el-nastic-real-murcia-cf\/","name":"Informaci\u00f3n para el N\u00e0stic \u2013 Real Murcia CF - Gimn\u00e0stic de Tarragona SAD","isPartOf":{"@id":"https:\/\/gimnasticdetarragona.cat\/es\/#website"},"primaryImageOfPage":{"@id":"https:\/\/gimnasticdetarragona.cat\/es\/informacion-para-el-nastic-real-murcia-cf\/#primaryimage"},"image":{"@id":"https:\/\/gimnasticdetarragona.cat\/es\/informacion-para-el-nastic-real-murcia-cf\/#primaryimage"},"thumbnailUrl":"https:\/\/gimnasticdetarragona.cat\/wp-content\/uploads\/2025\/05\/tocada_1-scaled.jpg","datePublished":"2025-05-30T18:35:14+00:00","dateModified":"2025-05-30T18:40:30+00:00","breadcrumb":{"@id":"https:\/\/gimnasticdetarragona.cat\/es\/informacion-para-el-nastic-real-murcia-cf\/#breadcrumb"},"inLanguage":"es","potentialAction":[{"@type":"ReadAction","target":["https:\/\/gimnasticdetarragona.cat\/es\/informacion-para-el-nastic-real-murcia-cf\/"]}]},{"@type":"ImageObject","inLanguage":"es","@id":"https:\/\/gimnasticdetarragona.cat\/es\/informacion-para-el-nastic-real-murcia-cf\/#primaryimage","url":"https:\/\/gimnasticdetarragona.cat\/wp-content\/uploads\/2025\/05\/tocada_1-scaled.jpg","contentUrl":"https:\/\/gimnasticdetarragona.cat\/wp-content\/uploads\/2025\/05\/tocada_1-scaled.jpg","width":2560,"height":2175},{"@type":"BreadcrumbList","@id":"https:\/\/gimnasticdetarragona.cat\/es\/informacion-para-el-nastic-real-murcia-cf\/#breadcrumb","itemListElement":[{"@type":"ListItem","position":1,"name":"Inici","item":"https:\/\/gimnasticdetarragona.cat\/es\/nastic\/"},{"@type":"ListItem","position":2,"name":"Informaci\u00f3n para el N\u00e0stic \u2013 Real Murcia CF"}]},{"@type":"WebSite","@id":"https:\/\/gimnasticdetarragona.cat\/es\/#website","url":"https:\/\/gimnasticdetarragona.cat\/es\/","name":"Gimn\u00e0stic de Tarragona SAD","description":"Gimn\u00e0stic de Tarragona","publisher":{"@id":"https:\/\/gimnasticdetarragona.cat\/es\/#organization"},"potentialAction":[{"@type":"SearchAction","target":{"@type":"EntryPoint","urlTemplate":"https:\/\/gimnasticdetarragona.cat\/es\/?s={search_term_string}"},"query-input":{"@type":"PropertyValueSpecification","valueRequired":true,"valueName":"search_term_string"}}],"inLanguage":"es"},{"@type":"Organization","@id":"https:\/\/gimnasticdetarragona.cat\/es\/#organization","name":"GIMN\u00c0STIC DE TARRAGONA","alternateName":"N\u00c0STIC","url":"https:\/\/gimnasticdetarragona.cat\/es\/","logo":{"@type":"ImageObject","inLanguage":"es","@id":"https:\/\/gimnasticdetarragona.cat\/es\/#\/schema\/logo\/image\/","url":"https:\/\/gimnasticdetarragona.cat\/wp-content\/uploads\/2022\/06\/cropped-logo-gimnastic.png","contentUrl":"https:\/\/gimnasticdetarragona.cat\/wp-content\/uploads\/2022\/06\/cropped-logo-gimnastic.png","width":224,"height":83,"caption":"GIMN\u00c0STIC DE TARRAGONA"},"image":{"@id":"https:\/\/gimnasticdetarragona.cat\/es\/#\/schema\/logo\/image\/"},"sameAs":["https:\/\/x.com\/NASTICTARRAGONA","https:\/\/www.instagram.com\/nastictarragona\/"]},{"@type":"Person","@id":"https:\/\/gimnasticdetarragona.cat\/es\/#\/schema\/person\/0a9b7103e7dd73640eb245c4aa4afb8d","name":"Comunicacion"}]}},"_links":{"self":[{"href":"https:\/\/gimnasticdetarragona.cat\/es\/wp-json\/wp\/v2\/posts\/99237","targetHints":{"allow":["GET"]}}],"collection":[{"href":"https:\/\/gimnasticdetarragona.cat\/es\/wp-json\/wp\/v2\/posts"}],"about":[{"href":"https:\/\/gimnasticdetarragona.cat\/es\/wp-json\/wp\/v2\/types\/post"}],"author":[{"embeddable":true,"href":"https:\/\/gimnasticdetarragona.cat\/es\/wp-json\/wp\/v2\/users\/7"}],"replies":[{"embeddable":true,"href":"https:\/\/gimnasticdetarragona.cat\/es\/wp-json\/wp\/v2\/comments?post=99237"}],"version-history":[{"count":3,"href":"https:\/\/gimnasticdetarragona.cat\/es\/wp-json\/wp\/v2\/posts\/99237\/revisions"}],"predecessor-version":[{"id":99241,"href":"https:\/\/gimnasticdetarragona.cat\/es\/wp-json\/wp\/v2\/posts\/99237\/revisions\/99241"}],"wp:featuredmedia":[{"embeddable":true,"href":"https:\/\/gimnasticdetarragona.cat\/es\/wp-json\/wp\/v2\/media\/99235"}],"wp:attachment":[{"href":"https:\/\/gimnasticdetarragona.cat\/es\/wp-json\/wp\/v2\/media?parent=99237"}],"wp:term":[{"taxonomy":"category","embeddable":true,"href":"https:\/\/gimnasticdetarragona.cat\/es\/wp-json\/wp\/v2\/categories?post=99237"},{"taxonomy":"post_tag","embeddable":true,"href":"https:\/\/gimnasticdetarragona.cat\/es\/wp-json\/wp\/v2\/tags?post=99237"}],"curies":[{"name":"wp","href":"https:\/\/api.w.org\/{rel}","templated":true}]}}