{"id":99246,"date":"2025-06-02T10:28:39","date_gmt":"2025-06-02T08:28:39","guid":{"rendered":"https:\/\/gimnasticdetarragona.cat\/?p=99246"},"modified":"2025-06-03T11:21:43","modified_gmt":"2025-06-03T09:21:43","slug":"pantalla-gigante-per-seguir-el-real-murcia-cf-nastic-al-parc-del-francoli","status":"publish","type":"post","link":"https:\/\/gimnasticdetarragona.cat\/es\/pantalla-gigante-per-seguir-el-real-murcia-cf-nastic-al-parc-del-francoli\/","title":{"rendered":"Pantalla gigante per seguir el Real Murcia CF &#8211; N\u00e0stic en el Parc del Francol\u00ed"},"content":{"rendered":"\n<p>El Ayuntamiento de Tarragona, a trav\u00e9s de Tarragona Esports, volver\u00e1 a instalar una pantalla gigante para que los tarraconenses sigan en directo la vuelta de las semifinales del play-off de ascenso a Segunda Divisi\u00f3n A que el N\u00e0stic est\u00e1 disputando.<\/p>\n\n\n\n<p>Tarragona Radio, Tarragona Esports y el Gimn\u00e0stic de Tarragona volver\u00e1n a ofrecer el Espai N\u00e0stic en la zona de las gradas del Parc del Francol\u00ed este s\u00e1bado 7 de junio, cuando el equipo tarraconense jugar\u00e1 contra el Real Murcia CF, a partir de las 20.30 horas, en el Estadio Enrique Roca.<\/p>\n\n\n\n<p>Tarragona R\u00e0dio ofrecer\u00e1 una previa del partido con la periodista Laura Casas y el speaker del N\u00e0stic, Rub\u00e9n Blad\u00e9. Se recordar\u00e1n los mejores momentos de la temporada con otras personas que se convierten en s\u00edmbolos del equipo tarraconense y se conectar\u00e1 en directo con los periodistas Tere Ortega y Jordi Blanch, que estar\u00e1n en el estadio del Real Murcia CF. En los pr\u00f3ximos d\u00edas se acabar\u00e1n de ultimar los detalles del Espai N\u00e0stic, que tambi\u00e9n contar\u00e1 con el Punt Lila y Arc Iris de la conselleria de Igualdad, Pol\u00edticas Feministas y LGTBI+ con el objetivo de informar y asesorar sobre las violencias machistas y LGTBIQ+f\u00f3bicas.<\/p>\n\n\n\n<p>Durante el play-off, Tarragona R\u00e0dio ofrecer\u00e1 contenidos especiales y programaci\u00f3n diaria en directo, en la calle y en las redes sociales con la colaboraci\u00f3n del Gimn\u00e0stic de Tarragona.<\/p>\n\n\n\n<p><\/p>\n","protected":false},"excerpt":{"rendered":"<p>El Ajuntament de Tarragona repite la iniciativa para los nastiqueros que no se desplacen a Enrique Roca<\/p>\n","protected":false},"author":7,"featured_media":99247,"comment_status":"closed","ping_status":"closed","sticky":false,"template":"","format":"standard","meta":{"_acf_changed":false,"footnotes":""},"categories":[113,114,115,125,126,139,138,141],"tags":[],"class_list":["post-99246","post","type-post","status-publish","format-standard","has-post-thumbnail","hentry","category-actualidad","category-aficion","category-agenda-social","category-penas","category-primer-equipo","category-social","category-socio","category-voluntariat-grana"],"acf":[],"yoast_head":"<!-- This site is optimized with the Yoast SEO plugin v27.3 - https:\/\/yoast.com\/product\/yoast-seo-wordpress\/ -->\n<title>Pantalla gigante per seguir el Real Murcia CF - N\u00e0stic en el Parc del Francol\u00ed - Gimn\u00e0stic de Tarragona SAD<\/title>\n<meta name=\"robots\" content=\"index, follow, max-snippet:-1, max-image-preview:large, max-video-preview:-1\" \/>\n<link rel=\"canonical\" href=\"https:\/\/gimnasticdetarragona.cat\/es\/pantalla-gigante-per-seguir-el-real-murcia-cf-nastic-al-parc-del-francoli\/\" \/>\n<meta property=\"og:locale\" content=\"es_ES\" \/>\n<meta property=\"og:type\" content=\"article\" \/>\n<meta property=\"og:title\" content=\"Pantalla gigante per seguir el Real Murcia CF - N\u00e0stic en el Parc del Francol\u00ed - Gimn\u00e0stic de Tarragona SAD\" \/>\n<meta property=\"og:description\" content=\"El Ajuntament de Tarragona repite la iniciativa para los nastiqueros que no se desplacen a Enrique Roca\" \/>\n<meta property=\"og:url\" content=\"https:\/\/gimnasticdetarragona.cat\/es\/pantalla-gigante-per-seguir-el-real-murcia-cf-nastic-al-parc-del-francoli\/\" \/>\n<meta property=\"og:site_name\" content=\"Gimn\u00e0stic de Tarragona SAD\" \/>\n<meta property=\"article:published_time\" content=\"2025-06-02T08:28:39+00:00\" \/>\n<meta property=\"article:modified_time\" content=\"2025-06-03T09:21:43+00:00\" \/>\n<meta property=\"og:image\" content=\"https:\/\/gimnasticdetarragona.cat\/wp-content\/uploads\/2025\/06\/IMG_6036-scaled.jpg\" \/>\n\t<meta property=\"og:image:width\" content=\"2560\" \/>\n\t<meta property=\"og:image:height\" content=\"1440\" \/>\n\t<meta property=\"og:image:type\" content=\"image\/jpeg\" \/>\n<meta name=\"author\" content=\"Comunicacion\" \/>\n<meta name=\"twitter:card\" content=\"summary_large_image\" \/>\n<meta name=\"twitter:creator\" content=\"@NASTICTARRAGONA\" \/>\n<meta name=\"twitter:site\" content=\"@NASTICTARRAGONA\" \/>\n<meta name=\"twitter:label1\" content=\"Escrito por\" \/>\n\t<meta name=\"twitter:data1\" content=\"Comunicacion\" \/>\n\t<meta name=\"twitter:label2\" content=\"Tiempo de lectura\" \/>\n\t<meta name=\"twitter:data2\" content=\"1 minuto\" \/>\n<script type=\"application\/ld+json\" class=\"yoast-schema-graph\">{\"@context\":\"https:\\\/\\\/schema.org\",\"@graph\":[{\"@type\":\"Article\",\"@id\":\"https:\\\/\\\/gimnasticdetarragona.cat\\\/es\\\/pantalla-gigante-per-seguir-el-real-murcia-cf-nastic-al-parc-del-francoli\\\/#article\",\"isPartOf\":{\"@id\":\"https:\\\/\\\/gimnasticdetarragona.cat\\\/es\\\/pantalla-gigante-per-seguir-el-real-murcia-cf-nastic-al-parc-del-francoli\\\/\"},\"author\":{\"name\":\"Comunicacion\",\"@id\":\"https:\\\/\\\/gimnasticdetarragona.cat\\\/es\\\/#\\\/schema\\\/person\\\/0a9b7103e7dd73640eb245c4aa4afb8d\"},\"headline\":\"Pantalla gigante per seguir el Real Murcia CF &#8211; N\u00e0stic en el Parc del Francol\u00ed\",\"datePublished\":\"2025-06-02T08:28:39+00:00\",\"dateModified\":\"2025-06-03T09:21:43+00:00\",\"mainEntityOfPage\":{\"@id\":\"https:\\\/\\\/gimnasticdetarragona.cat\\\/es\\\/pantalla-gigante-per-seguir-el-real-murcia-cf-nastic-al-parc-del-francoli\\\/\"},\"wordCount\":263,\"publisher\":{\"@id\":\"https:\\\/\\\/gimnasticdetarragona.cat\\\/es\\\/#organization\"},\"image\":{\"@id\":\"https:\\\/\\\/gimnasticdetarragona.cat\\\/es\\\/pantalla-gigante-per-seguir-el-real-murcia-cf-nastic-al-parc-del-francoli\\\/#primaryimage\"},\"thumbnailUrl\":\"https:\\\/\\\/gimnasticdetarragona.cat\\\/wp-content\\\/uploads\\\/2025\\\/06\\\/IMG_6036-scaled.jpg\",\"articleSection\":[\"Actualidad\",\"Afici\u00f3n\",\"Agenda Social\",\"Pe\u00f1as\",\"Primer Equipo\",\"Social\",\"Socio\",\"Voluntariat Grana\"],\"inLanguage\":\"es\"},{\"@type\":\"WebPage\",\"@id\":\"https:\\\/\\\/gimnasticdetarragona.cat\\\/es\\\/pantalla-gigante-per-seguir-el-real-murcia-cf-nastic-al-parc-del-francoli\\\/\",\"url\":\"https:\\\/\\\/gimnasticdetarragona.cat\\\/es\\\/pantalla-gigante-per-seguir-el-real-murcia-cf-nastic-al-parc-del-francoli\\\/\",\"name\":\"Pantalla gigante per seguir el Real Murcia CF - N\u00e0stic en el Parc del Francol\u00ed - Gimn\u00e0stic de Tarragona SAD\",\"isPartOf\":{\"@id\":\"https:\\\/\\\/gimnasticdetarragona.cat\\\/es\\\/#website\"},\"primaryImageOfPage\":{\"@id\":\"https:\\\/\\\/gimnasticdetarragona.cat\\\/es\\\/pantalla-gigante-per-seguir-el-real-murcia-cf-nastic-al-parc-del-francoli\\\/#primaryimage\"},\"image\":{\"@id\":\"https:\\\/\\\/gimnasticdetarragona.cat\\\/es\\\/pantalla-gigante-per-seguir-el-real-murcia-cf-nastic-al-parc-del-francoli\\\/#primaryimage\"},\"thumbnailUrl\":\"https:\\\/\\\/gimnasticdetarragona.cat\\\/wp-content\\\/uploads\\\/2025\\\/06\\\/IMG_6036-scaled.jpg\",\"datePublished\":\"2025-06-02T08:28:39+00:00\",\"dateModified\":\"2025-06-03T09:21:43+00:00\",\"breadcrumb\":{\"@id\":\"https:\\\/\\\/gimnasticdetarragona.cat\\\/es\\\/pantalla-gigante-per-seguir-el-real-murcia-cf-nastic-al-parc-del-francoli\\\/#breadcrumb\"},\"inLanguage\":\"es\",\"potentialAction\":[{\"@type\":\"ReadAction\",\"target\":[\"https:\\\/\\\/gimnasticdetarragona.cat\\\/es\\\/pantalla-gigante-per-seguir-el-real-murcia-cf-nastic-al-parc-del-francoli\\\/\"]}]},{\"@type\":\"ImageObject\",\"inLanguage\":\"es\",\"@id\":\"https:\\\/\\\/gimnasticdetarragona.cat\\\/es\\\/pantalla-gigante-per-seguir-el-real-murcia-cf-nastic-al-parc-del-francoli\\\/#primaryimage\",\"url\":\"https:\\\/\\\/gimnasticdetarragona.cat\\\/wp-content\\\/uploads\\\/2025\\\/06\\\/IMG_6036-scaled.jpg\",\"contentUrl\":\"https:\\\/\\\/gimnasticdetarragona.cat\\\/wp-content\\\/uploads\\\/2025\\\/06\\\/IMG_6036-scaled.jpg\",\"width\":2560,\"height\":1440},{\"@type\":\"BreadcrumbList\",\"@id\":\"https:\\\/\\\/gimnasticdetarragona.cat\\\/es\\\/pantalla-gigante-per-seguir-el-real-murcia-cf-nastic-al-parc-del-francoli\\\/#breadcrumb\",\"itemListElement\":[{\"@type\":\"ListItem\",\"position\":1,\"name\":\"Inici\",\"item\":\"https:\\\/\\\/gimnasticdetarragona.cat\\\/es\\\/nastic\\\/\"},{\"@type\":\"ListItem\",\"position\":2,\"name\":\"Pantalla gigante per seguir el Real Murcia CF &#8211; N\u00e0stic en el Parc del Francol\u00ed\"}]},{\"@type\":\"WebSite\",\"@id\":\"https:\\\/\\\/gimnasticdetarragona.cat\\\/es\\\/#website\",\"url\":\"https:\\\/\\\/gimnasticdetarragona.cat\\\/es\\\/\",\"name\":\"Gimn\u00e0stic de Tarragona SAD\",\"description\":\"Gimn\u00e0stic de Tarragona\",\"publisher\":{\"@id\":\"https:\\\/\\\/gimnasticdetarragona.cat\\\/es\\\/#organization\"},\"potentialAction\":[{\"@type\":\"SearchAction\",\"target\":{\"@type\":\"EntryPoint\",\"urlTemplate\":\"https:\\\/\\\/gimnasticdetarragona.cat\\\/es\\\/?s={search_term_string}\"},\"query-input\":{\"@type\":\"PropertyValueSpecification\",\"valueRequired\":true,\"valueName\":\"search_term_string\"}}],\"inLanguage\":\"es\"},{\"@type\":\"Organization\",\"@id\":\"https:\\\/\\\/gimnasticdetarragona.cat\\\/es\\\/#organization\",\"name\":\"GIMN\u00c0STIC DE TARRAGONA\",\"alternateName\":\"N\u00c0STIC\",\"url\":\"https:\\\/\\\/gimnasticdetarragona.cat\\\/es\\\/\",\"logo\":{\"@type\":\"ImageObject\",\"inLanguage\":\"es\",\"@id\":\"https:\\\/\\\/gimnasticdetarragona.cat\\\/es\\\/#\\\/schema\\\/logo\\\/image\\\/\",\"url\":\"https:\\\/\\\/gimnasticdetarragona.cat\\\/wp-content\\\/uploads\\\/2022\\\/06\\\/cropped-logo-gimnastic.png\",\"contentUrl\":\"https:\\\/\\\/gimnasticdetarragona.cat\\\/wp-content\\\/uploads\\\/2022\\\/06\\\/cropped-logo-gimnastic.png\",\"width\":224,\"height\":83,\"caption\":\"GIMN\u00c0STIC DE TARRAGONA\"},\"image\":{\"@id\":\"https:\\\/\\\/gimnasticdetarragona.cat\\\/es\\\/#\\\/schema\\\/logo\\\/image\\\/\"},\"sameAs\":[\"https:\\\/\\\/x.com\\\/NASTICTARRAGONA\",\"https:\\\/\\\/www.instagram.com\\\/nastictarragona\\\/\"]},{\"@type\":\"Person\",\"@id\":\"https:\\\/\\\/gimnasticdetarragona.cat\\\/es\\\/#\\\/schema\\\/person\\\/0a9b7103e7dd73640eb245c4aa4afb8d\",\"name\":\"Comunicacion\"}]}<\/script>\n<!-- \/ Yoast SEO plugin. -->","yoast_head_json":{"title":"Pantalla gigante per seguir el Real Murcia CF - N\u00e0stic en el Parc del Francol\u00ed - Gimn\u00e0stic de Tarragona SAD","robots":{"index":"index","follow":"follow","max-snippet":"max-snippet:-1","max-image-preview":"max-image-preview:large","max-video-preview":"max-video-preview:-1"},"canonical":"https:\/\/gimnasticdetarragona.cat\/es\/pantalla-gigante-per-seguir-el-real-murcia-cf-nastic-al-parc-del-francoli\/","og_locale":"es_ES","og_type":"article","og_title":"Pantalla gigante per seguir el Real Murcia CF - N\u00e0stic en el Parc del Francol\u00ed - Gimn\u00e0stic de Tarragona SAD","og_description":"El Ajuntament de Tarragona repite la iniciativa para los nastiqueros que no se desplacen a Enrique Roca","og_url":"https:\/\/gimnasticdetarragona.cat\/es\/pantalla-gigante-per-seguir-el-real-murcia-cf-nastic-al-parc-del-francoli\/","og_site_name":"Gimn\u00e0stic de Tarragona SAD","article_published_time":"2025-06-02T08:28:39+00:00","article_modified_time":"2025-06-03T09:21:43+00:00","og_image":[{"width":2560,"height":1440,"url":"https:\/\/gimnasticdetarragona.cat\/wp-content\/uploads\/2025\/06\/IMG_6036-scaled.jpg","type":"image\/jpeg"}],"author":"Comunicacion","twitter_card":"summary_large_image","twitter_creator":"@NASTICTARRAGONA","twitter_site":"@NASTICTARRAGONA","twitter_misc":{"Escrito por":"Comunicacion","Tiempo de lectura":"1 minuto"},"schema":{"@context":"https:\/\/schema.org","@graph":[{"@type":"Article","@id":"https:\/\/gimnasticdetarragona.cat\/es\/pantalla-gigante-per-seguir-el-real-murcia-cf-nastic-al-parc-del-francoli\/#article","isPartOf":{"@id":"https:\/\/gimnasticdetarragona.cat\/es\/pantalla-gigante-per-seguir-el-real-murcia-cf-nastic-al-parc-del-francoli\/"},"author":{"name":"Comunicacion","@id":"https:\/\/gimnasticdetarragona.cat\/es\/#\/schema\/person\/0a9b7103e7dd73640eb245c4aa4afb8d"},"headline":"Pantalla gigante per seguir el Real Murcia CF &#8211; N\u00e0stic en el Parc del Francol\u00ed","datePublished":"2025-06-02T08:28:39+00:00","dateModified":"2025-06-03T09:21:43+00:00","mainEntityOfPage":{"@id":"https:\/\/gimnasticdetarragona.cat\/es\/pantalla-gigante-per-seguir-el-real-murcia-cf-nastic-al-parc-del-francoli\/"},"wordCount":263,"publisher":{"@id":"https:\/\/gimnasticdetarragona.cat\/es\/#organization"},"image":{"@id":"https:\/\/gimnasticdetarragona.cat\/es\/pantalla-gigante-per-seguir-el-real-murcia-cf-nastic-al-parc-del-francoli\/#primaryimage"},"thumbnailUrl":"https:\/\/gimnasticdetarragona.cat\/wp-content\/uploads\/2025\/06\/IMG_6036-scaled.jpg","articleSection":["Actualidad","Afici\u00f3n","Agenda Social","Pe\u00f1as","Primer Equipo","Social","Socio","Voluntariat Grana"],"inLanguage":"es"},{"@type":"WebPage","@id":"https:\/\/gimnasticdetarragona.cat\/es\/pantalla-gigante-per-seguir-el-real-murcia-cf-nastic-al-parc-del-francoli\/","url":"https:\/\/gimnasticdetarragona.cat\/es\/pantalla-gigante-per-seguir-el-real-murcia-cf-nastic-al-parc-del-francoli\/","name":"Pantalla gigante per seguir el Real Murcia CF - N\u00e0stic en el Parc del Francol\u00ed - Gimn\u00e0stic de Tarragona SAD","isPartOf":{"@id":"https:\/\/gimnasticdetarragona.cat\/es\/#website"},"primaryImageOfPage":{"@id":"https:\/\/gimnasticdetarragona.cat\/es\/pantalla-gigante-per-seguir-el-real-murcia-cf-nastic-al-parc-del-francoli\/#primaryimage"},"image":{"@id":"https:\/\/gimnasticdetarragona.cat\/es\/pantalla-gigante-per-seguir-el-real-murcia-cf-nastic-al-parc-del-francoli\/#primaryimage"},"thumbnailUrl":"https:\/\/gimnasticdetarragona.cat\/wp-content\/uploads\/2025\/06\/IMG_6036-scaled.jpg","datePublished":"2025-06-02T08:28:39+00:00","dateModified":"2025-06-03T09:21:43+00:00","breadcrumb":{"@id":"https:\/\/gimnasticdetarragona.cat\/es\/pantalla-gigante-per-seguir-el-real-murcia-cf-nastic-al-parc-del-francoli\/#breadcrumb"},"inLanguage":"es","potentialAction":[{"@type":"ReadAction","target":["https:\/\/gimnasticdetarragona.cat\/es\/pantalla-gigante-per-seguir-el-real-murcia-cf-nastic-al-parc-del-francoli\/"]}]},{"@type":"ImageObject","inLanguage":"es","@id":"https:\/\/gimnasticdetarragona.cat\/es\/pantalla-gigante-per-seguir-el-real-murcia-cf-nastic-al-parc-del-francoli\/#primaryimage","url":"https:\/\/gimnasticdetarragona.cat\/wp-content\/uploads\/2025\/06\/IMG_6036-scaled.jpg","contentUrl":"https:\/\/gimnasticdetarragona.cat\/wp-content\/uploads\/2025\/06\/IMG_6036-scaled.jpg","width":2560,"height":1440},{"@type":"BreadcrumbList","@id":"https:\/\/gimnasticdetarragona.cat\/es\/pantalla-gigante-per-seguir-el-real-murcia-cf-nastic-al-parc-del-francoli\/#breadcrumb","itemListElement":[{"@type":"ListItem","position":1,"name":"Inici","item":"https:\/\/gimnasticdetarragona.cat\/es\/nastic\/"},{"@type":"ListItem","position":2,"name":"Pantalla gigante per seguir el Real Murcia CF &#8211; N\u00e0stic en el Parc del Francol\u00ed"}]},{"@type":"WebSite","@id":"https:\/\/gimnasticdetarragona.cat\/es\/#website","url":"https:\/\/gimnasticdetarragona.cat\/es\/","name":"Gimn\u00e0stic de Tarragona SAD","description":"Gimn\u00e0stic de Tarragona","publisher":{"@id":"https:\/\/gimnasticdetarragona.cat\/es\/#organization"},"potentialAction":[{"@type":"SearchAction","target":{"@type":"EntryPoint","urlTemplate":"https:\/\/gimnasticdetarragona.cat\/es\/?s={search_term_string}"},"query-input":{"@type":"PropertyValueSpecification","valueRequired":true,"valueName":"search_term_string"}}],"inLanguage":"es"},{"@type":"Organization","@id":"https:\/\/gimnasticdetarragona.cat\/es\/#organization","name":"GIMN\u00c0STIC DE TARRAGONA","alternateName":"N\u00c0STIC","url":"https:\/\/gimnasticdetarragona.cat\/es\/","logo":{"@type":"ImageObject","inLanguage":"es","@id":"https:\/\/gimnasticdetarragona.cat\/es\/#\/schema\/logo\/image\/","url":"https:\/\/gimnasticdetarragona.cat\/wp-content\/uploads\/2022\/06\/cropped-logo-gimnastic.png","contentUrl":"https:\/\/gimnasticdetarragona.cat\/wp-content\/uploads\/2022\/06\/cropped-logo-gimnastic.png","width":224,"height":83,"caption":"GIMN\u00c0STIC DE TARRAGONA"},"image":{"@id":"https:\/\/gimnasticdetarragona.cat\/es\/#\/schema\/logo\/image\/"},"sameAs":["https:\/\/x.com\/NASTICTARRAGONA","https:\/\/www.instagram.com\/nastictarragona\/"]},{"@type":"Person","@id":"https:\/\/gimnasticdetarragona.cat\/es\/#\/schema\/person\/0a9b7103e7dd73640eb245c4aa4afb8d","name":"Comunicacion"}]}},"_links":{"self":[{"href":"https:\/\/gimnasticdetarragona.cat\/es\/wp-json\/wp\/v2\/posts\/99246","targetHints":{"allow":["GET"]}}],"collection":[{"href":"https:\/\/gimnasticdetarragona.cat\/es\/wp-json\/wp\/v2\/posts"}],"about":[{"href":"https:\/\/gimnasticdetarragona.cat\/es\/wp-json\/wp\/v2\/types\/post"}],"author":[{"embeddable":true,"href":"https:\/\/gimnasticdetarragona.cat\/es\/wp-json\/wp\/v2\/users\/7"}],"replies":[{"embeddable":true,"href":"https:\/\/gimnasticdetarragona.cat\/es\/wp-json\/wp\/v2\/comments?post=99246"}],"version-history":[{"count":3,"href":"https:\/\/gimnasticdetarragona.cat\/es\/wp-json\/wp\/v2\/posts\/99246\/revisions"}],"predecessor-version":[{"id":99257,"href":"https:\/\/gimnasticdetarragona.cat\/es\/wp-json\/wp\/v2\/posts\/99246\/revisions\/99257"}],"wp:featuredmedia":[{"embeddable":true,"href":"https:\/\/gimnasticdetarragona.cat\/es\/wp-json\/wp\/v2\/media\/99247"}],"wp:attachment":[{"href":"https:\/\/gimnasticdetarragona.cat\/es\/wp-json\/wp\/v2\/media?parent=99246"}],"wp:term":[{"taxonomy":"category","embeddable":true,"href":"https:\/\/gimnasticdetarragona.cat\/es\/wp-json\/wp\/v2\/categories?post=99246"},{"taxonomy":"post_tag","embeddable":true,"href":"https:\/\/gimnasticdetarragona.cat\/es\/wp-json\/wp\/v2\/tags?post=99246"}],"curies":[{"name":"wp","href":"https:\/\/api.w.org\/{rel}","templated":true}]}}